{"id":97984043,"date":"2017-10-10T10:00:06","date_gmt":"2017-10-10T13:00:06","guid":{"rendered":"http:\/\/acrimat.org.br\/portal\/?p=97984043"},"modified":"2017-10-10T10:15:35","modified_gmt":"2017-10-10T13:15:35","slug":"ue-acredita-que-fechara-acordo-comercial-com-mercosul-este-ano","status":"publish","type":"post","link":"https:\/\/acrimat.org.br\/portal\/ue-acredita-que-fechara-acordo-comercial-com-mercosul-este-ano\/","title":{"rendered":"UE acredita que fechar\u00e1 acordo comercial com Mercosul este ano"},"content":{"rendered":"<p>A Uni\u00e3o Europeia (UE) segue acreditando em alcan\u00e7ar neste ano um acordo sobre as principais linhas de negocia\u00e7\u00e3o do tratado comercial que negocia com o Mercosul, por\u00e9m ainda h\u00e1 discrep\u00e2ncias sobre aspectos como o etanol e a\u00a0<span class=\"marcado bold\" data-title=\"\">carne<\/span>\u00a0bovina.<\/p>\n<p>\u201cHaver\u00e1 um acordo no qual as partes ir\u00e3o dizer: chegamos a um ponto de n\u00e3o retorno\u201d, disseram as fontes.<\/p>\n<p>O otimismo de Bruxelas se apoia no fato de que, tanto na UE como no Mercosul, existe vontade pol\u00edtica, envolvimento nas conversas t\u00e9cnicas e suficiente espa\u00e7o de negocia\u00e7\u00e3o, indicaram.<\/p>\n<p>O balan\u00e7o comunit\u00e1rio do estado das conversas foi dado depois que ambas delega\u00e7\u00f5es fecharam uma rodada de negocia\u00e7\u00e3o em Bras\u00edlia na semana com \u201cbons progressos\u201d, segundo Bruxelas.<\/p>\n<p>A oferta europeia sobre etanol e\u00a0<span class=\"marcado bold\" data-title=\"\">carne<\/span>\u00a0bovina \u201cn\u00e3o entusiasmou\u201d os negociadores latino-americanos, segundo as fontes comunit\u00e1rias, que n\u00e3o ofereceram detalhes sobre a proposta.<\/p>\n<p>O embaixador Ronaldo Costa, membro da equipe negociadora do Mercosul, tinha indicado no Brasil ao t\u00e9rmino da \u00faltima rodada de conversas que a UE ofereceu \u00e0 Argentina, Brasil, Uruguai e Paraguai algumas quotas anuais de 70 mil toneladas de\u00a0<span class=\"marcado bold\" data-title=\"\">carne<\/span>\u00a0bovina e de 600 mil toneladas para o etanol, uma oferta que o bloco sul-americano considerou \u201cinsuficiente\u201d.<\/p>\n<p>Apesar de que s\u00f3 restarem dois meses para a data limite fixada pelas partes, desde o bloco comunit\u00e1rio esperam alcan\u00e7ar \u201cuma conclus\u00e3o\u201d no final de ano e um \u201cacordo politico\u201d sobre os pontos mais divergentes da negocia\u00e7\u00e3o.<\/p>\n<p>Os negociadores de ambos blocos voltar\u00e3o a se reunir em Bras\u00edlia no come\u00e7o de novembro e, caso seja necess\u00e1rio, haver\u00e1 uma nova reuni\u00e3o no come\u00e7o de dezembro em Bruxelas.<\/p>\n<p><strong>Fonte: EFE, adaptada pela Equipe BeefPoint.<\/strong><\/p>\n","protected":false},"excerpt":{"rendered":"<p>\u201cHaver\u00e1 um acordo no qual as partes ir\u00e3o dizer: chegamos a um ponto de n\u00e3o retorno\u201d, disseram as fontes<\/p>\n","protected":false},"author":11,"featured_media":97984051,"comment_status":"closed","ping_status":"closed","sticky":false,"template":"","format":"standard","meta":{"footnotes":""},"categories":[6,1],"tags":[],"class_list":["post-97984043","post","type-post","status-publish","format-standard","has-post-thumbnail","hentry","category-destaque","category-noticia"],"yoast_head":"<!-- This site is optimized with the Yoast SEO plugin v24.8.1 - https:\/\/yoast.com\/wordpress\/plugins\/seo\/ -->\n<title>UE acredita que fechar\u00e1 acordo comercial com Mercosul este ano - Acrimat<\/title>\n<meta name=\"robots\" content=\"index, follow, max-snippet:-1, max-image-preview:large, max-video-preview:-1\" \/>\n<link rel=\"canonical\" href=\"https:\/\/acrimat.org.br\/portal\/ue-acredita-que-fechara-acordo-comercial-com-mercosul-este-ano\/\" \/>\n<meta property=\"og:locale\" content=\"pt_BR\" \/>\n<meta property=\"og:type\" content=\"article\" \/>\n<meta property=\"og:title\" content=\"UE acredita que fechar\u00e1 acordo comercial com Mercosul este ano - Acrimat\" \/>\n<meta property=\"og:description\" content=\"\u201cHaver\u00e1 um acordo no qual as partes ir\u00e3o dizer: chegamos a um ponto de n\u00e3o retorno\u201d, disseram as fontes\" \/>\n<meta property=\"og:url\" content=\"https:\/\/acrimat.org.br\/portal\/ue-acredita-que-fechara-acordo-comercial-com-mercosul-este-ano\/\" \/>\n<meta property=\"og:site_name\" content=\"Acrimat\" \/>\n<meta property=\"article:published_time\" content=\"2017-10-10T13:00:06+00:00\" \/>\n<meta property=\"article:modified_time\" content=\"2017-10-10T13:15:35+00:00\" \/>\n<meta property=\"og:image\" content=\"https:\/\/acrimat.org.br\/portal\/wp-content\/uploads\/2017\/10\/exportacoes3.jpg\" \/>\n\t<meta property=\"og:image:width\" content=\"730\" \/>\n\t<meta property=\"og:image:height\" content=\"502\" \/>\n\t<meta property=\"og:image:type\" content=\"image\/jpeg\" \/>\n<meta name=\"author\" content=\"P\u00e9ricles C\u00e2ndido\" \/>\n<meta name=\"twitter:card\" content=\"summary_large_image\" \/>\n<meta name=\"twitter:label1\" content=\"Escrito por\" \/>\n\t<meta name=\"twitter:data1\" content=\"P\u00e9ricles C\u00e2ndido\" \/>\n\t<meta name=\"twitter:label2\" content=\"Est. tempo de leitura\" \/>\n\t<meta name=\"twitter:data2\" content=\"1 minuto\" \/>\n<script type=\"application\/ld+json\" class=\"yoast-schema-graph\">{\"@context\":\"https:\/\/schema.org\",\"@graph\":[{\"@type\":\"Article\",\"@id\":\"https:\/\/acrimat.org.br\/portal\/ue-acredita-que-fechara-acordo-comercial-com-mercosul-este-ano\/#article\",\"isPartOf\":{\"@id\":\"https:\/\/acrimat.org.br\/portal\/ue-acredita-que-fechara-acordo-comercial-com-mercosul-este-ano\/\"},\"author\":{\"name\":\"P\u00e9ricles C\u00e2ndido\",\"@id\":\"https:\/\/acrimat.org.br\/portal\/#\/schema\/person\/18df8bcf6890e924fe5d8b5afd2bec0f\"},\"headline\":\"UE acredita que fechar\u00e1 acordo comercial com Mercosul este ano\",\"datePublished\":\"2017-10-10T13:00:06+00:00\",\"dateModified\":\"2017-10-10T13:15:35+00:00\",\"mainEntityOfPage\":{\"@id\":\"https:\/\/acrimat.org.br\/portal\/ue-acredita-que-fechara-acordo-comercial-com-mercosul-este-ano\/\"},\"wordCount\":304,\"publisher\":{\"@id\":\"https:\/\/acrimat.org.br\/portal\/#organization\"},\"image\":{\"@id\":\"https:\/\/acrimat.org.br\/portal\/ue-acredita-que-fechara-acordo-comercial-com-mercosul-este-ano\/#primaryimage\"},\"thumbnailUrl\":\"https:\/\/acrimat.org.br\/portal\/wp-content\/uploads\/2017\/10\/exportacoes3.jpg\",\"articleSection\":[\"Destaques\",\"Not\u00edcias\"],\"inLanguage\":\"pt-BR\"},{\"@type\":\"WebPage\",\"@id\":\"https:\/\/acrimat.org.br\/portal\/ue-acredita-que-fechara-acordo-comercial-com-mercosul-este-ano\/\",\"url\":\"https:\/\/acrimat.org.br\/portal\/ue-acredita-que-fechara-acordo-comercial-com-mercosul-este-ano\/\",\"name\":\"UE acredita que fechar\u00e1 acordo comercial com Mercosul este ano - Acrimat\",\"isPartOf\":{\"@id\":\"https:\/\/acrimat.org.br\/portal\/#website\"},\"primaryImageOfPage\":{\"@id\":\"https:\/\/acrimat.org.br\/portal\/ue-acredita-que-fechara-acordo-comercial-com-mercosul-este-ano\/#primaryimage\"},\"image\":{\"@id\":\"https:\/\/acrimat.org.br\/portal\/ue-acredita-que-fechara-acordo-comercial-com-mercosul-este-ano\/#primaryimage\"},\"thumbnailUrl\":\"https:\/\/acrimat.org.br\/portal\/wp-content\/uploads\/2017\/10\/exportacoes3.jpg\",\"datePublished\":\"2017-10-10T13:00:06+00:00\",\"dateModified\":\"2017-10-10T13:15:35+00:00\",\"breadcrumb\":{\"@id\":\"https:\/\/acrimat.org.br\/portal\/ue-acredita-que-fechara-acordo-comercial-com-mercosul-este-ano\/#breadcrumb\"},\"inLanguage\":\"pt-BR\",\"potentialAction\":[{\"@type\":\"ReadAction\",\"target\":[\"https:\/\/acrimat.org.br\/portal\/ue-acredita-que-fechara-acordo-comercial-com-mercosul-este-ano\/\"]}]},{\"@type\":\"ImageObject\",\"inLanguage\":\"pt-BR\",\"@id\":\"https:\/\/acrimat.org.br\/portal\/ue-acredita-que-fechara-acordo-comercial-com-mercosul-este-ano\/#primaryimage\",\"url\":\"https:\/\/acrimat.org.br\/portal\/wp-content\/uploads\/2017\/10\/exportacoes3.jpg\",\"contentUrl\":\"https:\/\/acrimat.org.br\/portal\/wp-content\/uploads\/2017\/10\/exportacoes3.jpg\",\"width\":730,\"height\":502},{\"@type\":\"BreadcrumbList\",\"@id\":\"https:\/\/acrimat.org.br\/portal\/ue-acredita-que-fechara-acordo-comercial-com-mercosul-este-ano\/#breadcrumb\",\"itemListElement\":[{\"@type\":\"ListItem\",\"position\":1,\"name\":\"In\u00edcio\",\"item\":\"https:\/\/acrimat.org.br\/portal\/\"},{\"@type\":\"ListItem\",\"position\":2,\"name\":\"UE acredita que fechar\u00e1 acordo comercial com Mercosul este ano\"}]},{\"@type\":\"WebSite\",\"@id\":\"https:\/\/acrimat.org.br\/portal\/#website\",\"url\":\"https:\/\/acrimat.org.br\/portal\/\",\"name\":\"Acrimat\",\"description\":\"Associa\u00e7\u00e3o dos Criadores de Mato Grosso\",\"publisher\":{\"@id\":\"https:\/\/acrimat.org.br\/portal\/#organization\"},\"potentialAction\":[{\"@type\":\"SearchAction\",\"target\":{\"@type\":\"EntryPoint\",\"urlTemplate\":\"https:\/\/acrimat.org.br\/portal\/?s={search_term_string}\"},\"query-input\":{\"@type\":\"PropertyValueSpecification\",\"valueRequired\":true,\"valueName\":\"search_term_string\"}}],\"inLanguage\":\"pt-BR\"},{\"@type\":\"Organization\",\"@id\":\"https:\/\/acrimat.org.br\/portal\/#organization\",\"name\":\"Associa\u00e7\u00e3o dos Criadores de Mato Grosso\",\"url\":\"https:\/\/acrimat.org.br\/portal\/\",\"logo\":{\"@type\":\"ImageObject\",\"inLanguage\":\"pt-BR\",\"@id\":\"https:\/\/acrimat.org.br\/portal\/#\/schema\/logo\/image\/\",\"url\":\"https:\/\/acrimat.org.br\/portal\/wp-content\/uploads\/2018\/03\/logo-peq-original.png\",\"contentUrl\":\"https:\/\/acrimat.org.br\/portal\/wp-content\/uploads\/2018\/03\/logo-peq-original.png\",\"width\":174,\"height\":171,\"caption\":\"Associa\u00e7\u00e3o dos Criadores de Mato Grosso\"},\"image\":{\"@id\":\"https:\/\/acrimat.org.br\/portal\/#\/schema\/logo\/image\/\"}},{\"@type\":\"Person\",\"@id\":\"https:\/\/acrimat.org.br\/portal\/#\/schema\/person\/18df8bcf6890e924fe5d8b5afd2bec0f\",\"name\":\"P\u00e9ricles C\u00e2ndido\",\"image\":{\"@type\":\"ImageObject\",\"inLanguage\":\"pt-BR\",\"@id\":\"https:\/\/acrimat.org.br\/portal\/#\/schema\/person\/image\/\",\"url\":\"https:\/\/secure.gravatar.com\/avatar\/33e2a2b971dc363ed2df53d0d3bfbd18?s=96&d=mm&r=g\",\"contentUrl\":\"https:\/\/secure.gravatar.com\/avatar\/33e2a2b971dc363ed2df53d0d3bfbd18?s=96&d=mm&r=g\",\"caption\":\"P\u00e9ricles C\u00e2ndido\"},\"sameAs\":[\"ascom@acrimat.org.br\"],\"url\":\"https:\/\/acrimat.org.br\/portal\/author\/designergrafico\/\"}]}<\/script>\n<!-- \/ Yoast SEO plugin. -->","yoast_head_json":{"title":"UE acredita que fechar\u00e1 acordo comercial com Mercosul este ano - Acrimat","robots":{"index":"index","follow":"follow","max-snippet":"max-snippet:-1","max-image-preview":"max-image-preview:large","max-video-preview":"max-video-preview:-1"},"canonical":"https:\/\/acrimat.org.br\/portal\/ue-acredita-que-fechara-acordo-comercial-com-mercosul-este-ano\/","og_locale":"pt_BR","og_type":"article","og_title":"UE acredita que fechar\u00e1 acordo comercial com Mercosul este ano - Acrimat","og_description":"\u201cHaver\u00e1 um acordo no qual as partes ir\u00e3o dizer: chegamos a um ponto de n\u00e3o retorno\u201d, disseram as fontes","og_url":"https:\/\/acrimat.org.br\/portal\/ue-acredita-que-fechara-acordo-comercial-com-mercosul-este-ano\/","og_site_name":"Acrimat","article_published_time":"2017-10-10T13:00:06+00:00","article_modified_time":"2017-10-10T13:15:35+00:00","og_image":[{"width":730,"height":502,"url":"https:\/\/acrimat.org.br\/portal\/wp-content\/uploads\/2017\/10\/exportacoes3.jpg","type":"image\/jpeg"}],"author":"P\u00e9ricles C\u00e2ndido","twitter_card":"summary_large_image","twitter_misc":{"Escrito por":"P\u00e9ricles C\u00e2ndido","Est. tempo de leitura":"1 minuto"},"schema":{"@context":"https:\/\/schema.org","@graph":[{"@type":"Article","@id":"https:\/\/acrimat.org.br\/portal\/ue-acredita-que-fechara-acordo-comercial-com-mercosul-este-ano\/#article","isPartOf":{"@id":"https:\/\/acrimat.org.br\/portal\/ue-acredita-que-fechara-acordo-comercial-com-mercosul-este-ano\/"},"author":{"name":"P\u00e9ricles C\u00e2ndido","@id":"https:\/\/acrimat.org.br\/portal\/#\/schema\/person\/18df8bcf6890e924fe5d8b5afd2bec0f"},"headline":"UE acredita que fechar\u00e1 acordo comercial com Mercosul este ano","datePublished":"2017-10-10T13:00:06+00:00","dateModified":"2017-10-10T13:15:35+00:00","mainEntityOfPage":{"@id":"https:\/\/acrimat.org.br\/portal\/ue-acredita-que-fechara-acordo-comercial-com-mercosul-este-ano\/"},"wordCount":304,"publisher":{"@id":"https:\/\/acrimat.org.br\/portal\/#organization"},"image":{"@id":"https:\/\/acrimat.org.br\/portal\/ue-acredita-que-fechara-acordo-comercial-com-mercosul-este-ano\/#primaryimage"},"thumbnailUrl":"https:\/\/acrimat.org.br\/portal\/wp-content\/uploads\/2017\/10\/exportacoes3.jpg","articleSection":["Destaques","Not\u00edcias"],"inLanguage":"pt-BR"},{"@type":"WebPage","@id":"https:\/\/acrimat.org.br\/portal\/ue-acredita-que-fechara-acordo-comercial-com-mercosul-este-ano\/","url":"https:\/\/acrimat.org.br\/portal\/ue-acredita-que-fechara-acordo-comercial-com-mercosul-este-ano\/","name":"UE acredita que fechar\u00e1 acordo comercial com Mercosul este ano - Acrimat","isPartOf":{"@id":"https:\/\/acrimat.org.br\/portal\/#website"},"primaryImageOfPage":{"@id":"https:\/\/acrimat.org.br\/portal\/ue-acredita-que-fechara-acordo-comercial-com-mercosul-este-ano\/#primaryimage"},"image":{"@id":"https:\/\/acrimat.org.br\/portal\/ue-acredita-que-fechara-acordo-comercial-com-mercosul-este-ano\/#primaryimage"},"thumbnailUrl":"https:\/\/acrimat.org.br\/portal\/wp-content\/uploads\/2017\/10\/exportacoes3.jpg","datePublished":"2017-10-10T13:00:06+00:00","dateModified":"2017-10-10T13:15:35+00:00","breadcrumb":{"@id":"https:\/\/acrimat.org.br\/portal\/ue-acredita-que-fechara-acordo-comercial-com-mercosul-este-ano\/#breadcrumb"},"inLanguage":"pt-BR","potentialAction":[{"@type":"ReadAction","target":["https:\/\/acrimat.org.br\/portal\/ue-acredita-que-fechara-acordo-comercial-com-mercosul-este-ano\/"]}]},{"@type":"ImageObject","inLanguage":"pt-BR","@id":"https:\/\/acrimat.org.br\/portal\/ue-acredita-que-fechara-acordo-comercial-com-mercosul-este-ano\/#primaryimage","url":"https:\/\/acrimat.org.br\/portal\/wp-content\/uploads\/2017\/10\/exportacoes3.jpg","contentUrl":"https:\/\/acrimat.org.br\/portal\/wp-content\/uploads\/2017\/10\/exportacoes3.jpg","width":730,"height":502},{"@type":"BreadcrumbList","@id":"https:\/\/acrimat.org.br\/portal\/ue-acredita-que-fechara-acordo-comercial-com-mercosul-este-ano\/#breadcrumb","itemListElement":[{"@type":"ListItem","position":1,"name":"In\u00edcio","item":"https:\/\/acrimat.org.br\/portal\/"},{"@type":"ListItem","position":2,"name":"UE acredita que fechar\u00e1 acordo comercial com Mercosul este ano"}]},{"@type":"WebSite","@id":"https:\/\/acrimat.org.br\/portal\/#website","url":"https:\/\/acrimat.org.br\/portal\/","name":"Acrimat","description":"Associa\u00e7\u00e3o dos Criadores de Mato Grosso","publisher":{"@id":"https:\/\/acrimat.org.br\/portal\/#organization"},"potentialAction":[{"@type":"SearchAction","target":{"@type":"EntryPoint","urlTemplate":"https:\/\/acrimat.org.br\/portal\/?s={search_term_string}"},"query-input":{"@type":"PropertyValueSpecification","valueRequired":true,"valueName":"search_term_string"}}],"inLanguage":"pt-BR"},{"@type":"Organization","@id":"https:\/\/acrimat.org.br\/portal\/#organization","name":"Associa\u00e7\u00e3o dos Criadores de Mato Grosso","url":"https:\/\/acrimat.org.br\/portal\/","logo":{"@type":"ImageObject","inLanguage":"pt-BR","@id":"https:\/\/acrimat.org.br\/portal\/#\/schema\/logo\/image\/","url":"https:\/\/acrimat.org.br\/portal\/wp-content\/uploads\/2018\/03\/logo-peq-original.png","contentUrl":"https:\/\/acrimat.org.br\/portal\/wp-content\/uploads\/2018\/03\/logo-peq-original.png","width":174,"height":171,"caption":"Associa\u00e7\u00e3o dos Criadores de Mato Grosso"},"image":{"@id":"https:\/\/acrimat.org.br\/portal\/#\/schema\/logo\/image\/"}},{"@type":"Person","@id":"https:\/\/acrimat.org.br\/portal\/#\/schema\/person\/18df8bcf6890e924fe5d8b5afd2bec0f","name":"P\u00e9ricles C\u00e2ndido","image":{"@type":"ImageObject","inLanguage":"pt-BR","@id":"https:\/\/acrimat.org.br\/portal\/#\/schema\/person\/image\/","url":"https:\/\/secure.gravatar.com\/avatar\/33e2a2b971dc363ed2df53d0d3bfbd18?s=96&d=mm&r=g","contentUrl":"https:\/\/secure.gravatar.com\/avatar\/33e2a2b971dc363ed2df53d0d3bfbd18?s=96&d=mm&r=g","caption":"P\u00e9ricles C\u00e2ndido"},"sameAs":["ascom@acrimat.org.br"],"url":"https:\/\/acrimat.org.br\/portal\/author\/designergrafico\/"}]}},"_links":{"self":[{"href":"https:\/\/acrimat.org.br\/portal\/wp-json\/wp\/v2\/posts\/97984043","targetHints":{"allow":["GET"]}}],"collection":[{"href":"https:\/\/acrimat.org.br\/portal\/wp-json\/wp\/v2\/posts"}],"about":[{"href":"https:\/\/acrimat.org.br\/portal\/wp-json\/wp\/v2\/types\/post"}],"author":[{"embeddable":true,"href":"https:\/\/acrimat.org.br\/portal\/wp-json\/wp\/v2\/users\/11"}],"replies":[{"embeddable":true,"href":"https:\/\/acrimat.org.br\/portal\/wp-json\/wp\/v2\/comments?post=97984043"}],"version-history":[{"count":1,"href":"https:\/\/acrimat.org.br\/portal\/wp-json\/wp\/v2\/posts\/97984043\/revisions"}],"predecessor-version":[{"id":97984044,"href":"https:\/\/acrimat.org.br\/portal\/wp-json\/wp\/v2\/posts\/97984043\/revisions\/97984044"}],"wp:featuredmedia":[{"embeddable":true,"href":"https:\/\/acrimat.org.br\/portal\/wp-json\/wp\/v2\/media\/97984051"}],"wp:attachment":[{"href":"https:\/\/acrimat.org.br\/portal\/wp-json\/wp\/v2\/media?parent=97984043"}],"wp:term":[{"taxonomy":"category","embeddable":true,"href":"https:\/\/acrimat.org.br\/portal\/wp-json\/wp\/v2\/categories?post=97984043"},{"taxonomy":"post_tag","embeddable":true,"href":"https:\/\/acrimat.org.br\/portal\/wp-json\/wp\/v2\/tags?post=97984043"}],"curies":[{"name":"wp","href":"https:\/\/api.w.org\/{rel}","templated":true}]}}