{"id":97984045,"date":"2017-10-10T10:08:42","date_gmt":"2017-10-10T13:08:42","guid":{"rendered":"http:\/\/acrimat.org.br\/portal\/?p=97984045"},"modified":"2017-10-10T10:08:42","modified_gmt":"2017-10-10T13:08:42","slug":"exportacoes-de-carne-bovina-brasileira-crescem-17-em-setembro","status":"publish","type":"post","link":"https:\/\/acrimat.org.br\/portal\/exportacoes-de-carne-bovina-brasileira-crescem-17-em-setembro\/","title":{"rendered":"Exporta\u00e7\u00f5es de carne bovina brasileira crescem 17% em setembro"},"content":{"rendered":"<p>As exporta\u00e7\u00f5es brasileiras de carne bovina brasileira somaram 135.562 toneladas no m\u00eas de setembro, de acordo com dados da Abiec (Associa\u00e7\u00e3o Brasileira das Ind\u00fastrias Exportadoras de Carnes). O volume representa uma alta de 17% sobre o total embarcado em setembro do ano passado.<\/p>\n<p>Em termos de faturamento, houve alta de 17,46% sobre o valor contabilizado no mesmo per\u00edodo de 2016, chegando a US$ 556 milh\u00f5es. No acumulado dos nove primeiros meses do ano o Brasil j\u00e1 exportou 1.061.980 toneladas de carne bovina (US$ 4,3 bilh\u00f5es), o que representa aumento de 1,84% sobre o montante registrado entre janeiro a setembro do ano passado em volume e 6,61% de alta em faturamento.<\/p>\n<p>Entre os principais importadores da carne bovina brasileira, Hong Kong segue liderando com 32.786 toneladas, ou 56% a mais do que o comercializado em agosto. Em seguida aparece Egito, que importou 21.194 toneladas (aumento de 5,34%), e China, com 17.502 toneladas (alta de 10,98%).<\/p>\n<p>A categoria mais exportada em setembro seguiu sendo a carne in natura, com embarque de 111.933 toneladas e faturamento de US$ 471 milh\u00f5es \u2013 o que significa crescimento de 21,25% sobre setembro de 2016. Na sequ\u00eancia aparecem os mi\u00fados (12.927 toneladas embarcadas), industrializadas (7.456 toneladas), tripas (2.930 toneladas) e salgadas (316 toneladas).<\/p>\n<p>Entre os estados, Mato Grosso se manteve como o que mais exporta carne bovina, com 30.251 toneladas, o que representa um aumento de 42,46% na mesma base de compara\u00e7\u00e3o. Em seguida aparece S\u00e3o Paulo (28.397 toneladas) e Goi\u00e1s (17.143 toneladas). Outro destaque fica por conta do Mato Grosso, que faturou US$ 127.184.240, uma alta de 44,10% sobre o faturado no mesmo per\u00edodo do ano passado.<\/p>\n","protected":false},"excerpt":{"rendered":"<p>As exporta\u00e7\u00f5es brasileiras de carne bovina brasileira somaram 135.562 toneladas no m\u00eas de setembro, de acordo com dados da Abiec<\/p>\n","protected":false},"author":11,"featured_media":97984046,"comment_status":"closed","ping_status":"closed","sticky":false,"template":"","format":"standard","meta":{"footnotes":""},"categories":[6,1],"tags":[],"class_list":["post-97984045","post","type-post","status-publish","format-standard","has-post-thumbnail","hentry","category-destaque","category-noticia"],"yoast_head":"<!-- This site is optimized with the Yoast SEO plugin v24.8.1 - https:\/\/yoast.com\/wordpress\/plugins\/seo\/ -->\n<title>Exporta\u00e7\u00f5es de carne bovina brasileira crescem 17% em setembro - Acrimat<\/title>\n<meta name=\"robots\" content=\"index, follow, max-snippet:-1, max-image-preview:large, max-video-preview:-1\" \/>\n<link rel=\"canonical\" href=\"https:\/\/acrimat.org.br\/portal\/exportacoes-de-carne-bovina-brasileira-crescem-17-em-setembro\/\" \/>\n<meta property=\"og:locale\" content=\"pt_BR\" \/>\n<meta property=\"og:type\" content=\"article\" \/>\n<meta property=\"og:title\" content=\"Exporta\u00e7\u00f5es de carne bovina brasileira crescem 17% em setembro - Acrimat\" \/>\n<meta property=\"og:description\" content=\"As exporta\u00e7\u00f5es brasileiras de carne bovina brasileira somaram 135.562 toneladas no m\u00eas de setembro, de acordo com dados da Abiec\" \/>\n<meta property=\"og:url\" content=\"https:\/\/acrimat.org.br\/portal\/exportacoes-de-carne-bovina-brasileira-crescem-17-em-setembro\/\" \/>\n<meta property=\"og:site_name\" content=\"Acrimat\" \/>\n<meta property=\"article:published_time\" content=\"2017-10-10T13:08:42+00:00\" \/>\n<meta property=\"og:image\" content=\"https:\/\/acrimat.org.br\/portal\/wp-content\/uploads\/2017\/10\/frigorifico2.jpg\" \/>\n\t<meta property=\"og:image:width\" content=\"720\" \/>\n\t<meta property=\"og:image:height\" content=\"495\" \/>\n\t<meta property=\"og:image:type\" content=\"image\/jpeg\" \/>\n<meta name=\"author\" content=\"P\u00e9ricles C\u00e2ndido\" \/>\n<meta name=\"twitter:card\" content=\"summary_large_image\" \/>\n<meta name=\"twitter:label1\" content=\"Escrito por\" \/>\n\t<meta name=\"twitter:data1\" content=\"P\u00e9ricles C\u00e2ndido\" \/>\n\t<meta name=\"twitter:label2\" content=\"Est. tempo de leitura\" \/>\n\t<meta name=\"twitter:data2\" content=\"1 minuto\" \/>\n<script type=\"application\/ld+json\" class=\"yoast-schema-graph\">{\"@context\":\"https:\/\/schema.org\",\"@graph\":[{\"@type\":\"Article\",\"@id\":\"https:\/\/acrimat.org.br\/portal\/exportacoes-de-carne-bovina-brasileira-crescem-17-em-setembro\/#article\",\"isPartOf\":{\"@id\":\"https:\/\/acrimat.org.br\/portal\/exportacoes-de-carne-bovina-brasileira-crescem-17-em-setembro\/\"},\"author\":{\"name\":\"P\u00e9ricles C\u00e2ndido\",\"@id\":\"https:\/\/acrimat.org.br\/portal\/#\/schema\/person\/18df8bcf6890e924fe5d8b5afd2bec0f\"},\"headline\":\"Exporta\u00e7\u00f5es de carne bovina brasileira crescem 17% em setembro\",\"datePublished\":\"2017-10-10T13:08:42+00:00\",\"mainEntityOfPage\":{\"@id\":\"https:\/\/acrimat.org.br\/portal\/exportacoes-de-carne-bovina-brasileira-crescem-17-em-setembro\/\"},\"wordCount\":264,\"publisher\":{\"@id\":\"https:\/\/acrimat.org.br\/portal\/#organization\"},\"image\":{\"@id\":\"https:\/\/acrimat.org.br\/portal\/exportacoes-de-carne-bovina-brasileira-crescem-17-em-setembro\/#primaryimage\"},\"thumbnailUrl\":\"https:\/\/acrimat.org.br\/portal\/wp-content\/uploads\/2017\/10\/frigorifico2.jpg\",\"articleSection\":[\"Destaques\",\"Not\u00edcias\"],\"inLanguage\":\"pt-BR\"},{\"@type\":\"WebPage\",\"@id\":\"https:\/\/acrimat.org.br\/portal\/exportacoes-de-carne-bovina-brasileira-crescem-17-em-setembro\/\",\"url\":\"https:\/\/acrimat.org.br\/portal\/exportacoes-de-carne-bovina-brasileira-crescem-17-em-setembro\/\",\"name\":\"Exporta\u00e7\u00f5es de carne bovina brasileira crescem 17% em setembro - Acrimat\",\"isPartOf\":{\"@id\":\"https:\/\/acrimat.org.br\/portal\/#website\"},\"primaryImageOfPage\":{\"@id\":\"https:\/\/acrimat.org.br\/portal\/exportacoes-de-carne-bovina-brasileira-crescem-17-em-setembro\/#primaryimage\"},\"image\":{\"@id\":\"https:\/\/acrimat.org.br\/portal\/exportacoes-de-carne-bovina-brasileira-crescem-17-em-setembro\/#primaryimage\"},\"thumbnailUrl\":\"https:\/\/acrimat.org.br\/portal\/wp-content\/uploads\/2017\/10\/frigorifico2.jpg\",\"datePublished\":\"2017-10-10T13:08:42+00:00\",\"breadcrumb\":{\"@id\":\"https:\/\/acrimat.org.br\/portal\/exportacoes-de-carne-bovina-brasileira-crescem-17-em-setembro\/#breadcrumb\"},\"inLanguage\":\"pt-BR\",\"potentialAction\":[{\"@type\":\"ReadAction\",\"target\":[\"https:\/\/acrimat.org.br\/portal\/exportacoes-de-carne-bovina-brasileira-crescem-17-em-setembro\/\"]}]},{\"@type\":\"ImageObject\",\"inLanguage\":\"pt-BR\",\"@id\":\"https:\/\/acrimat.org.br\/portal\/exportacoes-de-carne-bovina-brasileira-crescem-17-em-setembro\/#primaryimage\",\"url\":\"https:\/\/acrimat.org.br\/portal\/wp-content\/uploads\/2017\/10\/frigorifico2.jpg\",\"contentUrl\":\"https:\/\/acrimat.org.br\/portal\/wp-content\/uploads\/2017\/10\/frigorifico2.jpg\",\"width\":720,\"height\":495},{\"@type\":\"BreadcrumbList\",\"@id\":\"https:\/\/acrimat.org.br\/portal\/exportacoes-de-carne-bovina-brasileira-crescem-17-em-setembro\/#breadcrumb\",\"itemListElement\":[{\"@type\":\"ListItem\",\"position\":1,\"name\":\"In\u00edcio\",\"item\":\"https:\/\/acrimat.org.br\/portal\/\"},{\"@type\":\"ListItem\",\"position\":2,\"name\":\"Exporta\u00e7\u00f5es de carne bovina brasileira crescem 17% em setembro\"}]},{\"@type\":\"WebSite\",\"@id\":\"https:\/\/acrimat.org.br\/portal\/#website\",\"url\":\"https:\/\/acrimat.org.br\/portal\/\",\"name\":\"Acrimat\",\"description\":\"Associa\u00e7\u00e3o dos Criadores de Mato Grosso\",\"publisher\":{\"@id\":\"https:\/\/acrimat.org.br\/portal\/#organization\"},\"potentialAction\":[{\"@type\":\"SearchAction\",\"target\":{\"@type\":\"EntryPoint\",\"urlTemplate\":\"https:\/\/acrimat.org.br\/portal\/?s={search_term_string}\"},\"query-input\":{\"@type\":\"PropertyValueSpecification\",\"valueRequired\":true,\"valueName\":\"search_term_string\"}}],\"inLanguage\":\"pt-BR\"},{\"@type\":\"Organization\",\"@id\":\"https:\/\/acrimat.org.br\/portal\/#organization\",\"name\":\"Associa\u00e7\u00e3o dos Criadores de Mato Grosso\",\"url\":\"https:\/\/acrimat.org.br\/portal\/\",\"logo\":{\"@type\":\"ImageObject\",\"inLanguage\":\"pt-BR\",\"@id\":\"https:\/\/acrimat.org.br\/portal\/#\/schema\/logo\/image\/\",\"url\":\"https:\/\/acrimat.org.br\/portal\/wp-content\/uploads\/2018\/03\/logo-peq-original.png\",\"contentUrl\":\"https:\/\/acrimat.org.br\/portal\/wp-content\/uploads\/2018\/03\/logo-peq-original.png\",\"width\":174,\"height\":171,\"caption\":\"Associa\u00e7\u00e3o dos Criadores de Mato Grosso\"},\"image\":{\"@id\":\"https:\/\/acrimat.org.br\/portal\/#\/schema\/logo\/image\/\"}},{\"@type\":\"Person\",\"@id\":\"https:\/\/acrimat.org.br\/portal\/#\/schema\/person\/18df8bcf6890e924fe5d8b5afd2bec0f\",\"name\":\"P\u00e9ricles C\u00e2ndido\",\"image\":{\"@type\":\"ImageObject\",\"inLanguage\":\"pt-BR\",\"@id\":\"https:\/\/acrimat.org.br\/portal\/#\/schema\/person\/image\/\",\"url\":\"https:\/\/secure.gravatar.com\/avatar\/33e2a2b971dc363ed2df53d0d3bfbd18?s=96&d=mm&r=g\",\"contentUrl\":\"https:\/\/secure.gravatar.com\/avatar\/33e2a2b971dc363ed2df53d0d3bfbd18?s=96&d=mm&r=g\",\"caption\":\"P\u00e9ricles C\u00e2ndido\"},\"sameAs\":[\"ascom@acrimat.org.br\"],\"url\":\"https:\/\/acrimat.org.br\/portal\/author\/designergrafico\/\"}]}<\/script>\n<!-- \/ Yoast SEO plugin. -->","yoast_head_json":{"title":"Exporta\u00e7\u00f5es de carne bovina brasileira crescem 17% em setembro - Acrimat","robots":{"index":"index","follow":"follow","max-snippet":"max-snippet:-1","max-image-preview":"max-image-preview:large","max-video-preview":"max-video-preview:-1"},"canonical":"https:\/\/acrimat.org.br\/portal\/exportacoes-de-carne-bovina-brasileira-crescem-17-em-setembro\/","og_locale":"pt_BR","og_type":"article","og_title":"Exporta\u00e7\u00f5es de carne bovina brasileira crescem 17% em setembro - Acrimat","og_description":"As exporta\u00e7\u00f5es brasileiras de carne bovina brasileira somaram 135.562 toneladas no m\u00eas de setembro, de acordo com dados da Abiec","og_url":"https:\/\/acrimat.org.br\/portal\/exportacoes-de-carne-bovina-brasileira-crescem-17-em-setembro\/","og_site_name":"Acrimat","article_published_time":"2017-10-10T13:08:42+00:00","og_image":[{"width":720,"height":495,"url":"https:\/\/acrimat.org.br\/portal\/wp-content\/uploads\/2017\/10\/frigorifico2.jpg","type":"image\/jpeg"}],"author":"P\u00e9ricles C\u00e2ndido","twitter_card":"summary_large_image","twitter_misc":{"Escrito por":"P\u00e9ricles C\u00e2ndido","Est. tempo de leitura":"1 minuto"},"schema":{"@context":"https:\/\/schema.org","@graph":[{"@type":"Article","@id":"https:\/\/acrimat.org.br\/portal\/exportacoes-de-carne-bovina-brasileira-crescem-17-em-setembro\/#article","isPartOf":{"@id":"https:\/\/acrimat.org.br\/portal\/exportacoes-de-carne-bovina-brasileira-crescem-17-em-setembro\/"},"author":{"name":"P\u00e9ricles C\u00e2ndido","@id":"https:\/\/acrimat.org.br\/portal\/#\/schema\/person\/18df8bcf6890e924fe5d8b5afd2bec0f"},"headline":"Exporta\u00e7\u00f5es de carne bovina brasileira crescem 17% em setembro","datePublished":"2017-10-10T13:08:42+00:00","mainEntityOfPage":{"@id":"https:\/\/acrimat.org.br\/portal\/exportacoes-de-carne-bovina-brasileira-crescem-17-em-setembro\/"},"wordCount":264,"publisher":{"@id":"https:\/\/acrimat.org.br\/portal\/#organization"},"image":{"@id":"https:\/\/acrimat.org.br\/portal\/exportacoes-de-carne-bovina-brasileira-crescem-17-em-setembro\/#primaryimage"},"thumbnailUrl":"https:\/\/acrimat.org.br\/portal\/wp-content\/uploads\/2017\/10\/frigorifico2.jpg","articleSection":["Destaques","Not\u00edcias"],"inLanguage":"pt-BR"},{"@type":"WebPage","@id":"https:\/\/acrimat.org.br\/portal\/exportacoes-de-carne-bovina-brasileira-crescem-17-em-setembro\/","url":"https:\/\/acrimat.org.br\/portal\/exportacoes-de-carne-bovina-brasileira-crescem-17-em-setembro\/","name":"Exporta\u00e7\u00f5es de carne bovina brasileira crescem 17% em setembro - Acrimat","isPartOf":{"@id":"https:\/\/acrimat.org.br\/portal\/#website"},"primaryImageOfPage":{"@id":"https:\/\/acrimat.org.br\/portal\/exportacoes-de-carne-bovina-brasileira-crescem-17-em-setembro\/#primaryimage"},"image":{"@id":"https:\/\/acrimat.org.br\/portal\/exportacoes-de-carne-bovina-brasileira-crescem-17-em-setembro\/#primaryimage"},"thumbnailUrl":"https:\/\/acrimat.org.br\/portal\/wp-content\/uploads\/2017\/10\/frigorifico2.jpg","datePublished":"2017-10-10T13:08:42+00:00","breadcrumb":{"@id":"https:\/\/acrimat.org.br\/portal\/exportacoes-de-carne-bovina-brasileira-crescem-17-em-setembro\/#breadcrumb"},"inLanguage":"pt-BR","potentialAction":[{"@type":"ReadAction","target":["https:\/\/acrimat.org.br\/portal\/exportacoes-de-carne-bovina-brasileira-crescem-17-em-setembro\/"]}]},{"@type":"ImageObject","inLanguage":"pt-BR","@id":"https:\/\/acrimat.org.br\/portal\/exportacoes-de-carne-bovina-brasileira-crescem-17-em-setembro\/#primaryimage","url":"https:\/\/acrimat.org.br\/portal\/wp-content\/uploads\/2017\/10\/frigorifico2.jpg","contentUrl":"https:\/\/acrimat.org.br\/portal\/wp-content\/uploads\/2017\/10\/frigorifico2.jpg","width":720,"height":495},{"@type":"BreadcrumbList","@id":"https:\/\/acrimat.org.br\/portal\/exportacoes-de-carne-bovina-brasileira-crescem-17-em-setembro\/#breadcrumb","itemListElement":[{"@type":"ListItem","position":1,"name":"In\u00edcio","item":"https:\/\/acrimat.org.br\/portal\/"},{"@type":"ListItem","position":2,"name":"Exporta\u00e7\u00f5es de carne bovina brasileira crescem 17% em setembro"}]},{"@type":"WebSite","@id":"https:\/\/acrimat.org.br\/portal\/#website","url":"https:\/\/acrimat.org.br\/portal\/","name":"Acrimat","description":"Associa\u00e7\u00e3o dos Criadores de Mato Grosso","publisher":{"@id":"https:\/\/acrimat.org.br\/portal\/#organization"},"potentialAction":[{"@type":"SearchAction","target":{"@type":"EntryPoint","urlTemplate":"https:\/\/acrimat.org.br\/portal\/?s={search_term_string}"},"query-input":{"@type":"PropertyValueSpecification","valueRequired":true,"valueName":"search_term_string"}}],"inLanguage":"pt-BR"},{"@type":"Organization","@id":"https:\/\/acrimat.org.br\/portal\/#organization","name":"Associa\u00e7\u00e3o dos Criadores de Mato Grosso","url":"https:\/\/acrimat.org.br\/portal\/","logo":{"@type":"ImageObject","inLanguage":"pt-BR","@id":"https:\/\/acrimat.org.br\/portal\/#\/schema\/logo\/image\/","url":"https:\/\/acrimat.org.br\/portal\/wp-content\/uploads\/2018\/03\/logo-peq-original.png","contentUrl":"https:\/\/acrimat.org.br\/portal\/wp-content\/uploads\/2018\/03\/logo-peq-original.png","width":174,"height":171,"caption":"Associa\u00e7\u00e3o dos Criadores de Mato Grosso"},"image":{"@id":"https:\/\/acrimat.org.br\/portal\/#\/schema\/logo\/image\/"}},{"@type":"Person","@id":"https:\/\/acrimat.org.br\/portal\/#\/schema\/person\/18df8bcf6890e924fe5d8b5afd2bec0f","name":"P\u00e9ricles C\u00e2ndido","image":{"@type":"ImageObject","inLanguage":"pt-BR","@id":"https:\/\/acrimat.org.br\/portal\/#\/schema\/person\/image\/","url":"https:\/\/secure.gravatar.com\/avatar\/33e2a2b971dc363ed2df53d0d3bfbd18?s=96&d=mm&r=g","contentUrl":"https:\/\/secure.gravatar.com\/avatar\/33e2a2b971dc363ed2df53d0d3bfbd18?s=96&d=mm&r=g","caption":"P\u00e9ricles C\u00e2ndido"},"sameAs":["ascom@acrimat.org.br"],"url":"https:\/\/acrimat.org.br\/portal\/author\/designergrafico\/"}]}},"_links":{"self":[{"href":"https:\/\/acrimat.org.br\/portal\/wp-json\/wp\/v2\/posts\/97984045","targetHints":{"allow":["GET"]}}],"collection":[{"href":"https:\/\/acrimat.org.br\/portal\/wp-json\/wp\/v2\/posts"}],"about":[{"href":"https:\/\/acrimat.org.br\/portal\/wp-json\/wp\/v2\/types\/post"}],"author":[{"embeddable":true,"href":"https:\/\/acrimat.org.br\/portal\/wp-json\/wp\/v2\/users\/11"}],"replies":[{"embeddable":true,"href":"https:\/\/acrimat.org.br\/portal\/wp-json\/wp\/v2\/comments?post=97984045"}],"version-history":[{"count":1,"href":"https:\/\/acrimat.org.br\/portal\/wp-json\/wp\/v2\/posts\/97984045\/revisions"}],"predecessor-version":[{"id":97984047,"href":"https:\/\/acrimat.org.br\/portal\/wp-json\/wp\/v2\/posts\/97984045\/revisions\/97984047"}],"wp:featuredmedia":[{"embeddable":true,"href":"https:\/\/acrimat.org.br\/portal\/wp-json\/wp\/v2\/media\/97984046"}],"wp:attachment":[{"href":"https:\/\/acrimat.org.br\/portal\/wp-json\/wp\/v2\/media?parent=97984045"}],"wp:term":[{"taxonomy":"category","embeddable":true,"href":"https:\/\/acrimat.org.br\/portal\/wp-json\/wp\/v2\/categories?post=97984045"},{"taxonomy":"post_tag","embeddable":true,"href":"https:\/\/acrimat.org.br\/portal\/wp-json\/wp\/v2\/tags?post=97984045"}],"curies":[{"name":"wp","href":"https:\/\/api.w.org\/{rel}","templated":true}]}}