{"id":97984048,"date":"2017-10-10T10:10:15","date_gmt":"2017-10-10T13:10:15","guid":{"rendered":"http:\/\/acrimat.org.br\/portal\/?p=97984048"},"modified":"2017-10-10T10:14:58","modified_gmt":"2017-10-10T13:14:58","slug":"integracao-lavoura-pecuaria-deve-crescer-15","status":"publish","type":"post","link":"https:\/\/acrimat.org.br\/portal\/integracao-lavoura-pecuaria-deve-crescer-15\/","title":{"rendered":"Integra\u00e7\u00e3o lavoura-pecu\u00e1ria deve crescer 15%"},"content":{"rendered":"<p>Atra\u00eddos pelos resultados financeiros obtidos com a Integra\u00e7\u00e3o Lavoura-Pecu\u00e1ria-Floresta (ILPF), produtores brasileiros devem ampliar em at\u00e9 15% a \u00e1rea destinada a esses projetos. Hoje, os empreendimentos no Pa\u00eds somam 11,5 milh\u00f5es de hectares.<\/p>\n<p>&#8220;A tend\u00eancia \u00e9 de um crescimento de 10% a 15% ao ano&#8221;, estima o diretor da Rede de Fomento ILPF, Willian Marchi\u00f3. Nos \u00faltimos dez anos a \u00e1rea cresceu de 2,6 milh\u00f5es de hectares para os atuais 11,5 milh\u00f5es hectares.<\/p>\n<p>A associa\u00e7\u00e3o \u00e9 uma parceria p\u00fablico privada entre a Cocamar, Dow Agrosciences, John Deere, Parker, Syngenta e a Embrapa. A rede incentiva produtores a adotar estrat\u00e9gias de integra\u00e7\u00e3o, que podem ser desenvolvidas em diferentes sistemas produtivos.<\/p>\n<p>Nos \u00faltimos cinco anos a rede investiu R$ 15 milh\u00f5es em capacita\u00e7\u00e3o e difus\u00e3o dessas tecnologias. &#8220;Estamos pleiteando junto a fundos internacionais US$ 50 milh\u00f5es para aporte nos pr\u00f3ximos anos&#8221;, revela Marchi\u00f3.<\/p>\n<p>Para o pesquisador da Embrapa, Fl\u00e1vio Wruck, a expans\u00e3o da \u00e1rea se deve principalmente ao resultado financeiro que o sistema propicia. &#8220;A m\u00e9dia de produ\u00e7\u00e3o pecu\u00e1ria nacional \u00e9 seis arrobas por hectare a cada ano. Com a integra\u00e7\u00e3o com a lavoura conseguimos, no m\u00ednimo, chegar a 20 arrobas por hectare ao ano&#8221;, compara o especialista<\/p>\n<p>J\u00e1 na lavoura, ele afirma que \u00e9 poss\u00edvel alcan\u00e7ar um incremento de 10% na produtividade da soja em \u00e1reas integradas com a pecu\u00e1ria. Al\u00e9m disso, o produtor consegue reduzir os custos com insumos ao plantar a soja sobre a palhada do capim. &#8220;E quando o produtor v\u00ea esse resultado em uma propriedade de refer\u00eancia quer adotar o sistema tamb\u00e9m&#8221;, avalia o pesquisador.<\/p>\n<p>Na avalia\u00e7\u00e3o de Marchi\u00f3, o motor desse crescimento \u00e9 a necessidade de um melhor aproveitamento da terra. &#8220;Existem muitos produtores sujeitos a climas e solos mais desafiadores e que querem produzir nas suas \u00e1reas e buscam a tecnologia de integra\u00e7\u00e3o que permita isso&#8221;, afirma Marchi\u00f3. &#8220;Se esse produtor utilizar a agricultura tradicional, vai correr um risco muito alto ou n\u00e3o vai conseguir produzir.&#8221;<\/p>\n<p>Marchi\u00f3 ainda cita as press\u00f5es ambientais como estimulo para que mais produtores adotem esse tipo de estrat\u00e9gia, aliado a um movimento de sucessores assumindo as propriedades. &#8220;H\u00e1 uma busca por prop\u00f3sito que v\u00e1 al\u00e9m da rentabilidade e da explora\u00e7\u00e3o da terra&#8221;, afirma.<\/p>\n<p>Entre os produtores que adotam essas estrat\u00e9gias de produ\u00e7\u00e3o, 83% utilizam a integra\u00e7\u00e3o lavoura-pecu\u00e1ria (ILP), com destaque para soja ou milho em cons\u00f3rcio com forrageiras para a cria\u00e7\u00e3o de gado de corte. Marchi\u00f3 explica que essa \u00e9 uma alternativa de gerar renda para a recupera\u00e7\u00e3o de \u00e1reas degradadas.<\/p>\n<p>Em Mato Grosso, estado com 2 milh\u00f5es de hectares de ILPF, Wruck destaca a crescente procura pelo sistema para a produ\u00e7\u00e3o do chamado &#8220;boi safrinha&#8221;. Nesse sistema, o produtor planta forrageiras para compensar a falta de alimento para o gado no per\u00edodo de seca e obter alimento ap\u00f3s um per\u00edodo de 45 a 60 dias. &#8220;Tem gente produzindo 10 arrobas o que mesmo comprando com o milho &#8211; principal cultivo da safrinha &#8211; \u00e9 bastante interessante, avalia o pesquisador.<\/p>\n<p>J\u00e1 o produtor de gado de leite normalmente se utiliza do componente florestal para integra\u00e7\u00e3o, pois essas vacas v\u00e3o se beneficiar da sombra proporcionada pelas \u00e1rvores.<\/p>\n<p><strong>Cr\u00e9dito<\/strong><\/p>\n<p>Conforme Wruck, embora esteja em expans\u00e3o, a ILPF enfrenta desafios. Um deles \u00e9 o acesso ao cr\u00e9dito. &#8220;N\u00e3o \u00e9 que falte dinheiro, mas n\u00e3o s\u00e3o todos os produtores que t\u00eam capacidade de oferecer garantias para a tomada desse cr\u00e9dito&#8221;, salienta o pesquisador.<\/p>\n<p>Marchi\u00f3 acrescenta que muitos produtores relatam dificuldade de acesso ao Plano de Agricultura de Baixo Carbono (ABC), devido ao aumento dos juros cobrados. &#8220;Mas isso n\u00e3o significa que o produtor n\u00e3o est\u00e1 buscando recursos para investir&#8221;, salienta o diretor da Rede. Segundo ele, bancos privados e cooperativas est\u00e3o oferecendo alternativas mais em sintonia com a demanda.<\/p>\n","protected":false},"excerpt":{"rendered":"<p>Segundo o diretor da Rede de Fomento ILPF, Willian Marchi\u00f3, a previs\u00e3o \u00e9 baseada no maior ganho financeiro com esses projetos. Hoje, as \u00e1reas integradas somam 11,5 milh\u00f5es hectares<\/p>\n","protected":false},"author":11,"featured_media":97984050,"comment_status":"closed","ping_status":"closed","sticky":false,"template":"","format":"standard","meta":{"footnotes":""},"categories":[6,1],"tags":[],"class_list":["post-97984048","post","type-post","status-publish","format-standard","has-post-thumbnail","hentry","category-destaque","category-noticia"],"yoast_head":"<!-- This site is optimized with the Yoast SEO plugin v24.8.1 - https:\/\/yoast.com\/wordpress\/plugins\/seo\/ -->\n<title>Integra\u00e7\u00e3o lavoura-pecu\u00e1ria deve crescer 15% - Acrimat<\/title>\n<meta name=\"robots\" content=\"index, follow, max-snippet:-1, max-image-preview:large, max-video-preview:-1\" \/>\n<link rel=\"canonical\" href=\"https:\/\/acrimat.org.br\/portal\/integracao-lavoura-pecuaria-deve-crescer-15\/\" \/>\n<meta property=\"og:locale\" content=\"pt_BR\" \/>\n<meta property=\"og:type\" content=\"article\" \/>\n<meta property=\"og:title\" content=\"Integra\u00e7\u00e3o lavoura-pecu\u00e1ria deve crescer 15% - Acrimat\" \/>\n<meta property=\"og:description\" content=\"Segundo o diretor da Rede de Fomento ILPF, Willian Marchi\u00f3, a previs\u00e3o \u00e9 baseada no maior ganho financeiro com esses projetos. Hoje, as \u00e1reas integradas somam 11,5 milh\u00f5es hectares\" \/>\n<meta property=\"og:url\" content=\"https:\/\/acrimat.org.br\/portal\/integracao-lavoura-pecuaria-deve-crescer-15\/\" \/>\n<meta property=\"og:site_name\" content=\"Acrimat\" \/>\n<meta property=\"article:published_time\" content=\"2017-10-10T13:10:15+00:00\" \/>\n<meta property=\"article:modified_time\" content=\"2017-10-10T13:14:58+00:00\" \/>\n<meta property=\"og:image\" content=\"https:\/\/acrimat.org.br\/portal\/wp-content\/uploads\/2017\/10\/ilpf-embrapa.jpg\" \/>\n\t<meta property=\"og:image:width\" content=\"700\" \/>\n\t<meta property=\"og:image:height\" content=\"468\" \/>\n\t<meta property=\"og:image:type\" content=\"image\/jpeg\" \/>\n<meta name=\"author\" content=\"P\u00e9ricles C\u00e2ndido\" \/>\n<meta name=\"twitter:card\" content=\"summary_large_image\" \/>\n<meta name=\"twitter:label1\" content=\"Escrito por\" \/>\n\t<meta name=\"twitter:data1\" content=\"P\u00e9ricles C\u00e2ndido\" \/>\n\t<meta name=\"twitter:label2\" content=\"Est. tempo de leitura\" \/>\n\t<meta name=\"twitter:data2\" content=\"3 minutos\" \/>\n<script type=\"application\/ld+json\" class=\"yoast-schema-graph\">{\"@context\":\"https:\/\/schema.org\",\"@graph\":[{\"@type\":\"Article\",\"@id\":\"https:\/\/acrimat.org.br\/portal\/integracao-lavoura-pecuaria-deve-crescer-15\/#article\",\"isPartOf\":{\"@id\":\"https:\/\/acrimat.org.br\/portal\/integracao-lavoura-pecuaria-deve-crescer-15\/\"},\"author\":{\"name\":\"P\u00e9ricles C\u00e2ndido\",\"@id\":\"https:\/\/acrimat.org.br\/portal\/#\/schema\/person\/18df8bcf6890e924fe5d8b5afd2bec0f\"},\"headline\":\"Integra\u00e7\u00e3o lavoura-pecu\u00e1ria deve crescer 15%\",\"datePublished\":\"2017-10-10T13:10:15+00:00\",\"dateModified\":\"2017-10-10T13:14:58+00:00\",\"mainEntityOfPage\":{\"@id\":\"https:\/\/acrimat.org.br\/portal\/integracao-lavoura-pecuaria-deve-crescer-15\/\"},\"wordCount\":660,\"publisher\":{\"@id\":\"https:\/\/acrimat.org.br\/portal\/#organization\"},\"image\":{\"@id\":\"https:\/\/acrimat.org.br\/portal\/integracao-lavoura-pecuaria-deve-crescer-15\/#primaryimage\"},\"thumbnailUrl\":\"https:\/\/acrimat.org.br\/portal\/wp-content\/uploads\/2017\/10\/ilpf-embrapa.jpg\",\"articleSection\":[\"Destaques\",\"Not\u00edcias\"],\"inLanguage\":\"pt-BR\"},{\"@type\":\"WebPage\",\"@id\":\"https:\/\/acrimat.org.br\/portal\/integracao-lavoura-pecuaria-deve-crescer-15\/\",\"url\":\"https:\/\/acrimat.org.br\/portal\/integracao-lavoura-pecuaria-deve-crescer-15\/\",\"name\":\"Integra\u00e7\u00e3o lavoura-pecu\u00e1ria deve crescer 15% - Acrimat\",\"isPartOf\":{\"@id\":\"https:\/\/acrimat.org.br\/portal\/#website\"},\"primaryImageOfPage\":{\"@id\":\"https:\/\/acrimat.org.br\/portal\/integracao-lavoura-pecuaria-deve-crescer-15\/#primaryimage\"},\"image\":{\"@id\":\"https:\/\/acrimat.org.br\/portal\/integracao-lavoura-pecuaria-deve-crescer-15\/#primaryimage\"},\"thumbnailUrl\":\"https:\/\/acrimat.org.br\/portal\/wp-content\/uploads\/2017\/10\/ilpf-embrapa.jpg\",\"datePublished\":\"2017-10-10T13:10:15+00:00\",\"dateModified\":\"2017-10-10T13:14:58+00:00\",\"breadcrumb\":{\"@id\":\"https:\/\/acrimat.org.br\/portal\/integracao-lavoura-pecuaria-deve-crescer-15\/#breadcrumb\"},\"inLanguage\":\"pt-BR\",\"potentialAction\":[{\"@type\":\"ReadAction\",\"target\":[\"https:\/\/acrimat.org.br\/portal\/integracao-lavoura-pecuaria-deve-crescer-15\/\"]}]},{\"@type\":\"ImageObject\",\"inLanguage\":\"pt-BR\",\"@id\":\"https:\/\/acrimat.org.br\/portal\/integracao-lavoura-pecuaria-deve-crescer-15\/#primaryimage\",\"url\":\"https:\/\/acrimat.org.br\/portal\/wp-content\/uploads\/2017\/10\/ilpf-embrapa.jpg\",\"contentUrl\":\"https:\/\/acrimat.org.br\/portal\/wp-content\/uploads\/2017\/10\/ilpf-embrapa.jpg\",\"width\":700,\"height\":468},{\"@type\":\"BreadcrumbList\",\"@id\":\"https:\/\/acrimat.org.br\/portal\/integracao-lavoura-pecuaria-deve-crescer-15\/#breadcrumb\",\"itemListElement\":[{\"@type\":\"ListItem\",\"position\":1,\"name\":\"In\u00edcio\",\"item\":\"https:\/\/acrimat.org.br\/portal\/\"},{\"@type\":\"ListItem\",\"position\":2,\"name\":\"Integra\u00e7\u00e3o lavoura-pecu\u00e1ria deve crescer 15%\"}]},{\"@type\":\"WebSite\",\"@id\":\"https:\/\/acrimat.org.br\/portal\/#website\",\"url\":\"https:\/\/acrimat.org.br\/portal\/\",\"name\":\"Acrimat\",\"description\":\"Associa\u00e7\u00e3o dos Criadores de Mato Grosso\",\"publisher\":{\"@id\":\"https:\/\/acrimat.org.br\/portal\/#organization\"},\"potentialAction\":[{\"@type\":\"SearchAction\",\"target\":{\"@type\":\"EntryPoint\",\"urlTemplate\":\"https:\/\/acrimat.org.br\/portal\/?s={search_term_string}\"},\"query-input\":{\"@type\":\"PropertyValueSpecification\",\"valueRequired\":true,\"valueName\":\"search_term_string\"}}],\"inLanguage\":\"pt-BR\"},{\"@type\":\"Organization\",\"@id\":\"https:\/\/acrimat.org.br\/portal\/#organization\",\"name\":\"Associa\u00e7\u00e3o dos Criadores de Mato Grosso\",\"url\":\"https:\/\/acrimat.org.br\/portal\/\",\"logo\":{\"@type\":\"ImageObject\",\"inLanguage\":\"pt-BR\",\"@id\":\"https:\/\/acrimat.org.br\/portal\/#\/schema\/logo\/image\/\",\"url\":\"https:\/\/acrimat.org.br\/portal\/wp-content\/uploads\/2018\/03\/logo-peq-original.png\",\"contentUrl\":\"https:\/\/acrimat.org.br\/portal\/wp-content\/uploads\/2018\/03\/logo-peq-original.png\",\"width\":174,\"height\":171,\"caption\":\"Associa\u00e7\u00e3o dos Criadores de Mato Grosso\"},\"image\":{\"@id\":\"https:\/\/acrimat.org.br\/portal\/#\/schema\/logo\/image\/\"}},{\"@type\":\"Person\",\"@id\":\"https:\/\/acrimat.org.br\/portal\/#\/schema\/person\/18df8bcf6890e924fe5d8b5afd2bec0f\",\"name\":\"P\u00e9ricles C\u00e2ndido\",\"image\":{\"@type\":\"ImageObject\",\"inLanguage\":\"pt-BR\",\"@id\":\"https:\/\/acrimat.org.br\/portal\/#\/schema\/person\/image\/\",\"url\":\"https:\/\/secure.gravatar.com\/avatar\/33e2a2b971dc363ed2df53d0d3bfbd18?s=96&d=mm&r=g\",\"contentUrl\":\"https:\/\/secure.gravatar.com\/avatar\/33e2a2b971dc363ed2df53d0d3bfbd18?s=96&d=mm&r=g\",\"caption\":\"P\u00e9ricles C\u00e2ndido\"},\"sameAs\":[\"ascom@acrimat.org.br\"],\"url\":\"https:\/\/acrimat.org.br\/portal\/author\/designergrafico\/\"}]}<\/script>\n<!-- \/ Yoast SEO plugin. -->","yoast_head_json":{"title":"Integra\u00e7\u00e3o lavoura-pecu\u00e1ria deve crescer 15% - Acrimat","robots":{"index":"index","follow":"follow","max-snippet":"max-snippet:-1","max-image-preview":"max-image-preview:large","max-video-preview":"max-video-preview:-1"},"canonical":"https:\/\/acrimat.org.br\/portal\/integracao-lavoura-pecuaria-deve-crescer-15\/","og_locale":"pt_BR","og_type":"article","og_title":"Integra\u00e7\u00e3o lavoura-pecu\u00e1ria deve crescer 15% - Acrimat","og_description":"Segundo o diretor da Rede de Fomento ILPF, Willian Marchi\u00f3, a previs\u00e3o \u00e9 baseada no maior ganho financeiro com esses projetos. Hoje, as \u00e1reas integradas somam 11,5 milh\u00f5es hectares","og_url":"https:\/\/acrimat.org.br\/portal\/integracao-lavoura-pecuaria-deve-crescer-15\/","og_site_name":"Acrimat","article_published_time":"2017-10-10T13:10:15+00:00","article_modified_time":"2017-10-10T13:14:58+00:00","og_image":[{"width":700,"height":468,"url":"https:\/\/acrimat.org.br\/portal\/wp-content\/uploads\/2017\/10\/ilpf-embrapa.jpg","type":"image\/jpeg"}],"author":"P\u00e9ricles C\u00e2ndido","twitter_card":"summary_large_image","twitter_misc":{"Escrito por":"P\u00e9ricles C\u00e2ndido","Est. tempo de leitura":"3 minutos"},"schema":{"@context":"https:\/\/schema.org","@graph":[{"@type":"Article","@id":"https:\/\/acrimat.org.br\/portal\/integracao-lavoura-pecuaria-deve-crescer-15\/#article","isPartOf":{"@id":"https:\/\/acrimat.org.br\/portal\/integracao-lavoura-pecuaria-deve-crescer-15\/"},"author":{"name":"P\u00e9ricles C\u00e2ndido","@id":"https:\/\/acrimat.org.br\/portal\/#\/schema\/person\/18df8bcf6890e924fe5d8b5afd2bec0f"},"headline":"Integra\u00e7\u00e3o lavoura-pecu\u00e1ria deve crescer 15%","datePublished":"2017-10-10T13:10:15+00:00","dateModified":"2017-10-10T13:14:58+00:00","mainEntityOfPage":{"@id":"https:\/\/acrimat.org.br\/portal\/integracao-lavoura-pecuaria-deve-crescer-15\/"},"wordCount":660,"publisher":{"@id":"https:\/\/acrimat.org.br\/portal\/#organization"},"image":{"@id":"https:\/\/acrimat.org.br\/portal\/integracao-lavoura-pecuaria-deve-crescer-15\/#primaryimage"},"thumbnailUrl":"https:\/\/acrimat.org.br\/portal\/wp-content\/uploads\/2017\/10\/ilpf-embrapa.jpg","articleSection":["Destaques","Not\u00edcias"],"inLanguage":"pt-BR"},{"@type":"WebPage","@id":"https:\/\/acrimat.org.br\/portal\/integracao-lavoura-pecuaria-deve-crescer-15\/","url":"https:\/\/acrimat.org.br\/portal\/integracao-lavoura-pecuaria-deve-crescer-15\/","name":"Integra\u00e7\u00e3o lavoura-pecu\u00e1ria deve crescer 15% - Acrimat","isPartOf":{"@id":"https:\/\/acrimat.org.br\/portal\/#website"},"primaryImageOfPage":{"@id":"https:\/\/acrimat.org.br\/portal\/integracao-lavoura-pecuaria-deve-crescer-15\/#primaryimage"},"image":{"@id":"https:\/\/acrimat.org.br\/portal\/integracao-lavoura-pecuaria-deve-crescer-15\/#primaryimage"},"thumbnailUrl":"https:\/\/acrimat.org.br\/portal\/wp-content\/uploads\/2017\/10\/ilpf-embrapa.jpg","datePublished":"2017-10-10T13:10:15+00:00","dateModified":"2017-10-10T13:14:58+00:00","breadcrumb":{"@id":"https:\/\/acrimat.org.br\/portal\/integracao-lavoura-pecuaria-deve-crescer-15\/#breadcrumb"},"inLanguage":"pt-BR","potentialAction":[{"@type":"ReadAction","target":["https:\/\/acrimat.org.br\/portal\/integracao-lavoura-pecuaria-deve-crescer-15\/"]}]},{"@type":"ImageObject","inLanguage":"pt-BR","@id":"https:\/\/acrimat.org.br\/portal\/integracao-lavoura-pecuaria-deve-crescer-15\/#primaryimage","url":"https:\/\/acrimat.org.br\/portal\/wp-content\/uploads\/2017\/10\/ilpf-embrapa.jpg","contentUrl":"https:\/\/acrimat.org.br\/portal\/wp-content\/uploads\/2017\/10\/ilpf-embrapa.jpg","width":700,"height":468},{"@type":"BreadcrumbList","@id":"https:\/\/acrimat.org.br\/portal\/integracao-lavoura-pecuaria-deve-crescer-15\/#breadcrumb","itemListElement":[{"@type":"ListItem","position":1,"name":"In\u00edcio","item":"https:\/\/acrimat.org.br\/portal\/"},{"@type":"ListItem","position":2,"name":"Integra\u00e7\u00e3o lavoura-pecu\u00e1ria deve crescer 15%"}]},{"@type":"WebSite","@id":"https:\/\/acrimat.org.br\/portal\/#website","url":"https:\/\/acrimat.org.br\/portal\/","name":"Acrimat","description":"Associa\u00e7\u00e3o dos Criadores de Mato Grosso","publisher":{"@id":"https:\/\/acrimat.org.br\/portal\/#organization"},"potentialAction":[{"@type":"SearchAction","target":{"@type":"EntryPoint","urlTemplate":"https:\/\/acrimat.org.br\/portal\/?s={search_term_string}"},"query-input":{"@type":"PropertyValueSpecification","valueRequired":true,"valueName":"search_term_string"}}],"inLanguage":"pt-BR"},{"@type":"Organization","@id":"https:\/\/acrimat.org.br\/portal\/#organization","name":"Associa\u00e7\u00e3o dos Criadores de Mato Grosso","url":"https:\/\/acrimat.org.br\/portal\/","logo":{"@type":"ImageObject","inLanguage":"pt-BR","@id":"https:\/\/acrimat.org.br\/portal\/#\/schema\/logo\/image\/","url":"https:\/\/acrimat.org.br\/portal\/wp-content\/uploads\/2018\/03\/logo-peq-original.png","contentUrl":"https:\/\/acrimat.org.br\/portal\/wp-content\/uploads\/2018\/03\/logo-peq-original.png","width":174,"height":171,"caption":"Associa\u00e7\u00e3o dos Criadores de Mato Grosso"},"image":{"@id":"https:\/\/acrimat.org.br\/portal\/#\/schema\/logo\/image\/"}},{"@type":"Person","@id":"https:\/\/acrimat.org.br\/portal\/#\/schema\/person\/18df8bcf6890e924fe5d8b5afd2bec0f","name":"P\u00e9ricles C\u00e2ndido","image":{"@type":"ImageObject","inLanguage":"pt-BR","@id":"https:\/\/acrimat.org.br\/portal\/#\/schema\/person\/image\/","url":"https:\/\/secure.gravatar.com\/avatar\/33e2a2b971dc363ed2df53d0d3bfbd18?s=96&d=mm&r=g","contentUrl":"https:\/\/secure.gravatar.com\/avatar\/33e2a2b971dc363ed2df53d0d3bfbd18?s=96&d=mm&r=g","caption":"P\u00e9ricles C\u00e2ndido"},"sameAs":["ascom@acrimat.org.br"],"url":"https:\/\/acrimat.org.br\/portal\/author\/designergrafico\/"}]}},"_links":{"self":[{"href":"https:\/\/acrimat.org.br\/portal\/wp-json\/wp\/v2\/posts\/97984048","targetHints":{"allow":["GET"]}}],"collection":[{"href":"https:\/\/acrimat.org.br\/portal\/wp-json\/wp\/v2\/posts"}],"about":[{"href":"https:\/\/acrimat.org.br\/portal\/wp-json\/wp\/v2\/types\/post"}],"author":[{"embeddable":true,"href":"https:\/\/acrimat.org.br\/portal\/wp-json\/wp\/v2\/users\/11"}],"replies":[{"embeddable":true,"href":"https:\/\/acrimat.org.br\/portal\/wp-json\/wp\/v2\/comments?post=97984048"}],"version-history":[{"count":1,"href":"https:\/\/acrimat.org.br\/portal\/wp-json\/wp\/v2\/posts\/97984048\/revisions"}],"predecessor-version":[{"id":97984049,"href":"https:\/\/acrimat.org.br\/portal\/wp-json\/wp\/v2\/posts\/97984048\/revisions\/97984049"}],"wp:featuredmedia":[{"embeddable":true,"href":"https:\/\/acrimat.org.br\/portal\/wp-json\/wp\/v2\/media\/97984050"}],"wp:attachment":[{"href":"https:\/\/acrimat.org.br\/portal\/wp-json\/wp\/v2\/media?parent=97984048"}],"wp:term":[{"taxonomy":"category","embeddable":true,"href":"https:\/\/acrimat.org.br\/portal\/wp-json\/wp\/v2\/categories?post=97984048"},{"taxonomy":"post_tag","embeddable":true,"href":"https:\/\/acrimat.org.br\/portal\/wp-json\/wp\/v2\/tags?post=97984048"}],"curies":[{"name":"wp","href":"https:\/\/api.w.org\/{rel}","templated":true}]}}