{"id":97984062,"date":"2017-10-11T09:13:44","date_gmt":"2017-10-11T12:13:44","guid":{"rendered":"http:\/\/acrimat.org.br\/portal\/?p=97984062"},"modified":"2017-10-11T09:13:44","modified_gmt":"2017-10-11T12:13:44","slug":"estiagem-reduz-abate-de-bovinos-em-mato-grosso","status":"publish","type":"post","link":"https:\/\/acrimat.org.br\/portal\/estiagem-reduz-abate-de-bovinos-em-mato-grosso\/","title":{"rendered":"Estiagem reduz abate de bovinos em Mato Grosso"},"content":{"rendered":"<p>No informativo semanal de conjuntura da pecu\u00e1ria de corte, o Instituto Mato-grossense de Economia Agropecu\u00e1ria (Imea) divulga os dados do Instituto de Defesa Agropecu\u00e1ria do Estado Mato Grosso (Indea) sobre o abate de bovinos ao longo do m\u00eas passado, que recuou 12,66% em rela\u00e7\u00e3o a agosto.<\/p>\n<p>Segundo os t\u00e9cnicos do Imea, a diminui\u00e7\u00e3o no abate se deve ao um prolongamento da estiagem em Mato Grosso, reduzindo sensivelmente a capacidade de engorda dos pecuaristas do Estado, principalmente daqueles que engordam os animais somente a pasto.<\/p>\n<p>Eles relatam que entre as categorias de animais as \u00fanicas que registraram acr\u00e9scimo foram as dos machos com idade entre 4 e 12 meses e de 12 e 24 meses (+ 20,66%), que s\u00e3o predominantes em confinamentos.<\/p>\n<p>Os analistas observa que mesmo tendo registrado queda ante a agosto\/17, o volume de animais abatidos no m\u00eas passado foi o maior para um m\u00eas de setembro desde 2014, e registrou um valor 8,19% acima da m\u00e9dia mensal de abate de 2017.<br \/>\nOutro informa\u00e7\u00e3o divulgada pelo Imea diz respeito ao envio de bovinos de Mato Grosso para abate em outros estados. Eles lembram para mitigar os efeitos dos problemas pol\u00edticos e econ\u00f4micos ocorridos sobre o mercado do boi gordo no primeiro semestre de 2017, o governo estadual reduziu temporariamente a al\u00edquota do ICMS na movimenta\u00e7\u00e3o de bovinos para abate em outros estados. A al\u00edquota, que antes era de 7%, passou a ser de 4% em julho\/17, sendo o prazo desta medida at\u00e9 o dia 30\/09\/17.<\/p>\n<p>Ao analisar os n\u00fameros, os t\u00e9cnicos observam que durante o terceiro trimestre deste ano (per\u00edodo de vigor da medida) houve acr\u00e9scimo 82% no envio de bovinos para outros estados se comparado ao trimestre anterior, saindo de 28 mil animais 51,02 mil bovinos. Eles salientam que ainda que tenha evolu\u00eddo na compara\u00e7\u00e3o trimestral, os n\u00fameros do terceiro trimestre n\u00e3o est\u00e3o nem entre os cinco maiores resultados j\u00e1 obtidos, ficando abaixo at\u00e9 mesmo do mesmo per\u00edodo do ano passado.<\/p>\n","protected":false},"excerpt":{"rendered":"<p>Segundo o Imea, a diminui\u00e7\u00e3o no abate se deve ao um prolongamento da estiagem em Mato Grosso, reduzindo sensivelmente a capacidade de engorda dos pecuaristas do Estado<\/p>\n","protected":false},"author":11,"featured_media":97982727,"comment_status":"closed","ping_status":"closed","sticky":false,"template":"","format":"standard","meta":{"footnotes":""},"categories":[6,1],"tags":[],"class_list":["post-97984062","post","type-post","status-publish","format-standard","has-post-thumbnail","hentry","category-destaque","category-noticia"],"yoast_head":"<!-- This site is optimized with the Yoast SEO plugin v24.8.1 - https:\/\/yoast.com\/wordpress\/plugins\/seo\/ -->\n<title>Estiagem reduz abate de bovinos em Mato Grosso - Acrimat<\/title>\n<meta name=\"robots\" content=\"index, follow, max-snippet:-1, max-image-preview:large, max-video-preview:-1\" \/>\n<link rel=\"canonical\" href=\"https:\/\/acrimat.org.br\/portal\/estiagem-reduz-abate-de-bovinos-em-mato-grosso\/\" \/>\n<meta property=\"og:locale\" content=\"pt_BR\" \/>\n<meta property=\"og:type\" content=\"article\" \/>\n<meta property=\"og:title\" content=\"Estiagem reduz abate de bovinos em Mato Grosso - Acrimat\" \/>\n<meta property=\"og:description\" content=\"Segundo o Imea, a diminui\u00e7\u00e3o no abate se deve ao um prolongamento da estiagem em Mato Grosso, reduzindo sensivelmente a capacidade de engorda dos pecuaristas do Estado\" \/>\n<meta property=\"og:url\" content=\"https:\/\/acrimat.org.br\/portal\/estiagem-reduz-abate-de-bovinos-em-mato-grosso\/\" \/>\n<meta property=\"og:site_name\" content=\"Acrimat\" \/>\n<meta property=\"article:published_time\" content=\"2017-10-11T12:13:44+00:00\" \/>\n<meta property=\"og:image\" content=\"https:\/\/acrimat.org.br\/portal\/wp-content\/uploads\/2017\/07\/pasto-seco.jpg\" \/>\n\t<meta property=\"og:image:width\" content=\"600\" \/>\n\t<meta property=\"og:image:height\" content=\"398\" \/>\n\t<meta property=\"og:image:type\" content=\"image\/jpeg\" \/>\n<meta name=\"author\" content=\"P\u00e9ricles C\u00e2ndido\" \/>\n<meta name=\"twitter:card\" content=\"summary_large_image\" \/>\n<meta name=\"twitter:label1\" content=\"Escrito por\" \/>\n\t<meta name=\"twitter:data1\" content=\"P\u00e9ricles C\u00e2ndido\" \/>\n\t<meta name=\"twitter:label2\" content=\"Est. tempo de leitura\" \/>\n\t<meta name=\"twitter:data2\" content=\"2 minutos\" \/>\n<script type=\"application\/ld+json\" class=\"yoast-schema-graph\">{\"@context\":\"https:\/\/schema.org\",\"@graph\":[{\"@type\":\"Article\",\"@id\":\"https:\/\/acrimat.org.br\/portal\/estiagem-reduz-abate-de-bovinos-em-mato-grosso\/#article\",\"isPartOf\":{\"@id\":\"https:\/\/acrimat.org.br\/portal\/estiagem-reduz-abate-de-bovinos-em-mato-grosso\/\"},\"author\":{\"name\":\"P\u00e9ricles C\u00e2ndido\",\"@id\":\"https:\/\/acrimat.org.br\/portal\/#\/schema\/person\/18df8bcf6890e924fe5d8b5afd2bec0f\"},\"headline\":\"Estiagem reduz abate de bovinos em Mato Grosso\",\"datePublished\":\"2017-10-11T12:13:44+00:00\",\"mainEntityOfPage\":{\"@id\":\"https:\/\/acrimat.org.br\/portal\/estiagem-reduz-abate-de-bovinos-em-mato-grosso\/\"},\"wordCount\":342,\"publisher\":{\"@id\":\"https:\/\/acrimat.org.br\/portal\/#organization\"},\"image\":{\"@id\":\"https:\/\/acrimat.org.br\/portal\/estiagem-reduz-abate-de-bovinos-em-mato-grosso\/#primaryimage\"},\"thumbnailUrl\":\"https:\/\/acrimat.org.br\/portal\/wp-content\/uploads\/2017\/07\/pasto-seco.jpg\",\"articleSection\":[\"Destaques\",\"Not\u00edcias\"],\"inLanguage\":\"pt-BR\"},{\"@type\":\"WebPage\",\"@id\":\"https:\/\/acrimat.org.br\/portal\/estiagem-reduz-abate-de-bovinos-em-mato-grosso\/\",\"url\":\"https:\/\/acrimat.org.br\/portal\/estiagem-reduz-abate-de-bovinos-em-mato-grosso\/\",\"name\":\"Estiagem reduz abate de bovinos em Mato Grosso - Acrimat\",\"isPartOf\":{\"@id\":\"https:\/\/acrimat.org.br\/portal\/#website\"},\"primaryImageOfPage\":{\"@id\":\"https:\/\/acrimat.org.br\/portal\/estiagem-reduz-abate-de-bovinos-em-mato-grosso\/#primaryimage\"},\"image\":{\"@id\":\"https:\/\/acrimat.org.br\/portal\/estiagem-reduz-abate-de-bovinos-em-mato-grosso\/#primaryimage\"},\"thumbnailUrl\":\"https:\/\/acrimat.org.br\/portal\/wp-content\/uploads\/2017\/07\/pasto-seco.jpg\",\"datePublished\":\"2017-10-11T12:13:44+00:00\",\"breadcrumb\":{\"@id\":\"https:\/\/acrimat.org.br\/portal\/estiagem-reduz-abate-de-bovinos-em-mato-grosso\/#breadcrumb\"},\"inLanguage\":\"pt-BR\",\"potentialAction\":[{\"@type\":\"ReadAction\",\"target\":[\"https:\/\/acrimat.org.br\/portal\/estiagem-reduz-abate-de-bovinos-em-mato-grosso\/\"]}]},{\"@type\":\"ImageObject\",\"inLanguage\":\"pt-BR\",\"@id\":\"https:\/\/acrimat.org.br\/portal\/estiagem-reduz-abate-de-bovinos-em-mato-grosso\/#primaryimage\",\"url\":\"https:\/\/acrimat.org.br\/portal\/wp-content\/uploads\/2017\/07\/pasto-seco.jpg\",\"contentUrl\":\"https:\/\/acrimat.org.br\/portal\/wp-content\/uploads\/2017\/07\/pasto-seco.jpg\",\"width\":600,\"height\":398,\"caption\":\"Foto: Reprodu\u00e7\u00e3o\"},{\"@type\":\"BreadcrumbList\",\"@id\":\"https:\/\/acrimat.org.br\/portal\/estiagem-reduz-abate-de-bovinos-em-mato-grosso\/#breadcrumb\",\"itemListElement\":[{\"@type\":\"ListItem\",\"position\":1,\"name\":\"In\u00edcio\",\"item\":\"https:\/\/acrimat.org.br\/portal\/\"},{\"@type\":\"ListItem\",\"position\":2,\"name\":\"Estiagem reduz abate de bovinos em Mato Grosso\"}]},{\"@type\":\"WebSite\",\"@id\":\"https:\/\/acrimat.org.br\/portal\/#website\",\"url\":\"https:\/\/acrimat.org.br\/portal\/\",\"name\":\"Acrimat\",\"description\":\"Associa\u00e7\u00e3o dos Criadores de Mato Grosso\",\"publisher\":{\"@id\":\"https:\/\/acrimat.org.br\/portal\/#organization\"},\"potentialAction\":[{\"@type\":\"SearchAction\",\"target\":{\"@type\":\"EntryPoint\",\"urlTemplate\":\"https:\/\/acrimat.org.br\/portal\/?s={search_term_string}\"},\"query-input\":{\"@type\":\"PropertyValueSpecification\",\"valueRequired\":true,\"valueName\":\"search_term_string\"}}],\"inLanguage\":\"pt-BR\"},{\"@type\":\"Organization\",\"@id\":\"https:\/\/acrimat.org.br\/portal\/#organization\",\"name\":\"Associa\u00e7\u00e3o dos Criadores de Mato Grosso\",\"url\":\"https:\/\/acrimat.org.br\/portal\/\",\"logo\":{\"@type\":\"ImageObject\",\"inLanguage\":\"pt-BR\",\"@id\":\"https:\/\/acrimat.org.br\/portal\/#\/schema\/logo\/image\/\",\"url\":\"https:\/\/acrimat.org.br\/portal\/wp-content\/uploads\/2018\/03\/logo-peq-original.png\",\"contentUrl\":\"https:\/\/acrimat.org.br\/portal\/wp-content\/uploads\/2018\/03\/logo-peq-original.png\",\"width\":174,\"height\":171,\"caption\":\"Associa\u00e7\u00e3o dos Criadores de Mato Grosso\"},\"image\":{\"@id\":\"https:\/\/acrimat.org.br\/portal\/#\/schema\/logo\/image\/\"}},{\"@type\":\"Person\",\"@id\":\"https:\/\/acrimat.org.br\/portal\/#\/schema\/person\/18df8bcf6890e924fe5d8b5afd2bec0f\",\"name\":\"P\u00e9ricles C\u00e2ndido\",\"image\":{\"@type\":\"ImageObject\",\"inLanguage\":\"pt-BR\",\"@id\":\"https:\/\/acrimat.org.br\/portal\/#\/schema\/person\/image\/\",\"url\":\"https:\/\/secure.gravatar.com\/avatar\/33e2a2b971dc363ed2df53d0d3bfbd18?s=96&d=mm&r=g\",\"contentUrl\":\"https:\/\/secure.gravatar.com\/avatar\/33e2a2b971dc363ed2df53d0d3bfbd18?s=96&d=mm&r=g\",\"caption\":\"P\u00e9ricles C\u00e2ndido\"},\"sameAs\":[\"ascom@acrimat.org.br\"],\"url\":\"https:\/\/acrimat.org.br\/portal\/author\/designergrafico\/\"}]}<\/script>\n<!-- \/ Yoast SEO plugin. -->","yoast_head_json":{"title":"Estiagem reduz abate de bovinos em Mato Grosso - Acrimat","robots":{"index":"index","follow":"follow","max-snippet":"max-snippet:-1","max-image-preview":"max-image-preview:large","max-video-preview":"max-video-preview:-1"},"canonical":"https:\/\/acrimat.org.br\/portal\/estiagem-reduz-abate-de-bovinos-em-mato-grosso\/","og_locale":"pt_BR","og_type":"article","og_title":"Estiagem reduz abate de bovinos em Mato Grosso - Acrimat","og_description":"Segundo o Imea, a diminui\u00e7\u00e3o no abate se deve ao um prolongamento da estiagem em Mato Grosso, reduzindo sensivelmente a capacidade de engorda dos pecuaristas do Estado","og_url":"https:\/\/acrimat.org.br\/portal\/estiagem-reduz-abate-de-bovinos-em-mato-grosso\/","og_site_name":"Acrimat","article_published_time":"2017-10-11T12:13:44+00:00","og_image":[{"width":600,"height":398,"url":"https:\/\/acrimat.org.br\/portal\/wp-content\/uploads\/2017\/07\/pasto-seco.jpg","type":"image\/jpeg"}],"author":"P\u00e9ricles C\u00e2ndido","twitter_card":"summary_large_image","twitter_misc":{"Escrito por":"P\u00e9ricles C\u00e2ndido","Est. tempo de leitura":"2 minutos"},"schema":{"@context":"https:\/\/schema.org","@graph":[{"@type":"Article","@id":"https:\/\/acrimat.org.br\/portal\/estiagem-reduz-abate-de-bovinos-em-mato-grosso\/#article","isPartOf":{"@id":"https:\/\/acrimat.org.br\/portal\/estiagem-reduz-abate-de-bovinos-em-mato-grosso\/"},"author":{"name":"P\u00e9ricles C\u00e2ndido","@id":"https:\/\/acrimat.org.br\/portal\/#\/schema\/person\/18df8bcf6890e924fe5d8b5afd2bec0f"},"headline":"Estiagem reduz abate de bovinos em Mato Grosso","datePublished":"2017-10-11T12:13:44+00:00","mainEntityOfPage":{"@id":"https:\/\/acrimat.org.br\/portal\/estiagem-reduz-abate-de-bovinos-em-mato-grosso\/"},"wordCount":342,"publisher":{"@id":"https:\/\/acrimat.org.br\/portal\/#organization"},"image":{"@id":"https:\/\/acrimat.org.br\/portal\/estiagem-reduz-abate-de-bovinos-em-mato-grosso\/#primaryimage"},"thumbnailUrl":"https:\/\/acrimat.org.br\/portal\/wp-content\/uploads\/2017\/07\/pasto-seco.jpg","articleSection":["Destaques","Not\u00edcias"],"inLanguage":"pt-BR"},{"@type":"WebPage","@id":"https:\/\/acrimat.org.br\/portal\/estiagem-reduz-abate-de-bovinos-em-mato-grosso\/","url":"https:\/\/acrimat.org.br\/portal\/estiagem-reduz-abate-de-bovinos-em-mato-grosso\/","name":"Estiagem reduz abate de bovinos em Mato Grosso - Acrimat","isPartOf":{"@id":"https:\/\/acrimat.org.br\/portal\/#website"},"primaryImageOfPage":{"@id":"https:\/\/acrimat.org.br\/portal\/estiagem-reduz-abate-de-bovinos-em-mato-grosso\/#primaryimage"},"image":{"@id":"https:\/\/acrimat.org.br\/portal\/estiagem-reduz-abate-de-bovinos-em-mato-grosso\/#primaryimage"},"thumbnailUrl":"https:\/\/acrimat.org.br\/portal\/wp-content\/uploads\/2017\/07\/pasto-seco.jpg","datePublished":"2017-10-11T12:13:44+00:00","breadcrumb":{"@id":"https:\/\/acrimat.org.br\/portal\/estiagem-reduz-abate-de-bovinos-em-mato-grosso\/#breadcrumb"},"inLanguage":"pt-BR","potentialAction":[{"@type":"ReadAction","target":["https:\/\/acrimat.org.br\/portal\/estiagem-reduz-abate-de-bovinos-em-mato-grosso\/"]}]},{"@type":"ImageObject","inLanguage":"pt-BR","@id":"https:\/\/acrimat.org.br\/portal\/estiagem-reduz-abate-de-bovinos-em-mato-grosso\/#primaryimage","url":"https:\/\/acrimat.org.br\/portal\/wp-content\/uploads\/2017\/07\/pasto-seco.jpg","contentUrl":"https:\/\/acrimat.org.br\/portal\/wp-content\/uploads\/2017\/07\/pasto-seco.jpg","width":600,"height":398,"caption":"Foto: Reprodu\u00e7\u00e3o"},{"@type":"BreadcrumbList","@id":"https:\/\/acrimat.org.br\/portal\/estiagem-reduz-abate-de-bovinos-em-mato-grosso\/#breadcrumb","itemListElement":[{"@type":"ListItem","position":1,"name":"In\u00edcio","item":"https:\/\/acrimat.org.br\/portal\/"},{"@type":"ListItem","position":2,"name":"Estiagem reduz abate de bovinos em Mato Grosso"}]},{"@type":"WebSite","@id":"https:\/\/acrimat.org.br\/portal\/#website","url":"https:\/\/acrimat.org.br\/portal\/","name":"Acrimat","description":"Associa\u00e7\u00e3o dos Criadores de Mato Grosso","publisher":{"@id":"https:\/\/acrimat.org.br\/portal\/#organization"},"potentialAction":[{"@type":"SearchAction","target":{"@type":"EntryPoint","urlTemplate":"https:\/\/acrimat.org.br\/portal\/?s={search_term_string}"},"query-input":{"@type":"PropertyValueSpecification","valueRequired":true,"valueName":"search_term_string"}}],"inLanguage":"pt-BR"},{"@type":"Organization","@id":"https:\/\/acrimat.org.br\/portal\/#organization","name":"Associa\u00e7\u00e3o dos Criadores de Mato Grosso","url":"https:\/\/acrimat.org.br\/portal\/","logo":{"@type":"ImageObject","inLanguage":"pt-BR","@id":"https:\/\/acrimat.org.br\/portal\/#\/schema\/logo\/image\/","url":"https:\/\/acrimat.org.br\/portal\/wp-content\/uploads\/2018\/03\/logo-peq-original.png","contentUrl":"https:\/\/acrimat.org.br\/portal\/wp-content\/uploads\/2018\/03\/logo-peq-original.png","width":174,"height":171,"caption":"Associa\u00e7\u00e3o dos Criadores de Mato Grosso"},"image":{"@id":"https:\/\/acrimat.org.br\/portal\/#\/schema\/logo\/image\/"}},{"@type":"Person","@id":"https:\/\/acrimat.org.br\/portal\/#\/schema\/person\/18df8bcf6890e924fe5d8b5afd2bec0f","name":"P\u00e9ricles C\u00e2ndido","image":{"@type":"ImageObject","inLanguage":"pt-BR","@id":"https:\/\/acrimat.org.br\/portal\/#\/schema\/person\/image\/","url":"https:\/\/secure.gravatar.com\/avatar\/33e2a2b971dc363ed2df53d0d3bfbd18?s=96&d=mm&r=g","contentUrl":"https:\/\/secure.gravatar.com\/avatar\/33e2a2b971dc363ed2df53d0d3bfbd18?s=96&d=mm&r=g","caption":"P\u00e9ricles C\u00e2ndido"},"sameAs":["ascom@acrimat.org.br"],"url":"https:\/\/acrimat.org.br\/portal\/author\/designergrafico\/"}]}},"_links":{"self":[{"href":"https:\/\/acrimat.org.br\/portal\/wp-json\/wp\/v2\/posts\/97984062","targetHints":{"allow":["GET"]}}],"collection":[{"href":"https:\/\/acrimat.org.br\/portal\/wp-json\/wp\/v2\/posts"}],"about":[{"href":"https:\/\/acrimat.org.br\/portal\/wp-json\/wp\/v2\/types\/post"}],"author":[{"embeddable":true,"href":"https:\/\/acrimat.org.br\/portal\/wp-json\/wp\/v2\/users\/11"}],"replies":[{"embeddable":true,"href":"https:\/\/acrimat.org.br\/portal\/wp-json\/wp\/v2\/comments?post=97984062"}],"version-history":[{"count":1,"href":"https:\/\/acrimat.org.br\/portal\/wp-json\/wp\/v2\/posts\/97984062\/revisions"}],"predecessor-version":[{"id":97984063,"href":"https:\/\/acrimat.org.br\/portal\/wp-json\/wp\/v2\/posts\/97984062\/revisions\/97984063"}],"wp:featuredmedia":[{"embeddable":true,"href":"https:\/\/acrimat.org.br\/portal\/wp-json\/wp\/v2\/media\/97982727"}],"wp:attachment":[{"href":"https:\/\/acrimat.org.br\/portal\/wp-json\/wp\/v2\/media?parent=97984062"}],"wp:term":[{"taxonomy":"category","embeddable":true,"href":"https:\/\/acrimat.org.br\/portal\/wp-json\/wp\/v2\/categories?post=97984062"},{"taxonomy":"post_tag","embeddable":true,"href":"https:\/\/acrimat.org.br\/portal\/wp-json\/wp\/v2\/tags?post=97984062"}],"curies":[{"name":"wp","href":"https:\/\/api.w.org\/{rel}","templated":true}]}}