{"id":97984227,"date":"2017-10-17T07:02:29","date_gmt":"2017-10-17T10:02:29","guid":{"rendered":"http:\/\/acrimat.org.br\/portal\/?p=97984227"},"modified":"2017-10-18T09:46:24","modified_gmt":"2017-10-18T12:46:24","slug":"acrimat-participa-de-encontro-mundial-da-carne","status":"publish","type":"post","link":"https:\/\/acrimat.org.br\/portal\/acrimat-participa-de-encontro-mundial-da-carne\/","title":{"rendered":"Acrimat participa de encontro mundial"},"content":{"rendered":"<p>A Associa\u00e7\u00e3o dos Criadores de Mato Grosso (Acrimat) participa ao longo desta semana, de 15 a 20 de outubro, da reuni\u00e3o anual da Alian\u00e7a Internacional da Carne Bovina, ou International Beef Aliance (IBA), em Assun\u00e7\u00e3o, no Paraguai. A IBA \u00e9 composta por entidades de sete pa\u00edses e o Brasil est\u00e1 presente por meio da Acrimat e da Associa\u00e7\u00e3o Nacional de Confinadores (Assocon).<\/p>\n<p>Ao lado de representantes dos Estados Unidos, Canad\u00e1, M\u00e9xico, Paraguai, Austr\u00e1lia e Nova Zel\u00e2ndia, o Brasil vai debater alguns temas comuns entre as na\u00e7\u00f5es, como a elimina\u00e7\u00e3o de barreiras comerciais, sustentabilidade e bem-estar animal. A inten\u00e7\u00e3o \u00e9 fortalecer a cadeia produtiva da carne e promover o consumo da prote\u00edna em todo o mundo.<\/p>\n<p>Outra pauta comum a ser debatida este ano ser\u00e1 o desenvolvimento de um programa de jovens lideran\u00e7as. A Acrimat participa representada pelo diretor-t\u00e9cnico e m\u00e9dico veterin\u00e1rio Francisco Sales de Manzi e pelo diretor de rela\u00e7\u00f5es institucionais Ricardo Figueiredo de Arruda.<\/p>\n<p>Francisco Manzi participa desde domingo de reuni\u00f5es t\u00e9cnicas sobre os trabalhos a serem desenvolvidos por cada representante na IBA. Atualmente, entidades que representam a pecu\u00e1ria de corte, o varejo e a ind\u00fastrias possuem cadeira na IBA. <\/p>\n<p>\u201cJuntos, os pa\u00edses presentes na IBA s\u00e3o respons\u00e1veis por 65% das exporta\u00e7\u00f5es mundiais da carne bovina. Ou seja, as decis\u00f5es e a\u00e7\u00f5es tomadas pelo grupo t\u00eam grande impacto para toda a cadeia. O trabalho desenvolvido em conjunto tende a fortalecer os produtores, promover o consumo e promover o mercado da carne\u201d, afirma Francisco Manzi.<\/p>\n<p>A partir de quarta-feira (18), Ricardo Arruda vai participar das reuni\u00f5es com os l\u00edderes das entidades. Nesta etapa do encontro, as discuss\u00f5es t\u00e9cnicas e o planejamento estrat\u00e9gico s\u00e3o substitu\u00eddas pelas pautas pol\u00edticas e aprova\u00e7\u00e3o dos trabalhos propostos.<\/p>\n<p>\u201cA Acrimat \u00e9 uma das principais entidades representante da pecu\u00e1ria brasileira e at\u00e9 mundial, pois Mato Grosso possui o maior rebanho comercial do pa\u00eds e exportamos carne para mais de 20 pa\u00edses. Por isso, estar na IBA, participar das a\u00e7\u00f5es para a promo\u00e7\u00e3o da carne e poder contribuir neste processo \u00e9 muito importante n\u00e3o s\u00f3 para a pecu\u00e1ria de corte, mas para toda a cadeia produtiva da carne brasileira\u201d, afirma Ricardo Arruda.<\/p>\n","protected":false},"excerpt":{"rendered":"<p>A reuni\u00e3o anual da IBA acontece este ano em Assun\u00e7\u00e3o, no Paraguai<\/p>\n","protected":false},"author":11,"featured_media":97979574,"comment_status":"closed","ping_status":"closed","sticky":false,"template":"","format":"standard","meta":{"footnotes":""},"categories":[6,1],"tags":[],"class_list":["post-97984227","post","type-post","status-publish","format-standard","has-post-thumbnail","hentry","category-destaque","category-noticia"],"yoast_head":"<!-- This site is optimized with the Yoast SEO plugin v24.8.1 - https:\/\/yoast.com\/wordpress\/plugins\/seo\/ -->\n<title>Acrimat participa de encontro mundial - Acrimat<\/title>\n<meta name=\"robots\" content=\"index, follow, max-snippet:-1, max-image-preview:large, max-video-preview:-1\" \/>\n<link rel=\"canonical\" href=\"https:\/\/acrimat.org.br\/portal\/acrimat-participa-de-encontro-mundial-da-carne\/\" \/>\n<meta property=\"og:locale\" content=\"pt_BR\" \/>\n<meta property=\"og:type\" content=\"article\" \/>\n<meta property=\"og:title\" content=\"Acrimat participa de encontro mundial - Acrimat\" \/>\n<meta property=\"og:description\" content=\"A reuni\u00e3o anual da IBA acontece este ano em Assun\u00e7\u00e3o, no Paraguai\" \/>\n<meta property=\"og:url\" content=\"https:\/\/acrimat.org.br\/portal\/acrimat-participa-de-encontro-mundial-da-carne\/\" \/>\n<meta property=\"og:site_name\" content=\"Acrimat\" \/>\n<meta property=\"article:published_time\" content=\"2017-10-17T10:02:29+00:00\" \/>\n<meta property=\"article:modified_time\" content=\"2017-10-18T12:46:24+00:00\" \/>\n<meta property=\"og:image\" content=\"https:\/\/acrimat.org.br\/portal\/wp-content\/uploads\/2017\/01\/00carne06.jpg\" \/>\n\t<meta property=\"og:image:width\" content=\"267\" \/>\n\t<meta property=\"og:image:height\" content=\"200\" \/>\n\t<meta property=\"og:image:type\" content=\"image\/jpeg\" \/>\n<meta name=\"author\" content=\"P\u00e9ricles C\u00e2ndido\" \/>\n<meta name=\"twitter:card\" content=\"summary_large_image\" \/>\n<meta name=\"twitter:label1\" content=\"Escrito por\" \/>\n\t<meta name=\"twitter:data1\" content=\"P\u00e9ricles C\u00e2ndido\" \/>\n\t<meta name=\"twitter:label2\" content=\"Est. tempo de leitura\" \/>\n\t<meta name=\"twitter:data2\" content=\"2 minutos\" \/>\n<script type=\"application\/ld+json\" class=\"yoast-schema-graph\">{\"@context\":\"https:\/\/schema.org\",\"@graph\":[{\"@type\":\"Article\",\"@id\":\"https:\/\/acrimat.org.br\/portal\/acrimat-participa-de-encontro-mundial-da-carne\/#article\",\"isPartOf\":{\"@id\":\"https:\/\/acrimat.org.br\/portal\/acrimat-participa-de-encontro-mundial-da-carne\/\"},\"author\":{\"name\":\"P\u00e9ricles C\u00e2ndido\",\"@id\":\"https:\/\/acrimat.org.br\/portal\/#\/schema\/person\/18df8bcf6890e924fe5d8b5afd2bec0f\"},\"headline\":\"Acrimat participa de encontro mundial\",\"datePublished\":\"2017-10-17T10:02:29+00:00\",\"dateModified\":\"2017-10-18T12:46:24+00:00\",\"mainEntityOfPage\":{\"@id\":\"https:\/\/acrimat.org.br\/portal\/acrimat-participa-de-encontro-mundial-da-carne\/\"},\"wordCount\":395,\"publisher\":{\"@id\":\"https:\/\/acrimat.org.br\/portal\/#organization\"},\"image\":{\"@id\":\"https:\/\/acrimat.org.br\/portal\/acrimat-participa-de-encontro-mundial-da-carne\/#primaryimage\"},\"thumbnailUrl\":\"https:\/\/acrimat.org.br\/portal\/wp-content\/uploads\/2017\/01\/00carne06.jpg\",\"articleSection\":[\"Destaques\",\"Not\u00edcias\"],\"inLanguage\":\"pt-BR\"},{\"@type\":\"WebPage\",\"@id\":\"https:\/\/acrimat.org.br\/portal\/acrimat-participa-de-encontro-mundial-da-carne\/\",\"url\":\"https:\/\/acrimat.org.br\/portal\/acrimat-participa-de-encontro-mundial-da-carne\/\",\"name\":\"Acrimat participa de encontro mundial - Acrimat\",\"isPartOf\":{\"@id\":\"https:\/\/acrimat.org.br\/portal\/#website\"},\"primaryImageOfPage\":{\"@id\":\"https:\/\/acrimat.org.br\/portal\/acrimat-participa-de-encontro-mundial-da-carne\/#primaryimage\"},\"image\":{\"@id\":\"https:\/\/acrimat.org.br\/portal\/acrimat-participa-de-encontro-mundial-da-carne\/#primaryimage\"},\"thumbnailUrl\":\"https:\/\/acrimat.org.br\/portal\/wp-content\/uploads\/2017\/01\/00carne06.jpg\",\"datePublished\":\"2017-10-17T10:02:29+00:00\",\"dateModified\":\"2017-10-18T12:46:24+00:00\",\"breadcrumb\":{\"@id\":\"https:\/\/acrimat.org.br\/portal\/acrimat-participa-de-encontro-mundial-da-carne\/#breadcrumb\"},\"inLanguage\":\"pt-BR\",\"potentialAction\":[{\"@type\":\"ReadAction\",\"target\":[\"https:\/\/acrimat.org.br\/portal\/acrimat-participa-de-encontro-mundial-da-carne\/\"]}]},{\"@type\":\"ImageObject\",\"inLanguage\":\"pt-BR\",\"@id\":\"https:\/\/acrimat.org.br\/portal\/acrimat-participa-de-encontro-mundial-da-carne\/#primaryimage\",\"url\":\"https:\/\/acrimat.org.br\/portal\/wp-content\/uploads\/2017\/01\/00carne06.jpg\",\"contentUrl\":\"https:\/\/acrimat.org.br\/portal\/wp-content\/uploads\/2017\/01\/00carne06.jpg\",\"width\":267,\"height\":200},{\"@type\":\"BreadcrumbList\",\"@id\":\"https:\/\/acrimat.org.br\/portal\/acrimat-participa-de-encontro-mundial-da-carne\/#breadcrumb\",\"itemListElement\":[{\"@type\":\"ListItem\",\"position\":1,\"name\":\"In\u00edcio\",\"item\":\"https:\/\/acrimat.org.br\/portal\/\"},{\"@type\":\"ListItem\",\"position\":2,\"name\":\"Acrimat participa de encontro mundial\"}]},{\"@type\":\"WebSite\",\"@id\":\"https:\/\/acrimat.org.br\/portal\/#website\",\"url\":\"https:\/\/acrimat.org.br\/portal\/\",\"name\":\"Acrimat\",\"description\":\"Associa\u00e7\u00e3o dos Criadores de Mato Grosso\",\"publisher\":{\"@id\":\"https:\/\/acrimat.org.br\/portal\/#organization\"},\"potentialAction\":[{\"@type\":\"SearchAction\",\"target\":{\"@type\":\"EntryPoint\",\"urlTemplate\":\"https:\/\/acrimat.org.br\/portal\/?s={search_term_string}\"},\"query-input\":{\"@type\":\"PropertyValueSpecification\",\"valueRequired\":true,\"valueName\":\"search_term_string\"}}],\"inLanguage\":\"pt-BR\"},{\"@type\":\"Organization\",\"@id\":\"https:\/\/acrimat.org.br\/portal\/#organization\",\"name\":\"Associa\u00e7\u00e3o dos Criadores de Mato Grosso\",\"url\":\"https:\/\/acrimat.org.br\/portal\/\",\"logo\":{\"@type\":\"ImageObject\",\"inLanguage\":\"pt-BR\",\"@id\":\"https:\/\/acrimat.org.br\/portal\/#\/schema\/logo\/image\/\",\"url\":\"https:\/\/acrimat.org.br\/portal\/wp-content\/uploads\/2018\/03\/logo-peq-original.png\",\"contentUrl\":\"https:\/\/acrimat.org.br\/portal\/wp-content\/uploads\/2018\/03\/logo-peq-original.png\",\"width\":174,\"height\":171,\"caption\":\"Associa\u00e7\u00e3o dos Criadores de Mato Grosso\"},\"image\":{\"@id\":\"https:\/\/acrimat.org.br\/portal\/#\/schema\/logo\/image\/\"}},{\"@type\":\"Person\",\"@id\":\"https:\/\/acrimat.org.br\/portal\/#\/schema\/person\/18df8bcf6890e924fe5d8b5afd2bec0f\",\"name\":\"P\u00e9ricles C\u00e2ndido\",\"image\":{\"@type\":\"ImageObject\",\"inLanguage\":\"pt-BR\",\"@id\":\"https:\/\/acrimat.org.br\/portal\/#\/schema\/person\/image\/\",\"url\":\"https:\/\/secure.gravatar.com\/avatar\/33e2a2b971dc363ed2df53d0d3bfbd18?s=96&d=mm&r=g\",\"contentUrl\":\"https:\/\/secure.gravatar.com\/avatar\/33e2a2b971dc363ed2df53d0d3bfbd18?s=96&d=mm&r=g\",\"caption\":\"P\u00e9ricles C\u00e2ndido\"},\"sameAs\":[\"ascom@acrimat.org.br\"],\"url\":\"https:\/\/acrimat.org.br\/portal\/author\/designergrafico\/\"}]}<\/script>\n<!-- \/ Yoast SEO plugin. -->","yoast_head_json":{"title":"Acrimat participa de encontro mundial - Acrimat","robots":{"index":"index","follow":"follow","max-snippet":"max-snippet:-1","max-image-preview":"max-image-preview:large","max-video-preview":"max-video-preview:-1"},"canonical":"https:\/\/acrimat.org.br\/portal\/acrimat-participa-de-encontro-mundial-da-carne\/","og_locale":"pt_BR","og_type":"article","og_title":"Acrimat participa de encontro mundial - Acrimat","og_description":"A reuni\u00e3o anual da IBA acontece este ano em Assun\u00e7\u00e3o, no Paraguai","og_url":"https:\/\/acrimat.org.br\/portal\/acrimat-participa-de-encontro-mundial-da-carne\/","og_site_name":"Acrimat","article_published_time":"2017-10-17T10:02:29+00:00","article_modified_time":"2017-10-18T12:46:24+00:00","og_image":[{"width":267,"height":200,"url":"https:\/\/acrimat.org.br\/portal\/wp-content\/uploads\/2017\/01\/00carne06.jpg","type":"image\/jpeg"}],"author":"P\u00e9ricles C\u00e2ndido","twitter_card":"summary_large_image","twitter_misc":{"Escrito por":"P\u00e9ricles C\u00e2ndido","Est. tempo de leitura":"2 minutos"},"schema":{"@context":"https:\/\/schema.org","@graph":[{"@type":"Article","@id":"https:\/\/acrimat.org.br\/portal\/acrimat-participa-de-encontro-mundial-da-carne\/#article","isPartOf":{"@id":"https:\/\/acrimat.org.br\/portal\/acrimat-participa-de-encontro-mundial-da-carne\/"},"author":{"name":"P\u00e9ricles C\u00e2ndido","@id":"https:\/\/acrimat.org.br\/portal\/#\/schema\/person\/18df8bcf6890e924fe5d8b5afd2bec0f"},"headline":"Acrimat participa de encontro mundial","datePublished":"2017-10-17T10:02:29+00:00","dateModified":"2017-10-18T12:46:24+00:00","mainEntityOfPage":{"@id":"https:\/\/acrimat.org.br\/portal\/acrimat-participa-de-encontro-mundial-da-carne\/"},"wordCount":395,"publisher":{"@id":"https:\/\/acrimat.org.br\/portal\/#organization"},"image":{"@id":"https:\/\/acrimat.org.br\/portal\/acrimat-participa-de-encontro-mundial-da-carne\/#primaryimage"},"thumbnailUrl":"https:\/\/acrimat.org.br\/portal\/wp-content\/uploads\/2017\/01\/00carne06.jpg","articleSection":["Destaques","Not\u00edcias"],"inLanguage":"pt-BR"},{"@type":"WebPage","@id":"https:\/\/acrimat.org.br\/portal\/acrimat-participa-de-encontro-mundial-da-carne\/","url":"https:\/\/acrimat.org.br\/portal\/acrimat-participa-de-encontro-mundial-da-carne\/","name":"Acrimat participa de encontro mundial - Acrimat","isPartOf":{"@id":"https:\/\/acrimat.org.br\/portal\/#website"},"primaryImageOfPage":{"@id":"https:\/\/acrimat.org.br\/portal\/acrimat-participa-de-encontro-mundial-da-carne\/#primaryimage"},"image":{"@id":"https:\/\/acrimat.org.br\/portal\/acrimat-participa-de-encontro-mundial-da-carne\/#primaryimage"},"thumbnailUrl":"https:\/\/acrimat.org.br\/portal\/wp-content\/uploads\/2017\/01\/00carne06.jpg","datePublished":"2017-10-17T10:02:29+00:00","dateModified":"2017-10-18T12:46:24+00:00","breadcrumb":{"@id":"https:\/\/acrimat.org.br\/portal\/acrimat-participa-de-encontro-mundial-da-carne\/#breadcrumb"},"inLanguage":"pt-BR","potentialAction":[{"@type":"ReadAction","target":["https:\/\/acrimat.org.br\/portal\/acrimat-participa-de-encontro-mundial-da-carne\/"]}]},{"@type":"ImageObject","inLanguage":"pt-BR","@id":"https:\/\/acrimat.org.br\/portal\/acrimat-participa-de-encontro-mundial-da-carne\/#primaryimage","url":"https:\/\/acrimat.org.br\/portal\/wp-content\/uploads\/2017\/01\/00carne06.jpg","contentUrl":"https:\/\/acrimat.org.br\/portal\/wp-content\/uploads\/2017\/01\/00carne06.jpg","width":267,"height":200},{"@type":"BreadcrumbList","@id":"https:\/\/acrimat.org.br\/portal\/acrimat-participa-de-encontro-mundial-da-carne\/#breadcrumb","itemListElement":[{"@type":"ListItem","position":1,"name":"In\u00edcio","item":"https:\/\/acrimat.org.br\/portal\/"},{"@type":"ListItem","position":2,"name":"Acrimat participa de encontro mundial"}]},{"@type":"WebSite","@id":"https:\/\/acrimat.org.br\/portal\/#website","url":"https:\/\/acrimat.org.br\/portal\/","name":"Acrimat","description":"Associa\u00e7\u00e3o dos Criadores de Mato Grosso","publisher":{"@id":"https:\/\/acrimat.org.br\/portal\/#organization"},"potentialAction":[{"@type":"SearchAction","target":{"@type":"EntryPoint","urlTemplate":"https:\/\/acrimat.org.br\/portal\/?s={search_term_string}"},"query-input":{"@type":"PropertyValueSpecification","valueRequired":true,"valueName":"search_term_string"}}],"inLanguage":"pt-BR"},{"@type":"Organization","@id":"https:\/\/acrimat.org.br\/portal\/#organization","name":"Associa\u00e7\u00e3o dos Criadores de Mato Grosso","url":"https:\/\/acrimat.org.br\/portal\/","logo":{"@type":"ImageObject","inLanguage":"pt-BR","@id":"https:\/\/acrimat.org.br\/portal\/#\/schema\/logo\/image\/","url":"https:\/\/acrimat.org.br\/portal\/wp-content\/uploads\/2018\/03\/logo-peq-original.png","contentUrl":"https:\/\/acrimat.org.br\/portal\/wp-content\/uploads\/2018\/03\/logo-peq-original.png","width":174,"height":171,"caption":"Associa\u00e7\u00e3o dos Criadores de Mato Grosso"},"image":{"@id":"https:\/\/acrimat.org.br\/portal\/#\/schema\/logo\/image\/"}},{"@type":"Person","@id":"https:\/\/acrimat.org.br\/portal\/#\/schema\/person\/18df8bcf6890e924fe5d8b5afd2bec0f","name":"P\u00e9ricles C\u00e2ndido","image":{"@type":"ImageObject","inLanguage":"pt-BR","@id":"https:\/\/acrimat.org.br\/portal\/#\/schema\/person\/image\/","url":"https:\/\/secure.gravatar.com\/avatar\/33e2a2b971dc363ed2df53d0d3bfbd18?s=96&d=mm&r=g","contentUrl":"https:\/\/secure.gravatar.com\/avatar\/33e2a2b971dc363ed2df53d0d3bfbd18?s=96&d=mm&r=g","caption":"P\u00e9ricles C\u00e2ndido"},"sameAs":["ascom@acrimat.org.br"],"url":"https:\/\/acrimat.org.br\/portal\/author\/designergrafico\/"}]}},"_links":{"self":[{"href":"https:\/\/acrimat.org.br\/portal\/wp-json\/wp\/v2\/posts\/97984227","targetHints":{"allow":["GET"]}}],"collection":[{"href":"https:\/\/acrimat.org.br\/portal\/wp-json\/wp\/v2\/posts"}],"about":[{"href":"https:\/\/acrimat.org.br\/portal\/wp-json\/wp\/v2\/types\/post"}],"author":[{"embeddable":true,"href":"https:\/\/acrimat.org.br\/portal\/wp-json\/wp\/v2\/users\/11"}],"replies":[{"embeddable":true,"href":"https:\/\/acrimat.org.br\/portal\/wp-json\/wp\/v2\/comments?post=97984227"}],"version-history":[{"count":2,"href":"https:\/\/acrimat.org.br\/portal\/wp-json\/wp\/v2\/posts\/97984227\/revisions"}],"predecessor-version":[{"id":97984257,"href":"https:\/\/acrimat.org.br\/portal\/wp-json\/wp\/v2\/posts\/97984227\/revisions\/97984257"}],"wp:featuredmedia":[{"embeddable":true,"href":"https:\/\/acrimat.org.br\/portal\/wp-json\/wp\/v2\/media\/97979574"}],"wp:attachment":[{"href":"https:\/\/acrimat.org.br\/portal\/wp-json\/wp\/v2\/media?parent=97984227"}],"wp:term":[{"taxonomy":"category","embeddable":true,"href":"https:\/\/acrimat.org.br\/portal\/wp-json\/wp\/v2\/categories?post=97984227"},{"taxonomy":"post_tag","embeddable":true,"href":"https:\/\/acrimat.org.br\/portal\/wp-json\/wp\/v2\/tags?post=97984227"}],"curies":[{"name":"wp","href":"https:\/\/api.w.org\/{rel}","templated":true}]}}