{"id":97984417,"date":"2017-10-20T08:43:51","date_gmt":"2017-10-20T11:43:51","guid":{"rendered":"http:\/\/acrimat.org.br\/portal\/?p=97984417"},"modified":"2017-10-20T08:59:00","modified_gmt":"2017-10-20T11:59:00","slug":"segunda-fase-do-pradam-vai-beneficiar-800-produtores-no-bioma-amazonia","status":"publish","type":"post","link":"https:\/\/acrimat.org.br\/portal\/segunda-fase-do-pradam-vai-beneficiar-800-produtores-no-bioma-amazonia\/","title":{"rendered":"Segunda fase do PRADAM vai beneficiar 800 produtores"},"content":{"rendered":"<p>Ap\u00f3s a conclus\u00e3o da primeira fase no ano passado, o Projeto de Recupera\u00e7\u00e3o de \u00c1reas Degradadas na Amaz\u00f4nia (PRADAM) retomar\u00e1 as atividades nesta sexta-feira (20\/10), em Sinop (MT) e Paragominas (PA).<\/p>\n<p>Parceria do Servi\u00e7o Nacional de Aprendizagem Rural (SENAR) com a Organiza\u00e7\u00e3o das Na\u00e7\u00f5es Unidas para Alimenta\u00e7\u00e3o e Agricultura (FAO), a Embrapa e o Minist\u00e9rio da Agricultura, a iniciativa dissemina pr\u00e1ticas de Agricultura de Baixo Carbono (ABC) na regi\u00e3o amaz\u00f4nica.<\/p>\n<p>\u201cO PRADAM mostra aos produtores que com tecnologias ABC \u00e9 poss\u00edvel produzir em \u00e1reas j\u00e1 abertas e que n\u00e3o h\u00e1 necessidade de avan\u00e7ar sobre as florestas para impulsionar a produtividade nas propriedades\u201d, destaca o assessor t\u00e9cnico da Diretoria de Educa\u00e7\u00e3o Profissional e Promo\u00e7\u00e3o Social do SENAR, Mauro M\u00fczell.<\/p>\n<p>O projeto propaga cinco tecnologias sustent\u00e1veis: Sistema Plantio Direto, Recupera\u00e7\u00e3o de Pastagens Degradadas, Florestas Plantadas, Sistemas Agroflorestais e Integra\u00e7\u00e3o Lavoura-Pecu\u00e1ria-Floresta (iLPF).<\/p>\n<p>A segunda etapa prev\u00ea seis dias de campo, com palestras e contato com as pr\u00e1ticas desenvolvidas nas propriedades escolhidas. As atividades ser\u00e3o realizadas nos estados contemplados pelo PRADAM: Rond\u00f4nia, Acre, Amazonas, Mato Grosso, Par\u00e1 e Maranh\u00e3o.<\/p>\n<p>Dentro dessa etapa tamb\u00e9m ser\u00e3o fornecidos insumos \u2013 como adubos, sementes e mudas, entre outros \u2013 para seis Unidades de Refer\u00eancia Tecnol\u00f3gica (URTs) inseridas na \u00e1rea de atua\u00e7\u00e3o do PRADAM. Esses produtos ser\u00e3o utilizados para a condu\u00e7\u00e3o das pesquisas de campo.<\/p>\n<p>No dia 10 de novembro, ser\u00e1 realizado um semin\u00e1rio de balan\u00e7o e perspectivas do projeto, em Bras\u00edlia. Durante o evento haver\u00e1 a divulga\u00e7\u00e3o dos resultados de um levantamento sobre o impacto das tecnologias no Bioma Amaz\u00f4nia, preparado pelo Minist\u00e9rio da Agricultura.<\/p>\n<p>No primeiro ano do PRADAM, o SENAR mobilizou 1.113 produtores em 11 eventos realizados. A entidade tamb\u00e9m foi respons\u00e1vel pela capacita\u00e7\u00e3o de 40 t\u00e9cnicos de assist\u00eancia t\u00e9cnica p\u00fablica e privada nas tecnologias previstas e na sua metodologia de Assist\u00eancia T\u00e9cnica e Gerencial (ATeG).<\/p>\n<p>Calend\u00e1rio de eventos do PRADAM:<br \/>\nSinop (MT) \u2013 20\/10<br \/>\nParagominas\/PA \u2013 20\/10<br \/>\nCapixaba (AC) \u2013 27\/10<br \/>\nParintins (AM) \u2013 27\/10<br \/>\nPindar\u00e9-Mirim (MA) \u2013 28\/10<br \/>\nPorto Velho (RO) \u2013 07\/11<\/p>\n","protected":false},"excerpt":{"rendered":"<p>O projeto propaga cinco tecnologias sustent\u00e1veis: Sistema Plantio Direto, Recupera\u00e7\u00e3o de Pastagens Degradadas, Florestas Plantadas, Sistemas Agroflorestais e ILPF.<\/p>\n","protected":false},"author":11,"featured_media":97982843,"comment_status":"closed","ping_status":"closed","sticky":false,"template":"","format":"standard","meta":{"footnotes":""},"categories":[6,1],"tags":[],"class_list":["post-97984417","post","type-post","status-publish","format-standard","has-post-thumbnail","hentry","category-destaque","category-noticia"],"yoast_head":"<!-- This site is optimized with the Yoast SEO plugin v24.8.1 - https:\/\/yoast.com\/wordpress\/plugins\/seo\/ -->\n<title>Segunda fase do PRADAM vai beneficiar 800 produtores - Acrimat<\/title>\n<meta name=\"robots\" content=\"index, follow, max-snippet:-1, max-image-preview:large, max-video-preview:-1\" \/>\n<link rel=\"canonical\" href=\"https:\/\/acrimat.org.br\/portal\/segunda-fase-do-pradam-vai-beneficiar-800-produtores-no-bioma-amazonia\/\" \/>\n<meta property=\"og:locale\" content=\"pt_BR\" \/>\n<meta property=\"og:type\" content=\"article\" \/>\n<meta property=\"og:title\" content=\"Segunda fase do PRADAM vai beneficiar 800 produtores - Acrimat\" \/>\n<meta property=\"og:description\" content=\"O projeto propaga cinco tecnologias sustent\u00e1veis: Sistema Plantio Direto, Recupera\u00e7\u00e3o de Pastagens Degradadas, Florestas Plantadas, Sistemas Agroflorestais e ILPF.\" \/>\n<meta property=\"og:url\" content=\"https:\/\/acrimat.org.br\/portal\/segunda-fase-do-pradam-vai-beneficiar-800-produtores-no-bioma-amazonia\/\" \/>\n<meta property=\"og:site_name\" content=\"Acrimat\" \/>\n<meta property=\"article:published_time\" content=\"2017-10-20T11:43:51+00:00\" \/>\n<meta property=\"article:modified_time\" content=\"2017-10-20T11:59:00+00:00\" \/>\n<meta property=\"og:image\" content=\"https:\/\/acrimat.org.br\/portal\/wp-content\/uploads\/2017\/07\/ilpf-boi.jpg\" \/>\n\t<meta property=\"og:image:width\" content=\"800\" \/>\n\t<meta property=\"og:image:height\" content=\"533\" \/>\n\t<meta property=\"og:image:type\" content=\"image\/jpeg\" \/>\n<meta name=\"author\" content=\"P\u00e9ricles C\u00e2ndido\" \/>\n<meta name=\"twitter:card\" content=\"summary_large_image\" \/>\n<meta name=\"twitter:label1\" content=\"Escrito por\" \/>\n\t<meta name=\"twitter:data1\" content=\"P\u00e9ricles C\u00e2ndido\" \/>\n\t<meta name=\"twitter:label2\" content=\"Est. tempo de leitura\" \/>\n\t<meta name=\"twitter:data2\" content=\"2 minutos\" \/>\n<script type=\"application\/ld+json\" class=\"yoast-schema-graph\">{\"@context\":\"https:\/\/schema.org\",\"@graph\":[{\"@type\":\"Article\",\"@id\":\"https:\/\/acrimat.org.br\/portal\/segunda-fase-do-pradam-vai-beneficiar-800-produtores-no-bioma-amazonia\/#article\",\"isPartOf\":{\"@id\":\"https:\/\/acrimat.org.br\/portal\/segunda-fase-do-pradam-vai-beneficiar-800-produtores-no-bioma-amazonia\/\"},\"author\":{\"name\":\"P\u00e9ricles C\u00e2ndido\",\"@id\":\"https:\/\/acrimat.org.br\/portal\/#\/schema\/person\/18df8bcf6890e924fe5d8b5afd2bec0f\"},\"headline\":\"Segunda fase do PRADAM vai beneficiar 800 produtores\",\"datePublished\":\"2017-10-20T11:43:51+00:00\",\"dateModified\":\"2017-10-20T11:59:00+00:00\",\"mainEntityOfPage\":{\"@id\":\"https:\/\/acrimat.org.br\/portal\/segunda-fase-do-pradam-vai-beneficiar-800-produtores-no-bioma-amazonia\/\"},\"wordCount\":368,\"publisher\":{\"@id\":\"https:\/\/acrimat.org.br\/portal\/#organization\"},\"image\":{\"@id\":\"https:\/\/acrimat.org.br\/portal\/segunda-fase-do-pradam-vai-beneficiar-800-produtores-no-bioma-amazonia\/#primaryimage\"},\"thumbnailUrl\":\"https:\/\/acrimat.org.br\/portal\/wp-content\/uploads\/2017\/07\/ilpf-boi.jpg\",\"articleSection\":[\"Destaques\",\"Not\u00edcias\"],\"inLanguage\":\"pt-BR\"},{\"@type\":\"WebPage\",\"@id\":\"https:\/\/acrimat.org.br\/portal\/segunda-fase-do-pradam-vai-beneficiar-800-produtores-no-bioma-amazonia\/\",\"url\":\"https:\/\/acrimat.org.br\/portal\/segunda-fase-do-pradam-vai-beneficiar-800-produtores-no-bioma-amazonia\/\",\"name\":\"Segunda fase do PRADAM vai beneficiar 800 produtores - Acrimat\",\"isPartOf\":{\"@id\":\"https:\/\/acrimat.org.br\/portal\/#website\"},\"primaryImageOfPage\":{\"@id\":\"https:\/\/acrimat.org.br\/portal\/segunda-fase-do-pradam-vai-beneficiar-800-produtores-no-bioma-amazonia\/#primaryimage\"},\"image\":{\"@id\":\"https:\/\/acrimat.org.br\/portal\/segunda-fase-do-pradam-vai-beneficiar-800-produtores-no-bioma-amazonia\/#primaryimage\"},\"thumbnailUrl\":\"https:\/\/acrimat.org.br\/portal\/wp-content\/uploads\/2017\/07\/ilpf-boi.jpg\",\"datePublished\":\"2017-10-20T11:43:51+00:00\",\"dateModified\":\"2017-10-20T11:59:00+00:00\",\"breadcrumb\":{\"@id\":\"https:\/\/acrimat.org.br\/portal\/segunda-fase-do-pradam-vai-beneficiar-800-produtores-no-bioma-amazonia\/#breadcrumb\"},\"inLanguage\":\"pt-BR\",\"potentialAction\":[{\"@type\":\"ReadAction\",\"target\":[\"https:\/\/acrimat.org.br\/portal\/segunda-fase-do-pradam-vai-beneficiar-800-produtores-no-bioma-amazonia\/\"]}]},{\"@type\":\"ImageObject\",\"inLanguage\":\"pt-BR\",\"@id\":\"https:\/\/acrimat.org.br\/portal\/segunda-fase-do-pradam-vai-beneficiar-800-produtores-no-bioma-amazonia\/#primaryimage\",\"url\":\"https:\/\/acrimat.org.br\/portal\/wp-content\/uploads\/2017\/07\/ilpf-boi.jpg\",\"contentUrl\":\"https:\/\/acrimat.org.br\/portal\/wp-content\/uploads\/2017\/07\/ilpf-boi.jpg\",\"width\":800,\"height\":533,\"caption\":\"ILPF est\u00e1 presente em 11,5 milh\u00f5es de hectares brasileiros e \u00e9 uns dos grandes trunfos da atividade (Foto: reprodu\u00e7\u00e3o)\"},{\"@type\":\"BreadcrumbList\",\"@id\":\"https:\/\/acrimat.org.br\/portal\/segunda-fase-do-pradam-vai-beneficiar-800-produtores-no-bioma-amazonia\/#breadcrumb\",\"itemListElement\":[{\"@type\":\"ListItem\",\"position\":1,\"name\":\"In\u00edcio\",\"item\":\"https:\/\/acrimat.org.br\/portal\/\"},{\"@type\":\"ListItem\",\"position\":2,\"name\":\"Segunda fase do PRADAM vai beneficiar 800 produtores\"}]},{\"@type\":\"WebSite\",\"@id\":\"https:\/\/acrimat.org.br\/portal\/#website\",\"url\":\"https:\/\/acrimat.org.br\/portal\/\",\"name\":\"Acrimat\",\"description\":\"Associa\u00e7\u00e3o dos Criadores de Mato Grosso\",\"publisher\":{\"@id\":\"https:\/\/acrimat.org.br\/portal\/#organization\"},\"potentialAction\":[{\"@type\":\"SearchAction\",\"target\":{\"@type\":\"EntryPoint\",\"urlTemplate\":\"https:\/\/acrimat.org.br\/portal\/?s={search_term_string}\"},\"query-input\":{\"@type\":\"PropertyValueSpecification\",\"valueRequired\":true,\"valueName\":\"search_term_string\"}}],\"inLanguage\":\"pt-BR\"},{\"@type\":\"Organization\",\"@id\":\"https:\/\/acrimat.org.br\/portal\/#organization\",\"name\":\"Associa\u00e7\u00e3o dos Criadores de Mato Grosso\",\"url\":\"https:\/\/acrimat.org.br\/portal\/\",\"logo\":{\"@type\":\"ImageObject\",\"inLanguage\":\"pt-BR\",\"@id\":\"https:\/\/acrimat.org.br\/portal\/#\/schema\/logo\/image\/\",\"url\":\"https:\/\/acrimat.org.br\/portal\/wp-content\/uploads\/2018\/03\/logo-peq-original.png\",\"contentUrl\":\"https:\/\/acrimat.org.br\/portal\/wp-content\/uploads\/2018\/03\/logo-peq-original.png\",\"width\":174,\"height\":171,\"caption\":\"Associa\u00e7\u00e3o dos Criadores de Mato Grosso\"},\"image\":{\"@id\":\"https:\/\/acrimat.org.br\/portal\/#\/schema\/logo\/image\/\"}},{\"@type\":\"Person\",\"@id\":\"https:\/\/acrimat.org.br\/portal\/#\/schema\/person\/18df8bcf6890e924fe5d8b5afd2bec0f\",\"name\":\"P\u00e9ricles C\u00e2ndido\",\"image\":{\"@type\":\"ImageObject\",\"inLanguage\":\"pt-BR\",\"@id\":\"https:\/\/acrimat.org.br\/portal\/#\/schema\/person\/image\/\",\"url\":\"https:\/\/secure.gravatar.com\/avatar\/33e2a2b971dc363ed2df53d0d3bfbd18?s=96&d=mm&r=g\",\"contentUrl\":\"https:\/\/secure.gravatar.com\/avatar\/33e2a2b971dc363ed2df53d0d3bfbd18?s=96&d=mm&r=g\",\"caption\":\"P\u00e9ricles C\u00e2ndido\"},\"sameAs\":[\"ascom@acrimat.org.br\"],\"url\":\"https:\/\/acrimat.org.br\/portal\/author\/designergrafico\/\"}]}<\/script>\n<!-- \/ Yoast SEO plugin. -->","yoast_head_json":{"title":"Segunda fase do PRADAM vai beneficiar 800 produtores - Acrimat","robots":{"index":"index","follow":"follow","max-snippet":"max-snippet:-1","max-image-preview":"max-image-preview:large","max-video-preview":"max-video-preview:-1"},"canonical":"https:\/\/acrimat.org.br\/portal\/segunda-fase-do-pradam-vai-beneficiar-800-produtores-no-bioma-amazonia\/","og_locale":"pt_BR","og_type":"article","og_title":"Segunda fase do PRADAM vai beneficiar 800 produtores - Acrimat","og_description":"O projeto propaga cinco tecnologias sustent\u00e1veis: Sistema Plantio Direto, Recupera\u00e7\u00e3o de Pastagens Degradadas, Florestas Plantadas, Sistemas Agroflorestais e ILPF.","og_url":"https:\/\/acrimat.org.br\/portal\/segunda-fase-do-pradam-vai-beneficiar-800-produtores-no-bioma-amazonia\/","og_site_name":"Acrimat","article_published_time":"2017-10-20T11:43:51+00:00","article_modified_time":"2017-10-20T11:59:00+00:00","og_image":[{"width":800,"height":533,"url":"https:\/\/acrimat.org.br\/portal\/wp-content\/uploads\/2017\/07\/ilpf-boi.jpg","type":"image\/jpeg"}],"author":"P\u00e9ricles C\u00e2ndido","twitter_card":"summary_large_image","twitter_misc":{"Escrito por":"P\u00e9ricles C\u00e2ndido","Est. tempo de leitura":"2 minutos"},"schema":{"@context":"https:\/\/schema.org","@graph":[{"@type":"Article","@id":"https:\/\/acrimat.org.br\/portal\/segunda-fase-do-pradam-vai-beneficiar-800-produtores-no-bioma-amazonia\/#article","isPartOf":{"@id":"https:\/\/acrimat.org.br\/portal\/segunda-fase-do-pradam-vai-beneficiar-800-produtores-no-bioma-amazonia\/"},"author":{"name":"P\u00e9ricles C\u00e2ndido","@id":"https:\/\/acrimat.org.br\/portal\/#\/schema\/person\/18df8bcf6890e924fe5d8b5afd2bec0f"},"headline":"Segunda fase do PRADAM vai beneficiar 800 produtores","datePublished":"2017-10-20T11:43:51+00:00","dateModified":"2017-10-20T11:59:00+00:00","mainEntityOfPage":{"@id":"https:\/\/acrimat.org.br\/portal\/segunda-fase-do-pradam-vai-beneficiar-800-produtores-no-bioma-amazonia\/"},"wordCount":368,"publisher":{"@id":"https:\/\/acrimat.org.br\/portal\/#organization"},"image":{"@id":"https:\/\/acrimat.org.br\/portal\/segunda-fase-do-pradam-vai-beneficiar-800-produtores-no-bioma-amazonia\/#primaryimage"},"thumbnailUrl":"https:\/\/acrimat.org.br\/portal\/wp-content\/uploads\/2017\/07\/ilpf-boi.jpg","articleSection":["Destaques","Not\u00edcias"],"inLanguage":"pt-BR"},{"@type":"WebPage","@id":"https:\/\/acrimat.org.br\/portal\/segunda-fase-do-pradam-vai-beneficiar-800-produtores-no-bioma-amazonia\/","url":"https:\/\/acrimat.org.br\/portal\/segunda-fase-do-pradam-vai-beneficiar-800-produtores-no-bioma-amazonia\/","name":"Segunda fase do PRADAM vai beneficiar 800 produtores - Acrimat","isPartOf":{"@id":"https:\/\/acrimat.org.br\/portal\/#website"},"primaryImageOfPage":{"@id":"https:\/\/acrimat.org.br\/portal\/segunda-fase-do-pradam-vai-beneficiar-800-produtores-no-bioma-amazonia\/#primaryimage"},"image":{"@id":"https:\/\/acrimat.org.br\/portal\/segunda-fase-do-pradam-vai-beneficiar-800-produtores-no-bioma-amazonia\/#primaryimage"},"thumbnailUrl":"https:\/\/acrimat.org.br\/portal\/wp-content\/uploads\/2017\/07\/ilpf-boi.jpg","datePublished":"2017-10-20T11:43:51+00:00","dateModified":"2017-10-20T11:59:00+00:00","breadcrumb":{"@id":"https:\/\/acrimat.org.br\/portal\/segunda-fase-do-pradam-vai-beneficiar-800-produtores-no-bioma-amazonia\/#breadcrumb"},"inLanguage":"pt-BR","potentialAction":[{"@type":"ReadAction","target":["https:\/\/acrimat.org.br\/portal\/segunda-fase-do-pradam-vai-beneficiar-800-produtores-no-bioma-amazonia\/"]}]},{"@type":"ImageObject","inLanguage":"pt-BR","@id":"https:\/\/acrimat.org.br\/portal\/segunda-fase-do-pradam-vai-beneficiar-800-produtores-no-bioma-amazonia\/#primaryimage","url":"https:\/\/acrimat.org.br\/portal\/wp-content\/uploads\/2017\/07\/ilpf-boi.jpg","contentUrl":"https:\/\/acrimat.org.br\/portal\/wp-content\/uploads\/2017\/07\/ilpf-boi.jpg","width":800,"height":533,"caption":"ILPF est\u00e1 presente em 11,5 milh\u00f5es de hectares brasileiros e \u00e9 uns dos grandes trunfos da atividade (Foto: reprodu\u00e7\u00e3o)"},{"@type":"BreadcrumbList","@id":"https:\/\/acrimat.org.br\/portal\/segunda-fase-do-pradam-vai-beneficiar-800-produtores-no-bioma-amazonia\/#breadcrumb","itemListElement":[{"@type":"ListItem","position":1,"name":"In\u00edcio","item":"https:\/\/acrimat.org.br\/portal\/"},{"@type":"ListItem","position":2,"name":"Segunda fase do PRADAM vai beneficiar 800 produtores"}]},{"@type":"WebSite","@id":"https:\/\/acrimat.org.br\/portal\/#website","url":"https:\/\/acrimat.org.br\/portal\/","name":"Acrimat","description":"Associa\u00e7\u00e3o dos Criadores de Mato Grosso","publisher":{"@id":"https:\/\/acrimat.org.br\/portal\/#organization"},"potentialAction":[{"@type":"SearchAction","target":{"@type":"EntryPoint","urlTemplate":"https:\/\/acrimat.org.br\/portal\/?s={search_term_string}"},"query-input":{"@type":"PropertyValueSpecification","valueRequired":true,"valueName":"search_term_string"}}],"inLanguage":"pt-BR"},{"@type":"Organization","@id":"https:\/\/acrimat.org.br\/portal\/#organization","name":"Associa\u00e7\u00e3o dos Criadores de Mato Grosso","url":"https:\/\/acrimat.org.br\/portal\/","logo":{"@type":"ImageObject","inLanguage":"pt-BR","@id":"https:\/\/acrimat.org.br\/portal\/#\/schema\/logo\/image\/","url":"https:\/\/acrimat.org.br\/portal\/wp-content\/uploads\/2018\/03\/logo-peq-original.png","contentUrl":"https:\/\/acrimat.org.br\/portal\/wp-content\/uploads\/2018\/03\/logo-peq-original.png","width":174,"height":171,"caption":"Associa\u00e7\u00e3o dos Criadores de Mato Grosso"},"image":{"@id":"https:\/\/acrimat.org.br\/portal\/#\/schema\/logo\/image\/"}},{"@type":"Person","@id":"https:\/\/acrimat.org.br\/portal\/#\/schema\/person\/18df8bcf6890e924fe5d8b5afd2bec0f","name":"P\u00e9ricles C\u00e2ndido","image":{"@type":"ImageObject","inLanguage":"pt-BR","@id":"https:\/\/acrimat.org.br\/portal\/#\/schema\/person\/image\/","url":"https:\/\/secure.gravatar.com\/avatar\/33e2a2b971dc363ed2df53d0d3bfbd18?s=96&d=mm&r=g","contentUrl":"https:\/\/secure.gravatar.com\/avatar\/33e2a2b971dc363ed2df53d0d3bfbd18?s=96&d=mm&r=g","caption":"P\u00e9ricles C\u00e2ndido"},"sameAs":["ascom@acrimat.org.br"],"url":"https:\/\/acrimat.org.br\/portal\/author\/designergrafico\/"}]}},"_links":{"self":[{"href":"https:\/\/acrimat.org.br\/portal\/wp-json\/wp\/v2\/posts\/97984417","targetHints":{"allow":["GET"]}}],"collection":[{"href":"https:\/\/acrimat.org.br\/portal\/wp-json\/wp\/v2\/posts"}],"about":[{"href":"https:\/\/acrimat.org.br\/portal\/wp-json\/wp\/v2\/types\/post"}],"author":[{"embeddable":true,"href":"https:\/\/acrimat.org.br\/portal\/wp-json\/wp\/v2\/users\/11"}],"replies":[{"embeddable":true,"href":"https:\/\/acrimat.org.br\/portal\/wp-json\/wp\/v2\/comments?post=97984417"}],"version-history":[{"count":4,"href":"https:\/\/acrimat.org.br\/portal\/wp-json\/wp\/v2\/posts\/97984417\/revisions"}],"predecessor-version":[{"id":97984425,"href":"https:\/\/acrimat.org.br\/portal\/wp-json\/wp\/v2\/posts\/97984417\/revisions\/97984425"}],"wp:featuredmedia":[{"embeddable":true,"href":"https:\/\/acrimat.org.br\/portal\/wp-json\/wp\/v2\/media\/97982843"}],"wp:attachment":[{"href":"https:\/\/acrimat.org.br\/portal\/wp-json\/wp\/v2\/media?parent=97984417"}],"wp:term":[{"taxonomy":"category","embeddable":true,"href":"https:\/\/acrimat.org.br\/portal\/wp-json\/wp\/v2\/categories?post=97984417"},{"taxonomy":"post_tag","embeddable":true,"href":"https:\/\/acrimat.org.br\/portal\/wp-json\/wp\/v2\/tags?post=97984417"}],"curies":[{"name":"wp","href":"https:\/\/api.w.org\/{rel}","templated":true}]}}