{"id":97984459,"date":"2017-10-23T10:20:25","date_gmt":"2017-10-23T13:20:25","guid":{"rendered":"http:\/\/acrimat.org.br\/portal\/?p=97984459"},"modified":"2017-10-23T10:49:13","modified_gmt":"2017-10-23T13:49:13","slug":"marfrig-arrenda-unidade-em-pontes-e-lacerda","status":"publish","type":"post","link":"https:\/\/acrimat.org.br\/portal\/marfrig-arrenda-unidade-em-pontes-e-lacerda\/","title":{"rendered":"Marfrig arrenda frigor\u00edfico fechado em Pontes e Lacerda"},"content":{"rendered":"<p>Em meio \u00e0 estrat\u00e9gia de expans\u00e3o dos neg\u00f3cios de carne bovina, a Marfrig Global Foods fechou acordo na semana passada para arrendar o frigor\u00edfico que a Arantes Alimentos, que est\u00e1 em recupera\u00e7\u00e3o judicial, tem em Pontes e Lacerda, na regi\u00e3o sudoeste de Mato Grosso. A informa\u00e7\u00e3o foi antecipada pelo Valor PRO, servi\u00e7o de informa\u00e7\u00f5es em tempo real do Valor, na sexta-feira.<\/p>\n<p>No m\u00eas passado, o Valor antecipou que a Marfrig, segunda maior ind\u00fastria de carne bovina do Brasil, estava negociando o arrendamento da unidade, cuja capacidade di\u00e1ria de abates \u00e9 de 800 cabe\u00e7as &#8211; mais de 15 mil bovinos por m\u00eas. J\u00e1 o arrendamento do frigor\u00edfico da Arantes em Nova Monte Verde (MT), que tamb\u00e9m estava em negocia\u00e7\u00e3o, n\u00e3o prosperou em raz\u00e3o de problemas documentais, apurou a reportagem.<\/p>\n<p>Ao longo do ano, a companhia j\u00e1 expandiu a capacidade de abate em mais de 50%, para 300 mil cabe\u00e7as por m\u00eas. Nesse processo, a Marfrig reabriu os frigor\u00edficos que possui em Nova Xavantina (MT), Piren\u00f3polis (GO), Parana\u00edba (MS) e Alegrete (RS). Na semana passada, a empresa tamb\u00e9m iniciou os abates em Ji-Paran\u00e1 (RO), unidade que foi arrendada neste ano junto ao Frialto e \u00e9 capaz de abater mil cabe\u00e7as por dia.<\/p>\n<p>A expans\u00e3o do neg\u00f3cio de carne bovina da Marfrig no Brasil reflete a avalia\u00e7\u00e3o de que o ciclo da <span data-title=\"\">pecu\u00e1ria<\/span>, negativo para os frigor\u00edficos nos \u00faltimos tr\u00eas anos devido \u00e0 reten\u00e7\u00e3o de vacas para a produ\u00e7\u00e3o de bezerros, entrou em uma etapa favor\u00e1vel aos frigor\u00edficos, com maior disponibilidade de boi gordo.<\/p>\n<p>Entre analistas, a avalia\u00e7\u00e3o \u00e9 que o ciclo ser\u00e1 positivo para o setor ao menos at\u00e9 2019. Ainda n\u00e3o h\u00e1 previs\u00e3o para o in\u00edcio dos abates em Pontes e Lacerda. A planta, que estava arrendada \u00e0 JBS at\u00e9 o in\u00edcio deste ano &#8211; quando foi devolvida \u00e0 Arantes -, est\u00e1 fechada h\u00e1 anos. Para retomar os abates, a Marfrig ter\u00e1 de fazer obras de manuten\u00e7\u00e3o e pedir novas licen\u00e7as de funcionamento e para a exporta\u00e7\u00e3o.<\/p>\n<p>Os neg\u00f3cios de carne bovina da Marfrig no Brasil representam cerca de 40% da receita l\u00edquida da empresa. No primeiro semestre, a receita l\u00edquida total foi de R$ 8,4 bilh\u00f5es. Al\u00e9m do Brasil, a Marfrig tamb\u00e9m produz carne bovina no Uruguai, onde \u00e9 a maior empresa privada do pa\u00eds. A maior parte das vendas da companhia, por\u00e9m, \u00e9 oriunda da Keystone, subsidi\u00e1ria voltada para o fornecimento de produtos \u00e0 base de carne para redes de restaurantes.<\/p>\n<p>Com sede nos EUA e opera\u00e7\u00f5es na \u00c1sia, a Keystone \u00e9 a grande aposta da Marfrig para reduzir as d\u00edvidas. A companhia j\u00e1 anunciou que pretende abrir o capital da Keystone nos Estados Unidos ainda este ano.<\/p>\n","protected":false},"excerpt":{"rendered":"<p>Frigor\u00edfico pertence ao grupo Arantes, mas estava arrendado para o JBS, que mantinha a planta fechada. <\/p>\n","protected":false},"author":11,"featured_media":97983673,"comment_status":"closed","ping_status":"closed","sticky":false,"template":"","format":"standard","meta":{"footnotes":""},"categories":[6,1],"tags":[],"class_list":["post-97984459","post","type-post","status-publish","format-standard","has-post-thumbnail","hentry","category-destaque","category-noticia"],"yoast_head":"<!-- This site is optimized with the Yoast SEO plugin v24.8.1 - https:\/\/yoast.com\/wordpress\/plugins\/seo\/ -->\n<title>Marfrig arrenda frigor\u00edfico fechado em Pontes e Lacerda - Acrimat<\/title>\n<meta name=\"robots\" content=\"index, follow, max-snippet:-1, max-image-preview:large, max-video-preview:-1\" \/>\n<link rel=\"canonical\" href=\"https:\/\/acrimat.org.br\/portal\/marfrig-arrenda-unidade-em-pontes-e-lacerda\/\" \/>\n<meta property=\"og:locale\" content=\"pt_BR\" \/>\n<meta property=\"og:type\" content=\"article\" \/>\n<meta property=\"og:title\" content=\"Marfrig arrenda frigor\u00edfico fechado em Pontes e Lacerda - Acrimat\" \/>\n<meta property=\"og:description\" content=\"Frigor\u00edfico pertence ao grupo Arantes, mas estava arrendado para o JBS, que mantinha a planta fechada.\" \/>\n<meta property=\"og:url\" content=\"https:\/\/acrimat.org.br\/portal\/marfrig-arrenda-unidade-em-pontes-e-lacerda\/\" \/>\n<meta property=\"og:site_name\" content=\"Acrimat\" \/>\n<meta property=\"article:published_time\" content=\"2017-10-23T13:20:25+00:00\" \/>\n<meta property=\"article:modified_time\" content=\"2017-10-23T13:49:13+00:00\" \/>\n<meta property=\"og:image\" content=\"https:\/\/acrimat.org.br\/portal\/wp-content\/uploads\/2017\/09\/carne-exportacao_reproducao_destaque-1503670634.jpg\" \/>\n\t<meta property=\"og:image:width\" content=\"1200\" \/>\n\t<meta property=\"og:image:height\" content=\"500\" \/>\n\t<meta property=\"og:image:type\" content=\"image\/jpeg\" \/>\n<meta name=\"author\" content=\"P\u00e9ricles C\u00e2ndido\" \/>\n<meta name=\"twitter:card\" content=\"summary_large_image\" \/>\n<meta name=\"twitter:label1\" content=\"Escrito por\" \/>\n\t<meta name=\"twitter:data1\" content=\"P\u00e9ricles C\u00e2ndido\" \/>\n\t<meta name=\"twitter:label2\" content=\"Est. tempo de leitura\" \/>\n\t<meta name=\"twitter:data2\" content=\"2 minutos\" \/>\n<script type=\"application\/ld+json\" class=\"yoast-schema-graph\">{\"@context\":\"https:\/\/schema.org\",\"@graph\":[{\"@type\":\"Article\",\"@id\":\"https:\/\/acrimat.org.br\/portal\/marfrig-arrenda-unidade-em-pontes-e-lacerda\/#article\",\"isPartOf\":{\"@id\":\"https:\/\/acrimat.org.br\/portal\/marfrig-arrenda-unidade-em-pontes-e-lacerda\/\"},\"author\":{\"name\":\"P\u00e9ricles C\u00e2ndido\",\"@id\":\"https:\/\/acrimat.org.br\/portal\/#\/schema\/person\/18df8bcf6890e924fe5d8b5afd2bec0f\"},\"headline\":\"Marfrig arrenda frigor\u00edfico fechado em Pontes e Lacerda\",\"datePublished\":\"2017-10-23T13:20:25+00:00\",\"dateModified\":\"2017-10-23T13:49:13+00:00\",\"mainEntityOfPage\":{\"@id\":\"https:\/\/acrimat.org.br\/portal\/marfrig-arrenda-unidade-em-pontes-e-lacerda\/\"},\"wordCount\":485,\"publisher\":{\"@id\":\"https:\/\/acrimat.org.br\/portal\/#organization\"},\"image\":{\"@id\":\"https:\/\/acrimat.org.br\/portal\/marfrig-arrenda-unidade-em-pontes-e-lacerda\/#primaryimage\"},\"thumbnailUrl\":\"https:\/\/acrimat.org.br\/portal\/wp-content\/uploads\/2017\/09\/carne-exportacao_reproducao_destaque-1503670634.jpg\",\"articleSection\":[\"Destaques\",\"Not\u00edcias\"],\"inLanguage\":\"pt-BR\"},{\"@type\":\"WebPage\",\"@id\":\"https:\/\/acrimat.org.br\/portal\/marfrig-arrenda-unidade-em-pontes-e-lacerda\/\",\"url\":\"https:\/\/acrimat.org.br\/portal\/marfrig-arrenda-unidade-em-pontes-e-lacerda\/\",\"name\":\"Marfrig arrenda frigor\u00edfico fechado em Pontes e Lacerda - Acrimat\",\"isPartOf\":{\"@id\":\"https:\/\/acrimat.org.br\/portal\/#website\"},\"primaryImageOfPage\":{\"@id\":\"https:\/\/acrimat.org.br\/portal\/marfrig-arrenda-unidade-em-pontes-e-lacerda\/#primaryimage\"},\"image\":{\"@id\":\"https:\/\/acrimat.org.br\/portal\/marfrig-arrenda-unidade-em-pontes-e-lacerda\/#primaryimage\"},\"thumbnailUrl\":\"https:\/\/acrimat.org.br\/portal\/wp-content\/uploads\/2017\/09\/carne-exportacao_reproducao_destaque-1503670634.jpg\",\"datePublished\":\"2017-10-23T13:20:25+00:00\",\"dateModified\":\"2017-10-23T13:49:13+00:00\",\"breadcrumb\":{\"@id\":\"https:\/\/acrimat.org.br\/portal\/marfrig-arrenda-unidade-em-pontes-e-lacerda\/#breadcrumb\"},\"inLanguage\":\"pt-BR\",\"potentialAction\":[{\"@type\":\"ReadAction\",\"target\":[\"https:\/\/acrimat.org.br\/portal\/marfrig-arrenda-unidade-em-pontes-e-lacerda\/\"]}]},{\"@type\":\"ImageObject\",\"inLanguage\":\"pt-BR\",\"@id\":\"https:\/\/acrimat.org.br\/portal\/marfrig-arrenda-unidade-em-pontes-e-lacerda\/#primaryimage\",\"url\":\"https:\/\/acrimat.org.br\/portal\/wp-content\/uploads\/2017\/09\/carne-exportacao_reproducao_destaque-1503670634.jpg\",\"contentUrl\":\"https:\/\/acrimat.org.br\/portal\/wp-content\/uploads\/2017\/09\/carne-exportacao_reproducao_destaque-1503670634.jpg\",\"width\":1200,\"height\":500,\"caption\":\"Carne resfriada tem maior valor nos supermercados. Brasil exporta somente produto congelado ao Egito (Foto: reprodu\u00e7\u00e3o)\"},{\"@type\":\"BreadcrumbList\",\"@id\":\"https:\/\/acrimat.org.br\/portal\/marfrig-arrenda-unidade-em-pontes-e-lacerda\/#breadcrumb\",\"itemListElement\":[{\"@type\":\"ListItem\",\"position\":1,\"name\":\"In\u00edcio\",\"item\":\"https:\/\/acrimat.org.br\/portal\/\"},{\"@type\":\"ListItem\",\"position\":2,\"name\":\"Marfrig arrenda frigor\u00edfico fechado em Pontes e Lacerda\"}]},{\"@type\":\"WebSite\",\"@id\":\"https:\/\/acrimat.org.br\/portal\/#website\",\"url\":\"https:\/\/acrimat.org.br\/portal\/\",\"name\":\"Acrimat\",\"description\":\"Associa\u00e7\u00e3o dos Criadores de Mato Grosso\",\"publisher\":{\"@id\":\"https:\/\/acrimat.org.br\/portal\/#organization\"},\"potentialAction\":[{\"@type\":\"SearchAction\",\"target\":{\"@type\":\"EntryPoint\",\"urlTemplate\":\"https:\/\/acrimat.org.br\/portal\/?s={search_term_string}\"},\"query-input\":{\"@type\":\"PropertyValueSpecification\",\"valueRequired\":true,\"valueName\":\"search_term_string\"}}],\"inLanguage\":\"pt-BR\"},{\"@type\":\"Organization\",\"@id\":\"https:\/\/acrimat.org.br\/portal\/#organization\",\"name\":\"Associa\u00e7\u00e3o dos Criadores de Mato Grosso\",\"url\":\"https:\/\/acrimat.org.br\/portal\/\",\"logo\":{\"@type\":\"ImageObject\",\"inLanguage\":\"pt-BR\",\"@id\":\"https:\/\/acrimat.org.br\/portal\/#\/schema\/logo\/image\/\",\"url\":\"https:\/\/acrimat.org.br\/portal\/wp-content\/uploads\/2018\/03\/logo-peq-original.png\",\"contentUrl\":\"https:\/\/acrimat.org.br\/portal\/wp-content\/uploads\/2018\/03\/logo-peq-original.png\",\"width\":174,\"height\":171,\"caption\":\"Associa\u00e7\u00e3o dos Criadores de Mato Grosso\"},\"image\":{\"@id\":\"https:\/\/acrimat.org.br\/portal\/#\/schema\/logo\/image\/\"}},{\"@type\":\"Person\",\"@id\":\"https:\/\/acrimat.org.br\/portal\/#\/schema\/person\/18df8bcf6890e924fe5d8b5afd2bec0f\",\"name\":\"P\u00e9ricles C\u00e2ndido\",\"image\":{\"@type\":\"ImageObject\",\"inLanguage\":\"pt-BR\",\"@id\":\"https:\/\/acrimat.org.br\/portal\/#\/schema\/person\/image\/\",\"url\":\"https:\/\/secure.gravatar.com\/avatar\/33e2a2b971dc363ed2df53d0d3bfbd18?s=96&d=mm&r=g\",\"contentUrl\":\"https:\/\/secure.gravatar.com\/avatar\/33e2a2b971dc363ed2df53d0d3bfbd18?s=96&d=mm&r=g\",\"caption\":\"P\u00e9ricles C\u00e2ndido\"},\"sameAs\":[\"ascom@acrimat.org.br\"],\"url\":\"https:\/\/acrimat.org.br\/portal\/author\/designergrafico\/\"}]}<\/script>\n<!-- \/ Yoast SEO plugin. -->","yoast_head_json":{"title":"Marfrig arrenda frigor\u00edfico fechado em Pontes e Lacerda - Acrimat","robots":{"index":"index","follow":"follow","max-snippet":"max-snippet:-1","max-image-preview":"max-image-preview:large","max-video-preview":"max-video-preview:-1"},"canonical":"https:\/\/acrimat.org.br\/portal\/marfrig-arrenda-unidade-em-pontes-e-lacerda\/","og_locale":"pt_BR","og_type":"article","og_title":"Marfrig arrenda frigor\u00edfico fechado em Pontes e Lacerda - Acrimat","og_description":"Frigor\u00edfico pertence ao grupo Arantes, mas estava arrendado para o JBS, que mantinha a planta fechada.","og_url":"https:\/\/acrimat.org.br\/portal\/marfrig-arrenda-unidade-em-pontes-e-lacerda\/","og_site_name":"Acrimat","article_published_time":"2017-10-23T13:20:25+00:00","article_modified_time":"2017-10-23T13:49:13+00:00","og_image":[{"width":1200,"height":500,"url":"https:\/\/acrimat.org.br\/portal\/wp-content\/uploads\/2017\/09\/carne-exportacao_reproducao_destaque-1503670634.jpg","type":"image\/jpeg"}],"author":"P\u00e9ricles C\u00e2ndido","twitter_card":"summary_large_image","twitter_misc":{"Escrito por":"P\u00e9ricles C\u00e2ndido","Est. tempo de leitura":"2 minutos"},"schema":{"@context":"https:\/\/schema.org","@graph":[{"@type":"Article","@id":"https:\/\/acrimat.org.br\/portal\/marfrig-arrenda-unidade-em-pontes-e-lacerda\/#article","isPartOf":{"@id":"https:\/\/acrimat.org.br\/portal\/marfrig-arrenda-unidade-em-pontes-e-lacerda\/"},"author":{"name":"P\u00e9ricles C\u00e2ndido","@id":"https:\/\/acrimat.org.br\/portal\/#\/schema\/person\/18df8bcf6890e924fe5d8b5afd2bec0f"},"headline":"Marfrig arrenda frigor\u00edfico fechado em Pontes e Lacerda","datePublished":"2017-10-23T13:20:25+00:00","dateModified":"2017-10-23T13:49:13+00:00","mainEntityOfPage":{"@id":"https:\/\/acrimat.org.br\/portal\/marfrig-arrenda-unidade-em-pontes-e-lacerda\/"},"wordCount":485,"publisher":{"@id":"https:\/\/acrimat.org.br\/portal\/#organization"},"image":{"@id":"https:\/\/acrimat.org.br\/portal\/marfrig-arrenda-unidade-em-pontes-e-lacerda\/#primaryimage"},"thumbnailUrl":"https:\/\/acrimat.org.br\/portal\/wp-content\/uploads\/2017\/09\/carne-exportacao_reproducao_destaque-1503670634.jpg","articleSection":["Destaques","Not\u00edcias"],"inLanguage":"pt-BR"},{"@type":"WebPage","@id":"https:\/\/acrimat.org.br\/portal\/marfrig-arrenda-unidade-em-pontes-e-lacerda\/","url":"https:\/\/acrimat.org.br\/portal\/marfrig-arrenda-unidade-em-pontes-e-lacerda\/","name":"Marfrig arrenda frigor\u00edfico fechado em Pontes e Lacerda - Acrimat","isPartOf":{"@id":"https:\/\/acrimat.org.br\/portal\/#website"},"primaryImageOfPage":{"@id":"https:\/\/acrimat.org.br\/portal\/marfrig-arrenda-unidade-em-pontes-e-lacerda\/#primaryimage"},"image":{"@id":"https:\/\/acrimat.org.br\/portal\/marfrig-arrenda-unidade-em-pontes-e-lacerda\/#primaryimage"},"thumbnailUrl":"https:\/\/acrimat.org.br\/portal\/wp-content\/uploads\/2017\/09\/carne-exportacao_reproducao_destaque-1503670634.jpg","datePublished":"2017-10-23T13:20:25+00:00","dateModified":"2017-10-23T13:49:13+00:00","breadcrumb":{"@id":"https:\/\/acrimat.org.br\/portal\/marfrig-arrenda-unidade-em-pontes-e-lacerda\/#breadcrumb"},"inLanguage":"pt-BR","potentialAction":[{"@type":"ReadAction","target":["https:\/\/acrimat.org.br\/portal\/marfrig-arrenda-unidade-em-pontes-e-lacerda\/"]}]},{"@type":"ImageObject","inLanguage":"pt-BR","@id":"https:\/\/acrimat.org.br\/portal\/marfrig-arrenda-unidade-em-pontes-e-lacerda\/#primaryimage","url":"https:\/\/acrimat.org.br\/portal\/wp-content\/uploads\/2017\/09\/carne-exportacao_reproducao_destaque-1503670634.jpg","contentUrl":"https:\/\/acrimat.org.br\/portal\/wp-content\/uploads\/2017\/09\/carne-exportacao_reproducao_destaque-1503670634.jpg","width":1200,"height":500,"caption":"Carne resfriada tem maior valor nos supermercados. Brasil exporta somente produto congelado ao Egito (Foto: reprodu\u00e7\u00e3o)"},{"@type":"BreadcrumbList","@id":"https:\/\/acrimat.org.br\/portal\/marfrig-arrenda-unidade-em-pontes-e-lacerda\/#breadcrumb","itemListElement":[{"@type":"ListItem","position":1,"name":"In\u00edcio","item":"https:\/\/acrimat.org.br\/portal\/"},{"@type":"ListItem","position":2,"name":"Marfrig arrenda frigor\u00edfico fechado em Pontes e Lacerda"}]},{"@type":"WebSite","@id":"https:\/\/acrimat.org.br\/portal\/#website","url":"https:\/\/acrimat.org.br\/portal\/","name":"Acrimat","description":"Associa\u00e7\u00e3o dos Criadores de Mato Grosso","publisher":{"@id":"https:\/\/acrimat.org.br\/portal\/#organization"},"potentialAction":[{"@type":"SearchAction","target":{"@type":"EntryPoint","urlTemplate":"https:\/\/acrimat.org.br\/portal\/?s={search_term_string}"},"query-input":{"@type":"PropertyValueSpecification","valueRequired":true,"valueName":"search_term_string"}}],"inLanguage":"pt-BR"},{"@type":"Organization","@id":"https:\/\/acrimat.org.br\/portal\/#organization","name":"Associa\u00e7\u00e3o dos Criadores de Mato Grosso","url":"https:\/\/acrimat.org.br\/portal\/","logo":{"@type":"ImageObject","inLanguage":"pt-BR","@id":"https:\/\/acrimat.org.br\/portal\/#\/schema\/logo\/image\/","url":"https:\/\/acrimat.org.br\/portal\/wp-content\/uploads\/2018\/03\/logo-peq-original.png","contentUrl":"https:\/\/acrimat.org.br\/portal\/wp-content\/uploads\/2018\/03\/logo-peq-original.png","width":174,"height":171,"caption":"Associa\u00e7\u00e3o dos Criadores de Mato Grosso"},"image":{"@id":"https:\/\/acrimat.org.br\/portal\/#\/schema\/logo\/image\/"}},{"@type":"Person","@id":"https:\/\/acrimat.org.br\/portal\/#\/schema\/person\/18df8bcf6890e924fe5d8b5afd2bec0f","name":"P\u00e9ricles C\u00e2ndido","image":{"@type":"ImageObject","inLanguage":"pt-BR","@id":"https:\/\/acrimat.org.br\/portal\/#\/schema\/person\/image\/","url":"https:\/\/secure.gravatar.com\/avatar\/33e2a2b971dc363ed2df53d0d3bfbd18?s=96&d=mm&r=g","contentUrl":"https:\/\/secure.gravatar.com\/avatar\/33e2a2b971dc363ed2df53d0d3bfbd18?s=96&d=mm&r=g","caption":"P\u00e9ricles C\u00e2ndido"},"sameAs":["ascom@acrimat.org.br"],"url":"https:\/\/acrimat.org.br\/portal\/author\/designergrafico\/"}]}},"_links":{"self":[{"href":"https:\/\/acrimat.org.br\/portal\/wp-json\/wp\/v2\/posts\/97984459","targetHints":{"allow":["GET"]}}],"collection":[{"href":"https:\/\/acrimat.org.br\/portal\/wp-json\/wp\/v2\/posts"}],"about":[{"href":"https:\/\/acrimat.org.br\/portal\/wp-json\/wp\/v2\/types\/post"}],"author":[{"embeddable":true,"href":"https:\/\/acrimat.org.br\/portal\/wp-json\/wp\/v2\/users\/11"}],"replies":[{"embeddable":true,"href":"https:\/\/acrimat.org.br\/portal\/wp-json\/wp\/v2\/comments?post=97984459"}],"version-history":[{"count":4,"href":"https:\/\/acrimat.org.br\/portal\/wp-json\/wp\/v2\/posts\/97984459\/revisions"}],"predecessor-version":[{"id":97984465,"href":"https:\/\/acrimat.org.br\/portal\/wp-json\/wp\/v2\/posts\/97984459\/revisions\/97984465"}],"wp:featuredmedia":[{"embeddable":true,"href":"https:\/\/acrimat.org.br\/portal\/wp-json\/wp\/v2\/media\/97983673"}],"wp:attachment":[{"href":"https:\/\/acrimat.org.br\/portal\/wp-json\/wp\/v2\/media?parent=97984459"}],"wp:term":[{"taxonomy":"category","embeddable":true,"href":"https:\/\/acrimat.org.br\/portal\/wp-json\/wp\/v2\/categories?post=97984459"},{"taxonomy":"post_tag","embeddable":true,"href":"https:\/\/acrimat.org.br\/portal\/wp-json\/wp\/v2\/tags?post=97984459"}],"curies":[{"name":"wp","href":"https:\/\/api.w.org\/{rel}","templated":true}]}}