{"id":97984463,"date":"2017-10-23T10:38:52","date_gmt":"2017-10-23T13:38:52","guid":{"rendered":"http:\/\/acrimat.org.br\/portal\/?p=97984463"},"modified":"2017-10-23T10:49:46","modified_gmt":"2017-10-23T13:49:46","slug":"dados-para-o-censo-agropecuaria-2017-comecam-a-ser-coletados","status":"publish","type":"post","link":"https:\/\/acrimat.org.br\/portal\/dados-para-o-censo-agropecuaria-2017-comecam-a-ser-coletados\/","title":{"rendered":"Dados para o Censo Agropecu\u00e1rio come\u00e7am a ser coletados"},"content":{"rendered":"<div id=\"main\" align=\"center\">\n<div id=\"mainContent\" align=\"left\">\n<table>\n<tbody>\n<tr valign=\"top\">\n<td class=\"fontSize\" width=\"100%\">\n<div id=\"textoNoticia\" class=\"noticia fontSize\">\n<div class=\"palavra-marcada-gambi\">\n<p>Come\u00e7a neste m\u00eas de outubro a coleta de dados do Censo Agropecu\u00e1rio, Florestal e Aqu\u00edcola 2017 realizado pelo Instituto Brasileiro de Geografia e Estat\u00edstica (IBGE), que vai percorrer estabelecimentos agropecu\u00e1rios em todo o territ\u00f3rio nacional para conhecer de perto as caracter\u00edsticas e a produ\u00e7\u00e3o.<\/p>\n<p>Pelo fato de Mato Grosso possuir dimens\u00f5es territoriais bastante extensas e ter voca\u00e7\u00e3o consolidada no segmento agr\u00edcola, o Governo do Estado, por meio de suas secretarias, como a de Desenvolvimento Econ\u00f4mico (Sedec) e da Agricultura Familiar e Assuntos Fundi\u00e1rios (Seaf), se mobiliza para apoiar a iniciativa no Estado.<\/p>\n<p>O objetivo do Censo \u00e9 mostrar a realidade da produ\u00e7\u00e3o agropecu\u00e1ria brasileira, algo que n\u00e3o \u00e9 amplamente realizado h\u00e1 11 anos, quando ocorreu a \u00faltima edi\u00e7\u00e3o da pesquisa. O IBGE realiza outros levantamentos, como a Produ\u00e7\u00e3o da <span class=\"marcado bold\" data-title=\"\">Pecu\u00e1ria<\/span> Municipal, a Produ\u00e7\u00e3o Agr\u00edcola Municipal e as Trimestrais da Agropecu\u00e1ria: o Censo, no entanto, \u00e9 a \u00fanica que recolhe dados de todos os estabelecimentos produtores, al\u00e9m de servir como subs\u00eddio para as outras. Por isso, tem a abrang\u00eancia de um retrato do campo brasileiro.<\/p>\n<p>O Censo Agropecu\u00e1rio far\u00e1 a coleta dos dados at\u00e9 fevereiro de 2018, adotando-se como refer\u00eancia o per\u00edodo de 1\u00ba de outubro de 2016 a 30 de setembro de 2017, ao qual dever\u00e3o estar relacionados os dados sobre a propriedade, produ\u00e7\u00e3o, \u00e1rea, pessoal ocupado, etc. A data de refer\u00eancia adotada para a pesquisa \u00e9 30 de setembro de 2017, a qual estar\u00e3o referidas as informa\u00e7\u00f5es sobre estoques, efetivos da <span class=\"marcado bold\" data-title=\"\">pecu\u00e1ria<\/span>, da lavoura permanente e da silvicultura, entre outras totaliza\u00e7\u00f5es.<\/p>\n<p><strong>Import\u00e2ncia<\/strong><\/p>\n<p>Os resultados do Censo Agro constituem-se em fonte \u00fanica de informa\u00e7\u00f5es fundamentais para a formula\u00e7\u00e3o e avalia\u00e7\u00e3o de pol\u00edticas p\u00fablicas, para estudos acad\u00eamicos, desenvolvimento de projetos de institui\u00e7\u00f5es de pesquisa e para decis\u00f5es quanto a investimentos p\u00fablicos e privados. Propiciam tamb\u00e9m an\u00e1lises comparativas de indicadores agropecu\u00e1rios e ambientais de organismos nacionais e internacionais, como \u00e9 o caso dos indicadores para monitoramento dos objetivos de desenvolvimento sustent\u00e1vel.<\/p>\n<p>O Censo Agropecu\u00e1rio \u00e9 essencial para: o dimensionamento de \u00e1reas cultiv\u00e1veis, dos n\u00edveis de produ\u00e7\u00e3o de alimentos e da cria\u00e7\u00e3o animal; a sinaliza\u00e7\u00e3o da utiliza\u00e7\u00e3o e aplica\u00e7\u00e3o dos implementos e instrumental agr\u00edcola; a quantifica\u00e7\u00e3o de trabalhadores rurais e sua estratifica\u00e7\u00e3o em idade, g\u00eanero, escolaridade, etc.; e a classifica\u00e7\u00e3o dos padr\u00f5es de obten\u00e7\u00e3o e ocupa\u00e7\u00e3o do territ\u00f3rio nacional em atividades agropecu\u00e1rias.<\/p>\n<\/div>\n<\/div>\n<\/td>\n<\/tr>\n<\/tbody>\n<\/table>\n<\/div>\n<\/div>\n","protected":false},"excerpt":{"rendered":"<p>Governo de Mato Grosso vai auxiliar o IBGE a realizar o levantamento, que nesta edi\u00e7\u00e3o dever\u00e1 ocorrer at\u00e9 fevereiro de 2018<\/p>\n","protected":false},"author":11,"featured_media":97982551,"comment_status":"closed","ping_status":"closed","sticky":false,"template":"","format":"standard","meta":{"footnotes":""},"categories":[6,1],"tags":[],"class_list":["post-97984463","post","type-post","status-publish","format-standard","has-post-thumbnail","hentry","category-destaque","category-noticia"],"yoast_head":"<!-- This site is optimized with the Yoast SEO plugin v24.8.1 - https:\/\/yoast.com\/wordpress\/plugins\/seo\/ -->\n<title>Dados para o Censo Agropecu\u00e1rio come\u00e7am a ser coletados - Acrimat<\/title>\n<meta name=\"robots\" content=\"index, follow, max-snippet:-1, max-image-preview:large, max-video-preview:-1\" \/>\n<link rel=\"canonical\" href=\"https:\/\/acrimat.org.br\/portal\/dados-para-o-censo-agropecuaria-2017-comecam-a-ser-coletados\/\" \/>\n<meta property=\"og:locale\" content=\"pt_BR\" \/>\n<meta property=\"og:type\" content=\"article\" \/>\n<meta property=\"og:title\" content=\"Dados para o Censo Agropecu\u00e1rio come\u00e7am a ser coletados - Acrimat\" \/>\n<meta property=\"og:description\" content=\"Governo de Mato Grosso vai auxiliar o IBGE a realizar o levantamento, que nesta edi\u00e7\u00e3o dever\u00e1 ocorrer at\u00e9 fevereiro de 2018\" \/>\n<meta property=\"og:url\" content=\"https:\/\/acrimat.org.br\/portal\/dados-para-o-censo-agropecuaria-2017-comecam-a-ser-coletados\/\" \/>\n<meta property=\"og:site_name\" content=\"Acrimat\" \/>\n<meta property=\"article:published_time\" content=\"2017-10-23T13:38:52+00:00\" \/>\n<meta property=\"article:modified_time\" content=\"2017-10-23T13:49:46+00:00\" \/>\n<meta property=\"og:image\" content=\"https:\/\/acrimat.org.br\/portal\/wp-content\/uploads\/2017\/07\/Manejo-Sustentavel.jpg\" \/>\n\t<meta property=\"og:image:width\" content=\"620\" \/>\n\t<meta property=\"og:image:height\" content=\"413\" \/>\n\t<meta property=\"og:image:type\" content=\"image\/jpeg\" \/>\n<meta name=\"author\" content=\"P\u00e9ricles C\u00e2ndido\" \/>\n<meta name=\"twitter:card\" content=\"summary_large_image\" \/>\n<meta name=\"twitter:label1\" content=\"Escrito por\" \/>\n\t<meta name=\"twitter:data1\" content=\"P\u00e9ricles C\u00e2ndido\" \/>\n\t<meta name=\"twitter:label2\" content=\"Est. tempo de leitura\" \/>\n\t<meta name=\"twitter:data2\" content=\"2 minutos\" \/>\n<script type=\"application\/ld+json\" class=\"yoast-schema-graph\">{\"@context\":\"https:\/\/schema.org\",\"@graph\":[{\"@type\":\"Article\",\"@id\":\"https:\/\/acrimat.org.br\/portal\/dados-para-o-censo-agropecuaria-2017-comecam-a-ser-coletados\/#article\",\"isPartOf\":{\"@id\":\"https:\/\/acrimat.org.br\/portal\/dados-para-o-censo-agropecuaria-2017-comecam-a-ser-coletados\/\"},\"author\":{\"name\":\"P\u00e9ricles C\u00e2ndido\",\"@id\":\"https:\/\/acrimat.org.br\/portal\/#\/schema\/person\/18df8bcf6890e924fe5d8b5afd2bec0f\"},\"headline\":\"Dados para o Censo Agropecu\u00e1rio come\u00e7am a ser coletados\",\"datePublished\":\"2017-10-23T13:38:52+00:00\",\"dateModified\":\"2017-10-23T13:49:46+00:00\",\"mainEntityOfPage\":{\"@id\":\"https:\/\/acrimat.org.br\/portal\/dados-para-o-censo-agropecuaria-2017-comecam-a-ser-coletados\/\"},\"wordCount\":443,\"publisher\":{\"@id\":\"https:\/\/acrimat.org.br\/portal\/#organization\"},\"image\":{\"@id\":\"https:\/\/acrimat.org.br\/portal\/dados-para-o-censo-agropecuaria-2017-comecam-a-ser-coletados\/#primaryimage\"},\"thumbnailUrl\":\"https:\/\/acrimat.org.br\/portal\/wp-content\/uploads\/2017\/07\/Manejo-Sustentavel.jpg\",\"articleSection\":[\"Destaques\",\"Not\u00edcias\"],\"inLanguage\":\"pt-BR\"},{\"@type\":\"WebPage\",\"@id\":\"https:\/\/acrimat.org.br\/portal\/dados-para-o-censo-agropecuaria-2017-comecam-a-ser-coletados\/\",\"url\":\"https:\/\/acrimat.org.br\/portal\/dados-para-o-censo-agropecuaria-2017-comecam-a-ser-coletados\/\",\"name\":\"Dados para o Censo Agropecu\u00e1rio come\u00e7am a ser coletados - Acrimat\",\"isPartOf\":{\"@id\":\"https:\/\/acrimat.org.br\/portal\/#website\"},\"primaryImageOfPage\":{\"@id\":\"https:\/\/acrimat.org.br\/portal\/dados-para-o-censo-agropecuaria-2017-comecam-a-ser-coletados\/#primaryimage\"},\"image\":{\"@id\":\"https:\/\/acrimat.org.br\/portal\/dados-para-o-censo-agropecuaria-2017-comecam-a-ser-coletados\/#primaryimage\"},\"thumbnailUrl\":\"https:\/\/acrimat.org.br\/portal\/wp-content\/uploads\/2017\/07\/Manejo-Sustentavel.jpg\",\"datePublished\":\"2017-10-23T13:38:52+00:00\",\"dateModified\":\"2017-10-23T13:49:46+00:00\",\"breadcrumb\":{\"@id\":\"https:\/\/acrimat.org.br\/portal\/dados-para-o-censo-agropecuaria-2017-comecam-a-ser-coletados\/#breadcrumb\"},\"inLanguage\":\"pt-BR\",\"potentialAction\":[{\"@type\":\"ReadAction\",\"target\":[\"https:\/\/acrimat.org.br\/portal\/dados-para-o-censo-agropecuaria-2017-comecam-a-ser-coletados\/\"]}]},{\"@type\":\"ImageObject\",\"inLanguage\":\"pt-BR\",\"@id\":\"https:\/\/acrimat.org.br\/portal\/dados-para-o-censo-agropecuaria-2017-comecam-a-ser-coletados\/#primaryimage\",\"url\":\"https:\/\/acrimat.org.br\/portal\/wp-content\/uploads\/2017\/07\/Manejo-Sustentavel.jpg\",\"contentUrl\":\"https:\/\/acrimat.org.br\/portal\/wp-content\/uploads\/2017\/07\/Manejo-Sustentavel.jpg\",\"width\":620,\"height\":413,\"caption\":\"Foto: Foto Ilustrativa: Rafael Rocha - Embrapa\"},{\"@type\":\"BreadcrumbList\",\"@id\":\"https:\/\/acrimat.org.br\/portal\/dados-para-o-censo-agropecuaria-2017-comecam-a-ser-coletados\/#breadcrumb\",\"itemListElement\":[{\"@type\":\"ListItem\",\"position\":1,\"name\":\"In\u00edcio\",\"item\":\"https:\/\/acrimat.org.br\/portal\/\"},{\"@type\":\"ListItem\",\"position\":2,\"name\":\"Dados para o Censo Agropecu\u00e1rio come\u00e7am a ser coletados\"}]},{\"@type\":\"WebSite\",\"@id\":\"https:\/\/acrimat.org.br\/portal\/#website\",\"url\":\"https:\/\/acrimat.org.br\/portal\/\",\"name\":\"Acrimat\",\"description\":\"Associa\u00e7\u00e3o dos Criadores de Mato Grosso\",\"publisher\":{\"@id\":\"https:\/\/acrimat.org.br\/portal\/#organization\"},\"potentialAction\":[{\"@type\":\"SearchAction\",\"target\":{\"@type\":\"EntryPoint\",\"urlTemplate\":\"https:\/\/acrimat.org.br\/portal\/?s={search_term_string}\"},\"query-input\":{\"@type\":\"PropertyValueSpecification\",\"valueRequired\":true,\"valueName\":\"search_term_string\"}}],\"inLanguage\":\"pt-BR\"},{\"@type\":\"Organization\",\"@id\":\"https:\/\/acrimat.org.br\/portal\/#organization\",\"name\":\"Associa\u00e7\u00e3o dos Criadores de Mato Grosso\",\"url\":\"https:\/\/acrimat.org.br\/portal\/\",\"logo\":{\"@type\":\"ImageObject\",\"inLanguage\":\"pt-BR\",\"@id\":\"https:\/\/acrimat.org.br\/portal\/#\/schema\/logo\/image\/\",\"url\":\"https:\/\/acrimat.org.br\/portal\/wp-content\/uploads\/2018\/03\/logo-peq-original.png\",\"contentUrl\":\"https:\/\/acrimat.org.br\/portal\/wp-content\/uploads\/2018\/03\/logo-peq-original.png\",\"width\":174,\"height\":171,\"caption\":\"Associa\u00e7\u00e3o dos Criadores de Mato Grosso\"},\"image\":{\"@id\":\"https:\/\/acrimat.org.br\/portal\/#\/schema\/logo\/image\/\"}},{\"@type\":\"Person\",\"@id\":\"https:\/\/acrimat.org.br\/portal\/#\/schema\/person\/18df8bcf6890e924fe5d8b5afd2bec0f\",\"name\":\"P\u00e9ricles C\u00e2ndido\",\"image\":{\"@type\":\"ImageObject\",\"inLanguage\":\"pt-BR\",\"@id\":\"https:\/\/acrimat.org.br\/portal\/#\/schema\/person\/image\/\",\"url\":\"https:\/\/secure.gravatar.com\/avatar\/33e2a2b971dc363ed2df53d0d3bfbd18?s=96&d=mm&r=g\",\"contentUrl\":\"https:\/\/secure.gravatar.com\/avatar\/33e2a2b971dc363ed2df53d0d3bfbd18?s=96&d=mm&r=g\",\"caption\":\"P\u00e9ricles C\u00e2ndido\"},\"sameAs\":[\"ascom@acrimat.org.br\"],\"url\":\"https:\/\/acrimat.org.br\/portal\/author\/designergrafico\/\"}]}<\/script>\n<!-- \/ Yoast SEO plugin. -->","yoast_head_json":{"title":"Dados para o Censo Agropecu\u00e1rio come\u00e7am a ser coletados - Acrimat","robots":{"index":"index","follow":"follow","max-snippet":"max-snippet:-1","max-image-preview":"max-image-preview:large","max-video-preview":"max-video-preview:-1"},"canonical":"https:\/\/acrimat.org.br\/portal\/dados-para-o-censo-agropecuaria-2017-comecam-a-ser-coletados\/","og_locale":"pt_BR","og_type":"article","og_title":"Dados para o Censo Agropecu\u00e1rio come\u00e7am a ser coletados - Acrimat","og_description":"Governo de Mato Grosso vai auxiliar o IBGE a realizar o levantamento, que nesta edi\u00e7\u00e3o dever\u00e1 ocorrer at\u00e9 fevereiro de 2018","og_url":"https:\/\/acrimat.org.br\/portal\/dados-para-o-censo-agropecuaria-2017-comecam-a-ser-coletados\/","og_site_name":"Acrimat","article_published_time":"2017-10-23T13:38:52+00:00","article_modified_time":"2017-10-23T13:49:46+00:00","og_image":[{"width":620,"height":413,"url":"https:\/\/acrimat.org.br\/portal\/wp-content\/uploads\/2017\/07\/Manejo-Sustentavel.jpg","type":"image\/jpeg"}],"author":"P\u00e9ricles C\u00e2ndido","twitter_card":"summary_large_image","twitter_misc":{"Escrito por":"P\u00e9ricles C\u00e2ndido","Est. tempo de leitura":"2 minutos"},"schema":{"@context":"https:\/\/schema.org","@graph":[{"@type":"Article","@id":"https:\/\/acrimat.org.br\/portal\/dados-para-o-censo-agropecuaria-2017-comecam-a-ser-coletados\/#article","isPartOf":{"@id":"https:\/\/acrimat.org.br\/portal\/dados-para-o-censo-agropecuaria-2017-comecam-a-ser-coletados\/"},"author":{"name":"P\u00e9ricles C\u00e2ndido","@id":"https:\/\/acrimat.org.br\/portal\/#\/schema\/person\/18df8bcf6890e924fe5d8b5afd2bec0f"},"headline":"Dados para o Censo Agropecu\u00e1rio come\u00e7am a ser coletados","datePublished":"2017-10-23T13:38:52+00:00","dateModified":"2017-10-23T13:49:46+00:00","mainEntityOfPage":{"@id":"https:\/\/acrimat.org.br\/portal\/dados-para-o-censo-agropecuaria-2017-comecam-a-ser-coletados\/"},"wordCount":443,"publisher":{"@id":"https:\/\/acrimat.org.br\/portal\/#organization"},"image":{"@id":"https:\/\/acrimat.org.br\/portal\/dados-para-o-censo-agropecuaria-2017-comecam-a-ser-coletados\/#primaryimage"},"thumbnailUrl":"https:\/\/acrimat.org.br\/portal\/wp-content\/uploads\/2017\/07\/Manejo-Sustentavel.jpg","articleSection":["Destaques","Not\u00edcias"],"inLanguage":"pt-BR"},{"@type":"WebPage","@id":"https:\/\/acrimat.org.br\/portal\/dados-para-o-censo-agropecuaria-2017-comecam-a-ser-coletados\/","url":"https:\/\/acrimat.org.br\/portal\/dados-para-o-censo-agropecuaria-2017-comecam-a-ser-coletados\/","name":"Dados para o Censo Agropecu\u00e1rio come\u00e7am a ser coletados - Acrimat","isPartOf":{"@id":"https:\/\/acrimat.org.br\/portal\/#website"},"primaryImageOfPage":{"@id":"https:\/\/acrimat.org.br\/portal\/dados-para-o-censo-agropecuaria-2017-comecam-a-ser-coletados\/#primaryimage"},"image":{"@id":"https:\/\/acrimat.org.br\/portal\/dados-para-o-censo-agropecuaria-2017-comecam-a-ser-coletados\/#primaryimage"},"thumbnailUrl":"https:\/\/acrimat.org.br\/portal\/wp-content\/uploads\/2017\/07\/Manejo-Sustentavel.jpg","datePublished":"2017-10-23T13:38:52+00:00","dateModified":"2017-10-23T13:49:46+00:00","breadcrumb":{"@id":"https:\/\/acrimat.org.br\/portal\/dados-para-o-censo-agropecuaria-2017-comecam-a-ser-coletados\/#breadcrumb"},"inLanguage":"pt-BR","potentialAction":[{"@type":"ReadAction","target":["https:\/\/acrimat.org.br\/portal\/dados-para-o-censo-agropecuaria-2017-comecam-a-ser-coletados\/"]}]},{"@type":"ImageObject","inLanguage":"pt-BR","@id":"https:\/\/acrimat.org.br\/portal\/dados-para-o-censo-agropecuaria-2017-comecam-a-ser-coletados\/#primaryimage","url":"https:\/\/acrimat.org.br\/portal\/wp-content\/uploads\/2017\/07\/Manejo-Sustentavel.jpg","contentUrl":"https:\/\/acrimat.org.br\/portal\/wp-content\/uploads\/2017\/07\/Manejo-Sustentavel.jpg","width":620,"height":413,"caption":"Foto: Foto Ilustrativa: Rafael Rocha - Embrapa"},{"@type":"BreadcrumbList","@id":"https:\/\/acrimat.org.br\/portal\/dados-para-o-censo-agropecuaria-2017-comecam-a-ser-coletados\/#breadcrumb","itemListElement":[{"@type":"ListItem","position":1,"name":"In\u00edcio","item":"https:\/\/acrimat.org.br\/portal\/"},{"@type":"ListItem","position":2,"name":"Dados para o Censo Agropecu\u00e1rio come\u00e7am a ser coletados"}]},{"@type":"WebSite","@id":"https:\/\/acrimat.org.br\/portal\/#website","url":"https:\/\/acrimat.org.br\/portal\/","name":"Acrimat","description":"Associa\u00e7\u00e3o dos Criadores de Mato Grosso","publisher":{"@id":"https:\/\/acrimat.org.br\/portal\/#organization"},"potentialAction":[{"@type":"SearchAction","target":{"@type":"EntryPoint","urlTemplate":"https:\/\/acrimat.org.br\/portal\/?s={search_term_string}"},"query-input":{"@type":"PropertyValueSpecification","valueRequired":true,"valueName":"search_term_string"}}],"inLanguage":"pt-BR"},{"@type":"Organization","@id":"https:\/\/acrimat.org.br\/portal\/#organization","name":"Associa\u00e7\u00e3o dos Criadores de Mato Grosso","url":"https:\/\/acrimat.org.br\/portal\/","logo":{"@type":"ImageObject","inLanguage":"pt-BR","@id":"https:\/\/acrimat.org.br\/portal\/#\/schema\/logo\/image\/","url":"https:\/\/acrimat.org.br\/portal\/wp-content\/uploads\/2018\/03\/logo-peq-original.png","contentUrl":"https:\/\/acrimat.org.br\/portal\/wp-content\/uploads\/2018\/03\/logo-peq-original.png","width":174,"height":171,"caption":"Associa\u00e7\u00e3o dos Criadores de Mato Grosso"},"image":{"@id":"https:\/\/acrimat.org.br\/portal\/#\/schema\/logo\/image\/"}},{"@type":"Person","@id":"https:\/\/acrimat.org.br\/portal\/#\/schema\/person\/18df8bcf6890e924fe5d8b5afd2bec0f","name":"P\u00e9ricles C\u00e2ndido","image":{"@type":"ImageObject","inLanguage":"pt-BR","@id":"https:\/\/acrimat.org.br\/portal\/#\/schema\/person\/image\/","url":"https:\/\/secure.gravatar.com\/avatar\/33e2a2b971dc363ed2df53d0d3bfbd18?s=96&d=mm&r=g","contentUrl":"https:\/\/secure.gravatar.com\/avatar\/33e2a2b971dc363ed2df53d0d3bfbd18?s=96&d=mm&r=g","caption":"P\u00e9ricles C\u00e2ndido"},"sameAs":["ascom@acrimat.org.br"],"url":"https:\/\/acrimat.org.br\/portal\/author\/designergrafico\/"}]}},"_links":{"self":[{"href":"https:\/\/acrimat.org.br\/portal\/wp-json\/wp\/v2\/posts\/97984463","targetHints":{"allow":["GET"]}}],"collection":[{"href":"https:\/\/acrimat.org.br\/portal\/wp-json\/wp\/v2\/posts"}],"about":[{"href":"https:\/\/acrimat.org.br\/portal\/wp-json\/wp\/v2\/types\/post"}],"author":[{"embeddable":true,"href":"https:\/\/acrimat.org.br\/portal\/wp-json\/wp\/v2\/users\/11"}],"replies":[{"embeddable":true,"href":"https:\/\/acrimat.org.br\/portal\/wp-json\/wp\/v2\/comments?post=97984463"}],"version-history":[{"count":3,"href":"https:\/\/acrimat.org.br\/portal\/wp-json\/wp\/v2\/posts\/97984463\/revisions"}],"predecessor-version":[{"id":97984467,"href":"https:\/\/acrimat.org.br\/portal\/wp-json\/wp\/v2\/posts\/97984463\/revisions\/97984467"}],"wp:featuredmedia":[{"embeddable":true,"href":"https:\/\/acrimat.org.br\/portal\/wp-json\/wp\/v2\/media\/97982551"}],"wp:attachment":[{"href":"https:\/\/acrimat.org.br\/portal\/wp-json\/wp\/v2\/media?parent=97984463"}],"wp:term":[{"taxonomy":"category","embeddable":true,"href":"https:\/\/acrimat.org.br\/portal\/wp-json\/wp\/v2\/categories?post=97984463"},{"taxonomy":"post_tag","embeddable":true,"href":"https:\/\/acrimat.org.br\/portal\/wp-json\/wp\/v2\/tags?post=97984463"}],"curies":[{"name":"wp","href":"https:\/\/api.w.org\/{rel}","templated":true}]}}