{"id":97984477,"date":"2017-10-24T08:21:15","date_gmt":"2017-10-24T11:21:15","guid":{"rendered":"http:\/\/acrimat.org.br\/portal\/?p=97984477"},"modified":"2017-10-24T08:29:41","modified_gmt":"2017-10-24T11:29:41","slug":"investidores-dos-emirados-arabes-unidos-miram-o-campo-brasileiro","status":"publish","type":"post","link":"https:\/\/acrimat.org.br\/portal\/investidores-dos-emirados-arabes-unidos-miram-o-campo-brasileiro\/","title":{"rendered":"Investidores dos Emirados \u00c1rabes Unidos miram o campo brasileiro"},"content":{"rendered":"<p>Investidores e fundos de investimento dos Emirados \u00c1rabes Unidos desembarcaram no Brasil em busca de oportunidades para a aquisi\u00e7\u00e3o de participa\u00e7\u00f5es acion\u00e1rias em empresas de pequeno e m\u00e9dio portes do agroneg\u00f3cio brasileiro, a embaixadora dos Emirados \u00c1rabes no Brasil, Hafsa Al Ulama, disse hoje em Bras\u00edlia, em evento que marcou o in\u00edcio do road show dos investidores de seu pa\u00eds &#8211; promovido pela embaixada e pelo Minist\u00e9rio da Agricultura do Brasil -, que a comitiva ficar\u00e1 dez dias no Brasil e visitar\u00e1 plantas industriais e fazendas em Mato Grosso, S\u00e3o Paulo e Distrito Federal.<\/p>\n<p>O foco principal da miss\u00e3o est\u00e1 nos segmentos de gr\u00e3os, carnes, a\u00e7\u00facar e etanol, l\u00e1cteos, frutas, alimentos processados, org\u00e2nicos e log\u00edstica. Cada investidor tem potencial para investir de US$ 2 milh\u00f5es at\u00e9 mais de US$ 50 milh\u00f5es em atividades ligadas ao agroneg\u00f3cio, segundo o Minist\u00e9rio da Agricultura. \u201cAs \u00faltimas reformas do governo brasileiro s\u00e3o evidentes na economia, ent\u00e3o gostar\u00edamos de participar desse momento. Esta visita \u00e9 apenas o come\u00e7o e o potencial de investimento \u00e9 muito grande\u201d, disse a embaixadora a jornalistas.<\/p>\n<p>De acordo com informa\u00e7\u00f5es fornecidas pelo minist\u00e9rio, 15 grupos empresariais dos Emirados \u00c1rabes e 50 do Brasil participaram hoje de uma rodada de neg\u00f3cios. As companhias sinalizaram interesse em participar do desenvolvimento 62 projetos. Segundo uma fonte do governo brasileiro, depois da Opera\u00e7\u00e3o Carne Fraca e da dela\u00e7\u00e3o premiada de executivos da JBS, os \u00e1rabes n\u00e3o est\u00e3o demonstrando apetite em investir em agroind\u00fastrias brasileiras de grande porte. Conforme Odilson Ribeiro, secret\u00e1rio de Rela\u00e7\u00f5es Internacionais do Agroneg\u00f3cio do Minist\u00e9rio da Agricultura, ajudou a despertar o interesse dos \u00e1rabes a recente viagem do ministro Blairo ao Oriente M\u00e9dio.<\/p>\n<p>\u201cNossa expectativa \u00e9 envolver o maior n\u00famero poss\u00edvel de empresas dos Emirados \u00c1rabes Unidos no projeto do minist\u00e9rio de aumentar as exporta\u00e7\u00f5es do agroneg\u00f3cio brasileiro at\u00e9 2020\u201d, disse Odilson. O empres\u00e1rio brasileiro F\u00e1bio de Vaz Lima, dono da Peixes da Amaz\u00f4nia, com sede no Acre, v\u00ea na aproxima\u00e7\u00e3o com os investidores \u00e1rabes uma grande oportunidade para que sua empresa tente levantar os US$ 69 milh\u00f5es necess\u00e1rios para expandir a atual capacidade de produ\u00e7\u00e3o de 5 mil para 20 mil toneladas por ano em tr\u00eas anos.<\/p>\n","protected":false},"excerpt":{"rendered":"<p>Investidores e fundos de investimento dos Emirados \u00c1rabes Unidos desembarcaram no Brasil em busca de oportunidades para a aquisi\u00e7\u00e3o de participa\u00e7\u00f5es acion\u00e1rias em empresas do agroneg\u00f3cio brasileiro<\/p>\n","protected":false},"author":11,"featured_media":97984478,"comment_status":"closed","ping_status":"closed","sticky":false,"template":"","format":"standard","meta":{"footnotes":""},"categories":[6,1],"tags":[],"class_list":["post-97984477","post","type-post","status-publish","format-standard","has-post-thumbnail","hentry","category-destaque","category-noticia"],"yoast_head":"<!-- This site is optimized with the Yoast SEO plugin v24.8.1 - https:\/\/yoast.com\/wordpress\/plugins\/seo\/ -->\n<title>Investidores dos Emirados \u00c1rabes Unidos miram o campo brasileiro - Acrimat<\/title>\n<meta name=\"robots\" content=\"index, follow, max-snippet:-1, max-image-preview:large, max-video-preview:-1\" \/>\n<link rel=\"canonical\" href=\"https:\/\/acrimat.org.br\/portal\/investidores-dos-emirados-arabes-unidos-miram-o-campo-brasileiro\/\" \/>\n<meta property=\"og:locale\" content=\"pt_BR\" \/>\n<meta property=\"og:type\" content=\"article\" \/>\n<meta property=\"og:title\" content=\"Investidores dos Emirados \u00c1rabes Unidos miram o campo brasileiro - Acrimat\" \/>\n<meta property=\"og:description\" content=\"Investidores e fundos de investimento dos Emirados \u00c1rabes Unidos desembarcaram no Brasil em busca de oportunidades para a aquisi\u00e7\u00e3o de participa\u00e7\u00f5es acion\u00e1rias em empresas do agroneg\u00f3cio brasileiro\" \/>\n<meta property=\"og:url\" content=\"https:\/\/acrimat.org.br\/portal\/investidores-dos-emirados-arabes-unidos-miram-o-campo-brasileiro\/\" \/>\n<meta property=\"og:site_name\" content=\"Acrimat\" \/>\n<meta property=\"article:published_time\" content=\"2017-10-24T11:21:15+00:00\" \/>\n<meta property=\"article:modified_time\" content=\"2017-10-24T11:29:41+00:00\" \/>\n<meta property=\"og:image\" content=\"https:\/\/acrimat.org.br\/portal\/wp-content\/uploads\/2017\/10\/bandeiras-emirados-brasil.jpg\" \/>\n\t<meta property=\"og:image:width\" content=\"760\" \/>\n\t<meta property=\"og:image:height\" content=\"400\" \/>\n\t<meta property=\"og:image:type\" content=\"image\/jpeg\" \/>\n<meta name=\"author\" content=\"P\u00e9ricles C\u00e2ndido\" \/>\n<meta name=\"twitter:card\" content=\"summary_large_image\" \/>\n<meta name=\"twitter:label1\" content=\"Escrito por\" \/>\n\t<meta name=\"twitter:data1\" content=\"P\u00e9ricles C\u00e2ndido\" \/>\n\t<meta name=\"twitter:label2\" content=\"Est. tempo de leitura\" \/>\n\t<meta name=\"twitter:data2\" content=\"2 minutos\" \/>\n<script type=\"application\/ld+json\" class=\"yoast-schema-graph\">{\"@context\":\"https:\/\/schema.org\",\"@graph\":[{\"@type\":\"Article\",\"@id\":\"https:\/\/acrimat.org.br\/portal\/investidores-dos-emirados-arabes-unidos-miram-o-campo-brasileiro\/#article\",\"isPartOf\":{\"@id\":\"https:\/\/acrimat.org.br\/portal\/investidores-dos-emirados-arabes-unidos-miram-o-campo-brasileiro\/\"},\"author\":{\"name\":\"P\u00e9ricles C\u00e2ndido\",\"@id\":\"https:\/\/acrimat.org.br\/portal\/#\/schema\/person\/18df8bcf6890e924fe5d8b5afd2bec0f\"},\"headline\":\"Investidores dos Emirados \u00c1rabes Unidos miram o campo brasileiro\",\"datePublished\":\"2017-10-24T11:21:15+00:00\",\"dateModified\":\"2017-10-24T11:29:41+00:00\",\"mainEntityOfPage\":{\"@id\":\"https:\/\/acrimat.org.br\/portal\/investidores-dos-emirados-arabes-unidos-miram-o-campo-brasileiro\/\"},\"wordCount\":404,\"publisher\":{\"@id\":\"https:\/\/acrimat.org.br\/portal\/#organization\"},\"image\":{\"@id\":\"https:\/\/acrimat.org.br\/portal\/investidores-dos-emirados-arabes-unidos-miram-o-campo-brasileiro\/#primaryimage\"},\"thumbnailUrl\":\"https:\/\/acrimat.org.br\/portal\/wp-content\/uploads\/2017\/10\/bandeiras-emirados-brasil.jpg\",\"articleSection\":[\"Destaques\",\"Not\u00edcias\"],\"inLanguage\":\"pt-BR\"},{\"@type\":\"WebPage\",\"@id\":\"https:\/\/acrimat.org.br\/portal\/investidores-dos-emirados-arabes-unidos-miram-o-campo-brasileiro\/\",\"url\":\"https:\/\/acrimat.org.br\/portal\/investidores-dos-emirados-arabes-unidos-miram-o-campo-brasileiro\/\",\"name\":\"Investidores dos Emirados \u00c1rabes Unidos miram o campo brasileiro - Acrimat\",\"isPartOf\":{\"@id\":\"https:\/\/acrimat.org.br\/portal\/#website\"},\"primaryImageOfPage\":{\"@id\":\"https:\/\/acrimat.org.br\/portal\/investidores-dos-emirados-arabes-unidos-miram-o-campo-brasileiro\/#primaryimage\"},\"image\":{\"@id\":\"https:\/\/acrimat.org.br\/portal\/investidores-dos-emirados-arabes-unidos-miram-o-campo-brasileiro\/#primaryimage\"},\"thumbnailUrl\":\"https:\/\/acrimat.org.br\/portal\/wp-content\/uploads\/2017\/10\/bandeiras-emirados-brasil.jpg\",\"datePublished\":\"2017-10-24T11:21:15+00:00\",\"dateModified\":\"2017-10-24T11:29:41+00:00\",\"breadcrumb\":{\"@id\":\"https:\/\/acrimat.org.br\/portal\/investidores-dos-emirados-arabes-unidos-miram-o-campo-brasileiro\/#breadcrumb\"},\"inLanguage\":\"pt-BR\",\"potentialAction\":[{\"@type\":\"ReadAction\",\"target\":[\"https:\/\/acrimat.org.br\/portal\/investidores-dos-emirados-arabes-unidos-miram-o-campo-brasileiro\/\"]}]},{\"@type\":\"ImageObject\",\"inLanguage\":\"pt-BR\",\"@id\":\"https:\/\/acrimat.org.br\/portal\/investidores-dos-emirados-arabes-unidos-miram-o-campo-brasileiro\/#primaryimage\",\"url\":\"https:\/\/acrimat.org.br\/portal\/wp-content\/uploads\/2017\/10\/bandeiras-emirados-brasil.jpg\",\"contentUrl\":\"https:\/\/acrimat.org.br\/portal\/wp-content\/uploads\/2017\/10\/bandeiras-emirados-brasil.jpg\",\"width\":760,\"height\":400},{\"@type\":\"BreadcrumbList\",\"@id\":\"https:\/\/acrimat.org.br\/portal\/investidores-dos-emirados-arabes-unidos-miram-o-campo-brasileiro\/#breadcrumb\",\"itemListElement\":[{\"@type\":\"ListItem\",\"position\":1,\"name\":\"In\u00edcio\",\"item\":\"https:\/\/acrimat.org.br\/portal\/\"},{\"@type\":\"ListItem\",\"position\":2,\"name\":\"Investidores dos Emirados \u00c1rabes Unidos miram o campo brasileiro\"}]},{\"@type\":\"WebSite\",\"@id\":\"https:\/\/acrimat.org.br\/portal\/#website\",\"url\":\"https:\/\/acrimat.org.br\/portal\/\",\"name\":\"Acrimat\",\"description\":\"Associa\u00e7\u00e3o dos Criadores de Mato Grosso\",\"publisher\":{\"@id\":\"https:\/\/acrimat.org.br\/portal\/#organization\"},\"potentialAction\":[{\"@type\":\"SearchAction\",\"target\":{\"@type\":\"EntryPoint\",\"urlTemplate\":\"https:\/\/acrimat.org.br\/portal\/?s={search_term_string}\"},\"query-input\":{\"@type\":\"PropertyValueSpecification\",\"valueRequired\":true,\"valueName\":\"search_term_string\"}}],\"inLanguage\":\"pt-BR\"},{\"@type\":\"Organization\",\"@id\":\"https:\/\/acrimat.org.br\/portal\/#organization\",\"name\":\"Associa\u00e7\u00e3o dos Criadores de Mato Grosso\",\"url\":\"https:\/\/acrimat.org.br\/portal\/\",\"logo\":{\"@type\":\"ImageObject\",\"inLanguage\":\"pt-BR\",\"@id\":\"https:\/\/acrimat.org.br\/portal\/#\/schema\/logo\/image\/\",\"url\":\"https:\/\/acrimat.org.br\/portal\/wp-content\/uploads\/2018\/03\/logo-peq-original.png\",\"contentUrl\":\"https:\/\/acrimat.org.br\/portal\/wp-content\/uploads\/2018\/03\/logo-peq-original.png\",\"width\":174,\"height\":171,\"caption\":\"Associa\u00e7\u00e3o dos Criadores de Mato Grosso\"},\"image\":{\"@id\":\"https:\/\/acrimat.org.br\/portal\/#\/schema\/logo\/image\/\"}},{\"@type\":\"Person\",\"@id\":\"https:\/\/acrimat.org.br\/portal\/#\/schema\/person\/18df8bcf6890e924fe5d8b5afd2bec0f\",\"name\":\"P\u00e9ricles C\u00e2ndido\",\"image\":{\"@type\":\"ImageObject\",\"inLanguage\":\"pt-BR\",\"@id\":\"https:\/\/acrimat.org.br\/portal\/#\/schema\/person\/image\/\",\"url\":\"https:\/\/secure.gravatar.com\/avatar\/33e2a2b971dc363ed2df53d0d3bfbd18?s=96&d=mm&r=g\",\"contentUrl\":\"https:\/\/secure.gravatar.com\/avatar\/33e2a2b971dc363ed2df53d0d3bfbd18?s=96&d=mm&r=g\",\"caption\":\"P\u00e9ricles C\u00e2ndido\"},\"sameAs\":[\"ascom@acrimat.org.br\"],\"url\":\"https:\/\/acrimat.org.br\/portal\/author\/designergrafico\/\"}]}<\/script>\n<!-- \/ Yoast SEO plugin. -->","yoast_head_json":{"title":"Investidores dos Emirados \u00c1rabes Unidos miram o campo brasileiro - Acrimat","robots":{"index":"index","follow":"follow","max-snippet":"max-snippet:-1","max-image-preview":"max-image-preview:large","max-video-preview":"max-video-preview:-1"},"canonical":"https:\/\/acrimat.org.br\/portal\/investidores-dos-emirados-arabes-unidos-miram-o-campo-brasileiro\/","og_locale":"pt_BR","og_type":"article","og_title":"Investidores dos Emirados \u00c1rabes Unidos miram o campo brasileiro - Acrimat","og_description":"Investidores e fundos de investimento dos Emirados \u00c1rabes Unidos desembarcaram no Brasil em busca de oportunidades para a aquisi\u00e7\u00e3o de participa\u00e7\u00f5es acion\u00e1rias em empresas do agroneg\u00f3cio brasileiro","og_url":"https:\/\/acrimat.org.br\/portal\/investidores-dos-emirados-arabes-unidos-miram-o-campo-brasileiro\/","og_site_name":"Acrimat","article_published_time":"2017-10-24T11:21:15+00:00","article_modified_time":"2017-10-24T11:29:41+00:00","og_image":[{"width":760,"height":400,"url":"https:\/\/acrimat.org.br\/portal\/wp-content\/uploads\/2017\/10\/bandeiras-emirados-brasil.jpg","type":"image\/jpeg"}],"author":"P\u00e9ricles C\u00e2ndido","twitter_card":"summary_large_image","twitter_misc":{"Escrito por":"P\u00e9ricles C\u00e2ndido","Est. tempo de leitura":"2 minutos"},"schema":{"@context":"https:\/\/schema.org","@graph":[{"@type":"Article","@id":"https:\/\/acrimat.org.br\/portal\/investidores-dos-emirados-arabes-unidos-miram-o-campo-brasileiro\/#article","isPartOf":{"@id":"https:\/\/acrimat.org.br\/portal\/investidores-dos-emirados-arabes-unidos-miram-o-campo-brasileiro\/"},"author":{"name":"P\u00e9ricles C\u00e2ndido","@id":"https:\/\/acrimat.org.br\/portal\/#\/schema\/person\/18df8bcf6890e924fe5d8b5afd2bec0f"},"headline":"Investidores dos Emirados \u00c1rabes Unidos miram o campo brasileiro","datePublished":"2017-10-24T11:21:15+00:00","dateModified":"2017-10-24T11:29:41+00:00","mainEntityOfPage":{"@id":"https:\/\/acrimat.org.br\/portal\/investidores-dos-emirados-arabes-unidos-miram-o-campo-brasileiro\/"},"wordCount":404,"publisher":{"@id":"https:\/\/acrimat.org.br\/portal\/#organization"},"image":{"@id":"https:\/\/acrimat.org.br\/portal\/investidores-dos-emirados-arabes-unidos-miram-o-campo-brasileiro\/#primaryimage"},"thumbnailUrl":"https:\/\/acrimat.org.br\/portal\/wp-content\/uploads\/2017\/10\/bandeiras-emirados-brasil.jpg","articleSection":["Destaques","Not\u00edcias"],"inLanguage":"pt-BR"},{"@type":"WebPage","@id":"https:\/\/acrimat.org.br\/portal\/investidores-dos-emirados-arabes-unidos-miram-o-campo-brasileiro\/","url":"https:\/\/acrimat.org.br\/portal\/investidores-dos-emirados-arabes-unidos-miram-o-campo-brasileiro\/","name":"Investidores dos Emirados \u00c1rabes Unidos miram o campo brasileiro - Acrimat","isPartOf":{"@id":"https:\/\/acrimat.org.br\/portal\/#website"},"primaryImageOfPage":{"@id":"https:\/\/acrimat.org.br\/portal\/investidores-dos-emirados-arabes-unidos-miram-o-campo-brasileiro\/#primaryimage"},"image":{"@id":"https:\/\/acrimat.org.br\/portal\/investidores-dos-emirados-arabes-unidos-miram-o-campo-brasileiro\/#primaryimage"},"thumbnailUrl":"https:\/\/acrimat.org.br\/portal\/wp-content\/uploads\/2017\/10\/bandeiras-emirados-brasil.jpg","datePublished":"2017-10-24T11:21:15+00:00","dateModified":"2017-10-24T11:29:41+00:00","breadcrumb":{"@id":"https:\/\/acrimat.org.br\/portal\/investidores-dos-emirados-arabes-unidos-miram-o-campo-brasileiro\/#breadcrumb"},"inLanguage":"pt-BR","potentialAction":[{"@type":"ReadAction","target":["https:\/\/acrimat.org.br\/portal\/investidores-dos-emirados-arabes-unidos-miram-o-campo-brasileiro\/"]}]},{"@type":"ImageObject","inLanguage":"pt-BR","@id":"https:\/\/acrimat.org.br\/portal\/investidores-dos-emirados-arabes-unidos-miram-o-campo-brasileiro\/#primaryimage","url":"https:\/\/acrimat.org.br\/portal\/wp-content\/uploads\/2017\/10\/bandeiras-emirados-brasil.jpg","contentUrl":"https:\/\/acrimat.org.br\/portal\/wp-content\/uploads\/2017\/10\/bandeiras-emirados-brasil.jpg","width":760,"height":400},{"@type":"BreadcrumbList","@id":"https:\/\/acrimat.org.br\/portal\/investidores-dos-emirados-arabes-unidos-miram-o-campo-brasileiro\/#breadcrumb","itemListElement":[{"@type":"ListItem","position":1,"name":"In\u00edcio","item":"https:\/\/acrimat.org.br\/portal\/"},{"@type":"ListItem","position":2,"name":"Investidores dos Emirados \u00c1rabes Unidos miram o campo brasileiro"}]},{"@type":"WebSite","@id":"https:\/\/acrimat.org.br\/portal\/#website","url":"https:\/\/acrimat.org.br\/portal\/","name":"Acrimat","description":"Associa\u00e7\u00e3o dos Criadores de Mato Grosso","publisher":{"@id":"https:\/\/acrimat.org.br\/portal\/#organization"},"potentialAction":[{"@type":"SearchAction","target":{"@type":"EntryPoint","urlTemplate":"https:\/\/acrimat.org.br\/portal\/?s={search_term_string}"},"query-input":{"@type":"PropertyValueSpecification","valueRequired":true,"valueName":"search_term_string"}}],"inLanguage":"pt-BR"},{"@type":"Organization","@id":"https:\/\/acrimat.org.br\/portal\/#organization","name":"Associa\u00e7\u00e3o dos Criadores de Mato Grosso","url":"https:\/\/acrimat.org.br\/portal\/","logo":{"@type":"ImageObject","inLanguage":"pt-BR","@id":"https:\/\/acrimat.org.br\/portal\/#\/schema\/logo\/image\/","url":"https:\/\/acrimat.org.br\/portal\/wp-content\/uploads\/2018\/03\/logo-peq-original.png","contentUrl":"https:\/\/acrimat.org.br\/portal\/wp-content\/uploads\/2018\/03\/logo-peq-original.png","width":174,"height":171,"caption":"Associa\u00e7\u00e3o dos Criadores de Mato Grosso"},"image":{"@id":"https:\/\/acrimat.org.br\/portal\/#\/schema\/logo\/image\/"}},{"@type":"Person","@id":"https:\/\/acrimat.org.br\/portal\/#\/schema\/person\/18df8bcf6890e924fe5d8b5afd2bec0f","name":"P\u00e9ricles C\u00e2ndido","image":{"@type":"ImageObject","inLanguage":"pt-BR","@id":"https:\/\/acrimat.org.br\/portal\/#\/schema\/person\/image\/","url":"https:\/\/secure.gravatar.com\/avatar\/33e2a2b971dc363ed2df53d0d3bfbd18?s=96&d=mm&r=g","contentUrl":"https:\/\/secure.gravatar.com\/avatar\/33e2a2b971dc363ed2df53d0d3bfbd18?s=96&d=mm&r=g","caption":"P\u00e9ricles C\u00e2ndido"},"sameAs":["ascom@acrimat.org.br"],"url":"https:\/\/acrimat.org.br\/portal\/author\/designergrafico\/"}]}},"_links":{"self":[{"href":"https:\/\/acrimat.org.br\/portal\/wp-json\/wp\/v2\/posts\/97984477","targetHints":{"allow":["GET"]}}],"collection":[{"href":"https:\/\/acrimat.org.br\/portal\/wp-json\/wp\/v2\/posts"}],"about":[{"href":"https:\/\/acrimat.org.br\/portal\/wp-json\/wp\/v2\/types\/post"}],"author":[{"embeddable":true,"href":"https:\/\/acrimat.org.br\/portal\/wp-json\/wp\/v2\/users\/11"}],"replies":[{"embeddable":true,"href":"https:\/\/acrimat.org.br\/portal\/wp-json\/wp\/v2\/comments?post=97984477"}],"version-history":[{"count":2,"href":"https:\/\/acrimat.org.br\/portal\/wp-json\/wp\/v2\/posts\/97984477\/revisions"}],"predecessor-version":[{"id":97984480,"href":"https:\/\/acrimat.org.br\/portal\/wp-json\/wp\/v2\/posts\/97984477\/revisions\/97984480"}],"wp:featuredmedia":[{"embeddable":true,"href":"https:\/\/acrimat.org.br\/portal\/wp-json\/wp\/v2\/media\/97984478"}],"wp:attachment":[{"href":"https:\/\/acrimat.org.br\/portal\/wp-json\/wp\/v2\/media?parent=97984477"}],"wp:term":[{"taxonomy":"category","embeddable":true,"href":"https:\/\/acrimat.org.br\/portal\/wp-json\/wp\/v2\/categories?post=97984477"},{"taxonomy":"post_tag","embeddable":true,"href":"https:\/\/acrimat.org.br\/portal\/wp-json\/wp\/v2\/tags?post=97984477"}],"curies":[{"name":"wp","href":"https:\/\/api.w.org\/{rel}","templated":true}]}}