{"id":97984487,"date":"2017-10-25T08:34:20","date_gmt":"2017-10-25T11:34:20","guid":{"rendered":"http:\/\/acrimat.org.br\/portal\/?p=97984487"},"modified":"2017-10-25T08:34:20","modified_gmt":"2017-10-25T11:34:20","slug":"investidores-dos-emirados-arabes-se-reunem-com-setor-agropecuario","status":"publish","type":"post","link":"https:\/\/acrimat.org.br\/portal\/investidores-dos-emirados-arabes-se-reunem-com-setor-agropecuario\/","title":{"rendered":"Investidores dos Emirados \u00c1rabes se reunem com  setor agropecu\u00e1rio"},"content":{"rendered":"<p>Delega\u00e7\u00e3o composta por 12 empresas e institui\u00e7\u00f5es de governo dos Emirados \u00c1rabes Unidos se reuniu, nesta ter\u00e7a-feira (24), com a Frente Parlamentar da Agropecu\u00e1ria (FPA) e com 43 entidades do setor no Brasil. Na pauta, oportunidades de investimentos no agroneg\u00f3cio brasileiro e parcerias entre os dois pa\u00edses no mercado produtivo mundial.<\/p>\n<p>A comitiva cumpre agenda no Pa\u00eds at\u00e9 1 de novembro, com reuni\u00f5es nos minist\u00e9rios da Agricultura, Pecu\u00e1ria e Abastecimento (Mapa) e da Fazenda, Tribunal de Contas da Uni\u00e3o (TCU), Embrapa, al\u00e9m de visitas a governos estaduais.<\/p>\n<p>Para a embaixadora dos Emirados, Hafsa Al Ulana, a miss\u00e3o \u00e9 o pontap\u00e9 inicial para as possibilidades que se abrem de coopera\u00e7\u00f5es t\u00e9cnicas e econ\u00f4micas com o setor agr\u00edcola brasileiro. \u201cEsta \u00e9 a primeira de muitas visitas que iremos realizar aqui no Brasil. O principal objetivo \u00e9 conhecer a agricultura brasileira e entender como o setor se estrutura. As parcerias devem ser de m\u00fatuo conhecimento e interc\u00e2mbio de experi\u00eancias para fortalecer o mercado mundial\u201d, avaliou Hafsa.<\/p>\n<p>Os representantes da delega\u00e7\u00e3o demonstraram interesse amplo em fechar parcerias n\u00e3o s\u00f3 de investimentos no Brasil, mas tamb\u00e9m de troca de experi\u00eancias entre os setores. \u201cN\u00e3o estamos aqui apenas como representantes de capital, mas tamb\u00e9m como empresas renomadas no ramo de agricultura dos Emirados. A nossa coopera\u00e7\u00e3o econ\u00f4mica deve ser fortalecida\u201d, afirmou Khalifa Al Ali, diretor-geral do Food Security Center dos Emirados \u00c1rabes.<\/p>\n<p>Projetos de coopera\u00e7\u00e3o em setores como os de prote\u00edna animal, frutas e transporte foram alguns dos destaques apontados pelas empresas de Abu Dhabi. \u201cN\u00f3s somos o principal parceiro em seguran\u00e7a alimentar nos Emirados \u00c1rabes. Atuamos tamb\u00e9m na \u00e1rea de log\u00edstica de setores como energia, transportes e portos. Temos um ganho anual de cerca de 5 bilh\u00f5es de d\u00f3lares. Estamos confiantes nas oportunidades que o Brasil pode nos oferecer\u201d, destacou Mohammad Jaber, da empresa de log\u00edstica Agility, em Abu Dhabi.<\/p>\n<p>Para o presidente da FPA, deputado Nilson Leit\u00e3o (PSDB\/MT), o Brasil tem uma capacidade exponencial de ser um dos maiores produtores do mundo de energia limpa, por meio do etanol de milho e cana-de-a\u00e7\u00facar. Al\u00e9m disso, o Pa\u00eds, segundo Leit\u00e3o, j\u00e1 se configura como o maior produtor de gr\u00e3os e carne e o maior exportador de soja. \u201cO Brasil avan\u00e7a cada vez mais na produ\u00e7\u00e3o agr\u00edcola, com oferta em abund\u00e2ncia de produtos, mas ainda carece de investimentos em log\u00edstica e infraestrutura\u201d, ressaltou o presidente.<\/p>\n<p>Em representa\u00e7\u00e3o \u00e0s entidades do setor agropecu\u00e1rio presentes, o presidente do Instituto Pensar Agropecu\u00e1ria (IPA), F\u00e1bio Meirelles Filho, destacou que o agroneg\u00f3cio brasileiro tem muito a oferecer em parcerias internacionais, principalmente em pa\u00edses com potencial de investimentos para produtos agr\u00edcolas tanto de origem animal ou vegetal. \u201cNosso elo come\u00e7a aqui. Facilitar o contato tanto com a iniciativa privada quanto com o setor p\u00fablico \u00e9 nossa premissa\u201d, afirmou Meirelles.<\/p>\n<p>Para o deputado Guilherme Coelho (PSDB\/PE), o papel da FPA \u00e9 dar seguran\u00e7a tanto aos investidores estrangeiros quanto ao produtor rural. \u201cA parceria deve garantir \u00e0 empresa estrangeira seguran\u00e7a em investir no produto brasileiro ao mesmo tempo que amplia a produ\u00e7\u00e3o rural, sempre com qualidade e de forma sustent\u00e1vel. O produtor rural deve ter seu espa\u00e7o assegurado no mercado internacional\u201d, concluiu o deputado.<\/p>\n<p>Entre 2003 e 2016, segundo dados da Confedera\u00e7\u00e3o Nacional da Ind\u00fastria (CNI), os Emirados \u00c1rabes Unidos investiram US$ 290,2 bilh\u00f5es no mundo e geraram 473 mil empregos. Nos \u00faltimos anos, os emirados investiram justamente em setores onde h\u00e1 oportunidades no Brasil. Em 2015, dos 10 principais produtos exportados do Brasil pelos Emirados, cinco foram de origem agropecu\u00e1ria, como carnes, a\u00e7\u00facares, cereais, soja e tabaco.<\/p>\n<p>Poder do investimento &#8211; As rela\u00e7\u00f5es entre o Brasil e os Emirados \u00c1rabes Unidos (EAU) foram estabelecidas formalmente em 1974. A Embaixada do Brasil em Abu Dhabi foi instalada em 1978 e em 1991, os EAU instalaram sua representa\u00e7\u00e3o diplom\u00e1tica em Bras\u00edlia, a primeira da Am\u00e9rica Latina.<\/p>\n<p>O interc\u00e2mbio comercial entre os dois pa\u00edses experimentou, ao longo dos \u00faltimos anos, crescimento cont\u00ednuo e expressivo. A partir de 2008, os EAU transformaram-se no segundo parceiro do Brasil no Oriente M\u00e9dio, em termos de montante das trocas bilaterais, atr\u00e1s apenas da Ar\u00e1bia Saudita.<\/p>\n<p>O com\u00e9rcio total com os EAU, que em 2000 somava US$ 300 milh\u00f5es, atingiu em 2015 a marca de US$ 3 bilh\u00f5es, com super\u00e1vit brasileiro de cerca de US$ 2 bilh\u00f5es. Segundo dados do Minist\u00e9rio de Rela\u00e7\u00f5es Exteriores, o estoque de investimentos emir\u00e1ticos no Brasil \u00e9 de aproximadamente US$ 5 bilh\u00f5es.<\/p>\n<p>Os Emirados s\u00e3o, atualmente, importante entreposto comercial, &#8220;hub&#8221; log\u00edstico e centro de neg\u00f3cios. Hoje, aproximadamente 30 empresas brasileiras contam com escrit\u00f3rios comerciais no pa\u00eds para suas exporta\u00e7\u00f5es na regi\u00e3o. A Ag\u00eancia de Promo\u00e7\u00e3o das Exporta\u00e7\u00f5es e Investimentos (APEX-Brasil) mant\u00e9m um escrit\u00f3rio em Jebel Ali, zona franca de Dubai, para auxiliar empresas brasileiras que pretendam se estabelecer nos Emirados.<\/p>\n","protected":false},"excerpt":{"rendered":"<p>Delega\u00e7\u00e3o composta por 12 empresas e institui\u00e7\u00f5es de governo dos Emirados \u00c1rabes Unidos se reuniu, nesta ter\u00e7a-feira (24), com a Frente Parlamentar da Agropecu\u00e1ria (FPA) e com 43 entidades do setor no Brasil<\/p>\n","protected":false},"author":11,"featured_media":97984489,"comment_status":"closed","ping_status":"closed","sticky":false,"template":"","format":"standard","meta":{"footnotes":""},"categories":[6,1],"tags":[],"class_list":["post-97984487","post","type-post","status-publish","format-standard","has-post-thumbnail","hentry","category-destaque","category-noticia"],"yoast_head":"<!-- This site is optimized with the Yoast SEO plugin v24.8.1 - https:\/\/yoast.com\/wordpress\/plugins\/seo\/ -->\n<title>Investidores dos Emirados \u00c1rabes se reunem com setor agropecu\u00e1rio - Acrimat<\/title>\n<meta name=\"robots\" content=\"index, follow, max-snippet:-1, max-image-preview:large, max-video-preview:-1\" \/>\n<link rel=\"canonical\" href=\"https:\/\/acrimat.org.br\/portal\/investidores-dos-emirados-arabes-se-reunem-com-setor-agropecuario\/\" \/>\n<meta property=\"og:locale\" content=\"pt_BR\" \/>\n<meta property=\"og:type\" content=\"article\" \/>\n<meta property=\"og:title\" content=\"Investidores dos Emirados \u00c1rabes se reunem com setor agropecu\u00e1rio - Acrimat\" \/>\n<meta property=\"og:description\" content=\"Delega\u00e7\u00e3o composta por 12 empresas e institui\u00e7\u00f5es de governo dos Emirados \u00c1rabes Unidos se reuniu, nesta ter\u00e7a-feira (24), com a Frente Parlamentar da Agropecu\u00e1ria (FPA) e com 43 entidades do setor no Brasil\" \/>\n<meta property=\"og:url\" content=\"https:\/\/acrimat.org.br\/portal\/investidores-dos-emirados-arabes-se-reunem-com-setor-agropecuario\/\" \/>\n<meta property=\"og:site_name\" content=\"Acrimat\" \/>\n<meta property=\"article:published_time\" content=\"2017-10-25T11:34:20+00:00\" \/>\n<meta property=\"og:image\" content=\"https:\/\/acrimat.org.br\/portal\/wp-content\/uploads\/2017\/10\/24-10-reuniao-fpa-emirados-1-1024x683.jpg\" \/>\n\t<meta property=\"og:image:width\" content=\"1024\" \/>\n\t<meta property=\"og:image:height\" content=\"683\" \/>\n\t<meta property=\"og:image:type\" content=\"image\/jpeg\" \/>\n<meta name=\"author\" content=\"P\u00e9ricles C\u00e2ndido\" \/>\n<meta name=\"twitter:card\" content=\"summary_large_image\" \/>\n<meta name=\"twitter:label1\" content=\"Escrito por\" \/>\n\t<meta name=\"twitter:data1\" content=\"P\u00e9ricles C\u00e2ndido\" \/>\n\t<meta name=\"twitter:label2\" content=\"Est. tempo de leitura\" \/>\n\t<meta name=\"twitter:data2\" content=\"4 minutos\" \/>\n<script type=\"application\/ld+json\" class=\"yoast-schema-graph\">{\"@context\":\"https:\/\/schema.org\",\"@graph\":[{\"@type\":\"Article\",\"@id\":\"https:\/\/acrimat.org.br\/portal\/investidores-dos-emirados-arabes-se-reunem-com-setor-agropecuario\/#article\",\"isPartOf\":{\"@id\":\"https:\/\/acrimat.org.br\/portal\/investidores-dos-emirados-arabes-se-reunem-com-setor-agropecuario\/\"},\"author\":{\"name\":\"P\u00e9ricles C\u00e2ndido\",\"@id\":\"https:\/\/acrimat.org.br\/portal\/#\/schema\/person\/18df8bcf6890e924fe5d8b5afd2bec0f\"},\"headline\":\"Investidores dos Emirados \u00c1rabes se reunem com setor agropecu\u00e1rio\",\"datePublished\":\"2017-10-25T11:34:20+00:00\",\"mainEntityOfPage\":{\"@id\":\"https:\/\/acrimat.org.br\/portal\/investidores-dos-emirados-arabes-se-reunem-com-setor-agropecuario\/\"},\"wordCount\":866,\"publisher\":{\"@id\":\"https:\/\/acrimat.org.br\/portal\/#organization\"},\"image\":{\"@id\":\"https:\/\/acrimat.org.br\/portal\/investidores-dos-emirados-arabes-se-reunem-com-setor-agropecuario\/#primaryimage\"},\"thumbnailUrl\":\"https:\/\/acrimat.org.br\/portal\/wp-content\/uploads\/2017\/10\/24-10-reuniao-fpa-emirados-1.jpg\",\"articleSection\":[\"Destaques\",\"Not\u00edcias\"],\"inLanguage\":\"pt-BR\"},{\"@type\":\"WebPage\",\"@id\":\"https:\/\/acrimat.org.br\/portal\/investidores-dos-emirados-arabes-se-reunem-com-setor-agropecuario\/\",\"url\":\"https:\/\/acrimat.org.br\/portal\/investidores-dos-emirados-arabes-se-reunem-com-setor-agropecuario\/\",\"name\":\"Investidores dos Emirados \u00c1rabes se reunem com setor agropecu\u00e1rio - Acrimat\",\"isPartOf\":{\"@id\":\"https:\/\/acrimat.org.br\/portal\/#website\"},\"primaryImageOfPage\":{\"@id\":\"https:\/\/acrimat.org.br\/portal\/investidores-dos-emirados-arabes-se-reunem-com-setor-agropecuario\/#primaryimage\"},\"image\":{\"@id\":\"https:\/\/acrimat.org.br\/portal\/investidores-dos-emirados-arabes-se-reunem-com-setor-agropecuario\/#primaryimage\"},\"thumbnailUrl\":\"https:\/\/acrimat.org.br\/portal\/wp-content\/uploads\/2017\/10\/24-10-reuniao-fpa-emirados-1.jpg\",\"datePublished\":\"2017-10-25T11:34:20+00:00\",\"breadcrumb\":{\"@id\":\"https:\/\/acrimat.org.br\/portal\/investidores-dos-emirados-arabes-se-reunem-com-setor-agropecuario\/#breadcrumb\"},\"inLanguage\":\"pt-BR\",\"potentialAction\":[{\"@type\":\"ReadAction\",\"target\":[\"https:\/\/acrimat.org.br\/portal\/investidores-dos-emirados-arabes-se-reunem-com-setor-agropecuario\/\"]}]},{\"@type\":\"ImageObject\",\"inLanguage\":\"pt-BR\",\"@id\":\"https:\/\/acrimat.org.br\/portal\/investidores-dos-emirados-arabes-se-reunem-com-setor-agropecuario\/#primaryimage\",\"url\":\"https:\/\/acrimat.org.br\/portal\/wp-content\/uploads\/2017\/10\/24-10-reuniao-fpa-emirados-1.jpg\",\"contentUrl\":\"https:\/\/acrimat.org.br\/portal\/wp-content\/uploads\/2017\/10\/24-10-reuniao-fpa-emirados-1.jpg\",\"width\":5184,\"height\":3456},{\"@type\":\"BreadcrumbList\",\"@id\":\"https:\/\/acrimat.org.br\/portal\/investidores-dos-emirados-arabes-se-reunem-com-setor-agropecuario\/#breadcrumb\",\"itemListElement\":[{\"@type\":\"ListItem\",\"position\":1,\"name\":\"In\u00edcio\",\"item\":\"https:\/\/acrimat.org.br\/portal\/\"},{\"@type\":\"ListItem\",\"position\":2,\"name\":\"Investidores dos Emirados \u00c1rabes se reunem com setor agropecu\u00e1rio\"}]},{\"@type\":\"WebSite\",\"@id\":\"https:\/\/acrimat.org.br\/portal\/#website\",\"url\":\"https:\/\/acrimat.org.br\/portal\/\",\"name\":\"Acrimat\",\"description\":\"Associa\u00e7\u00e3o dos Criadores de Mato Grosso\",\"publisher\":{\"@id\":\"https:\/\/acrimat.org.br\/portal\/#organization\"},\"potentialAction\":[{\"@type\":\"SearchAction\",\"target\":{\"@type\":\"EntryPoint\",\"urlTemplate\":\"https:\/\/acrimat.org.br\/portal\/?s={search_term_string}\"},\"query-input\":{\"@type\":\"PropertyValueSpecification\",\"valueRequired\":true,\"valueName\":\"search_term_string\"}}],\"inLanguage\":\"pt-BR\"},{\"@type\":\"Organization\",\"@id\":\"https:\/\/acrimat.org.br\/portal\/#organization\",\"name\":\"Associa\u00e7\u00e3o dos Criadores de Mato Grosso\",\"url\":\"https:\/\/acrimat.org.br\/portal\/\",\"logo\":{\"@type\":\"ImageObject\",\"inLanguage\":\"pt-BR\",\"@id\":\"https:\/\/acrimat.org.br\/portal\/#\/schema\/logo\/image\/\",\"url\":\"https:\/\/acrimat.org.br\/portal\/wp-content\/uploads\/2018\/03\/logo-peq-original.png\",\"contentUrl\":\"https:\/\/acrimat.org.br\/portal\/wp-content\/uploads\/2018\/03\/logo-peq-original.png\",\"width\":174,\"height\":171,\"caption\":\"Associa\u00e7\u00e3o dos Criadores de Mato Grosso\"},\"image\":{\"@id\":\"https:\/\/acrimat.org.br\/portal\/#\/schema\/logo\/image\/\"}},{\"@type\":\"Person\",\"@id\":\"https:\/\/acrimat.org.br\/portal\/#\/schema\/person\/18df8bcf6890e924fe5d8b5afd2bec0f\",\"name\":\"P\u00e9ricles C\u00e2ndido\",\"image\":{\"@type\":\"ImageObject\",\"inLanguage\":\"pt-BR\",\"@id\":\"https:\/\/acrimat.org.br\/portal\/#\/schema\/person\/image\/\",\"url\":\"https:\/\/secure.gravatar.com\/avatar\/33e2a2b971dc363ed2df53d0d3bfbd18?s=96&d=mm&r=g\",\"contentUrl\":\"https:\/\/secure.gravatar.com\/avatar\/33e2a2b971dc363ed2df53d0d3bfbd18?s=96&d=mm&r=g\",\"caption\":\"P\u00e9ricles C\u00e2ndido\"},\"sameAs\":[\"ascom@acrimat.org.br\"],\"url\":\"https:\/\/acrimat.org.br\/portal\/author\/designergrafico\/\"}]}<\/script>\n<!-- \/ Yoast SEO plugin. -->","yoast_head_json":{"title":"Investidores dos Emirados \u00c1rabes se reunem com setor agropecu\u00e1rio - Acrimat","robots":{"index":"index","follow":"follow","max-snippet":"max-snippet:-1","max-image-preview":"max-image-preview:large","max-video-preview":"max-video-preview:-1"},"canonical":"https:\/\/acrimat.org.br\/portal\/investidores-dos-emirados-arabes-se-reunem-com-setor-agropecuario\/","og_locale":"pt_BR","og_type":"article","og_title":"Investidores dos Emirados \u00c1rabes se reunem com setor agropecu\u00e1rio - Acrimat","og_description":"Delega\u00e7\u00e3o composta por 12 empresas e institui\u00e7\u00f5es de governo dos Emirados \u00c1rabes Unidos se reuniu, nesta ter\u00e7a-feira (24), com a Frente Parlamentar da Agropecu\u00e1ria (FPA) e com 43 entidades do setor no Brasil","og_url":"https:\/\/acrimat.org.br\/portal\/investidores-dos-emirados-arabes-se-reunem-com-setor-agropecuario\/","og_site_name":"Acrimat","article_published_time":"2017-10-25T11:34:20+00:00","og_image":[{"width":1024,"height":683,"url":"https:\/\/acrimat.org.br\/portal\/wp-content\/uploads\/2017\/10\/24-10-reuniao-fpa-emirados-1-1024x683.jpg","type":"image\/jpeg"}],"author":"P\u00e9ricles C\u00e2ndido","twitter_card":"summary_large_image","twitter_misc":{"Escrito por":"P\u00e9ricles C\u00e2ndido","Est. tempo de leitura":"4 minutos"},"schema":{"@context":"https:\/\/schema.org","@graph":[{"@type":"Article","@id":"https:\/\/acrimat.org.br\/portal\/investidores-dos-emirados-arabes-se-reunem-com-setor-agropecuario\/#article","isPartOf":{"@id":"https:\/\/acrimat.org.br\/portal\/investidores-dos-emirados-arabes-se-reunem-com-setor-agropecuario\/"},"author":{"name":"P\u00e9ricles C\u00e2ndido","@id":"https:\/\/acrimat.org.br\/portal\/#\/schema\/person\/18df8bcf6890e924fe5d8b5afd2bec0f"},"headline":"Investidores dos Emirados \u00c1rabes se reunem com setor agropecu\u00e1rio","datePublished":"2017-10-25T11:34:20+00:00","mainEntityOfPage":{"@id":"https:\/\/acrimat.org.br\/portal\/investidores-dos-emirados-arabes-se-reunem-com-setor-agropecuario\/"},"wordCount":866,"publisher":{"@id":"https:\/\/acrimat.org.br\/portal\/#organization"},"image":{"@id":"https:\/\/acrimat.org.br\/portal\/investidores-dos-emirados-arabes-se-reunem-com-setor-agropecuario\/#primaryimage"},"thumbnailUrl":"https:\/\/acrimat.org.br\/portal\/wp-content\/uploads\/2017\/10\/24-10-reuniao-fpa-emirados-1.jpg","articleSection":["Destaques","Not\u00edcias"],"inLanguage":"pt-BR"},{"@type":"WebPage","@id":"https:\/\/acrimat.org.br\/portal\/investidores-dos-emirados-arabes-se-reunem-com-setor-agropecuario\/","url":"https:\/\/acrimat.org.br\/portal\/investidores-dos-emirados-arabes-se-reunem-com-setor-agropecuario\/","name":"Investidores dos Emirados \u00c1rabes se reunem com setor agropecu\u00e1rio - Acrimat","isPartOf":{"@id":"https:\/\/acrimat.org.br\/portal\/#website"},"primaryImageOfPage":{"@id":"https:\/\/acrimat.org.br\/portal\/investidores-dos-emirados-arabes-se-reunem-com-setor-agropecuario\/#primaryimage"},"image":{"@id":"https:\/\/acrimat.org.br\/portal\/investidores-dos-emirados-arabes-se-reunem-com-setor-agropecuario\/#primaryimage"},"thumbnailUrl":"https:\/\/acrimat.org.br\/portal\/wp-content\/uploads\/2017\/10\/24-10-reuniao-fpa-emirados-1.jpg","datePublished":"2017-10-25T11:34:20+00:00","breadcrumb":{"@id":"https:\/\/acrimat.org.br\/portal\/investidores-dos-emirados-arabes-se-reunem-com-setor-agropecuario\/#breadcrumb"},"inLanguage":"pt-BR","potentialAction":[{"@type":"ReadAction","target":["https:\/\/acrimat.org.br\/portal\/investidores-dos-emirados-arabes-se-reunem-com-setor-agropecuario\/"]}]},{"@type":"ImageObject","inLanguage":"pt-BR","@id":"https:\/\/acrimat.org.br\/portal\/investidores-dos-emirados-arabes-se-reunem-com-setor-agropecuario\/#primaryimage","url":"https:\/\/acrimat.org.br\/portal\/wp-content\/uploads\/2017\/10\/24-10-reuniao-fpa-emirados-1.jpg","contentUrl":"https:\/\/acrimat.org.br\/portal\/wp-content\/uploads\/2017\/10\/24-10-reuniao-fpa-emirados-1.jpg","width":5184,"height":3456},{"@type":"BreadcrumbList","@id":"https:\/\/acrimat.org.br\/portal\/investidores-dos-emirados-arabes-se-reunem-com-setor-agropecuario\/#breadcrumb","itemListElement":[{"@type":"ListItem","position":1,"name":"In\u00edcio","item":"https:\/\/acrimat.org.br\/portal\/"},{"@type":"ListItem","position":2,"name":"Investidores dos Emirados \u00c1rabes se reunem com setor agropecu\u00e1rio"}]},{"@type":"WebSite","@id":"https:\/\/acrimat.org.br\/portal\/#website","url":"https:\/\/acrimat.org.br\/portal\/","name":"Acrimat","description":"Associa\u00e7\u00e3o dos Criadores de Mato Grosso","publisher":{"@id":"https:\/\/acrimat.org.br\/portal\/#organization"},"potentialAction":[{"@type":"SearchAction","target":{"@type":"EntryPoint","urlTemplate":"https:\/\/acrimat.org.br\/portal\/?s={search_term_string}"},"query-input":{"@type":"PropertyValueSpecification","valueRequired":true,"valueName":"search_term_string"}}],"inLanguage":"pt-BR"},{"@type":"Organization","@id":"https:\/\/acrimat.org.br\/portal\/#organization","name":"Associa\u00e7\u00e3o dos Criadores de Mato Grosso","url":"https:\/\/acrimat.org.br\/portal\/","logo":{"@type":"ImageObject","inLanguage":"pt-BR","@id":"https:\/\/acrimat.org.br\/portal\/#\/schema\/logo\/image\/","url":"https:\/\/acrimat.org.br\/portal\/wp-content\/uploads\/2018\/03\/logo-peq-original.png","contentUrl":"https:\/\/acrimat.org.br\/portal\/wp-content\/uploads\/2018\/03\/logo-peq-original.png","width":174,"height":171,"caption":"Associa\u00e7\u00e3o dos Criadores de Mato Grosso"},"image":{"@id":"https:\/\/acrimat.org.br\/portal\/#\/schema\/logo\/image\/"}},{"@type":"Person","@id":"https:\/\/acrimat.org.br\/portal\/#\/schema\/person\/18df8bcf6890e924fe5d8b5afd2bec0f","name":"P\u00e9ricles C\u00e2ndido","image":{"@type":"ImageObject","inLanguage":"pt-BR","@id":"https:\/\/acrimat.org.br\/portal\/#\/schema\/person\/image\/","url":"https:\/\/secure.gravatar.com\/avatar\/33e2a2b971dc363ed2df53d0d3bfbd18?s=96&d=mm&r=g","contentUrl":"https:\/\/secure.gravatar.com\/avatar\/33e2a2b971dc363ed2df53d0d3bfbd18?s=96&d=mm&r=g","caption":"P\u00e9ricles C\u00e2ndido"},"sameAs":["ascom@acrimat.org.br"],"url":"https:\/\/acrimat.org.br\/portal\/author\/designergrafico\/"}]}},"_links":{"self":[{"href":"https:\/\/acrimat.org.br\/portal\/wp-json\/wp\/v2\/posts\/97984487","targetHints":{"allow":["GET"]}}],"collection":[{"href":"https:\/\/acrimat.org.br\/portal\/wp-json\/wp\/v2\/posts"}],"about":[{"href":"https:\/\/acrimat.org.br\/portal\/wp-json\/wp\/v2\/types\/post"}],"author":[{"embeddable":true,"href":"https:\/\/acrimat.org.br\/portal\/wp-json\/wp\/v2\/users\/11"}],"replies":[{"embeddable":true,"href":"https:\/\/acrimat.org.br\/portal\/wp-json\/wp\/v2\/comments?post=97984487"}],"version-history":[{"count":1,"href":"https:\/\/acrimat.org.br\/portal\/wp-json\/wp\/v2\/posts\/97984487\/revisions"}],"predecessor-version":[{"id":97984490,"href":"https:\/\/acrimat.org.br\/portal\/wp-json\/wp\/v2\/posts\/97984487\/revisions\/97984490"}],"wp:featuredmedia":[{"embeddable":true,"href":"https:\/\/acrimat.org.br\/portal\/wp-json\/wp\/v2\/media\/97984489"}],"wp:attachment":[{"href":"https:\/\/acrimat.org.br\/portal\/wp-json\/wp\/v2\/media?parent=97984487"}],"wp:term":[{"taxonomy":"category","embeddable":true,"href":"https:\/\/acrimat.org.br\/portal\/wp-json\/wp\/v2\/categories?post=97984487"},{"taxonomy":"post_tag","embeddable":true,"href":"https:\/\/acrimat.org.br\/portal\/wp-json\/wp\/v2\/tags?post=97984487"}],"curies":[{"name":"wp","href":"https:\/\/api.w.org\/{rel}","templated":true}]}}