{"id":97984492,"date":"2017-10-25T10:46:25","date_gmt":"2017-10-25T13:46:25","guid":{"rendered":"http:\/\/acrimat.org.br\/portal\/?p=97984492"},"modified":"2017-10-25T10:46:25","modified_gmt":"2017-10-25T13:46:25","slug":"decreto-que-centraliza-inspecao-animal-pode-sair-em-breve","status":"publish","type":"post","link":"https:\/\/acrimat.org.br\/portal\/decreto-que-centraliza-inspecao-animal-pode-sair-em-breve\/","title":{"rendered":"Decreto que centraliza inspe\u00e7\u00e3o animal pode sair em breve"},"content":{"rendered":"<p>O diretor do Departamento de Inspe\u00e7\u00e3o de Produtos de Origem Animal do Minist\u00e9rio da Agricultura (Dipoa), Jos\u00e9 Lu\u00eds Vargas, disse nessa ter\u00e7a-feira (24) que o decreto que o governo prepara para centralizar o sistema de inspe\u00e7\u00e3o animal em Bras\u00edlia poder\u00e1 ser publicado na pr\u00f3xima semana. A publica\u00e7\u00e3o vem sendo prometida h\u00e1 quase tr\u00eas meses pelo ministro Blairo Maggi, como parte de um pacote de medidas para melhorar a fiscaliza\u00e7\u00e3o agropecu\u00e1ria no pa\u00eds depois da Opera\u00e7\u00e3o Carne Fraca, deflagrada pela Pol\u00edcia Federal em mar\u00e7o com foco em casos de corrup\u00e7\u00e3o entre fiscais agropecu\u00e1rios e funcion\u00e1rios de frigor\u00edficos.<\/p>\n<p>\u201cO ministro do Planejamento, Dyogo Oliveira, j\u00e1 informou ao ministro Blairo que o decreto sobre a verticaliza\u00e7\u00e3o da inspe\u00e7\u00e3o animal est\u00e1 para sair at\u00e9 a pr\u00f3xima semana\u201d, disse Vargas em audi\u00eancia p\u00fablica na Comiss\u00e3o de Agricultura da C\u00e2mara para discutir o sistema de defesa agropecu\u00e1ria nacional.<\/p>\n<p>Conforme j\u00e1 informou ao Valor o secret\u00e1rio de Defesa Agropecu\u00e1ria do Minist\u00e9rio, Lu\u00eds Eduardo Rangel, o decreto dever\u00e1 instituir o chamado sistema de \u201ccomando e controle\u201d para a \u00e1rea de inspe\u00e7\u00e3o animal e acabar com a excessiva hierarquia que existe hoje na tomada de decis\u00f5es nessa seara. Na pr\u00e1tica, a medida centraliza na sede do minist\u00e9rio, em Bras\u00edlia, todas as ordens de servi\u00e7o de fiscaliza\u00e7\u00e3o federal para frigor\u00edficos e outras f\u00e1bricas de alimentos de origem animal \u2014 como latic\u00ednios, por exemplo. Com isso, o Dipoa passar\u00e1 a ter controle sobre os fiscais que atuam nos frigor\u00edficos. Hoje, esse papel \u00e9 das superintend\u00eancias estaduais do minist\u00e9rio, principais alvos da Carne Fraca.<\/p>\n<p>Entre as demais mudan\u00e7as no sistema de fiscaliza\u00e7\u00e3o previstas pelo minist\u00e9rio e que tamb\u00e9m ainda n\u00e3o sa\u00edram do papel est\u00e3o uma Medida Provis\u00f3ria ou projeto de lei para cria\u00e7\u00e3o de uma nova SDA com autonomia financeira, or\u00e7ament\u00e1ria e administrativa. A medida vem sendo considerada uma tentativa de \u201dterceiriza\u00e7\u00e3o\u201d pelo Sindicato Nacional dos Auditores Federais Agropecu\u00e1rios (Anffa Sindical).<\/p>\n<p>A cria\u00e7\u00e3o de um fundo abastecido com a cobran\u00e7a de taxas por servi\u00e7os de defesa, como emiss\u00e3o de certificados sanit\u00e1rios e fitossanit\u00e1rios, exames de laborat\u00f3rio e registro de plantas industriais, e que teria potencial para arrecadar cerca de R$ 1 bilh\u00e3o por ano, tamb\u00e9m continua nos planos.<\/p>\n","protected":false},"excerpt":{"rendered":"<p>A publica\u00e7\u00e3o vem sendo prometida como parte de um pacote de medidas para melhorar a fiscaliza\u00e7\u00e3o agropecu\u00e1ria no pa\u00eds depois da Opera\u00e7\u00e3o Carne Fraca<\/p>\n","protected":false},"author":11,"featured_media":97984493,"comment_status":"closed","ping_status":"closed","sticky":false,"template":"","format":"standard","meta":{"footnotes":""},"categories":[6,1],"tags":[],"class_list":["post-97984492","post","type-post","status-publish","format-standard","has-post-thumbnail","hentry","category-destaque","category-noticia"],"yoast_head":"<!-- This site is optimized with the Yoast SEO plugin v24.8.1 - https:\/\/yoast.com\/wordpress\/plugins\/seo\/ -->\n<title>Decreto que centraliza inspe\u00e7\u00e3o animal pode sair em breve - Acrimat<\/title>\n<meta name=\"robots\" content=\"index, follow, max-snippet:-1, max-image-preview:large, max-video-preview:-1\" \/>\n<link rel=\"canonical\" href=\"https:\/\/acrimat.org.br\/portal\/decreto-que-centraliza-inspecao-animal-pode-sair-em-breve\/\" \/>\n<meta property=\"og:locale\" content=\"pt_BR\" \/>\n<meta property=\"og:type\" content=\"article\" \/>\n<meta property=\"og:title\" content=\"Decreto que centraliza inspe\u00e7\u00e3o animal pode sair em breve - Acrimat\" \/>\n<meta property=\"og:description\" content=\"A publica\u00e7\u00e3o vem sendo prometida como parte de um pacote de medidas para melhorar a fiscaliza\u00e7\u00e3o agropecu\u00e1ria no pa\u00eds depois da Opera\u00e7\u00e3o Carne Fraca\" \/>\n<meta property=\"og:url\" content=\"https:\/\/acrimat.org.br\/portal\/decreto-que-centraliza-inspecao-animal-pode-sair-em-breve\/\" \/>\n<meta property=\"og:site_name\" content=\"Acrimat\" \/>\n<meta property=\"article:published_time\" content=\"2017-10-25T13:46:25+00:00\" \/>\n<meta property=\"og:image\" content=\"https:\/\/acrimat.org.br\/portal\/wp-content\/uploads\/2017\/10\/24-10-audiencia-publica-camara-d-1024x683.jpg\" \/>\n\t<meta property=\"og:image:width\" content=\"1024\" \/>\n\t<meta property=\"og:image:height\" content=\"683\" \/>\n\t<meta property=\"og:image:type\" content=\"image\/jpeg\" \/>\n<meta name=\"author\" content=\"P\u00e9ricles C\u00e2ndido\" \/>\n<meta name=\"twitter:card\" content=\"summary_large_image\" \/>\n<meta name=\"twitter:label1\" content=\"Escrito por\" \/>\n\t<meta name=\"twitter:data1\" content=\"P\u00e9ricles C\u00e2ndido\" \/>\n\t<meta name=\"twitter:label2\" content=\"Est. tempo de leitura\" \/>\n\t<meta name=\"twitter:data2\" content=\"2 minutos\" \/>\n<script type=\"application\/ld+json\" class=\"yoast-schema-graph\">{\"@context\":\"https:\/\/schema.org\",\"@graph\":[{\"@type\":\"Article\",\"@id\":\"https:\/\/acrimat.org.br\/portal\/decreto-que-centraliza-inspecao-animal-pode-sair-em-breve\/#article\",\"isPartOf\":{\"@id\":\"https:\/\/acrimat.org.br\/portal\/decreto-que-centraliza-inspecao-animal-pode-sair-em-breve\/\"},\"author\":{\"name\":\"P\u00e9ricles C\u00e2ndido\",\"@id\":\"https:\/\/acrimat.org.br\/portal\/#\/schema\/person\/18df8bcf6890e924fe5d8b5afd2bec0f\"},\"headline\":\"Decreto que centraliza inspe\u00e7\u00e3o animal pode sair em breve\",\"datePublished\":\"2017-10-25T13:46:25+00:00\",\"mainEntityOfPage\":{\"@id\":\"https:\/\/acrimat.org.br\/portal\/decreto-que-centraliza-inspecao-animal-pode-sair-em-breve\/\"},\"wordCount\":428,\"publisher\":{\"@id\":\"https:\/\/acrimat.org.br\/portal\/#organization\"},\"image\":{\"@id\":\"https:\/\/acrimat.org.br\/portal\/decreto-que-centraliza-inspecao-animal-pode-sair-em-breve\/#primaryimage\"},\"thumbnailUrl\":\"https:\/\/acrimat.org.br\/portal\/wp-content\/uploads\/2017\/10\/24-10-audiencia-publica-camara-d.jpg\",\"articleSection\":[\"Destaques\",\"Not\u00edcias\"],\"inLanguage\":\"pt-BR\"},{\"@type\":\"WebPage\",\"@id\":\"https:\/\/acrimat.org.br\/portal\/decreto-que-centraliza-inspecao-animal-pode-sair-em-breve\/\",\"url\":\"https:\/\/acrimat.org.br\/portal\/decreto-que-centraliza-inspecao-animal-pode-sair-em-breve\/\",\"name\":\"Decreto que centraliza inspe\u00e7\u00e3o animal pode sair em breve - Acrimat\",\"isPartOf\":{\"@id\":\"https:\/\/acrimat.org.br\/portal\/#website\"},\"primaryImageOfPage\":{\"@id\":\"https:\/\/acrimat.org.br\/portal\/decreto-que-centraliza-inspecao-animal-pode-sair-em-breve\/#primaryimage\"},\"image\":{\"@id\":\"https:\/\/acrimat.org.br\/portal\/decreto-que-centraliza-inspecao-animal-pode-sair-em-breve\/#primaryimage\"},\"thumbnailUrl\":\"https:\/\/acrimat.org.br\/portal\/wp-content\/uploads\/2017\/10\/24-10-audiencia-publica-camara-d.jpg\",\"datePublished\":\"2017-10-25T13:46:25+00:00\",\"breadcrumb\":{\"@id\":\"https:\/\/acrimat.org.br\/portal\/decreto-que-centraliza-inspecao-animal-pode-sair-em-breve\/#breadcrumb\"},\"inLanguage\":\"pt-BR\",\"potentialAction\":[{\"@type\":\"ReadAction\",\"target\":[\"https:\/\/acrimat.org.br\/portal\/decreto-que-centraliza-inspecao-animal-pode-sair-em-breve\/\"]}]},{\"@type\":\"ImageObject\",\"inLanguage\":\"pt-BR\",\"@id\":\"https:\/\/acrimat.org.br\/portal\/decreto-que-centraliza-inspecao-animal-pode-sair-em-breve\/#primaryimage\",\"url\":\"https:\/\/acrimat.org.br\/portal\/wp-content\/uploads\/2017\/10\/24-10-audiencia-publica-camara-d.jpg\",\"contentUrl\":\"https:\/\/acrimat.org.br\/portal\/wp-content\/uploads\/2017\/10\/24-10-audiencia-publica-camara-d.jpg\",\"width\":6000,\"height\":4000},{\"@type\":\"BreadcrumbList\",\"@id\":\"https:\/\/acrimat.org.br\/portal\/decreto-que-centraliza-inspecao-animal-pode-sair-em-breve\/#breadcrumb\",\"itemListElement\":[{\"@type\":\"ListItem\",\"position\":1,\"name\":\"In\u00edcio\",\"item\":\"https:\/\/acrimat.org.br\/portal\/\"},{\"@type\":\"ListItem\",\"position\":2,\"name\":\"Decreto que centraliza inspe\u00e7\u00e3o animal pode sair em breve\"}]},{\"@type\":\"WebSite\",\"@id\":\"https:\/\/acrimat.org.br\/portal\/#website\",\"url\":\"https:\/\/acrimat.org.br\/portal\/\",\"name\":\"Acrimat\",\"description\":\"Associa\u00e7\u00e3o dos Criadores de Mato Grosso\",\"publisher\":{\"@id\":\"https:\/\/acrimat.org.br\/portal\/#organization\"},\"potentialAction\":[{\"@type\":\"SearchAction\",\"target\":{\"@type\":\"EntryPoint\",\"urlTemplate\":\"https:\/\/acrimat.org.br\/portal\/?s={search_term_string}\"},\"query-input\":{\"@type\":\"PropertyValueSpecification\",\"valueRequired\":true,\"valueName\":\"search_term_string\"}}],\"inLanguage\":\"pt-BR\"},{\"@type\":\"Organization\",\"@id\":\"https:\/\/acrimat.org.br\/portal\/#organization\",\"name\":\"Associa\u00e7\u00e3o dos Criadores de Mato Grosso\",\"url\":\"https:\/\/acrimat.org.br\/portal\/\",\"logo\":{\"@type\":\"ImageObject\",\"inLanguage\":\"pt-BR\",\"@id\":\"https:\/\/acrimat.org.br\/portal\/#\/schema\/logo\/image\/\",\"url\":\"https:\/\/acrimat.org.br\/portal\/wp-content\/uploads\/2018\/03\/logo-peq-original.png\",\"contentUrl\":\"https:\/\/acrimat.org.br\/portal\/wp-content\/uploads\/2018\/03\/logo-peq-original.png\",\"width\":174,\"height\":171,\"caption\":\"Associa\u00e7\u00e3o dos Criadores de Mato Grosso\"},\"image\":{\"@id\":\"https:\/\/acrimat.org.br\/portal\/#\/schema\/logo\/image\/\"}},{\"@type\":\"Person\",\"@id\":\"https:\/\/acrimat.org.br\/portal\/#\/schema\/person\/18df8bcf6890e924fe5d8b5afd2bec0f\",\"name\":\"P\u00e9ricles C\u00e2ndido\",\"image\":{\"@type\":\"ImageObject\",\"inLanguage\":\"pt-BR\",\"@id\":\"https:\/\/acrimat.org.br\/portal\/#\/schema\/person\/image\/\",\"url\":\"https:\/\/secure.gravatar.com\/avatar\/33e2a2b971dc363ed2df53d0d3bfbd18?s=96&d=mm&r=g\",\"contentUrl\":\"https:\/\/secure.gravatar.com\/avatar\/33e2a2b971dc363ed2df53d0d3bfbd18?s=96&d=mm&r=g\",\"caption\":\"P\u00e9ricles C\u00e2ndido\"},\"sameAs\":[\"ascom@acrimat.org.br\"],\"url\":\"https:\/\/acrimat.org.br\/portal\/author\/designergrafico\/\"}]}<\/script>\n<!-- \/ Yoast SEO plugin. -->","yoast_head_json":{"title":"Decreto que centraliza inspe\u00e7\u00e3o animal pode sair em breve - Acrimat","robots":{"index":"index","follow":"follow","max-snippet":"max-snippet:-1","max-image-preview":"max-image-preview:large","max-video-preview":"max-video-preview:-1"},"canonical":"https:\/\/acrimat.org.br\/portal\/decreto-que-centraliza-inspecao-animal-pode-sair-em-breve\/","og_locale":"pt_BR","og_type":"article","og_title":"Decreto que centraliza inspe\u00e7\u00e3o animal pode sair em breve - Acrimat","og_description":"A publica\u00e7\u00e3o vem sendo prometida como parte de um pacote de medidas para melhorar a fiscaliza\u00e7\u00e3o agropecu\u00e1ria no pa\u00eds depois da Opera\u00e7\u00e3o Carne Fraca","og_url":"https:\/\/acrimat.org.br\/portal\/decreto-que-centraliza-inspecao-animal-pode-sair-em-breve\/","og_site_name":"Acrimat","article_published_time":"2017-10-25T13:46:25+00:00","og_image":[{"width":1024,"height":683,"url":"https:\/\/acrimat.org.br\/portal\/wp-content\/uploads\/2017\/10\/24-10-audiencia-publica-camara-d-1024x683.jpg","type":"image\/jpeg"}],"author":"P\u00e9ricles C\u00e2ndido","twitter_card":"summary_large_image","twitter_misc":{"Escrito por":"P\u00e9ricles C\u00e2ndido","Est. tempo de leitura":"2 minutos"},"schema":{"@context":"https:\/\/schema.org","@graph":[{"@type":"Article","@id":"https:\/\/acrimat.org.br\/portal\/decreto-que-centraliza-inspecao-animal-pode-sair-em-breve\/#article","isPartOf":{"@id":"https:\/\/acrimat.org.br\/portal\/decreto-que-centraliza-inspecao-animal-pode-sair-em-breve\/"},"author":{"name":"P\u00e9ricles C\u00e2ndido","@id":"https:\/\/acrimat.org.br\/portal\/#\/schema\/person\/18df8bcf6890e924fe5d8b5afd2bec0f"},"headline":"Decreto que centraliza inspe\u00e7\u00e3o animal pode sair em breve","datePublished":"2017-10-25T13:46:25+00:00","mainEntityOfPage":{"@id":"https:\/\/acrimat.org.br\/portal\/decreto-que-centraliza-inspecao-animal-pode-sair-em-breve\/"},"wordCount":428,"publisher":{"@id":"https:\/\/acrimat.org.br\/portal\/#organization"},"image":{"@id":"https:\/\/acrimat.org.br\/portal\/decreto-que-centraliza-inspecao-animal-pode-sair-em-breve\/#primaryimage"},"thumbnailUrl":"https:\/\/acrimat.org.br\/portal\/wp-content\/uploads\/2017\/10\/24-10-audiencia-publica-camara-d.jpg","articleSection":["Destaques","Not\u00edcias"],"inLanguage":"pt-BR"},{"@type":"WebPage","@id":"https:\/\/acrimat.org.br\/portal\/decreto-que-centraliza-inspecao-animal-pode-sair-em-breve\/","url":"https:\/\/acrimat.org.br\/portal\/decreto-que-centraliza-inspecao-animal-pode-sair-em-breve\/","name":"Decreto que centraliza inspe\u00e7\u00e3o animal pode sair em breve - Acrimat","isPartOf":{"@id":"https:\/\/acrimat.org.br\/portal\/#website"},"primaryImageOfPage":{"@id":"https:\/\/acrimat.org.br\/portal\/decreto-que-centraliza-inspecao-animal-pode-sair-em-breve\/#primaryimage"},"image":{"@id":"https:\/\/acrimat.org.br\/portal\/decreto-que-centraliza-inspecao-animal-pode-sair-em-breve\/#primaryimage"},"thumbnailUrl":"https:\/\/acrimat.org.br\/portal\/wp-content\/uploads\/2017\/10\/24-10-audiencia-publica-camara-d.jpg","datePublished":"2017-10-25T13:46:25+00:00","breadcrumb":{"@id":"https:\/\/acrimat.org.br\/portal\/decreto-que-centraliza-inspecao-animal-pode-sair-em-breve\/#breadcrumb"},"inLanguage":"pt-BR","potentialAction":[{"@type":"ReadAction","target":["https:\/\/acrimat.org.br\/portal\/decreto-que-centraliza-inspecao-animal-pode-sair-em-breve\/"]}]},{"@type":"ImageObject","inLanguage":"pt-BR","@id":"https:\/\/acrimat.org.br\/portal\/decreto-que-centraliza-inspecao-animal-pode-sair-em-breve\/#primaryimage","url":"https:\/\/acrimat.org.br\/portal\/wp-content\/uploads\/2017\/10\/24-10-audiencia-publica-camara-d.jpg","contentUrl":"https:\/\/acrimat.org.br\/portal\/wp-content\/uploads\/2017\/10\/24-10-audiencia-publica-camara-d.jpg","width":6000,"height":4000},{"@type":"BreadcrumbList","@id":"https:\/\/acrimat.org.br\/portal\/decreto-que-centraliza-inspecao-animal-pode-sair-em-breve\/#breadcrumb","itemListElement":[{"@type":"ListItem","position":1,"name":"In\u00edcio","item":"https:\/\/acrimat.org.br\/portal\/"},{"@type":"ListItem","position":2,"name":"Decreto que centraliza inspe\u00e7\u00e3o animal pode sair em breve"}]},{"@type":"WebSite","@id":"https:\/\/acrimat.org.br\/portal\/#website","url":"https:\/\/acrimat.org.br\/portal\/","name":"Acrimat","description":"Associa\u00e7\u00e3o dos Criadores de Mato Grosso","publisher":{"@id":"https:\/\/acrimat.org.br\/portal\/#organization"},"potentialAction":[{"@type":"SearchAction","target":{"@type":"EntryPoint","urlTemplate":"https:\/\/acrimat.org.br\/portal\/?s={search_term_string}"},"query-input":{"@type":"PropertyValueSpecification","valueRequired":true,"valueName":"search_term_string"}}],"inLanguage":"pt-BR"},{"@type":"Organization","@id":"https:\/\/acrimat.org.br\/portal\/#organization","name":"Associa\u00e7\u00e3o dos Criadores de Mato Grosso","url":"https:\/\/acrimat.org.br\/portal\/","logo":{"@type":"ImageObject","inLanguage":"pt-BR","@id":"https:\/\/acrimat.org.br\/portal\/#\/schema\/logo\/image\/","url":"https:\/\/acrimat.org.br\/portal\/wp-content\/uploads\/2018\/03\/logo-peq-original.png","contentUrl":"https:\/\/acrimat.org.br\/portal\/wp-content\/uploads\/2018\/03\/logo-peq-original.png","width":174,"height":171,"caption":"Associa\u00e7\u00e3o dos Criadores de Mato Grosso"},"image":{"@id":"https:\/\/acrimat.org.br\/portal\/#\/schema\/logo\/image\/"}},{"@type":"Person","@id":"https:\/\/acrimat.org.br\/portal\/#\/schema\/person\/18df8bcf6890e924fe5d8b5afd2bec0f","name":"P\u00e9ricles C\u00e2ndido","image":{"@type":"ImageObject","inLanguage":"pt-BR","@id":"https:\/\/acrimat.org.br\/portal\/#\/schema\/person\/image\/","url":"https:\/\/secure.gravatar.com\/avatar\/33e2a2b971dc363ed2df53d0d3bfbd18?s=96&d=mm&r=g","contentUrl":"https:\/\/secure.gravatar.com\/avatar\/33e2a2b971dc363ed2df53d0d3bfbd18?s=96&d=mm&r=g","caption":"P\u00e9ricles C\u00e2ndido"},"sameAs":["ascom@acrimat.org.br"],"url":"https:\/\/acrimat.org.br\/portal\/author\/designergrafico\/"}]}},"_links":{"self":[{"href":"https:\/\/acrimat.org.br\/portal\/wp-json\/wp\/v2\/posts\/97984492","targetHints":{"allow":["GET"]}}],"collection":[{"href":"https:\/\/acrimat.org.br\/portal\/wp-json\/wp\/v2\/posts"}],"about":[{"href":"https:\/\/acrimat.org.br\/portal\/wp-json\/wp\/v2\/types\/post"}],"author":[{"embeddable":true,"href":"https:\/\/acrimat.org.br\/portal\/wp-json\/wp\/v2\/users\/11"}],"replies":[{"embeddable":true,"href":"https:\/\/acrimat.org.br\/portal\/wp-json\/wp\/v2\/comments?post=97984492"}],"version-history":[{"count":1,"href":"https:\/\/acrimat.org.br\/portal\/wp-json\/wp\/v2\/posts\/97984492\/revisions"}],"predecessor-version":[{"id":97984494,"href":"https:\/\/acrimat.org.br\/portal\/wp-json\/wp\/v2\/posts\/97984492\/revisions\/97984494"}],"wp:featuredmedia":[{"embeddable":true,"href":"https:\/\/acrimat.org.br\/portal\/wp-json\/wp\/v2\/media\/97984493"}],"wp:attachment":[{"href":"https:\/\/acrimat.org.br\/portal\/wp-json\/wp\/v2\/media?parent=97984492"}],"wp:term":[{"taxonomy":"category","embeddable":true,"href":"https:\/\/acrimat.org.br\/portal\/wp-json\/wp\/v2\/categories?post=97984492"},{"taxonomy":"post_tag","embeddable":true,"href":"https:\/\/acrimat.org.br\/portal\/wp-json\/wp\/v2\/tags?post=97984492"}],"curies":[{"name":"wp","href":"https:\/\/api.w.org\/{rel}","templated":true}]}}