{"id":97984510,"date":"2017-10-26T09:32:28","date_gmt":"2017-10-26T12:32:28","guid":{"rendered":"http:\/\/acrimat.org.br\/portal\/?p=97984510"},"modified":"2017-10-26T09:32:28","modified_gmt":"2017-10-26T12:32:28","slug":"lider-em-carnes-para-muculmanos-brasil-quer-ampliar-60-do-mercado","status":"publish","type":"post","link":"https:\/\/acrimat.org.br\/portal\/lider-em-carnes-para-muculmanos-brasil-quer-ampliar-60-do-mercado\/","title":{"rendered":"L\u00edder em carnes para mu\u00e7ulmanos, Brasil quer ampliar 60% do mercado"},"content":{"rendered":"<p>Maior produtor e exportador mundial de carne bovina e segundo maior de frangos, o Brasil \u00e9 tamb\u00e9m l\u00edder nas vendas de carne halal, especialmente cortada para mu\u00e7ulmanos. O pa\u00eds exporta para 22 pa\u00edses isl\u00e2micos, num total de 2 milh\u00f5es de toneladas ao ano.<\/p>\n<p>Ainda assim, as entidades representativas consideram que o setor \u00e9 subestimado no pa\u00eds, ao produzir apenas 33% da capacidade. O potencial estimado de crescimento das exporta\u00e7\u00f5es \u00e9 de 60% at\u00e9 2020.<\/p>\n<p>Na semana passada, o Brasil venceu na Organiza\u00e7\u00e3o Mundial do Com\u00e9rcio (OMC) um contencioso movido contra a Indon\u00e9sia, que impunha medidas restritivas ao com\u00e9rcio internacional e dificultava a entrada do frango halal brasileiro. Com a vit\u00f3ria, as portas de um mercado de 250 milh\u00f5es de habitantes e pelo menos U$S 70 milh\u00f5es come\u00e7am a se abrir.<\/p>\n<p>\u201cN\u00f3s vamos ver agora, j\u00e1 que havia tantas barreiras antes de chegar no ponto da negocia\u00e7\u00e3o propriamente dita\u201d, espera o subsecret\u00e1rio de Assuntos Econ\u00f4micos e Financeiros do Itamaraty, Carlos Cozendey. \u201cTemos venda de produtos halal para v\u00e1rios pa\u00edses mu\u00e7ulmanos, como Mal\u00e1sia, Arabia Saudita. Nem todos t\u00eam o mesmo tipo de certifica\u00e7\u00e3o de produto halal mas o Brasil tem a capacidade de cumprir as exig\u00eancias feitas.\u201d<\/p>\n<p>O Brasil entrou nesse ramo no fim dos anos 1970, para atender ao pequeno mercado interno. A partir de 2002, por\u00e9m, os produtores brasileiros perceberam o imenso potencial mundial do setor.<\/p>\n<p>\u201cOs pequenos e m\u00e9dios produtores come\u00e7aram a entender a import\u00e2ncia do Oriente M\u00e9dio. Estamos falando do consumo de 800 milh\u00f5es de habitantes\u201d, lembra Tamer Mansour, assessor para assuntos estrat\u00e9gicos da C\u00e2mara de Com\u00e9rcio \u00c1rabe-Brasileira. \u201cMas se abrirmos para todo o mercado isl\u00e2mico, falamos de 1,6 bilh\u00e3o de pessoas que procuram o corte halal. Por isso, o Brasil come\u00e7ou a mudar completamente a vis\u00e3o sobre esses mercados, que se tornaram priorit\u00e1rios.\u201d<\/p>\n<p>Quase 40 anos depois, as certificadoras de produ\u00e7\u00e3o halal est\u00e3o estabelecidas no Brasil e contam com o aval de entidades internacionais isl\u00e2micas. A C\u00e2mara de Com\u00e9rcio \u00c1rabe-Brasileira espera que a realiza\u00e7\u00e3o de grandes eventos no Oriente M\u00e9dio nos pr\u00f3ximos anos, como a Expo 2020, em Dubai, e Copa do Mundo no Catar, em 2022, vai alavancar uma nova fase do com\u00e9rcio halal brasileiro.<\/p>\n<p>A c\u00e2mara avalia que 90% dos frigor\u00edficos brasileiros s\u00e3o habilitados para desenvolver a produ\u00e7\u00e3o halal.<\/p>\n<p><strong><em>Fonte: RFI, resumida e adaptada pela Equipe BeefPoint.<\/em><\/strong><\/p>\n","protected":false},"excerpt":{"rendered":"<p>Pa\u00eds exporta para 22 pa\u00edses isl\u00e2micos, num total de 2 milh\u00f5es de toneladas ao ano<\/p>\n","protected":false},"author":11,"featured_media":97984511,"comment_status":"closed","ping_status":"closed","sticky":false,"template":"","format":"standard","meta":{"footnotes":""},"categories":[6,1],"tags":[],"class_list":["post-97984510","post","type-post","status-publish","format-standard","has-post-thumbnail","hentry","category-destaque","category-noticia"],"yoast_head":"<!-- This site is optimized with the Yoast SEO plugin v24.8.1 - https:\/\/yoast.com\/wordpress\/plugins\/seo\/ -->\n<title>L\u00edder em carnes para mu\u00e7ulmanos, Brasil quer ampliar 60% do mercado - Acrimat<\/title>\n<meta name=\"robots\" content=\"index, follow, max-snippet:-1, max-image-preview:large, max-video-preview:-1\" \/>\n<link rel=\"canonical\" href=\"https:\/\/acrimat.org.br\/portal\/lider-em-carnes-para-muculmanos-brasil-quer-ampliar-60-do-mercado\/\" \/>\n<meta property=\"og:locale\" content=\"pt_BR\" \/>\n<meta property=\"og:type\" content=\"article\" \/>\n<meta property=\"og:title\" content=\"L\u00edder em carnes para mu\u00e7ulmanos, Brasil quer ampliar 60% do mercado - Acrimat\" \/>\n<meta property=\"og:description\" content=\"Pa\u00eds exporta para 22 pa\u00edses isl\u00e2micos, num total de 2 milh\u00f5es de toneladas ao ano\" \/>\n<meta property=\"og:url\" content=\"https:\/\/acrimat.org.br\/portal\/lider-em-carnes-para-muculmanos-brasil-quer-ampliar-60-do-mercado\/\" \/>\n<meta property=\"og:site_name\" content=\"Acrimat\" \/>\n<meta property=\"article:published_time\" content=\"2017-10-26T12:32:28+00:00\" \/>\n<meta property=\"og:image\" content=\"https:\/\/acrimat.org.br\/portal\/wp-content\/uploads\/2017\/10\/abate-halal_2.jpg\" \/>\n\t<meta property=\"og:image:width\" content=\"600\" \/>\n\t<meta property=\"og:image:height\" content=\"338\" \/>\n\t<meta property=\"og:image:type\" content=\"image\/jpeg\" \/>\n<meta name=\"author\" content=\"P\u00e9ricles C\u00e2ndido\" \/>\n<meta name=\"twitter:card\" content=\"summary_large_image\" \/>\n<meta name=\"twitter:label1\" content=\"Escrito por\" \/>\n\t<meta name=\"twitter:data1\" content=\"P\u00e9ricles C\u00e2ndido\" \/>\n\t<meta name=\"twitter:label2\" content=\"Est. tempo de leitura\" \/>\n\t<meta name=\"twitter:data2\" content=\"2 minutos\" \/>\n<script type=\"application\/ld+json\" class=\"yoast-schema-graph\">{\"@context\":\"https:\/\/schema.org\",\"@graph\":[{\"@type\":\"Article\",\"@id\":\"https:\/\/acrimat.org.br\/portal\/lider-em-carnes-para-muculmanos-brasil-quer-ampliar-60-do-mercado\/#article\",\"isPartOf\":{\"@id\":\"https:\/\/acrimat.org.br\/portal\/lider-em-carnes-para-muculmanos-brasil-quer-ampliar-60-do-mercado\/\"},\"author\":{\"name\":\"P\u00e9ricles C\u00e2ndido\",\"@id\":\"https:\/\/acrimat.org.br\/portal\/#\/schema\/person\/18df8bcf6890e924fe5d8b5afd2bec0f\"},\"headline\":\"L\u00edder em carnes para mu\u00e7ulmanos, Brasil quer ampliar 60% do mercado\",\"datePublished\":\"2017-10-26T12:32:28+00:00\",\"mainEntityOfPage\":{\"@id\":\"https:\/\/acrimat.org.br\/portal\/lider-em-carnes-para-muculmanos-brasil-quer-ampliar-60-do-mercado\/\"},\"wordCount\":432,\"publisher\":{\"@id\":\"https:\/\/acrimat.org.br\/portal\/#organization\"},\"image\":{\"@id\":\"https:\/\/acrimat.org.br\/portal\/lider-em-carnes-para-muculmanos-brasil-quer-ampliar-60-do-mercado\/#primaryimage\"},\"thumbnailUrl\":\"https:\/\/acrimat.org.br\/portal\/wp-content\/uploads\/2017\/10\/abate-halal_2.jpg\",\"articleSection\":[\"Destaques\",\"Not\u00edcias\"],\"inLanguage\":\"pt-BR\"},{\"@type\":\"WebPage\",\"@id\":\"https:\/\/acrimat.org.br\/portal\/lider-em-carnes-para-muculmanos-brasil-quer-ampliar-60-do-mercado\/\",\"url\":\"https:\/\/acrimat.org.br\/portal\/lider-em-carnes-para-muculmanos-brasil-quer-ampliar-60-do-mercado\/\",\"name\":\"L\u00edder em carnes para mu\u00e7ulmanos, Brasil quer ampliar 60% do mercado - Acrimat\",\"isPartOf\":{\"@id\":\"https:\/\/acrimat.org.br\/portal\/#website\"},\"primaryImageOfPage\":{\"@id\":\"https:\/\/acrimat.org.br\/portal\/lider-em-carnes-para-muculmanos-brasil-quer-ampliar-60-do-mercado\/#primaryimage\"},\"image\":{\"@id\":\"https:\/\/acrimat.org.br\/portal\/lider-em-carnes-para-muculmanos-brasil-quer-ampliar-60-do-mercado\/#primaryimage\"},\"thumbnailUrl\":\"https:\/\/acrimat.org.br\/portal\/wp-content\/uploads\/2017\/10\/abate-halal_2.jpg\",\"datePublished\":\"2017-10-26T12:32:28+00:00\",\"breadcrumb\":{\"@id\":\"https:\/\/acrimat.org.br\/portal\/lider-em-carnes-para-muculmanos-brasil-quer-ampliar-60-do-mercado\/#breadcrumb\"},\"inLanguage\":\"pt-BR\",\"potentialAction\":[{\"@type\":\"ReadAction\",\"target\":[\"https:\/\/acrimat.org.br\/portal\/lider-em-carnes-para-muculmanos-brasil-quer-ampliar-60-do-mercado\/\"]}]},{\"@type\":\"ImageObject\",\"inLanguage\":\"pt-BR\",\"@id\":\"https:\/\/acrimat.org.br\/portal\/lider-em-carnes-para-muculmanos-brasil-quer-ampliar-60-do-mercado\/#primaryimage\",\"url\":\"https:\/\/acrimat.org.br\/portal\/wp-content\/uploads\/2017\/10\/abate-halal_2.jpg\",\"contentUrl\":\"https:\/\/acrimat.org.br\/portal\/wp-content\/uploads\/2017\/10\/abate-halal_2.jpg\",\"width\":600,\"height\":338},{\"@type\":\"BreadcrumbList\",\"@id\":\"https:\/\/acrimat.org.br\/portal\/lider-em-carnes-para-muculmanos-brasil-quer-ampliar-60-do-mercado\/#breadcrumb\",\"itemListElement\":[{\"@type\":\"ListItem\",\"position\":1,\"name\":\"In\u00edcio\",\"item\":\"https:\/\/acrimat.org.br\/portal\/\"},{\"@type\":\"ListItem\",\"position\":2,\"name\":\"L\u00edder em carnes para mu\u00e7ulmanos, Brasil quer ampliar 60% do mercado\"}]},{\"@type\":\"WebSite\",\"@id\":\"https:\/\/acrimat.org.br\/portal\/#website\",\"url\":\"https:\/\/acrimat.org.br\/portal\/\",\"name\":\"Acrimat\",\"description\":\"Associa\u00e7\u00e3o dos Criadores de Mato Grosso\",\"publisher\":{\"@id\":\"https:\/\/acrimat.org.br\/portal\/#organization\"},\"potentialAction\":[{\"@type\":\"SearchAction\",\"target\":{\"@type\":\"EntryPoint\",\"urlTemplate\":\"https:\/\/acrimat.org.br\/portal\/?s={search_term_string}\"},\"query-input\":{\"@type\":\"PropertyValueSpecification\",\"valueRequired\":true,\"valueName\":\"search_term_string\"}}],\"inLanguage\":\"pt-BR\"},{\"@type\":\"Organization\",\"@id\":\"https:\/\/acrimat.org.br\/portal\/#organization\",\"name\":\"Associa\u00e7\u00e3o dos Criadores de Mato Grosso\",\"url\":\"https:\/\/acrimat.org.br\/portal\/\",\"logo\":{\"@type\":\"ImageObject\",\"inLanguage\":\"pt-BR\",\"@id\":\"https:\/\/acrimat.org.br\/portal\/#\/schema\/logo\/image\/\",\"url\":\"https:\/\/acrimat.org.br\/portal\/wp-content\/uploads\/2018\/03\/logo-peq-original.png\",\"contentUrl\":\"https:\/\/acrimat.org.br\/portal\/wp-content\/uploads\/2018\/03\/logo-peq-original.png\",\"width\":174,\"height\":171,\"caption\":\"Associa\u00e7\u00e3o dos Criadores de Mato Grosso\"},\"image\":{\"@id\":\"https:\/\/acrimat.org.br\/portal\/#\/schema\/logo\/image\/\"}},{\"@type\":\"Person\",\"@id\":\"https:\/\/acrimat.org.br\/portal\/#\/schema\/person\/18df8bcf6890e924fe5d8b5afd2bec0f\",\"name\":\"P\u00e9ricles C\u00e2ndido\",\"image\":{\"@type\":\"ImageObject\",\"inLanguage\":\"pt-BR\",\"@id\":\"https:\/\/acrimat.org.br\/portal\/#\/schema\/person\/image\/\",\"url\":\"https:\/\/secure.gravatar.com\/avatar\/33e2a2b971dc363ed2df53d0d3bfbd18?s=96&d=mm&r=g\",\"contentUrl\":\"https:\/\/secure.gravatar.com\/avatar\/33e2a2b971dc363ed2df53d0d3bfbd18?s=96&d=mm&r=g\",\"caption\":\"P\u00e9ricles C\u00e2ndido\"},\"sameAs\":[\"ascom@acrimat.org.br\"],\"url\":\"https:\/\/acrimat.org.br\/portal\/author\/designergrafico\/\"}]}<\/script>\n<!-- \/ Yoast SEO plugin. -->","yoast_head_json":{"title":"L\u00edder em carnes para mu\u00e7ulmanos, Brasil quer ampliar 60% do mercado - Acrimat","robots":{"index":"index","follow":"follow","max-snippet":"max-snippet:-1","max-image-preview":"max-image-preview:large","max-video-preview":"max-video-preview:-1"},"canonical":"https:\/\/acrimat.org.br\/portal\/lider-em-carnes-para-muculmanos-brasil-quer-ampliar-60-do-mercado\/","og_locale":"pt_BR","og_type":"article","og_title":"L\u00edder em carnes para mu\u00e7ulmanos, Brasil quer ampliar 60% do mercado - Acrimat","og_description":"Pa\u00eds exporta para 22 pa\u00edses isl\u00e2micos, num total de 2 milh\u00f5es de toneladas ao ano","og_url":"https:\/\/acrimat.org.br\/portal\/lider-em-carnes-para-muculmanos-brasil-quer-ampliar-60-do-mercado\/","og_site_name":"Acrimat","article_published_time":"2017-10-26T12:32:28+00:00","og_image":[{"width":600,"height":338,"url":"https:\/\/acrimat.org.br\/portal\/wp-content\/uploads\/2017\/10\/abate-halal_2.jpg","type":"image\/jpeg"}],"author":"P\u00e9ricles C\u00e2ndido","twitter_card":"summary_large_image","twitter_misc":{"Escrito por":"P\u00e9ricles C\u00e2ndido","Est. tempo de leitura":"2 minutos"},"schema":{"@context":"https:\/\/schema.org","@graph":[{"@type":"Article","@id":"https:\/\/acrimat.org.br\/portal\/lider-em-carnes-para-muculmanos-brasil-quer-ampliar-60-do-mercado\/#article","isPartOf":{"@id":"https:\/\/acrimat.org.br\/portal\/lider-em-carnes-para-muculmanos-brasil-quer-ampliar-60-do-mercado\/"},"author":{"name":"P\u00e9ricles C\u00e2ndido","@id":"https:\/\/acrimat.org.br\/portal\/#\/schema\/person\/18df8bcf6890e924fe5d8b5afd2bec0f"},"headline":"L\u00edder em carnes para mu\u00e7ulmanos, Brasil quer ampliar 60% do mercado","datePublished":"2017-10-26T12:32:28+00:00","mainEntityOfPage":{"@id":"https:\/\/acrimat.org.br\/portal\/lider-em-carnes-para-muculmanos-brasil-quer-ampliar-60-do-mercado\/"},"wordCount":432,"publisher":{"@id":"https:\/\/acrimat.org.br\/portal\/#organization"},"image":{"@id":"https:\/\/acrimat.org.br\/portal\/lider-em-carnes-para-muculmanos-brasil-quer-ampliar-60-do-mercado\/#primaryimage"},"thumbnailUrl":"https:\/\/acrimat.org.br\/portal\/wp-content\/uploads\/2017\/10\/abate-halal_2.jpg","articleSection":["Destaques","Not\u00edcias"],"inLanguage":"pt-BR"},{"@type":"WebPage","@id":"https:\/\/acrimat.org.br\/portal\/lider-em-carnes-para-muculmanos-brasil-quer-ampliar-60-do-mercado\/","url":"https:\/\/acrimat.org.br\/portal\/lider-em-carnes-para-muculmanos-brasil-quer-ampliar-60-do-mercado\/","name":"L\u00edder em carnes para mu\u00e7ulmanos, Brasil quer ampliar 60% do mercado - Acrimat","isPartOf":{"@id":"https:\/\/acrimat.org.br\/portal\/#website"},"primaryImageOfPage":{"@id":"https:\/\/acrimat.org.br\/portal\/lider-em-carnes-para-muculmanos-brasil-quer-ampliar-60-do-mercado\/#primaryimage"},"image":{"@id":"https:\/\/acrimat.org.br\/portal\/lider-em-carnes-para-muculmanos-brasil-quer-ampliar-60-do-mercado\/#primaryimage"},"thumbnailUrl":"https:\/\/acrimat.org.br\/portal\/wp-content\/uploads\/2017\/10\/abate-halal_2.jpg","datePublished":"2017-10-26T12:32:28+00:00","breadcrumb":{"@id":"https:\/\/acrimat.org.br\/portal\/lider-em-carnes-para-muculmanos-brasil-quer-ampliar-60-do-mercado\/#breadcrumb"},"inLanguage":"pt-BR","potentialAction":[{"@type":"ReadAction","target":["https:\/\/acrimat.org.br\/portal\/lider-em-carnes-para-muculmanos-brasil-quer-ampliar-60-do-mercado\/"]}]},{"@type":"ImageObject","inLanguage":"pt-BR","@id":"https:\/\/acrimat.org.br\/portal\/lider-em-carnes-para-muculmanos-brasil-quer-ampliar-60-do-mercado\/#primaryimage","url":"https:\/\/acrimat.org.br\/portal\/wp-content\/uploads\/2017\/10\/abate-halal_2.jpg","contentUrl":"https:\/\/acrimat.org.br\/portal\/wp-content\/uploads\/2017\/10\/abate-halal_2.jpg","width":600,"height":338},{"@type":"BreadcrumbList","@id":"https:\/\/acrimat.org.br\/portal\/lider-em-carnes-para-muculmanos-brasil-quer-ampliar-60-do-mercado\/#breadcrumb","itemListElement":[{"@type":"ListItem","position":1,"name":"In\u00edcio","item":"https:\/\/acrimat.org.br\/portal\/"},{"@type":"ListItem","position":2,"name":"L\u00edder em carnes para mu\u00e7ulmanos, Brasil quer ampliar 60% do mercado"}]},{"@type":"WebSite","@id":"https:\/\/acrimat.org.br\/portal\/#website","url":"https:\/\/acrimat.org.br\/portal\/","name":"Acrimat","description":"Associa\u00e7\u00e3o dos Criadores de Mato Grosso","publisher":{"@id":"https:\/\/acrimat.org.br\/portal\/#organization"},"potentialAction":[{"@type":"SearchAction","target":{"@type":"EntryPoint","urlTemplate":"https:\/\/acrimat.org.br\/portal\/?s={search_term_string}"},"query-input":{"@type":"PropertyValueSpecification","valueRequired":true,"valueName":"search_term_string"}}],"inLanguage":"pt-BR"},{"@type":"Organization","@id":"https:\/\/acrimat.org.br\/portal\/#organization","name":"Associa\u00e7\u00e3o dos Criadores de Mato Grosso","url":"https:\/\/acrimat.org.br\/portal\/","logo":{"@type":"ImageObject","inLanguage":"pt-BR","@id":"https:\/\/acrimat.org.br\/portal\/#\/schema\/logo\/image\/","url":"https:\/\/acrimat.org.br\/portal\/wp-content\/uploads\/2018\/03\/logo-peq-original.png","contentUrl":"https:\/\/acrimat.org.br\/portal\/wp-content\/uploads\/2018\/03\/logo-peq-original.png","width":174,"height":171,"caption":"Associa\u00e7\u00e3o dos Criadores de Mato Grosso"},"image":{"@id":"https:\/\/acrimat.org.br\/portal\/#\/schema\/logo\/image\/"}},{"@type":"Person","@id":"https:\/\/acrimat.org.br\/portal\/#\/schema\/person\/18df8bcf6890e924fe5d8b5afd2bec0f","name":"P\u00e9ricles C\u00e2ndido","image":{"@type":"ImageObject","inLanguage":"pt-BR","@id":"https:\/\/acrimat.org.br\/portal\/#\/schema\/person\/image\/","url":"https:\/\/secure.gravatar.com\/avatar\/33e2a2b971dc363ed2df53d0d3bfbd18?s=96&d=mm&r=g","contentUrl":"https:\/\/secure.gravatar.com\/avatar\/33e2a2b971dc363ed2df53d0d3bfbd18?s=96&d=mm&r=g","caption":"P\u00e9ricles C\u00e2ndido"},"sameAs":["ascom@acrimat.org.br"],"url":"https:\/\/acrimat.org.br\/portal\/author\/designergrafico\/"}]}},"_links":{"self":[{"href":"https:\/\/acrimat.org.br\/portal\/wp-json\/wp\/v2\/posts\/97984510","targetHints":{"allow":["GET"]}}],"collection":[{"href":"https:\/\/acrimat.org.br\/portal\/wp-json\/wp\/v2\/posts"}],"about":[{"href":"https:\/\/acrimat.org.br\/portal\/wp-json\/wp\/v2\/types\/post"}],"author":[{"embeddable":true,"href":"https:\/\/acrimat.org.br\/portal\/wp-json\/wp\/v2\/users\/11"}],"replies":[{"embeddable":true,"href":"https:\/\/acrimat.org.br\/portal\/wp-json\/wp\/v2\/comments?post=97984510"}],"version-history":[{"count":1,"href":"https:\/\/acrimat.org.br\/portal\/wp-json\/wp\/v2\/posts\/97984510\/revisions"}],"predecessor-version":[{"id":97984512,"href":"https:\/\/acrimat.org.br\/portal\/wp-json\/wp\/v2\/posts\/97984510\/revisions\/97984512"}],"wp:featuredmedia":[{"embeddable":true,"href":"https:\/\/acrimat.org.br\/portal\/wp-json\/wp\/v2\/media\/97984511"}],"wp:attachment":[{"href":"https:\/\/acrimat.org.br\/portal\/wp-json\/wp\/v2\/media?parent=97984510"}],"wp:term":[{"taxonomy":"category","embeddable":true,"href":"https:\/\/acrimat.org.br\/portal\/wp-json\/wp\/v2\/categories?post=97984510"},{"taxonomy":"post_tag","embeddable":true,"href":"https:\/\/acrimat.org.br\/portal\/wp-json\/wp\/v2\/tags?post=97984510"}],"curies":[{"name":"wp","href":"https:\/\/api.w.org\/{rel}","templated":true}]}}