{"id":97984513,"date":"2017-10-26T09:05:14","date_gmt":"2017-10-26T12:05:14","guid":{"rendered":"http:\/\/acrimat.org.br\/portal\/?p=97984513"},"modified":"2017-10-26T09:35:26","modified_gmt":"2017-10-26T12:35:26","slug":"confinamento-deve-crescer-8-em-2018-no-pr","status":"publish","type":"post","link":"https:\/\/acrimat.org.br\/portal\/confinamento-deve-crescer-8-em-2018-no-pr\/","title":{"rendered":"Confinamento deve crescer 8% em 2018 no PR"},"content":{"rendered":"<p>O avan\u00e7o das cooperativas de carnes deve estimular o confinamento de animais no Paran\u00e1, que deve ampliar em 8% o n\u00famero de bovinos terminados no cocho em 2018. O Estado tem aproximadamente 130 mil cabe\u00e7as confinadas.<\/p>\n<p>Embora n\u00e3o tenha tradi\u00e7\u00e3o na pecu\u00e1ria intensiva, o Estado est\u00e1 em linha com a m\u00e9dia nacional de expans\u00e3o do sistema, estima o gerente nacional de confinamento da DSM\/Tortuga, Marcos Sampaio Baruselli. Ele apresentou ontem, em Campo Mour\u00e3o (PR), os resultados do &#8220;Tour DSM de Confinamento&#8221;.<\/p>\n<p>O Paran\u00e1 tem o nono maior rebanho do Pa\u00eds, com 9,6 milh\u00f5es de cabe\u00e7as e abate em torno de 1,4 milh\u00f5es de cabe\u00e7as. As cooperativas de carnes s\u00e3o grupos de pecuaristas voltados para a produ\u00e7\u00e3o da chamada &#8220;carne de qualidade&#8221;, cuja observa padr\u00f5es de acabamento de gordura, marmoreio e idade de abate, que resultam em cortes mais saborosos e macios. O Estado conta com sete cooperativas de carnes, sendo as tr\u00eas maiores a Cooperalian\u00e7a, Novicarnes e a Maria Macia. O trio responde por 5% do abate do Estado ou 60 mil cabe\u00e7as.<\/p>\n<p>A maior parte dos produtores que as integram utiliza da termina\u00e7\u00e3o no confinamento ao longo de todo o ano &#8211; e n\u00e3o apenas na seca &#8211; e se beneficiam da oferta farta de milho para alimentar o gado no cocho. O Estado \u00e9 um dos principais produtores do gr\u00e3o no Pa\u00eds, com expectativa de safra de 37 milh\u00f5es de toneladas na safra 2017\/2018, conforme a Companhia Nacional de Abastecimento (Conab).<\/p>\n<p>&#8220;O boi est\u00e1 sendo empurrado para as \u00e1reas marginais onde a agricultura n\u00e3o \u00e9 poss\u00edvel e o confinamento \u00e9 uma ferramenta para o pecuarista ter uma oferta maior, constante e de qualidade&#8221;, comenta o presidente da comiss\u00e3o de pecu\u00e1ria de corte da Federa\u00e7\u00e3o da Agricultura e Pecu\u00e1ria do Paran\u00e1 (Faep), Rodolpho Luiz Werneck Botelho. Ele refor\u00e7a, contudo, que o confinamento responde por uma pequena parte da pecu\u00e1ria do Estado, que ainda tem como base a produ\u00e7\u00e3o a pasto.<\/p>\n<p>Na vis\u00e3o dele, o que fez com que as cooperativas ganhassem for\u00e7a neste ano foi a busca do produtor por seguran\u00e7a em um ano tumultuado para a pecu\u00e1ria brasileira, devido a Opera\u00e7\u00e3o Carne Fraca e aos sucessivos esc\u00e2ndalos envolvendo a gigante JBS, maior player do setor no Pa\u00eds.<\/p>\n<p>&#8220;O produtor est\u00e1 procurando seguran\u00e7a comercial, estabilidade nos pre\u00e7os e facilidade na compra de insumos&#8221;, avalia o coordenador de projetos da Cooperativa Agroindustrial Alian\u00e7a de Carnes Nobres Vale do Jord\u00e3o (CooperAlian\u00e7a), Robson Ueno. Um dos atrativos \u00e9 o pre\u00e7o pago ao produtor, explica Ueno, que chega a ter b\u00f4nus de 16%sobre o valor da arroba. &#8220;Alguns produtores recebem at\u00e9 25% de b\u00f4nus&#8221;, observa Ueno.<\/p>\n<p>S\u00f3 neste ano a cooperativa passou a contar com 15 a 20 novos cooperados, em um total de 60 produtores, dos quais mais de 90% fazer termina\u00e7\u00e3o em confinamento. &#8220;Esses novos cooperados t\u00eam um perfil diferente dos que j\u00e1 trabalham conosco e abatem de 3 a 5 mil cabe\u00e7as por ano, enquanto os cooperados at\u00e9 ent\u00e3o tinham como m\u00e9dia 600 cabe\u00e7as ao ano&#8221;, diz Ueno. A cooperativa de Guarapuava deve abater 25 mil animais neste ano, ante 22 mil no ano passado e investiu R$ 32 milh\u00f5es na constru\u00e7\u00e3o de uma unidade de abate, que deve ser conclu\u00edda no segundo semestre do ano que vem.<\/p>\n<p>Segundo Baruselli, o Brasil confinou 4,2 mil animais neste ano, 13% a mais que em 2016. &#8220;O sistema ainda vai ganhar muita for\u00e7a no Brasil&#8221;, afirma ele, acrescentando &#8220;a agricultura fez essa tarefa de dar um salto de qualidade com novas tecnologias e a pecu\u00e1ria ainda tem muito a melhorar nesse sentido.&#8221;<\/p>\n","protected":false},"excerpt":{"rendered":"<p>Avan\u00e7o das cooperativas de carnes deve estimular o sistema com animais terminados em cocho. Atualmente, os produtores do Estado t\u00eam aproximadamente 130 mil cabe\u00e7as de gado confinadas<\/p>\n","protected":false},"author":11,"featured_media":97984514,"comment_status":"closed","ping_status":"closed","sticky":false,"template":"","format":"standard","meta":{"footnotes":""},"categories":[6,1],"tags":[],"class_list":["post-97984513","post","type-post","status-publish","format-standard","has-post-thumbnail","hentry","category-destaque","category-noticia"],"yoast_head":"<!-- This site is optimized with the Yoast SEO plugin v24.8.1 - https:\/\/yoast.com\/wordpress\/plugins\/seo\/ -->\n<title>Confinamento deve crescer 8% em 2018 no PR - Acrimat<\/title>\n<meta name=\"robots\" content=\"index, follow, max-snippet:-1, max-image-preview:large, max-video-preview:-1\" \/>\n<link rel=\"canonical\" href=\"https:\/\/acrimat.org.br\/portal\/confinamento-deve-crescer-8-em-2018-no-pr\/\" \/>\n<meta property=\"og:locale\" content=\"pt_BR\" \/>\n<meta property=\"og:type\" content=\"article\" \/>\n<meta property=\"og:title\" content=\"Confinamento deve crescer 8% em 2018 no PR - Acrimat\" \/>\n<meta property=\"og:description\" content=\"Avan\u00e7o das cooperativas de carnes deve estimular o sistema com animais terminados em cocho. Atualmente, os produtores do Estado t\u00eam aproximadamente 130 mil cabe\u00e7as de gado confinadas\" \/>\n<meta property=\"og:url\" content=\"https:\/\/acrimat.org.br\/portal\/confinamento-deve-crescer-8-em-2018-no-pr\/\" \/>\n<meta property=\"og:site_name\" content=\"Acrimat\" \/>\n<meta property=\"article:published_time\" content=\"2017-10-26T12:05:14+00:00\" \/>\n<meta property=\"article:modified_time\" content=\"2017-10-26T12:35:26+00:00\" \/>\n<meta property=\"og:image\" content=\"https:\/\/acrimat.org.br\/portal\/wp-content\/uploads\/2017\/10\/confinamento6.jpg\" \/>\n\t<meta property=\"og:image:width\" content=\"420\" \/>\n\t<meta property=\"og:image:height\" content=\"315\" \/>\n\t<meta property=\"og:image:type\" content=\"image\/jpeg\" \/>\n<meta name=\"author\" content=\"P\u00e9ricles C\u00e2ndido\" \/>\n<meta name=\"twitter:card\" content=\"summary_large_image\" \/>\n<meta name=\"twitter:label1\" content=\"Escrito por\" \/>\n\t<meta name=\"twitter:data1\" content=\"P\u00e9ricles C\u00e2ndido\" \/>\n\t<meta name=\"twitter:label2\" content=\"Est. tempo de leitura\" \/>\n\t<meta name=\"twitter:data2\" content=\"3 minutos\" \/>\n<script type=\"application\/ld+json\" class=\"yoast-schema-graph\">{\"@context\":\"https:\/\/schema.org\",\"@graph\":[{\"@type\":\"Article\",\"@id\":\"https:\/\/acrimat.org.br\/portal\/confinamento-deve-crescer-8-em-2018-no-pr\/#article\",\"isPartOf\":{\"@id\":\"https:\/\/acrimat.org.br\/portal\/confinamento-deve-crescer-8-em-2018-no-pr\/\"},\"author\":{\"name\":\"P\u00e9ricles C\u00e2ndido\",\"@id\":\"https:\/\/acrimat.org.br\/portal\/#\/schema\/person\/18df8bcf6890e924fe5d8b5afd2bec0f\"},\"headline\":\"Confinamento deve crescer 8% em 2018 no PR\",\"datePublished\":\"2017-10-26T12:05:14+00:00\",\"dateModified\":\"2017-10-26T12:35:26+00:00\",\"mainEntityOfPage\":{\"@id\":\"https:\/\/acrimat.org.br\/portal\/confinamento-deve-crescer-8-em-2018-no-pr\/\"},\"wordCount\":630,\"publisher\":{\"@id\":\"https:\/\/acrimat.org.br\/portal\/#organization\"},\"image\":{\"@id\":\"https:\/\/acrimat.org.br\/portal\/confinamento-deve-crescer-8-em-2018-no-pr\/#primaryimage\"},\"thumbnailUrl\":\"https:\/\/acrimat.org.br\/portal\/wp-content\/uploads\/2017\/10\/confinamento6.jpg\",\"articleSection\":[\"Destaques\",\"Not\u00edcias\"],\"inLanguage\":\"pt-BR\"},{\"@type\":\"WebPage\",\"@id\":\"https:\/\/acrimat.org.br\/portal\/confinamento-deve-crescer-8-em-2018-no-pr\/\",\"url\":\"https:\/\/acrimat.org.br\/portal\/confinamento-deve-crescer-8-em-2018-no-pr\/\",\"name\":\"Confinamento deve crescer 8% em 2018 no PR - Acrimat\",\"isPartOf\":{\"@id\":\"https:\/\/acrimat.org.br\/portal\/#website\"},\"primaryImageOfPage\":{\"@id\":\"https:\/\/acrimat.org.br\/portal\/confinamento-deve-crescer-8-em-2018-no-pr\/#primaryimage\"},\"image\":{\"@id\":\"https:\/\/acrimat.org.br\/portal\/confinamento-deve-crescer-8-em-2018-no-pr\/#primaryimage\"},\"thumbnailUrl\":\"https:\/\/acrimat.org.br\/portal\/wp-content\/uploads\/2017\/10\/confinamento6.jpg\",\"datePublished\":\"2017-10-26T12:05:14+00:00\",\"dateModified\":\"2017-10-26T12:35:26+00:00\",\"breadcrumb\":{\"@id\":\"https:\/\/acrimat.org.br\/portal\/confinamento-deve-crescer-8-em-2018-no-pr\/#breadcrumb\"},\"inLanguage\":\"pt-BR\",\"potentialAction\":[{\"@type\":\"ReadAction\",\"target\":[\"https:\/\/acrimat.org.br\/portal\/confinamento-deve-crescer-8-em-2018-no-pr\/\"]}]},{\"@type\":\"ImageObject\",\"inLanguage\":\"pt-BR\",\"@id\":\"https:\/\/acrimat.org.br\/portal\/confinamento-deve-crescer-8-em-2018-no-pr\/#primaryimage\",\"url\":\"https:\/\/acrimat.org.br\/portal\/wp-content\/uploads\/2017\/10\/confinamento6.jpg\",\"contentUrl\":\"https:\/\/acrimat.org.br\/portal\/wp-content\/uploads\/2017\/10\/confinamento6.jpg\",\"width\":420,\"height\":315},{\"@type\":\"BreadcrumbList\",\"@id\":\"https:\/\/acrimat.org.br\/portal\/confinamento-deve-crescer-8-em-2018-no-pr\/#breadcrumb\",\"itemListElement\":[{\"@type\":\"ListItem\",\"position\":1,\"name\":\"In\u00edcio\",\"item\":\"https:\/\/acrimat.org.br\/portal\/\"},{\"@type\":\"ListItem\",\"position\":2,\"name\":\"Confinamento deve crescer 8% em 2018 no PR\"}]},{\"@type\":\"WebSite\",\"@id\":\"https:\/\/acrimat.org.br\/portal\/#website\",\"url\":\"https:\/\/acrimat.org.br\/portal\/\",\"name\":\"Acrimat\",\"description\":\"Associa\u00e7\u00e3o dos Criadores de Mato Grosso\",\"publisher\":{\"@id\":\"https:\/\/acrimat.org.br\/portal\/#organization\"},\"potentialAction\":[{\"@type\":\"SearchAction\",\"target\":{\"@type\":\"EntryPoint\",\"urlTemplate\":\"https:\/\/acrimat.org.br\/portal\/?s={search_term_string}\"},\"query-input\":{\"@type\":\"PropertyValueSpecification\",\"valueRequired\":true,\"valueName\":\"search_term_string\"}}],\"inLanguage\":\"pt-BR\"},{\"@type\":\"Organization\",\"@id\":\"https:\/\/acrimat.org.br\/portal\/#organization\",\"name\":\"Associa\u00e7\u00e3o dos Criadores de Mato Grosso\",\"url\":\"https:\/\/acrimat.org.br\/portal\/\",\"logo\":{\"@type\":\"ImageObject\",\"inLanguage\":\"pt-BR\",\"@id\":\"https:\/\/acrimat.org.br\/portal\/#\/schema\/logo\/image\/\",\"url\":\"https:\/\/acrimat.org.br\/portal\/wp-content\/uploads\/2018\/03\/logo-peq-original.png\",\"contentUrl\":\"https:\/\/acrimat.org.br\/portal\/wp-content\/uploads\/2018\/03\/logo-peq-original.png\",\"width\":174,\"height\":171,\"caption\":\"Associa\u00e7\u00e3o dos Criadores de Mato Grosso\"},\"image\":{\"@id\":\"https:\/\/acrimat.org.br\/portal\/#\/schema\/logo\/image\/\"}},{\"@type\":\"Person\",\"@id\":\"https:\/\/acrimat.org.br\/portal\/#\/schema\/person\/18df8bcf6890e924fe5d8b5afd2bec0f\",\"name\":\"P\u00e9ricles C\u00e2ndido\",\"image\":{\"@type\":\"ImageObject\",\"inLanguage\":\"pt-BR\",\"@id\":\"https:\/\/acrimat.org.br\/portal\/#\/schema\/person\/image\/\",\"url\":\"https:\/\/secure.gravatar.com\/avatar\/33e2a2b971dc363ed2df53d0d3bfbd18?s=96&d=mm&r=g\",\"contentUrl\":\"https:\/\/secure.gravatar.com\/avatar\/33e2a2b971dc363ed2df53d0d3bfbd18?s=96&d=mm&r=g\",\"caption\":\"P\u00e9ricles C\u00e2ndido\"},\"sameAs\":[\"ascom@acrimat.org.br\"],\"url\":\"https:\/\/acrimat.org.br\/portal\/author\/designergrafico\/\"}]}<\/script>\n<!-- \/ Yoast SEO plugin. -->","yoast_head_json":{"title":"Confinamento deve crescer 8% em 2018 no PR - Acrimat","robots":{"index":"index","follow":"follow","max-snippet":"max-snippet:-1","max-image-preview":"max-image-preview:large","max-video-preview":"max-video-preview:-1"},"canonical":"https:\/\/acrimat.org.br\/portal\/confinamento-deve-crescer-8-em-2018-no-pr\/","og_locale":"pt_BR","og_type":"article","og_title":"Confinamento deve crescer 8% em 2018 no PR - Acrimat","og_description":"Avan\u00e7o das cooperativas de carnes deve estimular o sistema com animais terminados em cocho. Atualmente, os produtores do Estado t\u00eam aproximadamente 130 mil cabe\u00e7as de gado confinadas","og_url":"https:\/\/acrimat.org.br\/portal\/confinamento-deve-crescer-8-em-2018-no-pr\/","og_site_name":"Acrimat","article_published_time":"2017-10-26T12:05:14+00:00","article_modified_time":"2017-10-26T12:35:26+00:00","og_image":[{"width":420,"height":315,"url":"https:\/\/acrimat.org.br\/portal\/wp-content\/uploads\/2017\/10\/confinamento6.jpg","type":"image\/jpeg"}],"author":"P\u00e9ricles C\u00e2ndido","twitter_card":"summary_large_image","twitter_misc":{"Escrito por":"P\u00e9ricles C\u00e2ndido","Est. tempo de leitura":"3 minutos"},"schema":{"@context":"https:\/\/schema.org","@graph":[{"@type":"Article","@id":"https:\/\/acrimat.org.br\/portal\/confinamento-deve-crescer-8-em-2018-no-pr\/#article","isPartOf":{"@id":"https:\/\/acrimat.org.br\/portal\/confinamento-deve-crescer-8-em-2018-no-pr\/"},"author":{"name":"P\u00e9ricles C\u00e2ndido","@id":"https:\/\/acrimat.org.br\/portal\/#\/schema\/person\/18df8bcf6890e924fe5d8b5afd2bec0f"},"headline":"Confinamento deve crescer 8% em 2018 no PR","datePublished":"2017-10-26T12:05:14+00:00","dateModified":"2017-10-26T12:35:26+00:00","mainEntityOfPage":{"@id":"https:\/\/acrimat.org.br\/portal\/confinamento-deve-crescer-8-em-2018-no-pr\/"},"wordCount":630,"publisher":{"@id":"https:\/\/acrimat.org.br\/portal\/#organization"},"image":{"@id":"https:\/\/acrimat.org.br\/portal\/confinamento-deve-crescer-8-em-2018-no-pr\/#primaryimage"},"thumbnailUrl":"https:\/\/acrimat.org.br\/portal\/wp-content\/uploads\/2017\/10\/confinamento6.jpg","articleSection":["Destaques","Not\u00edcias"],"inLanguage":"pt-BR"},{"@type":"WebPage","@id":"https:\/\/acrimat.org.br\/portal\/confinamento-deve-crescer-8-em-2018-no-pr\/","url":"https:\/\/acrimat.org.br\/portal\/confinamento-deve-crescer-8-em-2018-no-pr\/","name":"Confinamento deve crescer 8% em 2018 no PR - Acrimat","isPartOf":{"@id":"https:\/\/acrimat.org.br\/portal\/#website"},"primaryImageOfPage":{"@id":"https:\/\/acrimat.org.br\/portal\/confinamento-deve-crescer-8-em-2018-no-pr\/#primaryimage"},"image":{"@id":"https:\/\/acrimat.org.br\/portal\/confinamento-deve-crescer-8-em-2018-no-pr\/#primaryimage"},"thumbnailUrl":"https:\/\/acrimat.org.br\/portal\/wp-content\/uploads\/2017\/10\/confinamento6.jpg","datePublished":"2017-10-26T12:05:14+00:00","dateModified":"2017-10-26T12:35:26+00:00","breadcrumb":{"@id":"https:\/\/acrimat.org.br\/portal\/confinamento-deve-crescer-8-em-2018-no-pr\/#breadcrumb"},"inLanguage":"pt-BR","potentialAction":[{"@type":"ReadAction","target":["https:\/\/acrimat.org.br\/portal\/confinamento-deve-crescer-8-em-2018-no-pr\/"]}]},{"@type":"ImageObject","inLanguage":"pt-BR","@id":"https:\/\/acrimat.org.br\/portal\/confinamento-deve-crescer-8-em-2018-no-pr\/#primaryimage","url":"https:\/\/acrimat.org.br\/portal\/wp-content\/uploads\/2017\/10\/confinamento6.jpg","contentUrl":"https:\/\/acrimat.org.br\/portal\/wp-content\/uploads\/2017\/10\/confinamento6.jpg","width":420,"height":315},{"@type":"BreadcrumbList","@id":"https:\/\/acrimat.org.br\/portal\/confinamento-deve-crescer-8-em-2018-no-pr\/#breadcrumb","itemListElement":[{"@type":"ListItem","position":1,"name":"In\u00edcio","item":"https:\/\/acrimat.org.br\/portal\/"},{"@type":"ListItem","position":2,"name":"Confinamento deve crescer 8% em 2018 no PR"}]},{"@type":"WebSite","@id":"https:\/\/acrimat.org.br\/portal\/#website","url":"https:\/\/acrimat.org.br\/portal\/","name":"Acrimat","description":"Associa\u00e7\u00e3o dos Criadores de Mato Grosso","publisher":{"@id":"https:\/\/acrimat.org.br\/portal\/#organization"},"potentialAction":[{"@type":"SearchAction","target":{"@type":"EntryPoint","urlTemplate":"https:\/\/acrimat.org.br\/portal\/?s={search_term_string}"},"query-input":{"@type":"PropertyValueSpecification","valueRequired":true,"valueName":"search_term_string"}}],"inLanguage":"pt-BR"},{"@type":"Organization","@id":"https:\/\/acrimat.org.br\/portal\/#organization","name":"Associa\u00e7\u00e3o dos Criadores de Mato Grosso","url":"https:\/\/acrimat.org.br\/portal\/","logo":{"@type":"ImageObject","inLanguage":"pt-BR","@id":"https:\/\/acrimat.org.br\/portal\/#\/schema\/logo\/image\/","url":"https:\/\/acrimat.org.br\/portal\/wp-content\/uploads\/2018\/03\/logo-peq-original.png","contentUrl":"https:\/\/acrimat.org.br\/portal\/wp-content\/uploads\/2018\/03\/logo-peq-original.png","width":174,"height":171,"caption":"Associa\u00e7\u00e3o dos Criadores de Mato Grosso"},"image":{"@id":"https:\/\/acrimat.org.br\/portal\/#\/schema\/logo\/image\/"}},{"@type":"Person","@id":"https:\/\/acrimat.org.br\/portal\/#\/schema\/person\/18df8bcf6890e924fe5d8b5afd2bec0f","name":"P\u00e9ricles C\u00e2ndido","image":{"@type":"ImageObject","inLanguage":"pt-BR","@id":"https:\/\/acrimat.org.br\/portal\/#\/schema\/person\/image\/","url":"https:\/\/secure.gravatar.com\/avatar\/33e2a2b971dc363ed2df53d0d3bfbd18?s=96&d=mm&r=g","contentUrl":"https:\/\/secure.gravatar.com\/avatar\/33e2a2b971dc363ed2df53d0d3bfbd18?s=96&d=mm&r=g","caption":"P\u00e9ricles C\u00e2ndido"},"sameAs":["ascom@acrimat.org.br"],"url":"https:\/\/acrimat.org.br\/portal\/author\/designergrafico\/"}]}},"_links":{"self":[{"href":"https:\/\/acrimat.org.br\/portal\/wp-json\/wp\/v2\/posts\/97984513","targetHints":{"allow":["GET"]}}],"collection":[{"href":"https:\/\/acrimat.org.br\/portal\/wp-json\/wp\/v2\/posts"}],"about":[{"href":"https:\/\/acrimat.org.br\/portal\/wp-json\/wp\/v2\/types\/post"}],"author":[{"embeddable":true,"href":"https:\/\/acrimat.org.br\/portal\/wp-json\/wp\/v2\/users\/11"}],"replies":[{"embeddable":true,"href":"https:\/\/acrimat.org.br\/portal\/wp-json\/wp\/v2\/comments?post=97984513"}],"version-history":[{"count":1,"href":"https:\/\/acrimat.org.br\/portal\/wp-json\/wp\/v2\/posts\/97984513\/revisions"}],"predecessor-version":[{"id":97984515,"href":"https:\/\/acrimat.org.br\/portal\/wp-json\/wp\/v2\/posts\/97984513\/revisions\/97984515"}],"wp:featuredmedia":[{"embeddable":true,"href":"https:\/\/acrimat.org.br\/portal\/wp-json\/wp\/v2\/media\/97984514"}],"wp:attachment":[{"href":"https:\/\/acrimat.org.br\/portal\/wp-json\/wp\/v2\/media?parent=97984513"}],"wp:term":[{"taxonomy":"category","embeddable":true,"href":"https:\/\/acrimat.org.br\/portal\/wp-json\/wp\/v2\/categories?post=97984513"},{"taxonomy":"post_tag","embeddable":true,"href":"https:\/\/acrimat.org.br\/portal\/wp-json\/wp\/v2\/tags?post=97984513"}],"curies":[{"name":"wp","href":"https:\/\/api.w.org\/{rel}","templated":true}]}}