{"id":97984540,"date":"2017-10-27T08:22:07","date_gmt":"2017-10-27T11:22:07","guid":{"rendered":"http:\/\/acrimat.org.br\/portal\/?p=97984540"},"modified":"2017-10-27T11:46:45","modified_gmt":"2017-10-27T14:46:45","slug":"aftosa-comeca-a-2a-etapa-de-vacinacao","status":"publish","type":"post","link":"https:\/\/acrimat.org.br\/portal\/aftosa-comeca-a-2a-etapa-de-vacinacao\/","title":{"rendered":"Aftosa: come\u00e7a a 2\u00aa etapa de vacina\u00e7\u00e3o"},"content":{"rendered":"<p>Come\u00e7a no dia 1\u00ba de novembro a segunda etapa de vacina\u00e7\u00e3o contra febre aftosa de 2017. At\u00e9 o dia 20 de novembro devem ser vacinados bovinos e bubalinos de todas as regi\u00f5es do pa\u00eds, de acordo com a sua faixa et\u00e1ria.<\/p>\n<p>Nos Estados de AM, ES, PA, PR e SP, todos os animais ser\u00e3o vacinados. J\u00e1 em AL, BA, CE, DF, O, MA, MT, MS, MG, PB, PE, PI, RJ, RN, RS, RO, SE e TO devem ser vacinados animais de at\u00e9 24 meses.<\/p>\n<p>O \u00fanico Estado que n\u00e3o participa da campanha \u00e9 Santa Catarina, declarado pela Organiza\u00e7\u00e3o Mundial de Sa\u00fade Animal (OIE) como \u00e1rea livre da doen\u00e7a desde 2007. Na primeira etapa de vacina\u00e7\u00e3o de 2017, realizada no primeiro semestre, foram vacinados mais de 192,1 milh\u00f5es de animais, equivalente a 98,2% do rebanho envolvido na etapa.<\/p>\n<p>A vacina\u00e7\u00e3o \u00e9 obrigat\u00f3ria e os produtores t\u00eam at\u00e9 o dia 7 de dezembro para comunicar a vacina\u00e7\u00e3o ao \u00f3rg\u00e3o oficial de Defesa Agropecu\u00e1ria Estadual. \u00c9 preciso tamb\u00e9m declarar todos os animais de outras esp\u00e9cies existentes na propriedade, tais como equ\u00eddeos (equinos, asininos e muares), su\u00eddeos (su\u00ednos, javalis e javaporco), ovinos, caprinos e aves (granjas de aves dom\u00e9sticas, criat\u00f3rios de avestruzes).<\/p>\n<p>A retirada da vacina\u00e7\u00e3o contra a febre aftosa est\u00e1 prevista no Plano Estrat\u00e9gico 2017-2026 do Programa Nacional de Erradica\u00e7\u00e3o e Preven\u00e7\u00e3o da Febre Aftosa, do Minist\u00e9rio da Agricultura, Pecu\u00e1ria e Abastecimento (Mapa).<\/p>\n","protected":false},"excerpt":{"rendered":"<p>A partir de 1\u00ba de novembro, bovinos e bubalinos de todo o pa\u00eds ser\u00e3o dever\u00e3o ser vacinados contra a doen\u00e7a<\/p>\n","protected":false},"author":11,"featured_media":97984541,"comment_status":"closed","ping_status":"closed","sticky":false,"template":"","format":"standard","meta":{"footnotes":""},"categories":[6,1],"tags":[],"class_list":["post-97984540","post","type-post","status-publish","format-standard","has-post-thumbnail","hentry","category-destaque","category-noticia"],"yoast_head":"<!-- This site is optimized with the Yoast SEO plugin v24.8.1 - https:\/\/yoast.com\/wordpress\/plugins\/seo\/ -->\n<title>Aftosa: come\u00e7a a 2\u00aa etapa de vacina\u00e7\u00e3o - Acrimat<\/title>\n<meta name=\"robots\" content=\"index, follow, max-snippet:-1, max-image-preview:large, max-video-preview:-1\" \/>\n<link rel=\"canonical\" href=\"https:\/\/acrimat.org.br\/portal\/aftosa-comeca-a-2a-etapa-de-vacinacao\/\" \/>\n<meta property=\"og:locale\" content=\"pt_BR\" \/>\n<meta property=\"og:type\" content=\"article\" \/>\n<meta property=\"og:title\" content=\"Aftosa: come\u00e7a a 2\u00aa etapa de vacina\u00e7\u00e3o - Acrimat\" \/>\n<meta property=\"og:description\" content=\"A partir de 1\u00ba de novembro, bovinos e bubalinos de todo o pa\u00eds ser\u00e3o dever\u00e3o ser vacinados contra a doen\u00e7a\" \/>\n<meta property=\"og:url\" content=\"https:\/\/acrimat.org.br\/portal\/aftosa-comeca-a-2a-etapa-de-vacinacao\/\" \/>\n<meta property=\"og:site_name\" content=\"Acrimat\" \/>\n<meta property=\"article:published_time\" content=\"2017-10-27T11:22:07+00:00\" \/>\n<meta property=\"article:modified_time\" content=\"2017-10-27T14:46:45+00:00\" \/>\n<meta property=\"og:image\" content=\"https:\/\/acrimat.org.br\/portal\/wp-content\/uploads\/2017\/10\/vacinacao.jpg\" \/>\n\t<meta property=\"og:image:width\" content=\"600\" \/>\n\t<meta property=\"og:image:height\" content=\"400\" \/>\n\t<meta property=\"og:image:type\" content=\"image\/jpeg\" \/>\n<meta name=\"author\" content=\"P\u00e9ricles C\u00e2ndido\" \/>\n<meta name=\"twitter:card\" content=\"summary_large_image\" \/>\n<meta name=\"twitter:label1\" content=\"Escrito por\" \/>\n\t<meta name=\"twitter:data1\" content=\"P\u00e9ricles C\u00e2ndido\" \/>\n\t<meta name=\"twitter:label2\" content=\"Est. tempo de leitura\" \/>\n\t<meta name=\"twitter:data2\" content=\"1 minuto\" \/>\n<script type=\"application\/ld+json\" class=\"yoast-schema-graph\">{\"@context\":\"https:\/\/schema.org\",\"@graph\":[{\"@type\":\"Article\",\"@id\":\"https:\/\/acrimat.org.br\/portal\/aftosa-comeca-a-2a-etapa-de-vacinacao\/#article\",\"isPartOf\":{\"@id\":\"https:\/\/acrimat.org.br\/portal\/aftosa-comeca-a-2a-etapa-de-vacinacao\/\"},\"author\":{\"name\":\"P\u00e9ricles C\u00e2ndido\",\"@id\":\"https:\/\/acrimat.org.br\/portal\/#\/schema\/person\/18df8bcf6890e924fe5d8b5afd2bec0f\"},\"headline\":\"Aftosa: come\u00e7a a 2\u00aa etapa de vacina\u00e7\u00e3o\",\"datePublished\":\"2017-10-27T11:22:07+00:00\",\"dateModified\":\"2017-10-27T14:46:45+00:00\",\"mainEntityOfPage\":{\"@id\":\"https:\/\/acrimat.org.br\/portal\/aftosa-comeca-a-2a-etapa-de-vacinacao\/\"},\"wordCount\":257,\"publisher\":{\"@id\":\"https:\/\/acrimat.org.br\/portal\/#organization\"},\"image\":{\"@id\":\"https:\/\/acrimat.org.br\/portal\/aftosa-comeca-a-2a-etapa-de-vacinacao\/#primaryimage\"},\"thumbnailUrl\":\"https:\/\/acrimat.org.br\/portal\/wp-content\/uploads\/2017\/10\/vacinacao.jpg\",\"articleSection\":[\"Destaques\",\"Not\u00edcias\"],\"inLanguage\":\"pt-BR\"},{\"@type\":\"WebPage\",\"@id\":\"https:\/\/acrimat.org.br\/portal\/aftosa-comeca-a-2a-etapa-de-vacinacao\/\",\"url\":\"https:\/\/acrimat.org.br\/portal\/aftosa-comeca-a-2a-etapa-de-vacinacao\/\",\"name\":\"Aftosa: come\u00e7a a 2\u00aa etapa de vacina\u00e7\u00e3o - Acrimat\",\"isPartOf\":{\"@id\":\"https:\/\/acrimat.org.br\/portal\/#website\"},\"primaryImageOfPage\":{\"@id\":\"https:\/\/acrimat.org.br\/portal\/aftosa-comeca-a-2a-etapa-de-vacinacao\/#primaryimage\"},\"image\":{\"@id\":\"https:\/\/acrimat.org.br\/portal\/aftosa-comeca-a-2a-etapa-de-vacinacao\/#primaryimage\"},\"thumbnailUrl\":\"https:\/\/acrimat.org.br\/portal\/wp-content\/uploads\/2017\/10\/vacinacao.jpg\",\"datePublished\":\"2017-10-27T11:22:07+00:00\",\"dateModified\":\"2017-10-27T14:46:45+00:00\",\"breadcrumb\":{\"@id\":\"https:\/\/acrimat.org.br\/portal\/aftosa-comeca-a-2a-etapa-de-vacinacao\/#breadcrumb\"},\"inLanguage\":\"pt-BR\",\"potentialAction\":[{\"@type\":\"ReadAction\",\"target\":[\"https:\/\/acrimat.org.br\/portal\/aftosa-comeca-a-2a-etapa-de-vacinacao\/\"]}]},{\"@type\":\"ImageObject\",\"inLanguage\":\"pt-BR\",\"@id\":\"https:\/\/acrimat.org.br\/portal\/aftosa-comeca-a-2a-etapa-de-vacinacao\/#primaryimage\",\"url\":\"https:\/\/acrimat.org.br\/portal\/wp-content\/uploads\/2017\/10\/vacinacao.jpg\",\"contentUrl\":\"https:\/\/acrimat.org.br\/portal\/wp-content\/uploads\/2017\/10\/vacinacao.jpg\",\"width\":600,\"height\":400},{\"@type\":\"BreadcrumbList\",\"@id\":\"https:\/\/acrimat.org.br\/portal\/aftosa-comeca-a-2a-etapa-de-vacinacao\/#breadcrumb\",\"itemListElement\":[{\"@type\":\"ListItem\",\"position\":1,\"name\":\"In\u00edcio\",\"item\":\"https:\/\/acrimat.org.br\/portal\/\"},{\"@type\":\"ListItem\",\"position\":2,\"name\":\"Aftosa: come\u00e7a a 2\u00aa etapa de vacina\u00e7\u00e3o\"}]},{\"@type\":\"WebSite\",\"@id\":\"https:\/\/acrimat.org.br\/portal\/#website\",\"url\":\"https:\/\/acrimat.org.br\/portal\/\",\"name\":\"Acrimat\",\"description\":\"Associa\u00e7\u00e3o dos Criadores de Mato Grosso\",\"publisher\":{\"@id\":\"https:\/\/acrimat.org.br\/portal\/#organization\"},\"potentialAction\":[{\"@type\":\"SearchAction\",\"target\":{\"@type\":\"EntryPoint\",\"urlTemplate\":\"https:\/\/acrimat.org.br\/portal\/?s={search_term_string}\"},\"query-input\":{\"@type\":\"PropertyValueSpecification\",\"valueRequired\":true,\"valueName\":\"search_term_string\"}}],\"inLanguage\":\"pt-BR\"},{\"@type\":\"Organization\",\"@id\":\"https:\/\/acrimat.org.br\/portal\/#organization\",\"name\":\"Associa\u00e7\u00e3o dos Criadores de Mato Grosso\",\"url\":\"https:\/\/acrimat.org.br\/portal\/\",\"logo\":{\"@type\":\"ImageObject\",\"inLanguage\":\"pt-BR\",\"@id\":\"https:\/\/acrimat.org.br\/portal\/#\/schema\/logo\/image\/\",\"url\":\"https:\/\/acrimat.org.br\/portal\/wp-content\/uploads\/2018\/03\/logo-peq-original.png\",\"contentUrl\":\"https:\/\/acrimat.org.br\/portal\/wp-content\/uploads\/2018\/03\/logo-peq-original.png\",\"width\":174,\"height\":171,\"caption\":\"Associa\u00e7\u00e3o dos Criadores de Mato Grosso\"},\"image\":{\"@id\":\"https:\/\/acrimat.org.br\/portal\/#\/schema\/logo\/image\/\"}},{\"@type\":\"Person\",\"@id\":\"https:\/\/acrimat.org.br\/portal\/#\/schema\/person\/18df8bcf6890e924fe5d8b5afd2bec0f\",\"name\":\"P\u00e9ricles C\u00e2ndido\",\"image\":{\"@type\":\"ImageObject\",\"inLanguage\":\"pt-BR\",\"@id\":\"https:\/\/acrimat.org.br\/portal\/#\/schema\/person\/image\/\",\"url\":\"https:\/\/secure.gravatar.com\/avatar\/33e2a2b971dc363ed2df53d0d3bfbd18?s=96&d=mm&r=g\",\"contentUrl\":\"https:\/\/secure.gravatar.com\/avatar\/33e2a2b971dc363ed2df53d0d3bfbd18?s=96&d=mm&r=g\",\"caption\":\"P\u00e9ricles C\u00e2ndido\"},\"sameAs\":[\"ascom@acrimat.org.br\"],\"url\":\"https:\/\/acrimat.org.br\/portal\/author\/designergrafico\/\"}]}<\/script>\n<!-- \/ Yoast SEO plugin. -->","yoast_head_json":{"title":"Aftosa: come\u00e7a a 2\u00aa etapa de vacina\u00e7\u00e3o - Acrimat","robots":{"index":"index","follow":"follow","max-snippet":"max-snippet:-1","max-image-preview":"max-image-preview:large","max-video-preview":"max-video-preview:-1"},"canonical":"https:\/\/acrimat.org.br\/portal\/aftosa-comeca-a-2a-etapa-de-vacinacao\/","og_locale":"pt_BR","og_type":"article","og_title":"Aftosa: come\u00e7a a 2\u00aa etapa de vacina\u00e7\u00e3o - Acrimat","og_description":"A partir de 1\u00ba de novembro, bovinos e bubalinos de todo o pa\u00eds ser\u00e3o dever\u00e3o ser vacinados contra a doen\u00e7a","og_url":"https:\/\/acrimat.org.br\/portal\/aftosa-comeca-a-2a-etapa-de-vacinacao\/","og_site_name":"Acrimat","article_published_time":"2017-10-27T11:22:07+00:00","article_modified_time":"2017-10-27T14:46:45+00:00","og_image":[{"width":600,"height":400,"url":"https:\/\/acrimat.org.br\/portal\/wp-content\/uploads\/2017\/10\/vacinacao.jpg","type":"image\/jpeg"}],"author":"P\u00e9ricles C\u00e2ndido","twitter_card":"summary_large_image","twitter_misc":{"Escrito por":"P\u00e9ricles C\u00e2ndido","Est. tempo de leitura":"1 minuto"},"schema":{"@context":"https:\/\/schema.org","@graph":[{"@type":"Article","@id":"https:\/\/acrimat.org.br\/portal\/aftosa-comeca-a-2a-etapa-de-vacinacao\/#article","isPartOf":{"@id":"https:\/\/acrimat.org.br\/portal\/aftosa-comeca-a-2a-etapa-de-vacinacao\/"},"author":{"name":"P\u00e9ricles C\u00e2ndido","@id":"https:\/\/acrimat.org.br\/portal\/#\/schema\/person\/18df8bcf6890e924fe5d8b5afd2bec0f"},"headline":"Aftosa: come\u00e7a a 2\u00aa etapa de vacina\u00e7\u00e3o","datePublished":"2017-10-27T11:22:07+00:00","dateModified":"2017-10-27T14:46:45+00:00","mainEntityOfPage":{"@id":"https:\/\/acrimat.org.br\/portal\/aftosa-comeca-a-2a-etapa-de-vacinacao\/"},"wordCount":257,"publisher":{"@id":"https:\/\/acrimat.org.br\/portal\/#organization"},"image":{"@id":"https:\/\/acrimat.org.br\/portal\/aftosa-comeca-a-2a-etapa-de-vacinacao\/#primaryimage"},"thumbnailUrl":"https:\/\/acrimat.org.br\/portal\/wp-content\/uploads\/2017\/10\/vacinacao.jpg","articleSection":["Destaques","Not\u00edcias"],"inLanguage":"pt-BR"},{"@type":"WebPage","@id":"https:\/\/acrimat.org.br\/portal\/aftosa-comeca-a-2a-etapa-de-vacinacao\/","url":"https:\/\/acrimat.org.br\/portal\/aftosa-comeca-a-2a-etapa-de-vacinacao\/","name":"Aftosa: come\u00e7a a 2\u00aa etapa de vacina\u00e7\u00e3o - Acrimat","isPartOf":{"@id":"https:\/\/acrimat.org.br\/portal\/#website"},"primaryImageOfPage":{"@id":"https:\/\/acrimat.org.br\/portal\/aftosa-comeca-a-2a-etapa-de-vacinacao\/#primaryimage"},"image":{"@id":"https:\/\/acrimat.org.br\/portal\/aftosa-comeca-a-2a-etapa-de-vacinacao\/#primaryimage"},"thumbnailUrl":"https:\/\/acrimat.org.br\/portal\/wp-content\/uploads\/2017\/10\/vacinacao.jpg","datePublished":"2017-10-27T11:22:07+00:00","dateModified":"2017-10-27T14:46:45+00:00","breadcrumb":{"@id":"https:\/\/acrimat.org.br\/portal\/aftosa-comeca-a-2a-etapa-de-vacinacao\/#breadcrumb"},"inLanguage":"pt-BR","potentialAction":[{"@type":"ReadAction","target":["https:\/\/acrimat.org.br\/portal\/aftosa-comeca-a-2a-etapa-de-vacinacao\/"]}]},{"@type":"ImageObject","inLanguage":"pt-BR","@id":"https:\/\/acrimat.org.br\/portal\/aftosa-comeca-a-2a-etapa-de-vacinacao\/#primaryimage","url":"https:\/\/acrimat.org.br\/portal\/wp-content\/uploads\/2017\/10\/vacinacao.jpg","contentUrl":"https:\/\/acrimat.org.br\/portal\/wp-content\/uploads\/2017\/10\/vacinacao.jpg","width":600,"height":400},{"@type":"BreadcrumbList","@id":"https:\/\/acrimat.org.br\/portal\/aftosa-comeca-a-2a-etapa-de-vacinacao\/#breadcrumb","itemListElement":[{"@type":"ListItem","position":1,"name":"In\u00edcio","item":"https:\/\/acrimat.org.br\/portal\/"},{"@type":"ListItem","position":2,"name":"Aftosa: come\u00e7a a 2\u00aa etapa de vacina\u00e7\u00e3o"}]},{"@type":"WebSite","@id":"https:\/\/acrimat.org.br\/portal\/#website","url":"https:\/\/acrimat.org.br\/portal\/","name":"Acrimat","description":"Associa\u00e7\u00e3o dos Criadores de Mato Grosso","publisher":{"@id":"https:\/\/acrimat.org.br\/portal\/#organization"},"potentialAction":[{"@type":"SearchAction","target":{"@type":"EntryPoint","urlTemplate":"https:\/\/acrimat.org.br\/portal\/?s={search_term_string}"},"query-input":{"@type":"PropertyValueSpecification","valueRequired":true,"valueName":"search_term_string"}}],"inLanguage":"pt-BR"},{"@type":"Organization","@id":"https:\/\/acrimat.org.br\/portal\/#organization","name":"Associa\u00e7\u00e3o dos Criadores de Mato Grosso","url":"https:\/\/acrimat.org.br\/portal\/","logo":{"@type":"ImageObject","inLanguage":"pt-BR","@id":"https:\/\/acrimat.org.br\/portal\/#\/schema\/logo\/image\/","url":"https:\/\/acrimat.org.br\/portal\/wp-content\/uploads\/2018\/03\/logo-peq-original.png","contentUrl":"https:\/\/acrimat.org.br\/portal\/wp-content\/uploads\/2018\/03\/logo-peq-original.png","width":174,"height":171,"caption":"Associa\u00e7\u00e3o dos Criadores de Mato Grosso"},"image":{"@id":"https:\/\/acrimat.org.br\/portal\/#\/schema\/logo\/image\/"}},{"@type":"Person","@id":"https:\/\/acrimat.org.br\/portal\/#\/schema\/person\/18df8bcf6890e924fe5d8b5afd2bec0f","name":"P\u00e9ricles C\u00e2ndido","image":{"@type":"ImageObject","inLanguage":"pt-BR","@id":"https:\/\/acrimat.org.br\/portal\/#\/schema\/person\/image\/","url":"https:\/\/secure.gravatar.com\/avatar\/33e2a2b971dc363ed2df53d0d3bfbd18?s=96&d=mm&r=g","contentUrl":"https:\/\/secure.gravatar.com\/avatar\/33e2a2b971dc363ed2df53d0d3bfbd18?s=96&d=mm&r=g","caption":"P\u00e9ricles C\u00e2ndido"},"sameAs":["ascom@acrimat.org.br"],"url":"https:\/\/acrimat.org.br\/portal\/author\/designergrafico\/"}]}},"_links":{"self":[{"href":"https:\/\/acrimat.org.br\/portal\/wp-json\/wp\/v2\/posts\/97984540","targetHints":{"allow":["GET"]}}],"collection":[{"href":"https:\/\/acrimat.org.br\/portal\/wp-json\/wp\/v2\/posts"}],"about":[{"href":"https:\/\/acrimat.org.br\/portal\/wp-json\/wp\/v2\/types\/post"}],"author":[{"embeddable":true,"href":"https:\/\/acrimat.org.br\/portal\/wp-json\/wp\/v2\/users\/11"}],"replies":[{"embeddable":true,"href":"https:\/\/acrimat.org.br\/portal\/wp-json\/wp\/v2\/comments?post=97984540"}],"version-history":[{"count":1,"href":"https:\/\/acrimat.org.br\/portal\/wp-json\/wp\/v2\/posts\/97984540\/revisions"}],"predecessor-version":[{"id":97984542,"href":"https:\/\/acrimat.org.br\/portal\/wp-json\/wp\/v2\/posts\/97984540\/revisions\/97984542"}],"wp:featuredmedia":[{"embeddable":true,"href":"https:\/\/acrimat.org.br\/portal\/wp-json\/wp\/v2\/media\/97984541"}],"wp:attachment":[{"href":"https:\/\/acrimat.org.br\/portal\/wp-json\/wp\/v2\/media?parent=97984540"}],"wp:term":[{"taxonomy":"category","embeddable":true,"href":"https:\/\/acrimat.org.br\/portal\/wp-json\/wp\/v2\/categories?post=97984540"},{"taxonomy":"post_tag","embeddable":true,"href":"https:\/\/acrimat.org.br\/portal\/wp-json\/wp\/v2\/tags?post=97984540"}],"curies":[{"name":"wp","href":"https:\/\/api.w.org\/{rel}","templated":true}]}}