{"id":97984543,"date":"2017-10-27T08:36:37","date_gmt":"2017-10-27T11:36:37","guid":{"rendered":"http:\/\/acrimat.org.br\/portal\/?p=97984543"},"modified":"2017-10-27T08:38:06","modified_gmt":"2017-10-27T11:38:06","slug":"intercorte-sao-paulo-sera-o-grande-encontro-da-cadeia-produtiva-da-carne-bovina","status":"publish","type":"post","link":"https:\/\/acrimat.org.br\/portal\/intercorte-sao-paulo-sera-o-grande-encontro-da-cadeia-produtiva-da-carne-bovina\/","title":{"rendered":"InterCorte S\u00e3o Paulo ser\u00e1 o grande encontro da cadeia produtiva da carne bovina"},"content":{"rendered":"<p>De 15 a 17 de novembro, a cidade de S\u00e3o Paulo sedia a InterCorte, o mais consistente evento da cadeia produtiva da carne bovina, que encerrar\u00e1 o calend\u00e1rio do setor. Com dois audit\u00f3rios e um espa\u00e7o para degusta\u00e7\u00e3o de carne e eventos gastron\u00f4micos, a InterCorte S\u00e3o Paulo, que ser\u00e1 no WTC Events Center, reunir\u00e1 uma s\u00e9rie de iniciativas de diversos grupos que fazem a pecu\u00e1ria do dia a dia e pensam no futuro da atividade.<\/p>\n<p>Um dos eventos ser\u00e1 o semin\u00e1rio \u201cCaminhos da Gen\u00e9tica\u201d, um desdobramento do projeto \u201cCaminho do Boi\u201d. Durante todo o dia, seis palestrantes e 24 debatedores discutir\u00e3o os diversos aspectos da gen\u00e9tica em seis blocos: \u201cAnimais na Pista: Beleza Racial ou Beleza Funcional?\u201d, \u201cAplica\u00e7\u00f5es Pr\u00e1ticas do Melhoramento Gen\u00e9tico: \u00cdndices, crit\u00e9rios de sele\u00e7\u00e3o, acasalamentos, cruzamentos, compra de touros e s\u00eamen\u201d, \u201cO impacto no uso de animais melhoradores selecionados em Testes de desempenho e Efici\u00eancia Alimentar\u201d, \u201cUm passo a mais na tecnologia \u2013 O uso da Gen\u00f4mica no campo\u201d, \u201cProdutividade, Lucratividade e Sustentabilidade na utiliza\u00e7\u00e3o de animais melhorados\u201d e \u201cReprodu\u00e7\u00e3o, Fertilidade e Precocidade Sexual\u201d.<\/p>\n<p>O congresso \u201cCaminhos para a Pecu\u00e1ria Sustent\u00e1vel\u201d, promovido pela Associa\u00e7\u00e3o dos Profissionais da Pecu\u00e1ria Sustent\u00e1vel (APPS), ser\u00e1 realizado na InterCorte. A primeira palestra \u201cBoas pr\u00e1ticas de manejo de bovinos de corte: implica\u00e7\u00f5es no bem-estar da fazenda\u201d ser\u00e1 ministrada por Ricardo Baldo, seguida pela apresenta\u00e7\u00e3o \u201cNutri\u00e7\u00e3o de bovinos de corte\u201d por Jo\u00e3o Menezes, \u201cPastagem para a produ\u00e7\u00e3o pecu\u00e1ria sustent\u00e1vel\u201d por Antony Sewel, \u201cMelhoramento Gen\u00e9tico e reprodu\u00e7\u00e3o de bovinos para uma pecu\u00e1ria sustent\u00e1vel\u201d por Rodrigo Mendon\u00e7a e \u201cSanidade na produ\u00e7\u00e3o pecu\u00e1ria sustent\u00e1vel\u201d por Mario Garcia.<\/p>\n<p>Ocorre tamb\u00e9m na InterCorte o evento em comemora\u00e7\u00e3o aos 10 anos do GTPS \u2013 Grupo de Trabalho da Pecu\u00e1ria Sustent\u00e1vel. A abertura do evento tratar\u00e1 da import\u00e2ncia da articula\u00e7\u00e3o das cadeias de valor para o desenvolvimento sustent\u00e1vel, seguida por tr\u00eas pain\u00e9is: \u201cDesafios da pecu\u00e1ria brasileira e desenvolvimento sustent\u00e1vel\u201d, \u201cEngajamento da cadeia de valor e Desenvolvimento da Pecu\u00e1ria\u201d, \u201cO papel das Mesas Redondas para a evolu\u00e7\u00e3o cont\u00ednua das cadeias de valor\u201d. Na conclus\u00e3o do evento ser\u00e1 lan\u00e7ada uma nova plataforma de sustentabilidade<\/p>\n<p>O \u201cWorkshop Gest\u00e3o de Resultados na Pecu\u00e1ria. Quem lucra mais de R$ 500 ha\/ano\u201d, organizado pelo BeefPoint, ocorrer\u00e1 na InterCorte, com a apresenta\u00e7\u00e3o de estudos de caso de gest\u00e3o na pecu\u00e1ria de corte brasileira<\/p>\n<p>O evento ter\u00e1 tamb\u00e9m o encerramento da edi\u00e7\u00e3o de 2017 da InterCorte, circuito que percorreu os estados de Mato Grosso, Rond\u00f4nia, Mato Grosso do Sul e Tocantins com as conclus\u00f5es a partir do tema principal \u201cEntender para Atender\u201d e a realiza\u00e7\u00e3o de um painel internacional e um brasileiro para discutir os rumos da atividade.<\/p>\n<p>A InterCorte sediar\u00e1 ainda um Encontro de L\u00edderes da Pecu\u00e1ria no Whatsapp e um encontro do grupo Beef Radar, al\u00e9m de palestras oferecidas pelas empresas participantes, como \u201cOs dois lados da Gen\u00f4mica Aplicados em Uma S\u00f3 Fazenda\u201d, pela Agro Marip\u00e1.<\/p>\n<p>Para que os participantes possam apreciar o resultado de todo o trabalho desenvolvido pela cadeia para uma carne de qualidade, a InterCorte ter\u00e1 o Espa\u00e7o Degusta\u00e7\u00e3o #SomosdaCarne, com degusta\u00e7\u00f5es de carnes de diversas ra\u00e7as, testes sensoriais e a Beef Hour. Haver\u00e1 nesse espa\u00e7o tamb\u00e9m palestras, como de Leonardo Souza, da Qualitas Melhoramento Gen\u00e9tico, no dia 15\/11, que falar\u00e1 sobre cruzamento industrial, seguido de uma degusta\u00e7\u00e3o de cortes de Bonsmara Beef, al\u00e9m de lan\u00e7amentos nacionais de algumas marcas de carne.<\/p>\n<p>Enquanto o setor produtivo se re\u00fane no WTC para discutir melhorias, o consumidor \u00e9 convidado a conferir o resultado desse trabalho na Angus Beef Week, que ser\u00e1 promovida em diversos restaurantes da capital paulista de 11 a 19 de novembro.<\/p>\n<p><strong>Feira de neg\u00f3cios<\/strong><\/p>\n<p>A edi\u00e7\u00e3o da InterCorte em S\u00e3o Paulo ter\u00e1 ainda uma feira de neg\u00f3cios com a participa\u00e7\u00e3o de empresas de refer\u00eancia na pecu\u00e1ria, que lan\u00e7ar\u00e3o no evento suas inova\u00e7\u00f5es tecnol\u00f3gicas para tornar a pecu\u00e1ria cada vez mais produtiva e rent\u00e1vel. J\u00e1 confirmaram presen\u00e7a na InterCorte S\u00e3o Paulo as empresas Ourofino, AgroMarip\u00e1, Cargill-Nutron, Biog\u00e9nesis Bag\u00f3, Matsuda, Romancini, Mundial Bens, SBC Certificadora, Beckhauser, Trouw Nutrition, Brutale, Toledo, Casale, CRI Gen\u00e9tica, Deltagen, Wolf Seeds, Rubber Tank, ORO AGRI, Prodap, ABCT \u2013 Associa\u00e7\u00e3o Brasileira dos Criadores de Tabapu\u00e3, Associa\u00e7\u00e3o Goiana do Tabapu\u00e3, Illumina, Multibovinos, Minerthal, Balan\u00e7as A\u00e7ores, Est\u00e2ncia Bahia Leil\u00f5es, ABCB Senepol, Agrozootec, USP, Associa\u00e7\u00e3o Brasileira dos Criadores de Bonsmara, Associa\u00e7\u00e3o Brasileira de Criadores das Ra\u00e7as Simental \u2013 Simbrasil, Celeiros Carnes Especiais, Panucci, Acrimat \u2013 Associa\u00e7\u00e3o dos Criadores de Mato Grosso, GTPS \u2013 Grupo de Trabalho da Pecu\u00e1ria Sustent\u00e1vel e Lingui\u00e7a Guarania.<\/p>\n<p>\u201cA InterCorte S\u00e3o Paulo ser\u00e1 a converg\u00eancia de diversas iniciativas que v\u00eam sendo desenvolvidas nesse grande movimento em prol da carne bovina, seja com a realiza\u00e7\u00e3o de eventos em diversos pontos do Brasil seja com a campanha #SomosdaCarne, que tem um papel muito importante, especialmente neste ano em que setor vive grandes desafios\u201d, destaca Carla Tuccilio, diretora do Terraviva Eventos, realizadora da InterCorte.<\/p>\n<p>As inscri\u00e7\u00f5es para a InterCorte podem ser feitas pelo site\u00a0<span style=\"color: #0000ff;\"><a href=\"http:\/\/www.intercorte.com.br\/saopaulo\" target=\"_blank\" rel=\"noopener\">www.intercorte.com.br\/saopaulo<\/a><\/span>.<\/p>\n","protected":false},"excerpt":{"rendered":"<p>De 15 a 17 de novembro, a cidade de S\u00e3o Paulo sedia a InterCorte, o mais consistente evento da cadeia produtiva da carne bovina, que encerrar\u00e1 o calend\u00e1rio do setor<\/p>\n","protected":false},"author":11,"featured_media":97984554,"comment_status":"closed","ping_status":"closed","sticky":false,"template":"","format":"standard","meta":{"footnotes":""},"categories":[6,1],"tags":[],"class_list":["post-97984543","post","type-post","status-publish","format-standard","has-post-thumbnail","hentry","category-destaque","category-noticia"],"yoast_head":"<!-- This site is optimized with the Yoast SEO plugin v24.8.1 - https:\/\/yoast.com\/wordpress\/plugins\/seo\/ -->\n<title>InterCorte S\u00e3o Paulo ser\u00e1 o grande encontro da cadeia produtiva da carne bovina - Acrimat<\/title>\n<meta name=\"robots\" content=\"index, follow, max-snippet:-1, max-image-preview:large, max-video-preview:-1\" \/>\n<link rel=\"canonical\" href=\"https:\/\/acrimat.org.br\/portal\/intercorte-sao-paulo-sera-o-grande-encontro-da-cadeia-produtiva-da-carne-bovina\/\" \/>\n<meta property=\"og:locale\" content=\"pt_BR\" \/>\n<meta property=\"og:type\" content=\"article\" \/>\n<meta property=\"og:title\" content=\"InterCorte S\u00e3o Paulo ser\u00e1 o grande encontro da cadeia produtiva da carne bovina - Acrimat\" \/>\n<meta property=\"og:description\" content=\"De 15 a 17 de novembro, a cidade de S\u00e3o Paulo sedia a InterCorte, o mais consistente evento da cadeia produtiva da carne bovina, que encerrar\u00e1 o calend\u00e1rio do setor\" \/>\n<meta property=\"og:url\" content=\"https:\/\/acrimat.org.br\/portal\/intercorte-sao-paulo-sera-o-grande-encontro-da-cadeia-produtiva-da-carne-bovina\/\" \/>\n<meta property=\"og:site_name\" content=\"Acrimat\" \/>\n<meta property=\"article:published_time\" content=\"2017-10-27T11:36:37+00:00\" \/>\n<meta property=\"article:modified_time\" content=\"2017-10-27T11:38:06+00:00\" \/>\n<meta property=\"og:image\" content=\"https:\/\/acrimat.org.br\/portal\/wp-content\/uploads\/2017\/10\/captura-de-tela-2017-10-26-as-15-2.jpg\" \/>\n\t<meta property=\"og:image:width\" content=\"239\" \/>\n\t<meta property=\"og:image:height\" content=\"219\" \/>\n\t<meta property=\"og:image:type\" content=\"image\/jpeg\" \/>\n<meta name=\"author\" content=\"P\u00e9ricles C\u00e2ndido\" \/>\n<meta name=\"twitter:card\" content=\"summary_large_image\" \/>\n<meta name=\"twitter:label1\" content=\"Escrito por\" \/>\n\t<meta name=\"twitter:data1\" content=\"P\u00e9ricles C\u00e2ndido\" \/>\n\t<meta name=\"twitter:label2\" content=\"Est. tempo de leitura\" \/>\n\t<meta name=\"twitter:data2\" content=\"5 minutos\" \/>\n<script type=\"application\/ld+json\" class=\"yoast-schema-graph\">{\"@context\":\"https:\/\/schema.org\",\"@graph\":[{\"@type\":\"Article\",\"@id\":\"https:\/\/acrimat.org.br\/portal\/intercorte-sao-paulo-sera-o-grande-encontro-da-cadeia-produtiva-da-carne-bovina\/#article\",\"isPartOf\":{\"@id\":\"https:\/\/acrimat.org.br\/portal\/intercorte-sao-paulo-sera-o-grande-encontro-da-cadeia-produtiva-da-carne-bovina\/\"},\"author\":{\"name\":\"P\u00e9ricles C\u00e2ndido\",\"@id\":\"https:\/\/acrimat.org.br\/portal\/#\/schema\/person\/18df8bcf6890e924fe5d8b5afd2bec0f\"},\"headline\":\"InterCorte S\u00e3o Paulo ser\u00e1 o grande encontro da cadeia produtiva da carne bovina\",\"datePublished\":\"2017-10-27T11:36:37+00:00\",\"dateModified\":\"2017-10-27T11:38:06+00:00\",\"mainEntityOfPage\":{\"@id\":\"https:\/\/acrimat.org.br\/portal\/intercorte-sao-paulo-sera-o-grande-encontro-da-cadeia-produtiva-da-carne-bovina\/\"},\"wordCount\":924,\"publisher\":{\"@id\":\"https:\/\/acrimat.org.br\/portal\/#organization\"},\"image\":{\"@id\":\"https:\/\/acrimat.org.br\/portal\/intercorte-sao-paulo-sera-o-grande-encontro-da-cadeia-produtiva-da-carne-bovina\/#primaryimage\"},\"thumbnailUrl\":\"https:\/\/acrimat.org.br\/portal\/wp-content\/uploads\/2017\/10\/captura-de-tela-2017-10-26-as-15-2.jpg\",\"articleSection\":[\"Destaques\",\"Not\u00edcias\"],\"inLanguage\":\"pt-BR\"},{\"@type\":\"WebPage\",\"@id\":\"https:\/\/acrimat.org.br\/portal\/intercorte-sao-paulo-sera-o-grande-encontro-da-cadeia-produtiva-da-carne-bovina\/\",\"url\":\"https:\/\/acrimat.org.br\/portal\/intercorte-sao-paulo-sera-o-grande-encontro-da-cadeia-produtiva-da-carne-bovina\/\",\"name\":\"InterCorte S\u00e3o Paulo ser\u00e1 o grande encontro da cadeia produtiva da carne bovina - Acrimat\",\"isPartOf\":{\"@id\":\"https:\/\/acrimat.org.br\/portal\/#website\"},\"primaryImageOfPage\":{\"@id\":\"https:\/\/acrimat.org.br\/portal\/intercorte-sao-paulo-sera-o-grande-encontro-da-cadeia-produtiva-da-carne-bovina\/#primaryimage\"},\"image\":{\"@id\":\"https:\/\/acrimat.org.br\/portal\/intercorte-sao-paulo-sera-o-grande-encontro-da-cadeia-produtiva-da-carne-bovina\/#primaryimage\"},\"thumbnailUrl\":\"https:\/\/acrimat.org.br\/portal\/wp-content\/uploads\/2017\/10\/captura-de-tela-2017-10-26-as-15-2.jpg\",\"datePublished\":\"2017-10-27T11:36:37+00:00\",\"dateModified\":\"2017-10-27T11:38:06+00:00\",\"breadcrumb\":{\"@id\":\"https:\/\/acrimat.org.br\/portal\/intercorte-sao-paulo-sera-o-grande-encontro-da-cadeia-produtiva-da-carne-bovina\/#breadcrumb\"},\"inLanguage\":\"pt-BR\",\"potentialAction\":[{\"@type\":\"ReadAction\",\"target\":[\"https:\/\/acrimat.org.br\/portal\/intercorte-sao-paulo-sera-o-grande-encontro-da-cadeia-produtiva-da-carne-bovina\/\"]}]},{\"@type\":\"ImageObject\",\"inLanguage\":\"pt-BR\",\"@id\":\"https:\/\/acrimat.org.br\/portal\/intercorte-sao-paulo-sera-o-grande-encontro-da-cadeia-produtiva-da-carne-bovina\/#primaryimage\",\"url\":\"https:\/\/acrimat.org.br\/portal\/wp-content\/uploads\/2017\/10\/captura-de-tela-2017-10-26-as-15-2.jpg\",\"contentUrl\":\"https:\/\/acrimat.org.br\/portal\/wp-content\/uploads\/2017\/10\/captura-de-tela-2017-10-26-as-15-2.jpg\",\"width\":239,\"height\":219},{\"@type\":\"BreadcrumbList\",\"@id\":\"https:\/\/acrimat.org.br\/portal\/intercorte-sao-paulo-sera-o-grande-encontro-da-cadeia-produtiva-da-carne-bovina\/#breadcrumb\",\"itemListElement\":[{\"@type\":\"ListItem\",\"position\":1,\"name\":\"In\u00edcio\",\"item\":\"https:\/\/acrimat.org.br\/portal\/\"},{\"@type\":\"ListItem\",\"position\":2,\"name\":\"InterCorte S\u00e3o Paulo ser\u00e1 o grande encontro da cadeia produtiva da carne bovina\"}]},{\"@type\":\"WebSite\",\"@id\":\"https:\/\/acrimat.org.br\/portal\/#website\",\"url\":\"https:\/\/acrimat.org.br\/portal\/\",\"name\":\"Acrimat\",\"description\":\"Associa\u00e7\u00e3o dos Criadores de Mato Grosso\",\"publisher\":{\"@id\":\"https:\/\/acrimat.org.br\/portal\/#organization\"},\"potentialAction\":[{\"@type\":\"SearchAction\",\"target\":{\"@type\":\"EntryPoint\",\"urlTemplate\":\"https:\/\/acrimat.org.br\/portal\/?s={search_term_string}\"},\"query-input\":{\"@type\":\"PropertyValueSpecification\",\"valueRequired\":true,\"valueName\":\"search_term_string\"}}],\"inLanguage\":\"pt-BR\"},{\"@type\":\"Organization\",\"@id\":\"https:\/\/acrimat.org.br\/portal\/#organization\",\"name\":\"Associa\u00e7\u00e3o dos Criadores de Mato Grosso\",\"url\":\"https:\/\/acrimat.org.br\/portal\/\",\"logo\":{\"@type\":\"ImageObject\",\"inLanguage\":\"pt-BR\",\"@id\":\"https:\/\/acrimat.org.br\/portal\/#\/schema\/logo\/image\/\",\"url\":\"https:\/\/acrimat.org.br\/portal\/wp-content\/uploads\/2018\/03\/logo-peq-original.png\",\"contentUrl\":\"https:\/\/acrimat.org.br\/portal\/wp-content\/uploads\/2018\/03\/logo-peq-original.png\",\"width\":174,\"height\":171,\"caption\":\"Associa\u00e7\u00e3o dos Criadores de Mato Grosso\"},\"image\":{\"@id\":\"https:\/\/acrimat.org.br\/portal\/#\/schema\/logo\/image\/\"}},{\"@type\":\"Person\",\"@id\":\"https:\/\/acrimat.org.br\/portal\/#\/schema\/person\/18df8bcf6890e924fe5d8b5afd2bec0f\",\"name\":\"P\u00e9ricles C\u00e2ndido\",\"image\":{\"@type\":\"ImageObject\",\"inLanguage\":\"pt-BR\",\"@id\":\"https:\/\/acrimat.org.br\/portal\/#\/schema\/person\/image\/\",\"url\":\"https:\/\/secure.gravatar.com\/avatar\/33e2a2b971dc363ed2df53d0d3bfbd18?s=96&d=mm&r=g\",\"contentUrl\":\"https:\/\/secure.gravatar.com\/avatar\/33e2a2b971dc363ed2df53d0d3bfbd18?s=96&d=mm&r=g\",\"caption\":\"P\u00e9ricles C\u00e2ndido\"},\"sameAs\":[\"ascom@acrimat.org.br\"],\"url\":\"https:\/\/acrimat.org.br\/portal\/author\/designergrafico\/\"}]}<\/script>\n<!-- \/ Yoast SEO plugin. -->","yoast_head_json":{"title":"InterCorte S\u00e3o Paulo ser\u00e1 o grande encontro da cadeia produtiva da carne bovina - Acrimat","robots":{"index":"index","follow":"follow","max-snippet":"max-snippet:-1","max-image-preview":"max-image-preview:large","max-video-preview":"max-video-preview:-1"},"canonical":"https:\/\/acrimat.org.br\/portal\/intercorte-sao-paulo-sera-o-grande-encontro-da-cadeia-produtiva-da-carne-bovina\/","og_locale":"pt_BR","og_type":"article","og_title":"InterCorte S\u00e3o Paulo ser\u00e1 o grande encontro da cadeia produtiva da carne bovina - Acrimat","og_description":"De 15 a 17 de novembro, a cidade de S\u00e3o Paulo sedia a InterCorte, o mais consistente evento da cadeia produtiva da carne bovina, que encerrar\u00e1 o calend\u00e1rio do setor","og_url":"https:\/\/acrimat.org.br\/portal\/intercorte-sao-paulo-sera-o-grande-encontro-da-cadeia-produtiva-da-carne-bovina\/","og_site_name":"Acrimat","article_published_time":"2017-10-27T11:36:37+00:00","article_modified_time":"2017-10-27T11:38:06+00:00","og_image":[{"width":239,"height":219,"url":"https:\/\/acrimat.org.br\/portal\/wp-content\/uploads\/2017\/10\/captura-de-tela-2017-10-26-as-15-2.jpg","type":"image\/jpeg"}],"author":"P\u00e9ricles C\u00e2ndido","twitter_card":"summary_large_image","twitter_misc":{"Escrito por":"P\u00e9ricles C\u00e2ndido","Est. tempo de leitura":"5 minutos"},"schema":{"@context":"https:\/\/schema.org","@graph":[{"@type":"Article","@id":"https:\/\/acrimat.org.br\/portal\/intercorte-sao-paulo-sera-o-grande-encontro-da-cadeia-produtiva-da-carne-bovina\/#article","isPartOf":{"@id":"https:\/\/acrimat.org.br\/portal\/intercorte-sao-paulo-sera-o-grande-encontro-da-cadeia-produtiva-da-carne-bovina\/"},"author":{"name":"P\u00e9ricles C\u00e2ndido","@id":"https:\/\/acrimat.org.br\/portal\/#\/schema\/person\/18df8bcf6890e924fe5d8b5afd2bec0f"},"headline":"InterCorte S\u00e3o Paulo ser\u00e1 o grande encontro da cadeia produtiva da carne bovina","datePublished":"2017-10-27T11:36:37+00:00","dateModified":"2017-10-27T11:38:06+00:00","mainEntityOfPage":{"@id":"https:\/\/acrimat.org.br\/portal\/intercorte-sao-paulo-sera-o-grande-encontro-da-cadeia-produtiva-da-carne-bovina\/"},"wordCount":924,"publisher":{"@id":"https:\/\/acrimat.org.br\/portal\/#organization"},"image":{"@id":"https:\/\/acrimat.org.br\/portal\/intercorte-sao-paulo-sera-o-grande-encontro-da-cadeia-produtiva-da-carne-bovina\/#primaryimage"},"thumbnailUrl":"https:\/\/acrimat.org.br\/portal\/wp-content\/uploads\/2017\/10\/captura-de-tela-2017-10-26-as-15-2.jpg","articleSection":["Destaques","Not\u00edcias"],"inLanguage":"pt-BR"},{"@type":"WebPage","@id":"https:\/\/acrimat.org.br\/portal\/intercorte-sao-paulo-sera-o-grande-encontro-da-cadeia-produtiva-da-carne-bovina\/","url":"https:\/\/acrimat.org.br\/portal\/intercorte-sao-paulo-sera-o-grande-encontro-da-cadeia-produtiva-da-carne-bovina\/","name":"InterCorte S\u00e3o Paulo ser\u00e1 o grande encontro da cadeia produtiva da carne bovina - Acrimat","isPartOf":{"@id":"https:\/\/acrimat.org.br\/portal\/#website"},"primaryImageOfPage":{"@id":"https:\/\/acrimat.org.br\/portal\/intercorte-sao-paulo-sera-o-grande-encontro-da-cadeia-produtiva-da-carne-bovina\/#primaryimage"},"image":{"@id":"https:\/\/acrimat.org.br\/portal\/intercorte-sao-paulo-sera-o-grande-encontro-da-cadeia-produtiva-da-carne-bovina\/#primaryimage"},"thumbnailUrl":"https:\/\/acrimat.org.br\/portal\/wp-content\/uploads\/2017\/10\/captura-de-tela-2017-10-26-as-15-2.jpg","datePublished":"2017-10-27T11:36:37+00:00","dateModified":"2017-10-27T11:38:06+00:00","breadcrumb":{"@id":"https:\/\/acrimat.org.br\/portal\/intercorte-sao-paulo-sera-o-grande-encontro-da-cadeia-produtiva-da-carne-bovina\/#breadcrumb"},"inLanguage":"pt-BR","potentialAction":[{"@type":"ReadAction","target":["https:\/\/acrimat.org.br\/portal\/intercorte-sao-paulo-sera-o-grande-encontro-da-cadeia-produtiva-da-carne-bovina\/"]}]},{"@type":"ImageObject","inLanguage":"pt-BR","@id":"https:\/\/acrimat.org.br\/portal\/intercorte-sao-paulo-sera-o-grande-encontro-da-cadeia-produtiva-da-carne-bovina\/#primaryimage","url":"https:\/\/acrimat.org.br\/portal\/wp-content\/uploads\/2017\/10\/captura-de-tela-2017-10-26-as-15-2.jpg","contentUrl":"https:\/\/acrimat.org.br\/portal\/wp-content\/uploads\/2017\/10\/captura-de-tela-2017-10-26-as-15-2.jpg","width":239,"height":219},{"@type":"BreadcrumbList","@id":"https:\/\/acrimat.org.br\/portal\/intercorte-sao-paulo-sera-o-grande-encontro-da-cadeia-produtiva-da-carne-bovina\/#breadcrumb","itemListElement":[{"@type":"ListItem","position":1,"name":"In\u00edcio","item":"https:\/\/acrimat.org.br\/portal\/"},{"@type":"ListItem","position":2,"name":"InterCorte S\u00e3o Paulo ser\u00e1 o grande encontro da cadeia produtiva da carne bovina"}]},{"@type":"WebSite","@id":"https:\/\/acrimat.org.br\/portal\/#website","url":"https:\/\/acrimat.org.br\/portal\/","name":"Acrimat","description":"Associa\u00e7\u00e3o dos Criadores de Mato Grosso","publisher":{"@id":"https:\/\/acrimat.org.br\/portal\/#organization"},"potentialAction":[{"@type":"SearchAction","target":{"@type":"EntryPoint","urlTemplate":"https:\/\/acrimat.org.br\/portal\/?s={search_term_string}"},"query-input":{"@type":"PropertyValueSpecification","valueRequired":true,"valueName":"search_term_string"}}],"inLanguage":"pt-BR"},{"@type":"Organization","@id":"https:\/\/acrimat.org.br\/portal\/#organization","name":"Associa\u00e7\u00e3o dos Criadores de Mato Grosso","url":"https:\/\/acrimat.org.br\/portal\/","logo":{"@type":"ImageObject","inLanguage":"pt-BR","@id":"https:\/\/acrimat.org.br\/portal\/#\/schema\/logo\/image\/","url":"https:\/\/acrimat.org.br\/portal\/wp-content\/uploads\/2018\/03\/logo-peq-original.png","contentUrl":"https:\/\/acrimat.org.br\/portal\/wp-content\/uploads\/2018\/03\/logo-peq-original.png","width":174,"height":171,"caption":"Associa\u00e7\u00e3o dos Criadores de Mato Grosso"},"image":{"@id":"https:\/\/acrimat.org.br\/portal\/#\/schema\/logo\/image\/"}},{"@type":"Person","@id":"https:\/\/acrimat.org.br\/portal\/#\/schema\/person\/18df8bcf6890e924fe5d8b5afd2bec0f","name":"P\u00e9ricles C\u00e2ndido","image":{"@type":"ImageObject","inLanguage":"pt-BR","@id":"https:\/\/acrimat.org.br\/portal\/#\/schema\/person\/image\/","url":"https:\/\/secure.gravatar.com\/avatar\/33e2a2b971dc363ed2df53d0d3bfbd18?s=96&d=mm&r=g","contentUrl":"https:\/\/secure.gravatar.com\/avatar\/33e2a2b971dc363ed2df53d0d3bfbd18?s=96&d=mm&r=g","caption":"P\u00e9ricles C\u00e2ndido"},"sameAs":["ascom@acrimat.org.br"],"url":"https:\/\/acrimat.org.br\/portal\/author\/designergrafico\/"}]}},"_links":{"self":[{"href":"https:\/\/acrimat.org.br\/portal\/wp-json\/wp\/v2\/posts\/97984543","targetHints":{"allow":["GET"]}}],"collection":[{"href":"https:\/\/acrimat.org.br\/portal\/wp-json\/wp\/v2\/posts"}],"about":[{"href":"https:\/\/acrimat.org.br\/portal\/wp-json\/wp\/v2\/types\/post"}],"author":[{"embeddable":true,"href":"https:\/\/acrimat.org.br\/portal\/wp-json\/wp\/v2\/users\/11"}],"replies":[{"embeddable":true,"href":"https:\/\/acrimat.org.br\/portal\/wp-json\/wp\/v2\/comments?post=97984543"}],"version-history":[{"count":4,"href":"https:\/\/acrimat.org.br\/portal\/wp-json\/wp\/v2\/posts\/97984543\/revisions"}],"predecessor-version":[{"id":97984555,"href":"https:\/\/acrimat.org.br\/portal\/wp-json\/wp\/v2\/posts\/97984543\/revisions\/97984555"}],"wp:featuredmedia":[{"embeddable":true,"href":"https:\/\/acrimat.org.br\/portal\/wp-json\/wp\/v2\/media\/97984554"}],"wp:attachment":[{"href":"https:\/\/acrimat.org.br\/portal\/wp-json\/wp\/v2\/media?parent=97984543"}],"wp:term":[{"taxonomy":"category","embeddable":true,"href":"https:\/\/acrimat.org.br\/portal\/wp-json\/wp\/v2\/categories?post=97984543"},{"taxonomy":"post_tag","embeddable":true,"href":"https:\/\/acrimat.org.br\/portal\/wp-json\/wp\/v2\/tags?post=97984543"}],"curies":[{"name":"wp","href":"https:\/\/api.w.org\/{rel}","templated":true}]}}