{"id":97984575,"date":"2017-10-30T09:02:56","date_gmt":"2017-10-30T12:02:56","guid":{"rendered":"http:\/\/acrimat.org.br\/portal\/?p=97984575"},"modified":"2017-10-30T09:02:56","modified_gmt":"2017-10-30T12:02:56","slug":"com-intensificacao-fazenda-deve-alcancar-32haano","status":"publish","type":"post","link":"https:\/\/acrimat.org.br\/portal\/com-intensificacao-fazenda-deve-alcancar-32haano\/","title":{"rendered":"Com intensifica\u00e7\u00e3o, fazenda deve alcan\u00e7ar 32@\/ha\/ano"},"content":{"rendered":"<p>Bom \u00edndice de chuvas na regi\u00e3o, reforma de pastagens, suplementa\u00e7\u00e3o estrat\u00e9gica e gest\u00e3o. Esses s\u00e3o alguns dos fatores que devem garantir \u00e0 Fazenda Bevilaqua, em Carlinda, MT, uma produ\u00e7\u00e3o de 32@\/ha\/ano, n\u00famero acima da m\u00e9dia nacional de 6@\/ha\/ano. \u201cNo per\u00edodo das \u00e1guas chegamos a 16@\/ha. Como mantemos a nutri\u00e7\u00e3o, a expectativa \u00e9 que ficaremos nessas 32@\/ha esse ano\u201d, diz Fabiano Alvim, diretor-t\u00e9cnico da Pecu\u00e1ria Sustent\u00e1vel da Amaz\u00f4nia (Pecsa), empresa que administra 767 hectares da propriedade.<\/p>\n<p>A Pecsa faz parcerias com pecuaristas do bioma Amaz\u00f4nia para transformar as propriedades em modelos sustent\u00e1veis e produtivos. A rela\u00e7\u00e3o da empresa com a Fazenda Bevilaqua, do pecuarista Celso Bevilaqua, come\u00e7ou no final de 2015. \u201cComo h\u00e1 um per\u00edodo de reformas e adapta\u00e7\u00f5es de estrutura, esse ser\u00e1 o primeiro ano da propriedade rodando completa, do jeito que imaginamos, por isso ainda n\u00e3o h\u00e1 um dado final\u201d, explica Alvim.<\/p>\n<p>Mudan\u00e7as &#8211; Assim que assume a gest\u00e3o de uma propriedade, a Pecsa faz um diagn\u00f3stico completo de toda a \u00e1rea. \u201cAvaliamos as pastagens, os recursos h\u00eddricos, a estrutura, o que precisa ser feito em rela\u00e7\u00e3o \u00e0s \u00c1reas de Preserva\u00e7\u00e3o Permanente (APPs) e reserva legal e tamb\u00e9m a m\u00e3o de obra. A partir disso, decidimos quais mudan\u00e7as ser\u00e3o necess\u00e1rias\u201d. No caso da Bevilaqua, houve corre\u00e7\u00e3o de solo e as pastagens foram reformadas com Panicum, j\u00e1 que, segundo Alvim, a morte s\u00fabita do braquiar\u00e3o \u00e9 comum na regi\u00e3o. \u201cSe reformamos com braqui\u00e1ria de novo, daqui dois ou tr\u00eas anos vai acontecer de novo a morte s\u00fabita\u201d. Todo ano ainda \u00e9 feita aduba\u00e7\u00e3o de manuten\u00e7\u00e3o nas pastagens. \u201cO manejo do solo com reforma de pasto, divis\u00e3o de \u00e1rea e aduba\u00e7\u00e3o nos permite trabalhar com lota\u00e7\u00e3o m\u00e9dia de 2,5 UA\/ha ou 3,5 cabe\u00e7as de novilhas por hectare. A m\u00e9dia brasileira \u00e9 de 1 UA\/ha\u201d.<\/p>\n<p>Os recursos h\u00eddricos tamb\u00e9m receberam aten\u00e7\u00e3o especial. \u201cNa maioria das fazenda no norte de Mato Grosso, o gado bebe \u00e1gua de fontes naturais. N\u00f3s tiramos isso. Ent\u00e3o, fazemos sistema de capta\u00e7\u00e3o de \u00e1gua e bombeamento para reservat\u00f3rios maiores. Depois distribu\u00edmos em bebedouros\u201d. A Pecsa ainda restaura as APPs e as cerca para que os animais n\u00e3o tenham mais acesso.<\/p>\n<p><strong>Nutri\u00e7\u00e3o &#8211;<\/strong> Na Bevilaqua e na maioria de suas parcerias, a Pecsa trabalha com recria e engorda de novilhas, que chegam com 6 a 7 arrobas e saem no m\u00e1ximo 11 meses depois com 13 a 14 arrobas. \u201cS\u00f3 a taxa de lota\u00e7\u00e3o n\u00e3o significa que vamos produzir muito. Nossas fazendas t\u00eam que ter ganho de peso acima de 650 g, 700 g por dia\u201d. Fabiano explica que todo gado que chega recebe em torno de 1 kg\/cab. de um suplemento proteico &#8211; com cerca de 25% de prote\u00edna. \u201cE, na engorda, dependendo da necessidade, os animais recebem suplementa\u00e7\u00e3o de 1% a 1,5% do peso vivo na ra\u00e7\u00e3o\u201d. A ra\u00e7\u00e3o \u00e9 formulada por Alvim e, a partir de outubro, a Pecsa come\u00e7ar\u00e1 a ter fabrica\u00e7\u00e3o pr\u00f3pria para fornec\u00ea-la para todas as suas fazendas. \u201cUsamos aditivos, mas nada de antibi\u00f3tico alimentar para evitar restri\u00e7\u00f5es de mercado\u201d.<\/p>\n<p><strong>Gest\u00e3o &#8211; <\/strong>Todos os animais s\u00e3o chipados para garantir a rastreabilidade e tamb\u00e9m para que haja monitoramento individual e gera\u00e7\u00e3o de dados. H\u00e1 tamb\u00e9m pesagens de rotina e aparta\u00e7\u00e3o em lotes de acordo com o peso. \u201cIsso nos d\u00e1 informa\u00e7\u00f5es para estrat\u00e9gias nutricionais, an\u00e1lise de ra\u00e7a, de peso e tamb\u00e9m para compararmos com as nossas metas\u201d. Todas as propriedades t\u00eam objetivos definidos de ganho de peso, qualidade de carca\u00e7a, entre outros \u00edndices, que s\u00e3o acompanhadas pela equipe t\u00e9cnica e operacional.<\/p>\n<p>Quando a parceria \u00e9 firmada, s\u00e3o feitas entrevistas com os funcion\u00e1rios que trabalham na fazenda para que eles sejam vinculados \u00e0 Pecsa. Eles recebem treinamentos de regulamenta\u00e7\u00e3o, cuidados ambientais, vacina\u00e7\u00e3o, aplica\u00e7\u00e3o de produtos e condu\u00e7\u00e3o de maquin\u00e1rios para que estejam preparados para as mudan\u00e7as. Dependendo do tamanho da \u00e1rea, contrata\u00e7\u00f5es s\u00e3o feitas.<\/p>\n<p><strong>Sustentabilidade &#8211;<\/strong> Al\u00e9m de regularizar as APPs, buscando uma pecu\u00e1ria sustent\u00e1vel, a Pecsa tamb\u00e9m garante a rastreabilidade de todo o gado. As compras s\u00e3o feitas apenas de propriedades sem problemas ambientais e trabalhistas. \u201cTemos uma pessoa apenas para fazer a compra de gado das fazendas. Ela vai at\u00e9 a propriedade, passa os dados para a \u00e1rea ambiental, que checa se existem problemas relacionados a desmatamento, terras ind\u00edgenas, trabalho escravo, entre outras coisas\u201d, explica Alvim. Apenas ap\u00f3s a libera\u00e7\u00e3o, a compra \u00e9 realizada.<\/p>\n<p><strong>Custos e viabilidade &#8211; <\/strong>Os investimentos iniciais na adequa\u00e7\u00e3o da propriedade &#8211; reforma de pastagens, estrutura de bebedouros, parte ambiental, entre outras necessidades &#8211; ficam entre R$ 3.000 e R$ 3.300 por hectare. Al\u00e9m disso, h\u00e1 um custo direto por animal de cerca de R$ 40 a 45\/m\u00eas. \u201c\u00c9 um custeio relativamente alto por causa de suplementa\u00e7\u00e3o, aduba\u00e7\u00e3o. Por isso, precisamos produzir muito, ter alto ganho de peso e trabalhar com valor agregado\u201d, diz o diretor-t\u00e9cnico da Pecsa. A empresa n\u00e3o tem nenhuma certifica\u00e7\u00e3o de sustentabilidade ou recebe a mais por isso. \u201cA nossa bonifica\u00e7\u00e3o &#8211; de R$ 3 a R$ 5 por arroba &#8211; vem de entregar novilhas precoce, acima de 13,5@, com padr\u00e3o elevado de qualidade de carca\u00e7a\u201d.<\/p>\n<p>Segundo Alvim, o investimento inicial se paga, em m\u00e9dia, no terceiro ano, dependendo da condi\u00e7\u00e3o dos pre\u00e7os. \u201cQuando a situa\u00e7\u00e3o est\u00e1 boa, \u00e9 poss\u00edvel conseguir o retorno at\u00e9 no segundo ano\u201d.<\/p>\n<p>Mesmo com os altos valores empregados nas mudan\u00e7as, Alvim acredita que o modelo \u00e9 aplic\u00e1vel no pa\u00eds. Para ele, o pecuarista precisa fazer as reformas gradativamente, j\u00e1 que possivelmente n\u00e3o ter\u00e1 caixa para tudo de uma vez. Dependendo da propriedade, tamb\u00e9m pode n\u00e3o ser necess\u00e1rio reformar tudo. \u201cO produtor pode separar 30%, 50% da \u00e1rea para trabalhar de forma mais intensiva. A Pecsa faz tudo, porque temos aporte de um fundo europeu. Ent\u00e3o adequamos essas \u00e1reas para mostrar que \u00e9 poss\u00edvel trabalhar com pecu\u00e1ria intensiva e evitar desmatamento\u201d, conta Alvim.<\/p>\n<p><strong>Modelo de parcerias Pecsa &#8211;<\/strong> O modelo de parcerias da Pecsa pode variar caso a caso, mas, normalmente, o investimento inicial &#8211; reforma de pastagens, compra de gado, adapta\u00e7\u00f5es ambientais &#8211; \u00e9 repartido entre a empresa e o produtor. O custeio fica a cargo da Pecsa. O produtor recebe uma porcentagem do lucro, que depende do n\u00edvel de participa\u00e7\u00e3o nos gastos iniciais. O per\u00edodo dos contratos varia de sete a oito anos. Ap\u00f3s isso, Alvim diz que o pecuarista pode escolher renovar a parceria ou ent\u00e3o retomar a gest\u00e3o da fazenda. \u201cVamos entregar a propriedade com toda a adequa\u00e7\u00e3o ambiental e estrutural que fizemos\u201d.<\/p>\n","protected":false},"excerpt":{"rendered":"<p>Modelo usado pela Pecsa envolve reforma total de pastagens, implanta\u00e7\u00e3o de bebedouros e regulariza\u00e7\u00e3o de \u00e1reas de reserva legal<\/p>\n","protected":false},"author":11,"featured_media":97984576,"comment_status":"closed","ping_status":"closed","sticky":false,"template":"","format":"standard","meta":{"footnotes":""},"categories":[6,1],"tags":[],"class_list":["post-97984575","post","type-post","status-publish","format-standard","has-post-thumbnail","hentry","category-destaque","category-noticia"],"yoast_head":"<!-- This site is optimized with the Yoast SEO plugin v24.8.1 - https:\/\/yoast.com\/wordpress\/plugins\/seo\/ -->\n<title>Com intensifica\u00e7\u00e3o, fazenda deve alcan\u00e7ar 32@\/ha\/ano - Acrimat<\/title>\n<meta name=\"robots\" content=\"index, follow, max-snippet:-1, max-image-preview:large, max-video-preview:-1\" \/>\n<link rel=\"canonical\" href=\"https:\/\/acrimat.org.br\/portal\/com-intensificacao-fazenda-deve-alcancar-32haano\/\" \/>\n<meta property=\"og:locale\" content=\"pt_BR\" \/>\n<meta property=\"og:type\" content=\"article\" \/>\n<meta property=\"og:title\" content=\"Com intensifica\u00e7\u00e3o, fazenda deve alcan\u00e7ar 32@\/ha\/ano - Acrimat\" \/>\n<meta property=\"og:description\" content=\"Modelo usado pela Pecsa envolve reforma total de pastagens, implanta\u00e7\u00e3o de bebedouros e regulariza\u00e7\u00e3o de \u00e1reas de reserva legal\" \/>\n<meta property=\"og:url\" content=\"https:\/\/acrimat.org.br\/portal\/com-intensificacao-fazenda-deve-alcancar-32haano\/\" \/>\n<meta property=\"og:site_name\" content=\"Acrimat\" \/>\n<meta property=\"article:published_time\" content=\"2017-10-30T12:02:56+00:00\" \/>\n<meta property=\"og:image\" content=\"https:\/\/acrimat.org.br\/portal\/wp-content\/uploads\/2017\/10\/12490.jpg\" \/>\n\t<meta property=\"og:image:width\" content=\"1000\" \/>\n\t<meta property=\"og:image:height\" content=\"666\" \/>\n\t<meta property=\"og:image:type\" content=\"image\/jpeg\" \/>\n<meta name=\"author\" content=\"P\u00e9ricles C\u00e2ndido\" \/>\n<meta name=\"twitter:card\" content=\"summary_large_image\" \/>\n<meta name=\"twitter:label1\" content=\"Escrito por\" \/>\n\t<meta name=\"twitter:data1\" content=\"P\u00e9ricles C\u00e2ndido\" \/>\n\t<meta name=\"twitter:label2\" content=\"Est. tempo de leitura\" \/>\n\t<meta name=\"twitter:data2\" content=\"6 minutos\" \/>\n<script type=\"application\/ld+json\" class=\"yoast-schema-graph\">{\"@context\":\"https:\/\/schema.org\",\"@graph\":[{\"@type\":\"Article\",\"@id\":\"https:\/\/acrimat.org.br\/portal\/com-intensificacao-fazenda-deve-alcancar-32haano\/#article\",\"isPartOf\":{\"@id\":\"https:\/\/acrimat.org.br\/portal\/com-intensificacao-fazenda-deve-alcancar-32haano\/\"},\"author\":{\"name\":\"P\u00e9ricles C\u00e2ndido\",\"@id\":\"https:\/\/acrimat.org.br\/portal\/#\/schema\/person\/18df8bcf6890e924fe5d8b5afd2bec0f\"},\"headline\":\"Com intensifica\u00e7\u00e3o, fazenda deve alcan\u00e7ar 32@\/ha\/ano\",\"datePublished\":\"2017-10-30T12:02:56+00:00\",\"mainEntityOfPage\":{\"@id\":\"https:\/\/acrimat.org.br\/portal\/com-intensificacao-fazenda-deve-alcancar-32haano\/\"},\"wordCount\":1170,\"publisher\":{\"@id\":\"https:\/\/acrimat.org.br\/portal\/#organization\"},\"image\":{\"@id\":\"https:\/\/acrimat.org.br\/portal\/com-intensificacao-fazenda-deve-alcancar-32haano\/#primaryimage\"},\"thumbnailUrl\":\"https:\/\/acrimat.org.br\/portal\/wp-content\/uploads\/2017\/10\/12490.jpg\",\"articleSection\":[\"Destaques\",\"Not\u00edcias\"],\"inLanguage\":\"pt-BR\"},{\"@type\":\"WebPage\",\"@id\":\"https:\/\/acrimat.org.br\/portal\/com-intensificacao-fazenda-deve-alcancar-32haano\/\",\"url\":\"https:\/\/acrimat.org.br\/portal\/com-intensificacao-fazenda-deve-alcancar-32haano\/\",\"name\":\"Com intensifica\u00e7\u00e3o, fazenda deve alcan\u00e7ar 32@\/ha\/ano - Acrimat\",\"isPartOf\":{\"@id\":\"https:\/\/acrimat.org.br\/portal\/#website\"},\"primaryImageOfPage\":{\"@id\":\"https:\/\/acrimat.org.br\/portal\/com-intensificacao-fazenda-deve-alcancar-32haano\/#primaryimage\"},\"image\":{\"@id\":\"https:\/\/acrimat.org.br\/portal\/com-intensificacao-fazenda-deve-alcancar-32haano\/#primaryimage\"},\"thumbnailUrl\":\"https:\/\/acrimat.org.br\/portal\/wp-content\/uploads\/2017\/10\/12490.jpg\",\"datePublished\":\"2017-10-30T12:02:56+00:00\",\"breadcrumb\":{\"@id\":\"https:\/\/acrimat.org.br\/portal\/com-intensificacao-fazenda-deve-alcancar-32haano\/#breadcrumb\"},\"inLanguage\":\"pt-BR\",\"potentialAction\":[{\"@type\":\"ReadAction\",\"target\":[\"https:\/\/acrimat.org.br\/portal\/com-intensificacao-fazenda-deve-alcancar-32haano\/\"]}]},{\"@type\":\"ImageObject\",\"inLanguage\":\"pt-BR\",\"@id\":\"https:\/\/acrimat.org.br\/portal\/com-intensificacao-fazenda-deve-alcancar-32haano\/#primaryimage\",\"url\":\"https:\/\/acrimat.org.br\/portal\/wp-content\/uploads\/2017\/10\/12490.jpg\",\"contentUrl\":\"https:\/\/acrimat.org.br\/portal\/wp-content\/uploads\/2017\/10\/12490.jpg\",\"width\":1000,\"height\":666},{\"@type\":\"BreadcrumbList\",\"@id\":\"https:\/\/acrimat.org.br\/portal\/com-intensificacao-fazenda-deve-alcancar-32haano\/#breadcrumb\",\"itemListElement\":[{\"@type\":\"ListItem\",\"position\":1,\"name\":\"In\u00edcio\",\"item\":\"https:\/\/acrimat.org.br\/portal\/\"},{\"@type\":\"ListItem\",\"position\":2,\"name\":\"Com intensifica\u00e7\u00e3o, fazenda deve alcan\u00e7ar 32@\/ha\/ano\"}]},{\"@type\":\"WebSite\",\"@id\":\"https:\/\/acrimat.org.br\/portal\/#website\",\"url\":\"https:\/\/acrimat.org.br\/portal\/\",\"name\":\"Acrimat\",\"description\":\"Associa\u00e7\u00e3o dos Criadores de Mato Grosso\",\"publisher\":{\"@id\":\"https:\/\/acrimat.org.br\/portal\/#organization\"},\"potentialAction\":[{\"@type\":\"SearchAction\",\"target\":{\"@type\":\"EntryPoint\",\"urlTemplate\":\"https:\/\/acrimat.org.br\/portal\/?s={search_term_string}\"},\"query-input\":{\"@type\":\"PropertyValueSpecification\",\"valueRequired\":true,\"valueName\":\"search_term_string\"}}],\"inLanguage\":\"pt-BR\"},{\"@type\":\"Organization\",\"@id\":\"https:\/\/acrimat.org.br\/portal\/#organization\",\"name\":\"Associa\u00e7\u00e3o dos Criadores de Mato Grosso\",\"url\":\"https:\/\/acrimat.org.br\/portal\/\",\"logo\":{\"@type\":\"ImageObject\",\"inLanguage\":\"pt-BR\",\"@id\":\"https:\/\/acrimat.org.br\/portal\/#\/schema\/logo\/image\/\",\"url\":\"https:\/\/acrimat.org.br\/portal\/wp-content\/uploads\/2018\/03\/logo-peq-original.png\",\"contentUrl\":\"https:\/\/acrimat.org.br\/portal\/wp-content\/uploads\/2018\/03\/logo-peq-original.png\",\"width\":174,\"height\":171,\"caption\":\"Associa\u00e7\u00e3o dos Criadores de Mato Grosso\"},\"image\":{\"@id\":\"https:\/\/acrimat.org.br\/portal\/#\/schema\/logo\/image\/\"}},{\"@type\":\"Person\",\"@id\":\"https:\/\/acrimat.org.br\/portal\/#\/schema\/person\/18df8bcf6890e924fe5d8b5afd2bec0f\",\"name\":\"P\u00e9ricles C\u00e2ndido\",\"image\":{\"@type\":\"ImageObject\",\"inLanguage\":\"pt-BR\",\"@id\":\"https:\/\/acrimat.org.br\/portal\/#\/schema\/person\/image\/\",\"url\":\"https:\/\/secure.gravatar.com\/avatar\/33e2a2b971dc363ed2df53d0d3bfbd18?s=96&d=mm&r=g\",\"contentUrl\":\"https:\/\/secure.gravatar.com\/avatar\/33e2a2b971dc363ed2df53d0d3bfbd18?s=96&d=mm&r=g\",\"caption\":\"P\u00e9ricles C\u00e2ndido\"},\"sameAs\":[\"ascom@acrimat.org.br\"],\"url\":\"https:\/\/acrimat.org.br\/portal\/author\/designergrafico\/\"}]}<\/script>\n<!-- \/ Yoast SEO plugin. -->","yoast_head_json":{"title":"Com intensifica\u00e7\u00e3o, fazenda deve alcan\u00e7ar 32@\/ha\/ano - Acrimat","robots":{"index":"index","follow":"follow","max-snippet":"max-snippet:-1","max-image-preview":"max-image-preview:large","max-video-preview":"max-video-preview:-1"},"canonical":"https:\/\/acrimat.org.br\/portal\/com-intensificacao-fazenda-deve-alcancar-32haano\/","og_locale":"pt_BR","og_type":"article","og_title":"Com intensifica\u00e7\u00e3o, fazenda deve alcan\u00e7ar 32@\/ha\/ano - Acrimat","og_description":"Modelo usado pela Pecsa envolve reforma total de pastagens, implanta\u00e7\u00e3o de bebedouros e regulariza\u00e7\u00e3o de \u00e1reas de reserva legal","og_url":"https:\/\/acrimat.org.br\/portal\/com-intensificacao-fazenda-deve-alcancar-32haano\/","og_site_name":"Acrimat","article_published_time":"2017-10-30T12:02:56+00:00","og_image":[{"width":1000,"height":666,"url":"https:\/\/acrimat.org.br\/portal\/wp-content\/uploads\/2017\/10\/12490.jpg","type":"image\/jpeg"}],"author":"P\u00e9ricles C\u00e2ndido","twitter_card":"summary_large_image","twitter_misc":{"Escrito por":"P\u00e9ricles C\u00e2ndido","Est. tempo de leitura":"6 minutos"},"schema":{"@context":"https:\/\/schema.org","@graph":[{"@type":"Article","@id":"https:\/\/acrimat.org.br\/portal\/com-intensificacao-fazenda-deve-alcancar-32haano\/#article","isPartOf":{"@id":"https:\/\/acrimat.org.br\/portal\/com-intensificacao-fazenda-deve-alcancar-32haano\/"},"author":{"name":"P\u00e9ricles C\u00e2ndido","@id":"https:\/\/acrimat.org.br\/portal\/#\/schema\/person\/18df8bcf6890e924fe5d8b5afd2bec0f"},"headline":"Com intensifica\u00e7\u00e3o, fazenda deve alcan\u00e7ar 32@\/ha\/ano","datePublished":"2017-10-30T12:02:56+00:00","mainEntityOfPage":{"@id":"https:\/\/acrimat.org.br\/portal\/com-intensificacao-fazenda-deve-alcancar-32haano\/"},"wordCount":1170,"publisher":{"@id":"https:\/\/acrimat.org.br\/portal\/#organization"},"image":{"@id":"https:\/\/acrimat.org.br\/portal\/com-intensificacao-fazenda-deve-alcancar-32haano\/#primaryimage"},"thumbnailUrl":"https:\/\/acrimat.org.br\/portal\/wp-content\/uploads\/2017\/10\/12490.jpg","articleSection":["Destaques","Not\u00edcias"],"inLanguage":"pt-BR"},{"@type":"WebPage","@id":"https:\/\/acrimat.org.br\/portal\/com-intensificacao-fazenda-deve-alcancar-32haano\/","url":"https:\/\/acrimat.org.br\/portal\/com-intensificacao-fazenda-deve-alcancar-32haano\/","name":"Com intensifica\u00e7\u00e3o, fazenda deve alcan\u00e7ar 32@\/ha\/ano - Acrimat","isPartOf":{"@id":"https:\/\/acrimat.org.br\/portal\/#website"},"primaryImageOfPage":{"@id":"https:\/\/acrimat.org.br\/portal\/com-intensificacao-fazenda-deve-alcancar-32haano\/#primaryimage"},"image":{"@id":"https:\/\/acrimat.org.br\/portal\/com-intensificacao-fazenda-deve-alcancar-32haano\/#primaryimage"},"thumbnailUrl":"https:\/\/acrimat.org.br\/portal\/wp-content\/uploads\/2017\/10\/12490.jpg","datePublished":"2017-10-30T12:02:56+00:00","breadcrumb":{"@id":"https:\/\/acrimat.org.br\/portal\/com-intensificacao-fazenda-deve-alcancar-32haano\/#breadcrumb"},"inLanguage":"pt-BR","potentialAction":[{"@type":"ReadAction","target":["https:\/\/acrimat.org.br\/portal\/com-intensificacao-fazenda-deve-alcancar-32haano\/"]}]},{"@type":"ImageObject","inLanguage":"pt-BR","@id":"https:\/\/acrimat.org.br\/portal\/com-intensificacao-fazenda-deve-alcancar-32haano\/#primaryimage","url":"https:\/\/acrimat.org.br\/portal\/wp-content\/uploads\/2017\/10\/12490.jpg","contentUrl":"https:\/\/acrimat.org.br\/portal\/wp-content\/uploads\/2017\/10\/12490.jpg","width":1000,"height":666},{"@type":"BreadcrumbList","@id":"https:\/\/acrimat.org.br\/portal\/com-intensificacao-fazenda-deve-alcancar-32haano\/#breadcrumb","itemListElement":[{"@type":"ListItem","position":1,"name":"In\u00edcio","item":"https:\/\/acrimat.org.br\/portal\/"},{"@type":"ListItem","position":2,"name":"Com intensifica\u00e7\u00e3o, fazenda deve alcan\u00e7ar 32@\/ha\/ano"}]},{"@type":"WebSite","@id":"https:\/\/acrimat.org.br\/portal\/#website","url":"https:\/\/acrimat.org.br\/portal\/","name":"Acrimat","description":"Associa\u00e7\u00e3o dos Criadores de Mato Grosso","publisher":{"@id":"https:\/\/acrimat.org.br\/portal\/#organization"},"potentialAction":[{"@type":"SearchAction","target":{"@type":"EntryPoint","urlTemplate":"https:\/\/acrimat.org.br\/portal\/?s={search_term_string}"},"query-input":{"@type":"PropertyValueSpecification","valueRequired":true,"valueName":"search_term_string"}}],"inLanguage":"pt-BR"},{"@type":"Organization","@id":"https:\/\/acrimat.org.br\/portal\/#organization","name":"Associa\u00e7\u00e3o dos Criadores de Mato Grosso","url":"https:\/\/acrimat.org.br\/portal\/","logo":{"@type":"ImageObject","inLanguage":"pt-BR","@id":"https:\/\/acrimat.org.br\/portal\/#\/schema\/logo\/image\/","url":"https:\/\/acrimat.org.br\/portal\/wp-content\/uploads\/2018\/03\/logo-peq-original.png","contentUrl":"https:\/\/acrimat.org.br\/portal\/wp-content\/uploads\/2018\/03\/logo-peq-original.png","width":174,"height":171,"caption":"Associa\u00e7\u00e3o dos Criadores de Mato Grosso"},"image":{"@id":"https:\/\/acrimat.org.br\/portal\/#\/schema\/logo\/image\/"}},{"@type":"Person","@id":"https:\/\/acrimat.org.br\/portal\/#\/schema\/person\/18df8bcf6890e924fe5d8b5afd2bec0f","name":"P\u00e9ricles C\u00e2ndido","image":{"@type":"ImageObject","inLanguage":"pt-BR","@id":"https:\/\/acrimat.org.br\/portal\/#\/schema\/person\/image\/","url":"https:\/\/secure.gravatar.com\/avatar\/33e2a2b971dc363ed2df53d0d3bfbd18?s=96&d=mm&r=g","contentUrl":"https:\/\/secure.gravatar.com\/avatar\/33e2a2b971dc363ed2df53d0d3bfbd18?s=96&d=mm&r=g","caption":"P\u00e9ricles C\u00e2ndido"},"sameAs":["ascom@acrimat.org.br"],"url":"https:\/\/acrimat.org.br\/portal\/author\/designergrafico\/"}]}},"_links":{"self":[{"href":"https:\/\/acrimat.org.br\/portal\/wp-json\/wp\/v2\/posts\/97984575","targetHints":{"allow":["GET"]}}],"collection":[{"href":"https:\/\/acrimat.org.br\/portal\/wp-json\/wp\/v2\/posts"}],"about":[{"href":"https:\/\/acrimat.org.br\/portal\/wp-json\/wp\/v2\/types\/post"}],"author":[{"embeddable":true,"href":"https:\/\/acrimat.org.br\/portal\/wp-json\/wp\/v2\/users\/11"}],"replies":[{"embeddable":true,"href":"https:\/\/acrimat.org.br\/portal\/wp-json\/wp\/v2\/comments?post=97984575"}],"version-history":[{"count":1,"href":"https:\/\/acrimat.org.br\/portal\/wp-json\/wp\/v2\/posts\/97984575\/revisions"}],"predecessor-version":[{"id":97984577,"href":"https:\/\/acrimat.org.br\/portal\/wp-json\/wp\/v2\/posts\/97984575\/revisions\/97984577"}],"wp:featuredmedia":[{"embeddable":true,"href":"https:\/\/acrimat.org.br\/portal\/wp-json\/wp\/v2\/media\/97984576"}],"wp:attachment":[{"href":"https:\/\/acrimat.org.br\/portal\/wp-json\/wp\/v2\/media?parent=97984575"}],"wp:term":[{"taxonomy":"category","embeddable":true,"href":"https:\/\/acrimat.org.br\/portal\/wp-json\/wp\/v2\/categories?post=97984575"},{"taxonomy":"post_tag","embeddable":true,"href":"https:\/\/acrimat.org.br\/portal\/wp-json\/wp\/v2\/tags?post=97984575"}],"curies":[{"name":"wp","href":"https:\/\/api.w.org\/{rel}","templated":true}]}}