{"id":97984578,"date":"2017-10-30T09:06:43","date_gmt":"2017-10-30T12:06:43","guid":{"rendered":"http:\/\/acrimat.org.br\/portal\/?p=97984578"},"modified":"2017-10-30T09:17:44","modified_gmt":"2017-10-30T12:17:44","slug":"prazo-que-institui-a-obrigatoriedade-da-nfa-e-para-produtores-rurais-e-prorrogado-para-2018","status":"publish","type":"post","link":"https:\/\/acrimat.org.br\/portal\/prazo-que-institui-a-obrigatoriedade-da-nfa-e-para-produtores-rurais-e-prorrogado-para-2018\/","title":{"rendered":"Prazo que institui a obrigatoriedade da NFA-e para produtores rurais \u00e9 prorrogado"},"content":{"rendered":"<p>Ap\u00f3s as reivindica\u00e7\u00f5es da Federa\u00e7\u00e3o da Agricultura e Pecu\u00e1ria de Mato Grosso (Famato), a Secretaria de Estado de Fazenda (Sefaz-MT) publicou a portaria n\u00b0 168\/2017 que prorroga o prazo que institui a obrigatoriedade da Nota Fiscal Avulsa (NFA-e) aos produtores rurais para 2018. O prazo anterior fixava a obriga\u00e7\u00e3o em novembro de 2017.<\/p>\n<p>Com base na nova portaria, os produtores rurais n\u00e3o poder\u00e3o mais emitir Notas Fiscais em blocos manuais, tornando-se obrigat\u00f3ria a emiss\u00e3o eletr\u00f4nica. A analista Trabalhista e Tribut\u00e1ria da Famato Ma\u00edra Safra explicou que a portaria escalonou um prazo para a institui\u00e7\u00e3o da nota fiscal, sendo que a ades\u00e3o inicial \u00e9 facultativa.<\/p>\n<p>Conforme o documento publicado, a partir de 6 de mar\u00e7o de 2018 o pequeno produtor, o microprodutor e o produtor rural poder\u00e3o emitir a NFA-e exclusivamente nas sa\u00eddas internas diferidas de gado bovino e bubalino. Al\u00e9m disso, se houver disponibilidade t\u00e9cnica, todos os pequenos e produtores rurais poder\u00e3o fazer o uso volunt\u00e1rio da NFA-e via internet, no \u201cm\u00f3dulo importa\u00e7\u00e3o\u201d, sendo obrigat\u00f3rio o uso do certificado digital.<\/p>\n<p>A partir de 11 de setembro de 2018, todos os produtores prim\u00e1rios, inclusive os microprodutores poder\u00e3o emitir a NFA-e via internet assim como fazer o uso concomitante do bloco de notas.<\/p>\n<p>A contar de 1\u00ba de dezembro de 2018 ficar\u00e1 vedado o uso dos blocos de notas, tornando-se obrigat\u00f3ria a emiss\u00e3o da NFA-e. Os microprodutores poder\u00e3o emitir tanto nas Ag\u00eancias Fazend\u00e1rias como via web. J\u00e1 os pequenos produtores e os produtores rurais somente pela internet.<\/p>\n<p>Ma\u00edra chama a aten\u00e7\u00e3o para a inutiliza\u00e7\u00e3o dos blocos de notas que devem acontecer no prazo de 1\u00ba de fevereiro de 2019 at\u00e9 29 de mar\u00e7o de 2019 devendo atender os procedimentos dispostos nos \u00a7\u00a7 3\u00ba e 4\u00ba do artigo 3\u00ba da Portaria n. 111\/2016.<\/p>\n<p>\u201cA solicita\u00e7\u00e3o da prorroga\u00e7\u00e3o da entrada em vigor feita pela Famato foi necess\u00e1ria, pois hoje o produtor rural n\u00e3o possui acesso \u00e0 internet para emiss\u00e3o imediata do documento fiscal na propriedade rural. Com o novo prazo, o setor discute ainda outras medidas para adequa\u00e7\u00e3o do novo sistema \u00e0 realidade do produtor rural mato-grossense\u201d, informou Ma\u00edra.<\/p>\n<p><strong>Confira a Portaria clicando <span style=\"color: #0000ff;\"><a href=\"http:\/\/app1.sefaz.mt.gov.br\/Sistema\/Legislacao\/legislacaotribut.nsf\/fraWebDocumento?OpenFrameSet&amp;Frame=frmFrame2&amp;Src=_c5t9misrkclmm2bqccljmisrcc5hm2rpfdhimeqbjdhgm6obfehp6iojlegn6ssr65ti3aopg6kp3ac9l70o62or6clij0d1i6krj0d9n60o3edpp65hm2fqfe1imshjfe9micgblehnkcsj1dlim80_\">AQUI<\/a><\/span><\/strong><\/p>\n","protected":false},"excerpt":{"rendered":"<p>Com base na nova portaria, os produtores rurais n\u00e3o poder\u00e3o mais emitir Notas Fiscais em blocos manuais, tornando-se obrigat\u00f3ria a emiss\u00e3o eletr\u00f4nica<\/p>\n","protected":false},"author":11,"featured_media":97984579,"comment_status":"closed","ping_status":"closed","sticky":false,"template":"","format":"standard","meta":{"footnotes":""},"categories":[6,1],"tags":[],"class_list":["post-97984578","post","type-post","status-publish","format-standard","has-post-thumbnail","hentry","category-destaque","category-noticia"],"yoast_head":"<!-- This site is optimized with the Yoast SEO plugin v24.8.1 - https:\/\/yoast.com\/wordpress\/plugins\/seo\/ -->\n<title>Prazo que institui a obrigatoriedade da NFA-e para produtores rurais \u00e9 prorrogado - Acrimat<\/title>\n<meta name=\"robots\" content=\"index, follow, max-snippet:-1, max-image-preview:large, max-video-preview:-1\" \/>\n<link rel=\"canonical\" href=\"https:\/\/acrimat.org.br\/portal\/prazo-que-institui-a-obrigatoriedade-da-nfa-e-para-produtores-rurais-e-prorrogado-para-2018\/\" \/>\n<meta property=\"og:locale\" content=\"pt_BR\" \/>\n<meta property=\"og:type\" content=\"article\" \/>\n<meta property=\"og:title\" content=\"Prazo que institui a obrigatoriedade da NFA-e para produtores rurais \u00e9 prorrogado - Acrimat\" \/>\n<meta property=\"og:description\" content=\"Com base na nova portaria, os produtores rurais n\u00e3o poder\u00e3o mais emitir Notas Fiscais em blocos manuais, tornando-se obrigat\u00f3ria a emiss\u00e3o eletr\u00f4nica\" \/>\n<meta property=\"og:url\" content=\"https:\/\/acrimat.org.br\/portal\/prazo-que-institui-a-obrigatoriedade-da-nfa-e-para-produtores-rurais-e-prorrogado-para-2018\/\" \/>\n<meta property=\"og:site_name\" content=\"Acrimat\" \/>\n<meta property=\"article:published_time\" content=\"2017-10-30T12:06:43+00:00\" \/>\n<meta property=\"article:modified_time\" content=\"2017-10-30T12:17:44+00:00\" \/>\n<meta property=\"og:image\" content=\"https:\/\/acrimat.org.br\/portal\/wp-content\/uploads\/2017\/10\/nfae-red.jpg\" \/>\n\t<meta property=\"og:image:width\" content=\"610\" \/>\n\t<meta property=\"og:image:height\" content=\"410\" \/>\n\t<meta property=\"og:image:type\" content=\"image\/jpeg\" \/>\n<meta name=\"author\" content=\"P\u00e9ricles C\u00e2ndido\" \/>\n<meta name=\"twitter:card\" content=\"summary_large_image\" \/>\n<meta name=\"twitter:label1\" content=\"Escrito por\" \/>\n\t<meta name=\"twitter:data1\" content=\"P\u00e9ricles C\u00e2ndido\" \/>\n\t<meta name=\"twitter:label2\" content=\"Est. tempo de leitura\" \/>\n\t<meta name=\"twitter:data2\" content=\"2 minutos\" \/>\n<script type=\"application\/ld+json\" class=\"yoast-schema-graph\">{\"@context\":\"https:\/\/schema.org\",\"@graph\":[{\"@type\":\"Article\",\"@id\":\"https:\/\/acrimat.org.br\/portal\/prazo-que-institui-a-obrigatoriedade-da-nfa-e-para-produtores-rurais-e-prorrogado-para-2018\/#article\",\"isPartOf\":{\"@id\":\"https:\/\/acrimat.org.br\/portal\/prazo-que-institui-a-obrigatoriedade-da-nfa-e-para-produtores-rurais-e-prorrogado-para-2018\/\"},\"author\":{\"name\":\"P\u00e9ricles C\u00e2ndido\",\"@id\":\"https:\/\/acrimat.org.br\/portal\/#\/schema\/person\/18df8bcf6890e924fe5d8b5afd2bec0f\"},\"headline\":\"Prazo que institui a obrigatoriedade da NFA-e para produtores rurais \u00e9 prorrogado\",\"datePublished\":\"2017-10-30T12:06:43+00:00\",\"dateModified\":\"2017-10-30T12:17:44+00:00\",\"mainEntityOfPage\":{\"@id\":\"https:\/\/acrimat.org.br\/portal\/prazo-que-institui-a-obrigatoriedade-da-nfa-e-para-produtores-rurais-e-prorrogado-para-2018\/\"},\"wordCount\":382,\"publisher\":{\"@id\":\"https:\/\/acrimat.org.br\/portal\/#organization\"},\"image\":{\"@id\":\"https:\/\/acrimat.org.br\/portal\/prazo-que-institui-a-obrigatoriedade-da-nfa-e-para-produtores-rurais-e-prorrogado-para-2018\/#primaryimage\"},\"thumbnailUrl\":\"https:\/\/acrimat.org.br\/portal\/wp-content\/uploads\/2017\/10\/nfae-red.jpg\",\"articleSection\":[\"Destaques\",\"Not\u00edcias\"],\"inLanguage\":\"pt-BR\"},{\"@type\":\"WebPage\",\"@id\":\"https:\/\/acrimat.org.br\/portal\/prazo-que-institui-a-obrigatoriedade-da-nfa-e-para-produtores-rurais-e-prorrogado-para-2018\/\",\"url\":\"https:\/\/acrimat.org.br\/portal\/prazo-que-institui-a-obrigatoriedade-da-nfa-e-para-produtores-rurais-e-prorrogado-para-2018\/\",\"name\":\"Prazo que institui a obrigatoriedade da NFA-e para produtores rurais \u00e9 prorrogado - Acrimat\",\"isPartOf\":{\"@id\":\"https:\/\/acrimat.org.br\/portal\/#website\"},\"primaryImageOfPage\":{\"@id\":\"https:\/\/acrimat.org.br\/portal\/prazo-que-institui-a-obrigatoriedade-da-nfa-e-para-produtores-rurais-e-prorrogado-para-2018\/#primaryimage\"},\"image\":{\"@id\":\"https:\/\/acrimat.org.br\/portal\/prazo-que-institui-a-obrigatoriedade-da-nfa-e-para-produtores-rurais-e-prorrogado-para-2018\/#primaryimage\"},\"thumbnailUrl\":\"https:\/\/acrimat.org.br\/portal\/wp-content\/uploads\/2017\/10\/nfae-red.jpg\",\"datePublished\":\"2017-10-30T12:06:43+00:00\",\"dateModified\":\"2017-10-30T12:17:44+00:00\",\"breadcrumb\":{\"@id\":\"https:\/\/acrimat.org.br\/portal\/prazo-que-institui-a-obrigatoriedade-da-nfa-e-para-produtores-rurais-e-prorrogado-para-2018\/#breadcrumb\"},\"inLanguage\":\"pt-BR\",\"potentialAction\":[{\"@type\":\"ReadAction\",\"target\":[\"https:\/\/acrimat.org.br\/portal\/prazo-que-institui-a-obrigatoriedade-da-nfa-e-para-produtores-rurais-e-prorrogado-para-2018\/\"]}]},{\"@type\":\"ImageObject\",\"inLanguage\":\"pt-BR\",\"@id\":\"https:\/\/acrimat.org.br\/portal\/prazo-que-institui-a-obrigatoriedade-da-nfa-e-para-produtores-rurais-e-prorrogado-para-2018\/#primaryimage\",\"url\":\"https:\/\/acrimat.org.br\/portal\/wp-content\/uploads\/2017\/10\/nfae-red.jpg\",\"contentUrl\":\"https:\/\/acrimat.org.br\/portal\/wp-content\/uploads\/2017\/10\/nfae-red.jpg\",\"width\":610,\"height\":410},{\"@type\":\"BreadcrumbList\",\"@id\":\"https:\/\/acrimat.org.br\/portal\/prazo-que-institui-a-obrigatoriedade-da-nfa-e-para-produtores-rurais-e-prorrogado-para-2018\/#breadcrumb\",\"itemListElement\":[{\"@type\":\"ListItem\",\"position\":1,\"name\":\"In\u00edcio\",\"item\":\"https:\/\/acrimat.org.br\/portal\/\"},{\"@type\":\"ListItem\",\"position\":2,\"name\":\"Prazo que institui a obrigatoriedade da NFA-e para produtores rurais \u00e9 prorrogado\"}]},{\"@type\":\"WebSite\",\"@id\":\"https:\/\/acrimat.org.br\/portal\/#website\",\"url\":\"https:\/\/acrimat.org.br\/portal\/\",\"name\":\"Acrimat\",\"description\":\"Associa\u00e7\u00e3o dos Criadores de Mato Grosso\",\"publisher\":{\"@id\":\"https:\/\/acrimat.org.br\/portal\/#organization\"},\"potentialAction\":[{\"@type\":\"SearchAction\",\"target\":{\"@type\":\"EntryPoint\",\"urlTemplate\":\"https:\/\/acrimat.org.br\/portal\/?s={search_term_string}\"},\"query-input\":{\"@type\":\"PropertyValueSpecification\",\"valueRequired\":true,\"valueName\":\"search_term_string\"}}],\"inLanguage\":\"pt-BR\"},{\"@type\":\"Organization\",\"@id\":\"https:\/\/acrimat.org.br\/portal\/#organization\",\"name\":\"Associa\u00e7\u00e3o dos Criadores de Mato Grosso\",\"url\":\"https:\/\/acrimat.org.br\/portal\/\",\"logo\":{\"@type\":\"ImageObject\",\"inLanguage\":\"pt-BR\",\"@id\":\"https:\/\/acrimat.org.br\/portal\/#\/schema\/logo\/image\/\",\"url\":\"https:\/\/acrimat.org.br\/portal\/wp-content\/uploads\/2018\/03\/logo-peq-original.png\",\"contentUrl\":\"https:\/\/acrimat.org.br\/portal\/wp-content\/uploads\/2018\/03\/logo-peq-original.png\",\"width\":174,\"height\":171,\"caption\":\"Associa\u00e7\u00e3o dos Criadores de Mato Grosso\"},\"image\":{\"@id\":\"https:\/\/acrimat.org.br\/portal\/#\/schema\/logo\/image\/\"}},{\"@type\":\"Person\",\"@id\":\"https:\/\/acrimat.org.br\/portal\/#\/schema\/person\/18df8bcf6890e924fe5d8b5afd2bec0f\",\"name\":\"P\u00e9ricles C\u00e2ndido\",\"image\":{\"@type\":\"ImageObject\",\"inLanguage\":\"pt-BR\",\"@id\":\"https:\/\/acrimat.org.br\/portal\/#\/schema\/person\/image\/\",\"url\":\"https:\/\/secure.gravatar.com\/avatar\/33e2a2b971dc363ed2df53d0d3bfbd18?s=96&d=mm&r=g\",\"contentUrl\":\"https:\/\/secure.gravatar.com\/avatar\/33e2a2b971dc363ed2df53d0d3bfbd18?s=96&d=mm&r=g\",\"caption\":\"P\u00e9ricles C\u00e2ndido\"},\"sameAs\":[\"ascom@acrimat.org.br\"],\"url\":\"https:\/\/acrimat.org.br\/portal\/author\/designergrafico\/\"}]}<\/script>\n<!-- \/ Yoast SEO plugin. -->","yoast_head_json":{"title":"Prazo que institui a obrigatoriedade da NFA-e para produtores rurais \u00e9 prorrogado - Acrimat","robots":{"index":"index","follow":"follow","max-snippet":"max-snippet:-1","max-image-preview":"max-image-preview:large","max-video-preview":"max-video-preview:-1"},"canonical":"https:\/\/acrimat.org.br\/portal\/prazo-que-institui-a-obrigatoriedade-da-nfa-e-para-produtores-rurais-e-prorrogado-para-2018\/","og_locale":"pt_BR","og_type":"article","og_title":"Prazo que institui a obrigatoriedade da NFA-e para produtores rurais \u00e9 prorrogado - Acrimat","og_description":"Com base na nova portaria, os produtores rurais n\u00e3o poder\u00e3o mais emitir Notas Fiscais em blocos manuais, tornando-se obrigat\u00f3ria a emiss\u00e3o eletr\u00f4nica","og_url":"https:\/\/acrimat.org.br\/portal\/prazo-que-institui-a-obrigatoriedade-da-nfa-e-para-produtores-rurais-e-prorrogado-para-2018\/","og_site_name":"Acrimat","article_published_time":"2017-10-30T12:06:43+00:00","article_modified_time":"2017-10-30T12:17:44+00:00","og_image":[{"width":610,"height":410,"url":"https:\/\/acrimat.org.br\/portal\/wp-content\/uploads\/2017\/10\/nfae-red.jpg","type":"image\/jpeg"}],"author":"P\u00e9ricles C\u00e2ndido","twitter_card":"summary_large_image","twitter_misc":{"Escrito por":"P\u00e9ricles C\u00e2ndido","Est. tempo de leitura":"2 minutos"},"schema":{"@context":"https:\/\/schema.org","@graph":[{"@type":"Article","@id":"https:\/\/acrimat.org.br\/portal\/prazo-que-institui-a-obrigatoriedade-da-nfa-e-para-produtores-rurais-e-prorrogado-para-2018\/#article","isPartOf":{"@id":"https:\/\/acrimat.org.br\/portal\/prazo-que-institui-a-obrigatoriedade-da-nfa-e-para-produtores-rurais-e-prorrogado-para-2018\/"},"author":{"name":"P\u00e9ricles C\u00e2ndido","@id":"https:\/\/acrimat.org.br\/portal\/#\/schema\/person\/18df8bcf6890e924fe5d8b5afd2bec0f"},"headline":"Prazo que institui a obrigatoriedade da NFA-e para produtores rurais \u00e9 prorrogado","datePublished":"2017-10-30T12:06:43+00:00","dateModified":"2017-10-30T12:17:44+00:00","mainEntityOfPage":{"@id":"https:\/\/acrimat.org.br\/portal\/prazo-que-institui-a-obrigatoriedade-da-nfa-e-para-produtores-rurais-e-prorrogado-para-2018\/"},"wordCount":382,"publisher":{"@id":"https:\/\/acrimat.org.br\/portal\/#organization"},"image":{"@id":"https:\/\/acrimat.org.br\/portal\/prazo-que-institui-a-obrigatoriedade-da-nfa-e-para-produtores-rurais-e-prorrogado-para-2018\/#primaryimage"},"thumbnailUrl":"https:\/\/acrimat.org.br\/portal\/wp-content\/uploads\/2017\/10\/nfae-red.jpg","articleSection":["Destaques","Not\u00edcias"],"inLanguage":"pt-BR"},{"@type":"WebPage","@id":"https:\/\/acrimat.org.br\/portal\/prazo-que-institui-a-obrigatoriedade-da-nfa-e-para-produtores-rurais-e-prorrogado-para-2018\/","url":"https:\/\/acrimat.org.br\/portal\/prazo-que-institui-a-obrigatoriedade-da-nfa-e-para-produtores-rurais-e-prorrogado-para-2018\/","name":"Prazo que institui a obrigatoriedade da NFA-e para produtores rurais \u00e9 prorrogado - Acrimat","isPartOf":{"@id":"https:\/\/acrimat.org.br\/portal\/#website"},"primaryImageOfPage":{"@id":"https:\/\/acrimat.org.br\/portal\/prazo-que-institui-a-obrigatoriedade-da-nfa-e-para-produtores-rurais-e-prorrogado-para-2018\/#primaryimage"},"image":{"@id":"https:\/\/acrimat.org.br\/portal\/prazo-que-institui-a-obrigatoriedade-da-nfa-e-para-produtores-rurais-e-prorrogado-para-2018\/#primaryimage"},"thumbnailUrl":"https:\/\/acrimat.org.br\/portal\/wp-content\/uploads\/2017\/10\/nfae-red.jpg","datePublished":"2017-10-30T12:06:43+00:00","dateModified":"2017-10-30T12:17:44+00:00","breadcrumb":{"@id":"https:\/\/acrimat.org.br\/portal\/prazo-que-institui-a-obrigatoriedade-da-nfa-e-para-produtores-rurais-e-prorrogado-para-2018\/#breadcrumb"},"inLanguage":"pt-BR","potentialAction":[{"@type":"ReadAction","target":["https:\/\/acrimat.org.br\/portal\/prazo-que-institui-a-obrigatoriedade-da-nfa-e-para-produtores-rurais-e-prorrogado-para-2018\/"]}]},{"@type":"ImageObject","inLanguage":"pt-BR","@id":"https:\/\/acrimat.org.br\/portal\/prazo-que-institui-a-obrigatoriedade-da-nfa-e-para-produtores-rurais-e-prorrogado-para-2018\/#primaryimage","url":"https:\/\/acrimat.org.br\/portal\/wp-content\/uploads\/2017\/10\/nfae-red.jpg","contentUrl":"https:\/\/acrimat.org.br\/portal\/wp-content\/uploads\/2017\/10\/nfae-red.jpg","width":610,"height":410},{"@type":"BreadcrumbList","@id":"https:\/\/acrimat.org.br\/portal\/prazo-que-institui-a-obrigatoriedade-da-nfa-e-para-produtores-rurais-e-prorrogado-para-2018\/#breadcrumb","itemListElement":[{"@type":"ListItem","position":1,"name":"In\u00edcio","item":"https:\/\/acrimat.org.br\/portal\/"},{"@type":"ListItem","position":2,"name":"Prazo que institui a obrigatoriedade da NFA-e para produtores rurais \u00e9 prorrogado"}]},{"@type":"WebSite","@id":"https:\/\/acrimat.org.br\/portal\/#website","url":"https:\/\/acrimat.org.br\/portal\/","name":"Acrimat","description":"Associa\u00e7\u00e3o dos Criadores de Mato Grosso","publisher":{"@id":"https:\/\/acrimat.org.br\/portal\/#organization"},"potentialAction":[{"@type":"SearchAction","target":{"@type":"EntryPoint","urlTemplate":"https:\/\/acrimat.org.br\/portal\/?s={search_term_string}"},"query-input":{"@type":"PropertyValueSpecification","valueRequired":true,"valueName":"search_term_string"}}],"inLanguage":"pt-BR"},{"@type":"Organization","@id":"https:\/\/acrimat.org.br\/portal\/#organization","name":"Associa\u00e7\u00e3o dos Criadores de Mato Grosso","url":"https:\/\/acrimat.org.br\/portal\/","logo":{"@type":"ImageObject","inLanguage":"pt-BR","@id":"https:\/\/acrimat.org.br\/portal\/#\/schema\/logo\/image\/","url":"https:\/\/acrimat.org.br\/portal\/wp-content\/uploads\/2018\/03\/logo-peq-original.png","contentUrl":"https:\/\/acrimat.org.br\/portal\/wp-content\/uploads\/2018\/03\/logo-peq-original.png","width":174,"height":171,"caption":"Associa\u00e7\u00e3o dos Criadores de Mato Grosso"},"image":{"@id":"https:\/\/acrimat.org.br\/portal\/#\/schema\/logo\/image\/"}},{"@type":"Person","@id":"https:\/\/acrimat.org.br\/portal\/#\/schema\/person\/18df8bcf6890e924fe5d8b5afd2bec0f","name":"P\u00e9ricles C\u00e2ndido","image":{"@type":"ImageObject","inLanguage":"pt-BR","@id":"https:\/\/acrimat.org.br\/portal\/#\/schema\/person\/image\/","url":"https:\/\/secure.gravatar.com\/avatar\/33e2a2b971dc363ed2df53d0d3bfbd18?s=96&d=mm&r=g","contentUrl":"https:\/\/secure.gravatar.com\/avatar\/33e2a2b971dc363ed2df53d0d3bfbd18?s=96&d=mm&r=g","caption":"P\u00e9ricles C\u00e2ndido"},"sameAs":["ascom@acrimat.org.br"],"url":"https:\/\/acrimat.org.br\/portal\/author\/designergrafico\/"}]}},"_links":{"self":[{"href":"https:\/\/acrimat.org.br\/portal\/wp-json\/wp\/v2\/posts\/97984578","targetHints":{"allow":["GET"]}}],"collection":[{"href":"https:\/\/acrimat.org.br\/portal\/wp-json\/wp\/v2\/posts"}],"about":[{"href":"https:\/\/acrimat.org.br\/portal\/wp-json\/wp\/v2\/types\/post"}],"author":[{"embeddable":true,"href":"https:\/\/acrimat.org.br\/portal\/wp-json\/wp\/v2\/users\/11"}],"replies":[{"embeddable":true,"href":"https:\/\/acrimat.org.br\/portal\/wp-json\/wp\/v2\/comments?post=97984578"}],"version-history":[{"count":2,"href":"https:\/\/acrimat.org.br\/portal\/wp-json\/wp\/v2\/posts\/97984578\/revisions"}],"predecessor-version":[{"id":97984588,"href":"https:\/\/acrimat.org.br\/portal\/wp-json\/wp\/v2\/posts\/97984578\/revisions\/97984588"}],"wp:featuredmedia":[{"embeddable":true,"href":"https:\/\/acrimat.org.br\/portal\/wp-json\/wp\/v2\/media\/97984579"}],"wp:attachment":[{"href":"https:\/\/acrimat.org.br\/portal\/wp-json\/wp\/v2\/media?parent=97984578"}],"wp:term":[{"taxonomy":"category","embeddable":true,"href":"https:\/\/acrimat.org.br\/portal\/wp-json\/wp\/v2\/categories?post=97984578"},{"taxonomy":"post_tag","embeddable":true,"href":"https:\/\/acrimat.org.br\/portal\/wp-json\/wp\/v2\/tags?post=97984578"}],"curies":[{"name":"wp","href":"https:\/\/api.w.org\/{rel}","templated":true}]}}