{"id":97984581,"date":"2017-10-30T09:13:46","date_gmt":"2017-10-30T12:13:46","guid":{"rendered":"http:\/\/acrimat.org.br\/portal\/?p=97984581"},"modified":"2017-10-30T09:13:46","modified_gmt":"2017-10-30T12:13:46","slug":"rebanho-precisa-de-mais-atencao","status":"publish","type":"post","link":"https:\/\/acrimat.org.br\/portal\/rebanho-precisa-de-mais-atencao\/","title":{"rendered":"Rebanho precisa de mais aten\u00e7\u00e3o"},"content":{"rendered":"<p>O per\u00edodo chuvoso caracteriza em Mato Grosso o ver\u00e3o e indica o in\u00edcio da esta\u00e7\u00e3o de monta na pecu\u00e1ria. Essa \u00e9poca coincide com o momento de vacinar o rebanho bovino e bubalino contra a febre aftosa.<\/p>\n<p>A partir do dia 1\u00ba de novembro come\u00e7a a 2\u00aa etapa de vacina\u00e7\u00e3o do gado, quando ser\u00e3o imunizados os animais com idade at\u00e9 24 meses, inclusive aqueles localizados na regi\u00e3o do Pantanal e que s\u00e3o manejados para as \u00e1reas secas.<\/p>\n<p>Em Mato Grosso, o calend\u00e1rio de vacina\u00e7\u00e3o foi invertido pelo Instituto de Defesa Agropecu\u00e1ria (Indea) justamente para facilitar aos pecuaristas um manejo mais voltado para a concep\u00e7\u00e3o dos animais nessa \u00e9poca do ano, comenta o m\u00e9dico veterin\u00e1rio e gerente de Rela\u00e7\u00f5es Institucionais da Associa\u00e7\u00e3o dos Criadores de Mato Grosso (Acrimat), Nilton Mesquita Junior.<\/p>\n<p>\u201cNormalmente \u00e9 o per\u00edodo em que come\u00e7a a esta\u00e7\u00e3o de monta na grande maioria das propriedades\u201d, contextualiza ele. \u201cAt\u00e9 por isso houve a invers\u00e3o no calend\u00e1rio de vacina\u00e7\u00e3o, para n\u00e3o chocar manejo\u201d.<\/p>\n<p>Conforme ele, durante a 1\u00aa etapa de vacina\u00e7\u00e3o realizada no m\u00eas de maio, quando s\u00e3o imunizados todos bovinos, o pecuarista organiza um manejo sanit\u00e1rio. J\u00e1 nesse m\u00eas de novembro, a vacina\u00e7\u00e3o coincide com a esta\u00e7\u00e3o de monta e o manejo acaba sendo mais espec\u00edfico para a concep\u00e7\u00e3o dos animais.<\/p>\n<p>Para que a movimenta\u00e7\u00e3o dos animais seja adequada e a imuniza\u00e7\u00e3o bem-sucedida, o m\u00e9dico veterin\u00e1rio orienta os pecuaristas a separar o rebanho por lotes, compostos por animais de pesos e tamanhos equivalentes. \u201cIsso facilitar\u00e1 o manejo e evitar\u00e1 acidentes e o risco de perder algum bezerro ou novilha\u201d. A medida previne, inclusive, acidentes de trabalho nas propriedades.<\/p>\n<p>\u00c9 importante, ainda, que o curral e os equipamentos utilizados na vacina\u00e7\u00e3o sejam verificados. \u201cTer o cuidado de comprar as vacinas em lojas autorizadas e que tenham sido inspecionadas pelo Indea\u201d.<\/p>\n<p>O armazenamento adequado das vacinas \u00e9 outra medida importante a ser adotada pelo pecuarista. \u201cA partir do momento que comprou a vacina, ela deve ser armazenada sem congelar, caso contr\u00e1rio se tornar\u00e1 inativa\u201d, orienta ele. Ao transportar para a propriedade, as vacinas devem ser levadas em uma caixa de isopor com gelo.<\/p>\n<p>Se for deixada na propriedade, deve ser em geladeira espec\u00edfica. \u201cAssim evita-se quedas bruscas de temperaturas com a abertura frequente da geladeira\u201d.<\/p>\n<p>As agulhas que ser\u00e3o utilizadas na imuniza\u00e7\u00e3o tamb\u00e9m devem ser examinadas e trocadas ap\u00f3s usadas em grupos de 10 a 15 animais. Ele detalha que a vacina\u00e7\u00e3o deve ser subcut\u00e2nea e na t\u00e1bua do pesco\u00e7o do animal. \u201cNormalmente se fala para fazer um belisc\u00e3o, puxar um pouco e introduzir a agulha. Aplicar menos velocidade garante mais tranquilidade\u201d, detalha. \u201cIsso ajuda a reduzir a rea\u00e7\u00e3o vacinal, que leva a perdas de at\u00e9 8 quilos de carne por animal\u201d, registra.<\/p>\n<p>O veterin\u00e1rio orienta a aproveitar o momento da vacina\u00e7\u00e3o para imobilizar o animal no tronco, pesar, fazer a vermifuga\u00e7\u00e3o e olhar se apresenta algum problema.<\/p>\n","protected":false},"excerpt":{"rendered":"<p>Em Mato Grosso, o calend\u00e1rio de vacina\u00e7\u00e3o foi invertido pelo Instituto de Defesa Agropecu\u00e1ria (Indea)<\/p>\n","protected":false},"author":11,"featured_media":97984582,"comment_status":"closed","ping_status":"closed","sticky":false,"template":"","format":"standard","meta":{"footnotes":""},"categories":[6,1],"tags":[],"class_list":["post-97984581","post","type-post","status-publish","format-standard","has-post-thumbnail","hentry","category-destaque","category-noticia"],"yoast_head":"<!-- This site is optimized with the Yoast SEO plugin v24.8.1 - https:\/\/yoast.com\/wordpress\/plugins\/seo\/ -->\n<title>Rebanho precisa de mais aten\u00e7\u00e3o - Acrimat<\/title>\n<meta name=\"robots\" content=\"index, follow, max-snippet:-1, max-image-preview:large, max-video-preview:-1\" \/>\n<link rel=\"canonical\" href=\"https:\/\/acrimat.org.br\/portal\/rebanho-precisa-de-mais-atencao\/\" \/>\n<meta property=\"og:locale\" content=\"pt_BR\" \/>\n<meta property=\"og:type\" content=\"article\" \/>\n<meta property=\"og:title\" content=\"Rebanho precisa de mais aten\u00e7\u00e3o - Acrimat\" \/>\n<meta property=\"og:description\" content=\"Em Mato Grosso, o calend\u00e1rio de vacina\u00e7\u00e3o foi invertido pelo Instituto de Defesa Agropecu\u00e1ria (Indea)\" \/>\n<meta property=\"og:url\" content=\"https:\/\/acrimat.org.br\/portal\/rebanho-precisa-de-mais-atencao\/\" \/>\n<meta property=\"og:site_name\" content=\"Acrimat\" \/>\n<meta property=\"article:published_time\" content=\"2017-10-30T12:13:46+00:00\" \/>\n<meta property=\"og:image\" content=\"https:\/\/acrimat.org.br\/portal\/wp-content\/uploads\/2017\/10\/vacina-aftosa-c.jpg\" \/>\n\t<meta property=\"og:image:width\" content=\"732\" \/>\n\t<meta property=\"og:image:height\" content=\"487\" \/>\n\t<meta property=\"og:image:type\" content=\"image\/jpeg\" \/>\n<meta name=\"author\" content=\"P\u00e9ricles C\u00e2ndido\" \/>\n<meta name=\"twitter:card\" content=\"summary_large_image\" \/>\n<meta name=\"twitter:label1\" content=\"Escrito por\" \/>\n\t<meta name=\"twitter:data1\" content=\"P\u00e9ricles C\u00e2ndido\" \/>\n\t<meta name=\"twitter:label2\" content=\"Est. tempo de leitura\" \/>\n\t<meta name=\"twitter:data2\" content=\"3 minutos\" \/>\n<script type=\"application\/ld+json\" class=\"yoast-schema-graph\">{\"@context\":\"https:\/\/schema.org\",\"@graph\":[{\"@type\":\"Article\",\"@id\":\"https:\/\/acrimat.org.br\/portal\/rebanho-precisa-de-mais-atencao\/#article\",\"isPartOf\":{\"@id\":\"https:\/\/acrimat.org.br\/portal\/rebanho-precisa-de-mais-atencao\/\"},\"author\":{\"name\":\"P\u00e9ricles C\u00e2ndido\",\"@id\":\"https:\/\/acrimat.org.br\/portal\/#\/schema\/person\/18df8bcf6890e924fe5d8b5afd2bec0f\"},\"headline\":\"Rebanho precisa de mais aten\u00e7\u00e3o\",\"datePublished\":\"2017-10-30T12:13:46+00:00\",\"mainEntityOfPage\":{\"@id\":\"https:\/\/acrimat.org.br\/portal\/rebanho-precisa-de-mais-atencao\/\"},\"wordCount\":525,\"publisher\":{\"@id\":\"https:\/\/acrimat.org.br\/portal\/#organization\"},\"image\":{\"@id\":\"https:\/\/acrimat.org.br\/portal\/rebanho-precisa-de-mais-atencao\/#primaryimage\"},\"thumbnailUrl\":\"https:\/\/acrimat.org.br\/portal\/wp-content\/uploads\/2017\/10\/vacina-aftosa-c.jpg\",\"articleSection\":[\"Destaques\",\"Not\u00edcias\"],\"inLanguage\":\"pt-BR\"},{\"@type\":\"WebPage\",\"@id\":\"https:\/\/acrimat.org.br\/portal\/rebanho-precisa-de-mais-atencao\/\",\"url\":\"https:\/\/acrimat.org.br\/portal\/rebanho-precisa-de-mais-atencao\/\",\"name\":\"Rebanho precisa de mais aten\u00e7\u00e3o - Acrimat\",\"isPartOf\":{\"@id\":\"https:\/\/acrimat.org.br\/portal\/#website\"},\"primaryImageOfPage\":{\"@id\":\"https:\/\/acrimat.org.br\/portal\/rebanho-precisa-de-mais-atencao\/#primaryimage\"},\"image\":{\"@id\":\"https:\/\/acrimat.org.br\/portal\/rebanho-precisa-de-mais-atencao\/#primaryimage\"},\"thumbnailUrl\":\"https:\/\/acrimat.org.br\/portal\/wp-content\/uploads\/2017\/10\/vacina-aftosa-c.jpg\",\"datePublished\":\"2017-10-30T12:13:46+00:00\",\"breadcrumb\":{\"@id\":\"https:\/\/acrimat.org.br\/portal\/rebanho-precisa-de-mais-atencao\/#breadcrumb\"},\"inLanguage\":\"pt-BR\",\"potentialAction\":[{\"@type\":\"ReadAction\",\"target\":[\"https:\/\/acrimat.org.br\/portal\/rebanho-precisa-de-mais-atencao\/\"]}]},{\"@type\":\"ImageObject\",\"inLanguage\":\"pt-BR\",\"@id\":\"https:\/\/acrimat.org.br\/portal\/rebanho-precisa-de-mais-atencao\/#primaryimage\",\"url\":\"https:\/\/acrimat.org.br\/portal\/wp-content\/uploads\/2017\/10\/vacina-aftosa-c.jpg\",\"contentUrl\":\"https:\/\/acrimat.org.br\/portal\/wp-content\/uploads\/2017\/10\/vacina-aftosa-c.jpg\",\"width\":732,\"height\":487},{\"@type\":\"BreadcrumbList\",\"@id\":\"https:\/\/acrimat.org.br\/portal\/rebanho-precisa-de-mais-atencao\/#breadcrumb\",\"itemListElement\":[{\"@type\":\"ListItem\",\"position\":1,\"name\":\"In\u00edcio\",\"item\":\"https:\/\/acrimat.org.br\/portal\/\"},{\"@type\":\"ListItem\",\"position\":2,\"name\":\"Rebanho precisa de mais aten\u00e7\u00e3o\"}]},{\"@type\":\"WebSite\",\"@id\":\"https:\/\/acrimat.org.br\/portal\/#website\",\"url\":\"https:\/\/acrimat.org.br\/portal\/\",\"name\":\"Acrimat\",\"description\":\"Associa\u00e7\u00e3o dos Criadores de Mato Grosso\",\"publisher\":{\"@id\":\"https:\/\/acrimat.org.br\/portal\/#organization\"},\"potentialAction\":[{\"@type\":\"SearchAction\",\"target\":{\"@type\":\"EntryPoint\",\"urlTemplate\":\"https:\/\/acrimat.org.br\/portal\/?s={search_term_string}\"},\"query-input\":{\"@type\":\"PropertyValueSpecification\",\"valueRequired\":true,\"valueName\":\"search_term_string\"}}],\"inLanguage\":\"pt-BR\"},{\"@type\":\"Organization\",\"@id\":\"https:\/\/acrimat.org.br\/portal\/#organization\",\"name\":\"Associa\u00e7\u00e3o dos Criadores de Mato Grosso\",\"url\":\"https:\/\/acrimat.org.br\/portal\/\",\"logo\":{\"@type\":\"ImageObject\",\"inLanguage\":\"pt-BR\",\"@id\":\"https:\/\/acrimat.org.br\/portal\/#\/schema\/logo\/image\/\",\"url\":\"https:\/\/acrimat.org.br\/portal\/wp-content\/uploads\/2018\/03\/logo-peq-original.png\",\"contentUrl\":\"https:\/\/acrimat.org.br\/portal\/wp-content\/uploads\/2018\/03\/logo-peq-original.png\",\"width\":174,\"height\":171,\"caption\":\"Associa\u00e7\u00e3o dos Criadores de Mato Grosso\"},\"image\":{\"@id\":\"https:\/\/acrimat.org.br\/portal\/#\/schema\/logo\/image\/\"}},{\"@type\":\"Person\",\"@id\":\"https:\/\/acrimat.org.br\/portal\/#\/schema\/person\/18df8bcf6890e924fe5d8b5afd2bec0f\",\"name\":\"P\u00e9ricles C\u00e2ndido\",\"image\":{\"@type\":\"ImageObject\",\"inLanguage\":\"pt-BR\",\"@id\":\"https:\/\/acrimat.org.br\/portal\/#\/schema\/person\/image\/\",\"url\":\"https:\/\/secure.gravatar.com\/avatar\/33e2a2b971dc363ed2df53d0d3bfbd18?s=96&d=mm&r=g\",\"contentUrl\":\"https:\/\/secure.gravatar.com\/avatar\/33e2a2b971dc363ed2df53d0d3bfbd18?s=96&d=mm&r=g\",\"caption\":\"P\u00e9ricles C\u00e2ndido\"},\"sameAs\":[\"ascom@acrimat.org.br\"],\"url\":\"https:\/\/acrimat.org.br\/portal\/author\/designergrafico\/\"}]}<\/script>\n<!-- \/ Yoast SEO plugin. -->","yoast_head_json":{"title":"Rebanho precisa de mais aten\u00e7\u00e3o - Acrimat","robots":{"index":"index","follow":"follow","max-snippet":"max-snippet:-1","max-image-preview":"max-image-preview:large","max-video-preview":"max-video-preview:-1"},"canonical":"https:\/\/acrimat.org.br\/portal\/rebanho-precisa-de-mais-atencao\/","og_locale":"pt_BR","og_type":"article","og_title":"Rebanho precisa de mais aten\u00e7\u00e3o - Acrimat","og_description":"Em Mato Grosso, o calend\u00e1rio de vacina\u00e7\u00e3o foi invertido pelo Instituto de Defesa Agropecu\u00e1ria (Indea)","og_url":"https:\/\/acrimat.org.br\/portal\/rebanho-precisa-de-mais-atencao\/","og_site_name":"Acrimat","article_published_time":"2017-10-30T12:13:46+00:00","og_image":[{"width":732,"height":487,"url":"https:\/\/acrimat.org.br\/portal\/wp-content\/uploads\/2017\/10\/vacina-aftosa-c.jpg","type":"image\/jpeg"}],"author":"P\u00e9ricles C\u00e2ndido","twitter_card":"summary_large_image","twitter_misc":{"Escrito por":"P\u00e9ricles C\u00e2ndido","Est. tempo de leitura":"3 minutos"},"schema":{"@context":"https:\/\/schema.org","@graph":[{"@type":"Article","@id":"https:\/\/acrimat.org.br\/portal\/rebanho-precisa-de-mais-atencao\/#article","isPartOf":{"@id":"https:\/\/acrimat.org.br\/portal\/rebanho-precisa-de-mais-atencao\/"},"author":{"name":"P\u00e9ricles C\u00e2ndido","@id":"https:\/\/acrimat.org.br\/portal\/#\/schema\/person\/18df8bcf6890e924fe5d8b5afd2bec0f"},"headline":"Rebanho precisa de mais aten\u00e7\u00e3o","datePublished":"2017-10-30T12:13:46+00:00","mainEntityOfPage":{"@id":"https:\/\/acrimat.org.br\/portal\/rebanho-precisa-de-mais-atencao\/"},"wordCount":525,"publisher":{"@id":"https:\/\/acrimat.org.br\/portal\/#organization"},"image":{"@id":"https:\/\/acrimat.org.br\/portal\/rebanho-precisa-de-mais-atencao\/#primaryimage"},"thumbnailUrl":"https:\/\/acrimat.org.br\/portal\/wp-content\/uploads\/2017\/10\/vacina-aftosa-c.jpg","articleSection":["Destaques","Not\u00edcias"],"inLanguage":"pt-BR"},{"@type":"WebPage","@id":"https:\/\/acrimat.org.br\/portal\/rebanho-precisa-de-mais-atencao\/","url":"https:\/\/acrimat.org.br\/portal\/rebanho-precisa-de-mais-atencao\/","name":"Rebanho precisa de mais aten\u00e7\u00e3o - Acrimat","isPartOf":{"@id":"https:\/\/acrimat.org.br\/portal\/#website"},"primaryImageOfPage":{"@id":"https:\/\/acrimat.org.br\/portal\/rebanho-precisa-de-mais-atencao\/#primaryimage"},"image":{"@id":"https:\/\/acrimat.org.br\/portal\/rebanho-precisa-de-mais-atencao\/#primaryimage"},"thumbnailUrl":"https:\/\/acrimat.org.br\/portal\/wp-content\/uploads\/2017\/10\/vacina-aftosa-c.jpg","datePublished":"2017-10-30T12:13:46+00:00","breadcrumb":{"@id":"https:\/\/acrimat.org.br\/portal\/rebanho-precisa-de-mais-atencao\/#breadcrumb"},"inLanguage":"pt-BR","potentialAction":[{"@type":"ReadAction","target":["https:\/\/acrimat.org.br\/portal\/rebanho-precisa-de-mais-atencao\/"]}]},{"@type":"ImageObject","inLanguage":"pt-BR","@id":"https:\/\/acrimat.org.br\/portal\/rebanho-precisa-de-mais-atencao\/#primaryimage","url":"https:\/\/acrimat.org.br\/portal\/wp-content\/uploads\/2017\/10\/vacina-aftosa-c.jpg","contentUrl":"https:\/\/acrimat.org.br\/portal\/wp-content\/uploads\/2017\/10\/vacina-aftosa-c.jpg","width":732,"height":487},{"@type":"BreadcrumbList","@id":"https:\/\/acrimat.org.br\/portal\/rebanho-precisa-de-mais-atencao\/#breadcrumb","itemListElement":[{"@type":"ListItem","position":1,"name":"In\u00edcio","item":"https:\/\/acrimat.org.br\/portal\/"},{"@type":"ListItem","position":2,"name":"Rebanho precisa de mais aten\u00e7\u00e3o"}]},{"@type":"WebSite","@id":"https:\/\/acrimat.org.br\/portal\/#website","url":"https:\/\/acrimat.org.br\/portal\/","name":"Acrimat","description":"Associa\u00e7\u00e3o dos Criadores de Mato Grosso","publisher":{"@id":"https:\/\/acrimat.org.br\/portal\/#organization"},"potentialAction":[{"@type":"SearchAction","target":{"@type":"EntryPoint","urlTemplate":"https:\/\/acrimat.org.br\/portal\/?s={search_term_string}"},"query-input":{"@type":"PropertyValueSpecification","valueRequired":true,"valueName":"search_term_string"}}],"inLanguage":"pt-BR"},{"@type":"Organization","@id":"https:\/\/acrimat.org.br\/portal\/#organization","name":"Associa\u00e7\u00e3o dos Criadores de Mato Grosso","url":"https:\/\/acrimat.org.br\/portal\/","logo":{"@type":"ImageObject","inLanguage":"pt-BR","@id":"https:\/\/acrimat.org.br\/portal\/#\/schema\/logo\/image\/","url":"https:\/\/acrimat.org.br\/portal\/wp-content\/uploads\/2018\/03\/logo-peq-original.png","contentUrl":"https:\/\/acrimat.org.br\/portal\/wp-content\/uploads\/2018\/03\/logo-peq-original.png","width":174,"height":171,"caption":"Associa\u00e7\u00e3o dos Criadores de Mato Grosso"},"image":{"@id":"https:\/\/acrimat.org.br\/portal\/#\/schema\/logo\/image\/"}},{"@type":"Person","@id":"https:\/\/acrimat.org.br\/portal\/#\/schema\/person\/18df8bcf6890e924fe5d8b5afd2bec0f","name":"P\u00e9ricles C\u00e2ndido","image":{"@type":"ImageObject","inLanguage":"pt-BR","@id":"https:\/\/acrimat.org.br\/portal\/#\/schema\/person\/image\/","url":"https:\/\/secure.gravatar.com\/avatar\/33e2a2b971dc363ed2df53d0d3bfbd18?s=96&d=mm&r=g","contentUrl":"https:\/\/secure.gravatar.com\/avatar\/33e2a2b971dc363ed2df53d0d3bfbd18?s=96&d=mm&r=g","caption":"P\u00e9ricles C\u00e2ndido"},"sameAs":["ascom@acrimat.org.br"],"url":"https:\/\/acrimat.org.br\/portal\/author\/designergrafico\/"}]}},"_links":{"self":[{"href":"https:\/\/acrimat.org.br\/portal\/wp-json\/wp\/v2\/posts\/97984581","targetHints":{"allow":["GET"]}}],"collection":[{"href":"https:\/\/acrimat.org.br\/portal\/wp-json\/wp\/v2\/posts"}],"about":[{"href":"https:\/\/acrimat.org.br\/portal\/wp-json\/wp\/v2\/types\/post"}],"author":[{"embeddable":true,"href":"https:\/\/acrimat.org.br\/portal\/wp-json\/wp\/v2\/users\/11"}],"replies":[{"embeddable":true,"href":"https:\/\/acrimat.org.br\/portal\/wp-json\/wp\/v2\/comments?post=97984581"}],"version-history":[{"count":1,"href":"https:\/\/acrimat.org.br\/portal\/wp-json\/wp\/v2\/posts\/97984581\/revisions"}],"predecessor-version":[{"id":97984583,"href":"https:\/\/acrimat.org.br\/portal\/wp-json\/wp\/v2\/posts\/97984581\/revisions\/97984583"}],"wp:featuredmedia":[{"embeddable":true,"href":"https:\/\/acrimat.org.br\/portal\/wp-json\/wp\/v2\/media\/97984582"}],"wp:attachment":[{"href":"https:\/\/acrimat.org.br\/portal\/wp-json\/wp\/v2\/media?parent=97984581"}],"wp:term":[{"taxonomy":"category","embeddable":true,"href":"https:\/\/acrimat.org.br\/portal\/wp-json\/wp\/v2\/categories?post=97984581"},{"taxonomy":"post_tag","embeddable":true,"href":"https:\/\/acrimat.org.br\/portal\/wp-json\/wp\/v2\/tags?post=97984581"}],"curies":[{"name":"wp","href":"https:\/\/api.w.org\/{rel}","templated":true}]}}