{"id":97984584,"date":"2017-10-30T09:10:39","date_gmt":"2017-10-30T12:10:39","guid":{"rendered":"http:\/\/acrimat.org.br\/portal\/?p=97984584"},"modified":"2017-10-30T09:15:54","modified_gmt":"2017-10-30T12:15:54","slug":"bezerras-devem-ser-vacinadas-contra-srb","status":"publish","type":"post","link":"https:\/\/acrimat.org.br\/portal\/bezerras-devem-ser-vacinadas-contra-srb\/","title":{"rendered":"Bezerras devem ser vacinadas contra SRB"},"content":{"rendered":"<p>Al\u00e9m dos cuidados b\u00e1sicos com a qualidade do material gen\u00e9tico utilizado e a nutri\u00e7\u00e3o adequada, uma preocupa\u00e7\u00e3o recorrente no per\u00edodo da esta\u00e7\u00e3o de monta \u00e9 em rela\u00e7\u00e3o \u00e0 sa\u00fade das matrizes. Se uma vaca repete cio constantemente, nem sempre \u00e9 pelo fato de n\u00e3o ter emprenhado, comenta a m\u00e9dica veterin\u00e1ria Bibiana Carneiro, da Tecnovax. \u201cEla pode estar sofrendo da S\u00edndrome Reprodutiva dos Bovinos (SRB)\u201d. Enfermidades deste g\u00eanero causam queda consider\u00e1vel na produ\u00e7\u00e3o de bezerros, mas nem sempre trazem sinais cl\u00ednicos evidentes. \u201cMuitas das doen\u00e7as da SRB causam abortos e morte das reprodutoras, mas outras s\u00e3o decorrentes da absor\u00e7\u00e3o do embri\u00e3o, gerando perdas invis\u00edveis aos olhos do tratador\u201d, alerta. Uma novidade que prop\u00f5e combater esse problema na pecu\u00e1ria brasileira \u00e9 a vacina Providean\u00ae REPRO 12, que possui ant\u00edgenos bacterianos e virais contra 12 diferentes doen\u00e7as, muitas das quais end\u00eamicas em determinadas regi\u00f5es brasileiras. A vacina \u00e9 a mais completa do mercado, com 7 sorotipos de Leptospirose, duas cepas de Campilobacter e uma de Haemophilus, todas de campo e inativadas, detalha Carneiro.<\/p>\n<p>A recomenda\u00e7\u00e3o \u00e9 que bezerras sejam vacinadas a partir dos 4 meses de idade, com refor\u00e7o 30 dias ap\u00f3s a 1\u00aa dose, j\u00e1 que ap\u00f3s a contamina\u00e7\u00e3o o herpesv\u00edrus da IBR acomete o animal por toda a vida. O refor\u00e7o vacinal \u00e9 feito cerca de 15 dias antes do animal entrar em servi\u00e7o. Touros tamb\u00e9m devem ser imunizados.<\/p>\n","protected":false},"excerpt":{"rendered":"<p>Recomenda\u00e7\u00e3o \u00e9 que bezerras sejam vacinadas a partir dos 4 meses de idade, com refor\u00e7o 30 dias ap\u00f3s a 1\u00aa dose, j\u00e1 que ap\u00f3s a contamina\u00e7\u00e3o o herpesv\u00edrus da IBR acomete o animal por toda a vida<\/p>\n","protected":false},"author":11,"featured_media":97984585,"comment_status":"closed","ping_status":"closed","sticky":false,"template":"","format":"standard","meta":{"footnotes":""},"categories":[6,1],"tags":[],"class_list":["post-97984584","post","type-post","status-publish","format-standard","has-post-thumbnail","hentry","category-destaque","category-noticia"],"yoast_head":"<!-- This site is optimized with the Yoast SEO plugin v24.8.1 - https:\/\/yoast.com\/wordpress\/plugins\/seo\/ -->\n<title>Bezerras devem ser vacinadas contra SRB - Acrimat<\/title>\n<meta name=\"robots\" content=\"index, follow, max-snippet:-1, max-image-preview:large, max-video-preview:-1\" \/>\n<link rel=\"canonical\" href=\"https:\/\/acrimat.org.br\/portal\/bezerras-devem-ser-vacinadas-contra-srb\/\" \/>\n<meta property=\"og:locale\" content=\"pt_BR\" \/>\n<meta property=\"og:type\" content=\"article\" \/>\n<meta property=\"og:title\" content=\"Bezerras devem ser vacinadas contra SRB - Acrimat\" \/>\n<meta property=\"og:description\" content=\"Recomenda\u00e7\u00e3o \u00e9 que bezerras sejam vacinadas a partir dos 4 meses de idade, com refor\u00e7o 30 dias ap\u00f3s a 1\u00aa dose, j\u00e1 que ap\u00f3s a contamina\u00e7\u00e3o o herpesv\u00edrus da IBR acomete o animal por toda a vida\" \/>\n<meta property=\"og:url\" content=\"https:\/\/acrimat.org.br\/portal\/bezerras-devem-ser-vacinadas-contra-srb\/\" \/>\n<meta property=\"og:site_name\" content=\"Acrimat\" \/>\n<meta property=\"article:published_time\" content=\"2017-10-30T12:10:39+00:00\" \/>\n<meta property=\"article:modified_time\" content=\"2017-10-30T12:15:54+00:00\" \/>\n<meta property=\"og:image\" content=\"https:\/\/acrimat.org.br\/portal\/wp-content\/uploads\/2017\/10\/bezerros_alta_qualidade_3r.jpg\" \/>\n\t<meta property=\"og:image:width\" content=\"620\" \/>\n\t<meta property=\"og:image:height\" content=\"465\" \/>\n\t<meta property=\"og:image:type\" content=\"image\/jpeg\" \/>\n<meta name=\"author\" content=\"P\u00e9ricles C\u00e2ndido\" \/>\n<meta name=\"twitter:card\" content=\"summary_large_image\" \/>\n<meta name=\"twitter:label1\" content=\"Escrito por\" \/>\n\t<meta name=\"twitter:data1\" content=\"P\u00e9ricles C\u00e2ndido\" \/>\n\t<meta name=\"twitter:label2\" content=\"Est. tempo de leitura\" \/>\n\t<meta name=\"twitter:data2\" content=\"1 minuto\" \/>\n<script type=\"application\/ld+json\" class=\"yoast-schema-graph\">{\"@context\":\"https:\/\/schema.org\",\"@graph\":[{\"@type\":\"Article\",\"@id\":\"https:\/\/acrimat.org.br\/portal\/bezerras-devem-ser-vacinadas-contra-srb\/#article\",\"isPartOf\":{\"@id\":\"https:\/\/acrimat.org.br\/portal\/bezerras-devem-ser-vacinadas-contra-srb\/\"},\"author\":{\"name\":\"P\u00e9ricles C\u00e2ndido\",\"@id\":\"https:\/\/acrimat.org.br\/portal\/#\/schema\/person\/18df8bcf6890e924fe5d8b5afd2bec0f\"},\"headline\":\"Bezerras devem ser vacinadas contra SRB\",\"datePublished\":\"2017-10-30T12:10:39+00:00\",\"dateModified\":\"2017-10-30T12:15:54+00:00\",\"mainEntityOfPage\":{\"@id\":\"https:\/\/acrimat.org.br\/portal\/bezerras-devem-ser-vacinadas-contra-srb\/\"},\"wordCount\":257,\"publisher\":{\"@id\":\"https:\/\/acrimat.org.br\/portal\/#organization\"},\"image\":{\"@id\":\"https:\/\/acrimat.org.br\/portal\/bezerras-devem-ser-vacinadas-contra-srb\/#primaryimage\"},\"thumbnailUrl\":\"https:\/\/acrimat.org.br\/portal\/wp-content\/uploads\/2017\/10\/bezerros_alta_qualidade_3r.jpg\",\"articleSection\":[\"Destaques\",\"Not\u00edcias\"],\"inLanguage\":\"pt-BR\"},{\"@type\":\"WebPage\",\"@id\":\"https:\/\/acrimat.org.br\/portal\/bezerras-devem-ser-vacinadas-contra-srb\/\",\"url\":\"https:\/\/acrimat.org.br\/portal\/bezerras-devem-ser-vacinadas-contra-srb\/\",\"name\":\"Bezerras devem ser vacinadas contra SRB - Acrimat\",\"isPartOf\":{\"@id\":\"https:\/\/acrimat.org.br\/portal\/#website\"},\"primaryImageOfPage\":{\"@id\":\"https:\/\/acrimat.org.br\/portal\/bezerras-devem-ser-vacinadas-contra-srb\/#primaryimage\"},\"image\":{\"@id\":\"https:\/\/acrimat.org.br\/portal\/bezerras-devem-ser-vacinadas-contra-srb\/#primaryimage\"},\"thumbnailUrl\":\"https:\/\/acrimat.org.br\/portal\/wp-content\/uploads\/2017\/10\/bezerros_alta_qualidade_3r.jpg\",\"datePublished\":\"2017-10-30T12:10:39+00:00\",\"dateModified\":\"2017-10-30T12:15:54+00:00\",\"breadcrumb\":{\"@id\":\"https:\/\/acrimat.org.br\/portal\/bezerras-devem-ser-vacinadas-contra-srb\/#breadcrumb\"},\"inLanguage\":\"pt-BR\",\"potentialAction\":[{\"@type\":\"ReadAction\",\"target\":[\"https:\/\/acrimat.org.br\/portal\/bezerras-devem-ser-vacinadas-contra-srb\/\"]}]},{\"@type\":\"ImageObject\",\"inLanguage\":\"pt-BR\",\"@id\":\"https:\/\/acrimat.org.br\/portal\/bezerras-devem-ser-vacinadas-contra-srb\/#primaryimage\",\"url\":\"https:\/\/acrimat.org.br\/portal\/wp-content\/uploads\/2017\/10\/bezerros_alta_qualidade_3r.jpg\",\"contentUrl\":\"https:\/\/acrimat.org.br\/portal\/wp-content\/uploads\/2017\/10\/bezerros_alta_qualidade_3r.jpg\",\"width\":620,\"height\":465},{\"@type\":\"BreadcrumbList\",\"@id\":\"https:\/\/acrimat.org.br\/portal\/bezerras-devem-ser-vacinadas-contra-srb\/#breadcrumb\",\"itemListElement\":[{\"@type\":\"ListItem\",\"position\":1,\"name\":\"In\u00edcio\",\"item\":\"https:\/\/acrimat.org.br\/portal\/\"},{\"@type\":\"ListItem\",\"position\":2,\"name\":\"Bezerras devem ser vacinadas contra SRB\"}]},{\"@type\":\"WebSite\",\"@id\":\"https:\/\/acrimat.org.br\/portal\/#website\",\"url\":\"https:\/\/acrimat.org.br\/portal\/\",\"name\":\"Acrimat\",\"description\":\"Associa\u00e7\u00e3o dos Criadores de Mato Grosso\",\"publisher\":{\"@id\":\"https:\/\/acrimat.org.br\/portal\/#organization\"},\"potentialAction\":[{\"@type\":\"SearchAction\",\"target\":{\"@type\":\"EntryPoint\",\"urlTemplate\":\"https:\/\/acrimat.org.br\/portal\/?s={search_term_string}\"},\"query-input\":{\"@type\":\"PropertyValueSpecification\",\"valueRequired\":true,\"valueName\":\"search_term_string\"}}],\"inLanguage\":\"pt-BR\"},{\"@type\":\"Organization\",\"@id\":\"https:\/\/acrimat.org.br\/portal\/#organization\",\"name\":\"Associa\u00e7\u00e3o dos Criadores de Mato Grosso\",\"url\":\"https:\/\/acrimat.org.br\/portal\/\",\"logo\":{\"@type\":\"ImageObject\",\"inLanguage\":\"pt-BR\",\"@id\":\"https:\/\/acrimat.org.br\/portal\/#\/schema\/logo\/image\/\",\"url\":\"https:\/\/acrimat.org.br\/portal\/wp-content\/uploads\/2018\/03\/logo-peq-original.png\",\"contentUrl\":\"https:\/\/acrimat.org.br\/portal\/wp-content\/uploads\/2018\/03\/logo-peq-original.png\",\"width\":174,\"height\":171,\"caption\":\"Associa\u00e7\u00e3o dos Criadores de Mato Grosso\"},\"image\":{\"@id\":\"https:\/\/acrimat.org.br\/portal\/#\/schema\/logo\/image\/\"}},{\"@type\":\"Person\",\"@id\":\"https:\/\/acrimat.org.br\/portal\/#\/schema\/person\/18df8bcf6890e924fe5d8b5afd2bec0f\",\"name\":\"P\u00e9ricles C\u00e2ndido\",\"image\":{\"@type\":\"ImageObject\",\"inLanguage\":\"pt-BR\",\"@id\":\"https:\/\/acrimat.org.br\/portal\/#\/schema\/person\/image\/\",\"url\":\"https:\/\/secure.gravatar.com\/avatar\/33e2a2b971dc363ed2df53d0d3bfbd18?s=96&d=mm&r=g\",\"contentUrl\":\"https:\/\/secure.gravatar.com\/avatar\/33e2a2b971dc363ed2df53d0d3bfbd18?s=96&d=mm&r=g\",\"caption\":\"P\u00e9ricles C\u00e2ndido\"},\"sameAs\":[\"ascom@acrimat.org.br\"],\"url\":\"https:\/\/acrimat.org.br\/portal\/author\/designergrafico\/\"}]}<\/script>\n<!-- \/ Yoast SEO plugin. -->","yoast_head_json":{"title":"Bezerras devem ser vacinadas contra SRB - Acrimat","robots":{"index":"index","follow":"follow","max-snippet":"max-snippet:-1","max-image-preview":"max-image-preview:large","max-video-preview":"max-video-preview:-1"},"canonical":"https:\/\/acrimat.org.br\/portal\/bezerras-devem-ser-vacinadas-contra-srb\/","og_locale":"pt_BR","og_type":"article","og_title":"Bezerras devem ser vacinadas contra SRB - Acrimat","og_description":"Recomenda\u00e7\u00e3o \u00e9 que bezerras sejam vacinadas a partir dos 4 meses de idade, com refor\u00e7o 30 dias ap\u00f3s a 1\u00aa dose, j\u00e1 que ap\u00f3s a contamina\u00e7\u00e3o o herpesv\u00edrus da IBR acomete o animal por toda a vida","og_url":"https:\/\/acrimat.org.br\/portal\/bezerras-devem-ser-vacinadas-contra-srb\/","og_site_name":"Acrimat","article_published_time":"2017-10-30T12:10:39+00:00","article_modified_time":"2017-10-30T12:15:54+00:00","og_image":[{"width":620,"height":465,"url":"https:\/\/acrimat.org.br\/portal\/wp-content\/uploads\/2017\/10\/bezerros_alta_qualidade_3r.jpg","type":"image\/jpeg"}],"author":"P\u00e9ricles C\u00e2ndido","twitter_card":"summary_large_image","twitter_misc":{"Escrito por":"P\u00e9ricles C\u00e2ndido","Est. tempo de leitura":"1 minuto"},"schema":{"@context":"https:\/\/schema.org","@graph":[{"@type":"Article","@id":"https:\/\/acrimat.org.br\/portal\/bezerras-devem-ser-vacinadas-contra-srb\/#article","isPartOf":{"@id":"https:\/\/acrimat.org.br\/portal\/bezerras-devem-ser-vacinadas-contra-srb\/"},"author":{"name":"P\u00e9ricles C\u00e2ndido","@id":"https:\/\/acrimat.org.br\/portal\/#\/schema\/person\/18df8bcf6890e924fe5d8b5afd2bec0f"},"headline":"Bezerras devem ser vacinadas contra SRB","datePublished":"2017-10-30T12:10:39+00:00","dateModified":"2017-10-30T12:15:54+00:00","mainEntityOfPage":{"@id":"https:\/\/acrimat.org.br\/portal\/bezerras-devem-ser-vacinadas-contra-srb\/"},"wordCount":257,"publisher":{"@id":"https:\/\/acrimat.org.br\/portal\/#organization"},"image":{"@id":"https:\/\/acrimat.org.br\/portal\/bezerras-devem-ser-vacinadas-contra-srb\/#primaryimage"},"thumbnailUrl":"https:\/\/acrimat.org.br\/portal\/wp-content\/uploads\/2017\/10\/bezerros_alta_qualidade_3r.jpg","articleSection":["Destaques","Not\u00edcias"],"inLanguage":"pt-BR"},{"@type":"WebPage","@id":"https:\/\/acrimat.org.br\/portal\/bezerras-devem-ser-vacinadas-contra-srb\/","url":"https:\/\/acrimat.org.br\/portal\/bezerras-devem-ser-vacinadas-contra-srb\/","name":"Bezerras devem ser vacinadas contra SRB - Acrimat","isPartOf":{"@id":"https:\/\/acrimat.org.br\/portal\/#website"},"primaryImageOfPage":{"@id":"https:\/\/acrimat.org.br\/portal\/bezerras-devem-ser-vacinadas-contra-srb\/#primaryimage"},"image":{"@id":"https:\/\/acrimat.org.br\/portal\/bezerras-devem-ser-vacinadas-contra-srb\/#primaryimage"},"thumbnailUrl":"https:\/\/acrimat.org.br\/portal\/wp-content\/uploads\/2017\/10\/bezerros_alta_qualidade_3r.jpg","datePublished":"2017-10-30T12:10:39+00:00","dateModified":"2017-10-30T12:15:54+00:00","breadcrumb":{"@id":"https:\/\/acrimat.org.br\/portal\/bezerras-devem-ser-vacinadas-contra-srb\/#breadcrumb"},"inLanguage":"pt-BR","potentialAction":[{"@type":"ReadAction","target":["https:\/\/acrimat.org.br\/portal\/bezerras-devem-ser-vacinadas-contra-srb\/"]}]},{"@type":"ImageObject","inLanguage":"pt-BR","@id":"https:\/\/acrimat.org.br\/portal\/bezerras-devem-ser-vacinadas-contra-srb\/#primaryimage","url":"https:\/\/acrimat.org.br\/portal\/wp-content\/uploads\/2017\/10\/bezerros_alta_qualidade_3r.jpg","contentUrl":"https:\/\/acrimat.org.br\/portal\/wp-content\/uploads\/2017\/10\/bezerros_alta_qualidade_3r.jpg","width":620,"height":465},{"@type":"BreadcrumbList","@id":"https:\/\/acrimat.org.br\/portal\/bezerras-devem-ser-vacinadas-contra-srb\/#breadcrumb","itemListElement":[{"@type":"ListItem","position":1,"name":"In\u00edcio","item":"https:\/\/acrimat.org.br\/portal\/"},{"@type":"ListItem","position":2,"name":"Bezerras devem ser vacinadas contra SRB"}]},{"@type":"WebSite","@id":"https:\/\/acrimat.org.br\/portal\/#website","url":"https:\/\/acrimat.org.br\/portal\/","name":"Acrimat","description":"Associa\u00e7\u00e3o dos Criadores de Mato Grosso","publisher":{"@id":"https:\/\/acrimat.org.br\/portal\/#organization"},"potentialAction":[{"@type":"SearchAction","target":{"@type":"EntryPoint","urlTemplate":"https:\/\/acrimat.org.br\/portal\/?s={search_term_string}"},"query-input":{"@type":"PropertyValueSpecification","valueRequired":true,"valueName":"search_term_string"}}],"inLanguage":"pt-BR"},{"@type":"Organization","@id":"https:\/\/acrimat.org.br\/portal\/#organization","name":"Associa\u00e7\u00e3o dos Criadores de Mato Grosso","url":"https:\/\/acrimat.org.br\/portal\/","logo":{"@type":"ImageObject","inLanguage":"pt-BR","@id":"https:\/\/acrimat.org.br\/portal\/#\/schema\/logo\/image\/","url":"https:\/\/acrimat.org.br\/portal\/wp-content\/uploads\/2018\/03\/logo-peq-original.png","contentUrl":"https:\/\/acrimat.org.br\/portal\/wp-content\/uploads\/2018\/03\/logo-peq-original.png","width":174,"height":171,"caption":"Associa\u00e7\u00e3o dos Criadores de Mato Grosso"},"image":{"@id":"https:\/\/acrimat.org.br\/portal\/#\/schema\/logo\/image\/"}},{"@type":"Person","@id":"https:\/\/acrimat.org.br\/portal\/#\/schema\/person\/18df8bcf6890e924fe5d8b5afd2bec0f","name":"P\u00e9ricles C\u00e2ndido","image":{"@type":"ImageObject","inLanguage":"pt-BR","@id":"https:\/\/acrimat.org.br\/portal\/#\/schema\/person\/image\/","url":"https:\/\/secure.gravatar.com\/avatar\/33e2a2b971dc363ed2df53d0d3bfbd18?s=96&d=mm&r=g","contentUrl":"https:\/\/secure.gravatar.com\/avatar\/33e2a2b971dc363ed2df53d0d3bfbd18?s=96&d=mm&r=g","caption":"P\u00e9ricles C\u00e2ndido"},"sameAs":["ascom@acrimat.org.br"],"url":"https:\/\/acrimat.org.br\/portal\/author\/designergrafico\/"}]}},"_links":{"self":[{"href":"https:\/\/acrimat.org.br\/portal\/wp-json\/wp\/v2\/posts\/97984584","targetHints":{"allow":["GET"]}}],"collection":[{"href":"https:\/\/acrimat.org.br\/portal\/wp-json\/wp\/v2\/posts"}],"about":[{"href":"https:\/\/acrimat.org.br\/portal\/wp-json\/wp\/v2\/types\/post"}],"author":[{"embeddable":true,"href":"https:\/\/acrimat.org.br\/portal\/wp-json\/wp\/v2\/users\/11"}],"replies":[{"embeddable":true,"href":"https:\/\/acrimat.org.br\/portal\/wp-json\/wp\/v2\/comments?post=97984584"}],"version-history":[{"count":1,"href":"https:\/\/acrimat.org.br\/portal\/wp-json\/wp\/v2\/posts\/97984584\/revisions"}],"predecessor-version":[{"id":97984586,"href":"https:\/\/acrimat.org.br\/portal\/wp-json\/wp\/v2\/posts\/97984584\/revisions\/97984586"}],"wp:featuredmedia":[{"embeddable":true,"href":"https:\/\/acrimat.org.br\/portal\/wp-json\/wp\/v2\/media\/97984585"}],"wp:attachment":[{"href":"https:\/\/acrimat.org.br\/portal\/wp-json\/wp\/v2\/media?parent=97984584"}],"wp:term":[{"taxonomy":"category","embeddable":true,"href":"https:\/\/acrimat.org.br\/portal\/wp-json\/wp\/v2\/categories?post=97984584"},{"taxonomy":"post_tag","embeddable":true,"href":"https:\/\/acrimat.org.br\/portal\/wp-json\/wp\/v2\/tags?post=97984584"}],"curies":[{"name":"wp","href":"https:\/\/api.w.org\/{rel}","templated":true}]}}