{"id":97984603,"date":"2017-11-03T09:41:41","date_gmt":"2017-11-03T12:41:41","guid":{"rendered":"http:\/\/acrimat.org.br\/portal\/?p=97984603"},"modified":"2017-11-03T09:41:41","modified_gmt":"2017-11-03T12:41:41","slug":"fiscal-que-originou-a-carne-fraca-relata-irregularidades","status":"publish","type":"post","link":"https:\/\/acrimat.org.br\/portal\/fiscal-que-originou-a-carne-fraca-relata-irregularidades\/","title":{"rendered":"Fiscal que originou a Carne Fraca relata irregularidades"},"content":{"rendered":"<p>Na mais longa e reveladora audi\u00eancia dos processos da Opera\u00e7\u00e3o Carne Fraca, o fiscal agropecu\u00e1rio federal Daniel Gouv\u00eaa Teixeira, origem das investiga\u00e7\u00f5es da Pol\u00edcia Federal que abalou o setor de produ\u00e7\u00e3o de carne e processados do Brasil, a partir de mar\u00e7o, relatou esquemas de adultera\u00e7\u00e3o de valores nutricionais de produtos, irregularidades e tramas no Minist\u00e9rio da Agricultura, Pecu\u00e1ria e Abastecimento.<\/p>\n<p>Teixeira foi ouvido pelo juiz federal Marcos Josegrei da Silva, da 14\u00aa Vara Federal, em Curitiba, no \u00faltimo dia 26, no processo em que \u00e9 r\u00e9u Fl\u00e1vio Evers Cassou, da JBS, do Grupo J&amp;F. Ao todo s\u00e3o seis a\u00e7\u00f5es penais da Carne Fraca, deflagrada no dia 17 de mar\u00e7o de 2017. A opera\u00e7\u00e3o cercou os maiores frigor\u00edficos do Pa\u00eds e um esquema de corrup\u00e7\u00e3o e indica\u00e7\u00f5es pol\u00edticas no Minist\u00e9rio da Agricultura, em especial no Servi\u00e7o de Inspe\u00e7\u00e3o de Produtos de Origem Animal. Al\u00e9m de JBS, est\u00e3o na mira pessoas da gigante BRF.<\/p>\n<p>\u201cO senhor tomou conhecimento de atos de corrup\u00e7\u00e3o?\u201d, questionou o Minist\u00e9rio P\u00fablico Federal. \u201cSim\u201d, respondeu Teixeira, que deu in\u00edcio \u00e0s investiga\u00e7\u00f5es da Carne Fraca, ao denunciar sua superior Maria do Roscio Nascimento ao Sindicato dos Fiscais Agropecu\u00e1rios (Anffasindical) por ass\u00e9dio moral. Ele narrou uma reuni\u00e3o com representantes de um frigor\u00edfico sobre \u201cacertos\u201d.<\/p>\n<p>Na decis\u00e3o que deflagrou a Carne Fraca, o juiz destacou que Teixeira relatou ter sido removido para a Superintend\u00eancia do Minist\u00e9rio da Agricultura no Paran\u00e1 em outubro de 2012, a seu pedido. Pouco tempo depois aceitou convite feito pela servidora Maria do Roscio Nascimento para assumir a fun\u00e7\u00e3o de chefe substituto do Servi\u00e7o de Inspe\u00e7\u00e3o de Produto de Origem Animal (SIPOA) no Estado do Paran\u00e1.<\/p>\n<p>Teixeira relatou ocorr\u00eancia de cobran\u00e7a de propinas por agentes do Minist\u00e9rio da Agricultura e fraudes como uso de carne apodrecida por frigor\u00edficos. O fiscal afirma que ao retornar a exercer atribui\u00e7\u00f5es de fiscaliza\u00e7\u00e3o, em trabalho realizado em abatedouro de su\u00ednos de pequeno porte, chegou ao seu conhecimento a ocorr\u00eancia de diversas irregularidades. Ele citou o aproveitamento de animais mortos para produ\u00e7\u00e3o de g\u00eaneros aliment\u00edcios em outra unidade, pagamento de propinas a fiscais federais agropecu\u00e1rios e agentes de inspe\u00e7\u00e3o em raz\u00e3o da comercializa\u00e7\u00e3o de certificados sanit\u00e1rios, dentre outros.<\/p>\n","protected":false},"excerpt":{"rendered":"<p>Teixeira relatou ocorr\u00eancia de cobran\u00e7a de propinas por agentes do Minist\u00e9rio da Agricultura e fraudes como uso de carne apodrecida por frigor\u00edficos<\/p>\n","protected":false},"author":11,"featured_media":97984604,"comment_status":"closed","ping_status":"closed","sticky":false,"template":"","format":"standard","meta":{"footnotes":""},"categories":[6,1],"tags":[],"class_list":["post-97984603","post","type-post","status-publish","format-standard","has-post-thumbnail","hentry","category-destaque","category-noticia"],"yoast_head":"<!-- This site is optimized with the Yoast SEO plugin v24.8.1 - https:\/\/yoast.com\/wordpress\/plugins\/seo\/ -->\n<title>Fiscal que originou a Carne Fraca relata irregularidades - Acrimat<\/title>\n<meta name=\"robots\" content=\"index, follow, max-snippet:-1, max-image-preview:large, max-video-preview:-1\" \/>\n<link rel=\"canonical\" href=\"https:\/\/acrimat.org.br\/portal\/fiscal-que-originou-a-carne-fraca-relata-irregularidades\/\" \/>\n<meta property=\"og:locale\" content=\"pt_BR\" \/>\n<meta property=\"og:type\" content=\"article\" \/>\n<meta property=\"og:title\" content=\"Fiscal que originou a Carne Fraca relata irregularidades - Acrimat\" \/>\n<meta property=\"og:description\" content=\"Teixeira relatou ocorr\u00eancia de cobran\u00e7a de propinas por agentes do Minist\u00e9rio da Agricultura e fraudes como uso de carne apodrecida por frigor\u00edficos\" \/>\n<meta property=\"og:url\" content=\"https:\/\/acrimat.org.br\/portal\/fiscal-que-originou-a-carne-fraca-relata-irregularidades\/\" \/>\n<meta property=\"og:site_name\" content=\"Acrimat\" \/>\n<meta property=\"article:published_time\" content=\"2017-11-03T12:41:41+00:00\" \/>\n<meta property=\"og:image\" content=\"https:\/\/acrimat.org.br\/portal\/wp-content\/uploads\/2017\/11\/6c1be1551a7a9f125f131a66ae009e9a.jpg\" \/>\n\t<meta property=\"og:image:width\" content=\"605\" \/>\n\t<meta property=\"og:image:height\" content=\"314\" \/>\n\t<meta property=\"og:image:type\" content=\"image\/jpeg\" \/>\n<meta name=\"author\" content=\"P\u00e9ricles C\u00e2ndido\" \/>\n<meta name=\"twitter:card\" content=\"summary_large_image\" \/>\n<meta name=\"twitter:label1\" content=\"Escrito por\" \/>\n\t<meta name=\"twitter:data1\" content=\"P\u00e9ricles C\u00e2ndido\" \/>\n\t<meta name=\"twitter:label2\" content=\"Est. tempo de leitura\" \/>\n\t<meta name=\"twitter:data2\" content=\"2 minutos\" \/>\n<script type=\"application\/ld+json\" class=\"yoast-schema-graph\">{\"@context\":\"https:\/\/schema.org\",\"@graph\":[{\"@type\":\"Article\",\"@id\":\"https:\/\/acrimat.org.br\/portal\/fiscal-que-originou-a-carne-fraca-relata-irregularidades\/#article\",\"isPartOf\":{\"@id\":\"https:\/\/acrimat.org.br\/portal\/fiscal-que-originou-a-carne-fraca-relata-irregularidades\/\"},\"author\":{\"name\":\"P\u00e9ricles C\u00e2ndido\",\"@id\":\"https:\/\/acrimat.org.br\/portal\/#\/schema\/person\/18df8bcf6890e924fe5d8b5afd2bec0f\"},\"headline\":\"Fiscal que originou a Carne Fraca relata irregularidades\",\"datePublished\":\"2017-11-03T12:41:41+00:00\",\"mainEntityOfPage\":{\"@id\":\"https:\/\/acrimat.org.br\/portal\/fiscal-que-originou-a-carne-fraca-relata-irregularidades\/\"},\"wordCount\":418,\"publisher\":{\"@id\":\"https:\/\/acrimat.org.br\/portal\/#organization\"},\"image\":{\"@id\":\"https:\/\/acrimat.org.br\/portal\/fiscal-que-originou-a-carne-fraca-relata-irregularidades\/#primaryimage\"},\"thumbnailUrl\":\"https:\/\/acrimat.org.br\/portal\/wp-content\/uploads\/2017\/11\/6c1be1551a7a9f125f131a66ae009e9a.jpg\",\"articleSection\":[\"Destaques\",\"Not\u00edcias\"],\"inLanguage\":\"pt-BR\"},{\"@type\":\"WebPage\",\"@id\":\"https:\/\/acrimat.org.br\/portal\/fiscal-que-originou-a-carne-fraca-relata-irregularidades\/\",\"url\":\"https:\/\/acrimat.org.br\/portal\/fiscal-que-originou-a-carne-fraca-relata-irregularidades\/\",\"name\":\"Fiscal que originou a Carne Fraca relata irregularidades - Acrimat\",\"isPartOf\":{\"@id\":\"https:\/\/acrimat.org.br\/portal\/#website\"},\"primaryImageOfPage\":{\"@id\":\"https:\/\/acrimat.org.br\/portal\/fiscal-que-originou-a-carne-fraca-relata-irregularidades\/#primaryimage\"},\"image\":{\"@id\":\"https:\/\/acrimat.org.br\/portal\/fiscal-que-originou-a-carne-fraca-relata-irregularidades\/#primaryimage\"},\"thumbnailUrl\":\"https:\/\/acrimat.org.br\/portal\/wp-content\/uploads\/2017\/11\/6c1be1551a7a9f125f131a66ae009e9a.jpg\",\"datePublished\":\"2017-11-03T12:41:41+00:00\",\"breadcrumb\":{\"@id\":\"https:\/\/acrimat.org.br\/portal\/fiscal-que-originou-a-carne-fraca-relata-irregularidades\/#breadcrumb\"},\"inLanguage\":\"pt-BR\",\"potentialAction\":[{\"@type\":\"ReadAction\",\"target\":[\"https:\/\/acrimat.org.br\/portal\/fiscal-que-originou-a-carne-fraca-relata-irregularidades\/\"]}]},{\"@type\":\"ImageObject\",\"inLanguage\":\"pt-BR\",\"@id\":\"https:\/\/acrimat.org.br\/portal\/fiscal-que-originou-a-carne-fraca-relata-irregularidades\/#primaryimage\",\"url\":\"https:\/\/acrimat.org.br\/portal\/wp-content\/uploads\/2017\/11\/6c1be1551a7a9f125f131a66ae009e9a.jpg\",\"contentUrl\":\"https:\/\/acrimat.org.br\/portal\/wp-content\/uploads\/2017\/11\/6c1be1551a7a9f125f131a66ae009e9a.jpg\",\"width\":605,\"height\":314},{\"@type\":\"BreadcrumbList\",\"@id\":\"https:\/\/acrimat.org.br\/portal\/fiscal-que-originou-a-carne-fraca-relata-irregularidades\/#breadcrumb\",\"itemListElement\":[{\"@type\":\"ListItem\",\"position\":1,\"name\":\"In\u00edcio\",\"item\":\"https:\/\/acrimat.org.br\/portal\/\"},{\"@type\":\"ListItem\",\"position\":2,\"name\":\"Fiscal que originou a Carne Fraca relata irregularidades\"}]},{\"@type\":\"WebSite\",\"@id\":\"https:\/\/acrimat.org.br\/portal\/#website\",\"url\":\"https:\/\/acrimat.org.br\/portal\/\",\"name\":\"Acrimat\",\"description\":\"Associa\u00e7\u00e3o dos Criadores de Mato Grosso\",\"publisher\":{\"@id\":\"https:\/\/acrimat.org.br\/portal\/#organization\"},\"potentialAction\":[{\"@type\":\"SearchAction\",\"target\":{\"@type\":\"EntryPoint\",\"urlTemplate\":\"https:\/\/acrimat.org.br\/portal\/?s={search_term_string}\"},\"query-input\":{\"@type\":\"PropertyValueSpecification\",\"valueRequired\":true,\"valueName\":\"search_term_string\"}}],\"inLanguage\":\"pt-BR\"},{\"@type\":\"Organization\",\"@id\":\"https:\/\/acrimat.org.br\/portal\/#organization\",\"name\":\"Associa\u00e7\u00e3o dos Criadores de Mato Grosso\",\"url\":\"https:\/\/acrimat.org.br\/portal\/\",\"logo\":{\"@type\":\"ImageObject\",\"inLanguage\":\"pt-BR\",\"@id\":\"https:\/\/acrimat.org.br\/portal\/#\/schema\/logo\/image\/\",\"url\":\"https:\/\/acrimat.org.br\/portal\/wp-content\/uploads\/2018\/03\/logo-peq-original.png\",\"contentUrl\":\"https:\/\/acrimat.org.br\/portal\/wp-content\/uploads\/2018\/03\/logo-peq-original.png\",\"width\":174,\"height\":171,\"caption\":\"Associa\u00e7\u00e3o dos Criadores de Mato Grosso\"},\"image\":{\"@id\":\"https:\/\/acrimat.org.br\/portal\/#\/schema\/logo\/image\/\"}},{\"@type\":\"Person\",\"@id\":\"https:\/\/acrimat.org.br\/portal\/#\/schema\/person\/18df8bcf6890e924fe5d8b5afd2bec0f\",\"name\":\"P\u00e9ricles C\u00e2ndido\",\"image\":{\"@type\":\"ImageObject\",\"inLanguage\":\"pt-BR\",\"@id\":\"https:\/\/acrimat.org.br\/portal\/#\/schema\/person\/image\/\",\"url\":\"https:\/\/secure.gravatar.com\/avatar\/33e2a2b971dc363ed2df53d0d3bfbd18?s=96&d=mm&r=g\",\"contentUrl\":\"https:\/\/secure.gravatar.com\/avatar\/33e2a2b971dc363ed2df53d0d3bfbd18?s=96&d=mm&r=g\",\"caption\":\"P\u00e9ricles C\u00e2ndido\"},\"sameAs\":[\"ascom@acrimat.org.br\"],\"url\":\"https:\/\/acrimat.org.br\/portal\/author\/designergrafico\/\"}]}<\/script>\n<!-- \/ Yoast SEO plugin. -->","yoast_head_json":{"title":"Fiscal que originou a Carne Fraca relata irregularidades - Acrimat","robots":{"index":"index","follow":"follow","max-snippet":"max-snippet:-1","max-image-preview":"max-image-preview:large","max-video-preview":"max-video-preview:-1"},"canonical":"https:\/\/acrimat.org.br\/portal\/fiscal-que-originou-a-carne-fraca-relata-irregularidades\/","og_locale":"pt_BR","og_type":"article","og_title":"Fiscal que originou a Carne Fraca relata irregularidades - Acrimat","og_description":"Teixeira relatou ocorr\u00eancia de cobran\u00e7a de propinas por agentes do Minist\u00e9rio da Agricultura e fraudes como uso de carne apodrecida por frigor\u00edficos","og_url":"https:\/\/acrimat.org.br\/portal\/fiscal-que-originou-a-carne-fraca-relata-irregularidades\/","og_site_name":"Acrimat","article_published_time":"2017-11-03T12:41:41+00:00","og_image":[{"width":605,"height":314,"url":"https:\/\/acrimat.org.br\/portal\/wp-content\/uploads\/2017\/11\/6c1be1551a7a9f125f131a66ae009e9a.jpg","type":"image\/jpeg"}],"author":"P\u00e9ricles C\u00e2ndido","twitter_card":"summary_large_image","twitter_misc":{"Escrito por":"P\u00e9ricles C\u00e2ndido","Est. tempo de leitura":"2 minutos"},"schema":{"@context":"https:\/\/schema.org","@graph":[{"@type":"Article","@id":"https:\/\/acrimat.org.br\/portal\/fiscal-que-originou-a-carne-fraca-relata-irregularidades\/#article","isPartOf":{"@id":"https:\/\/acrimat.org.br\/portal\/fiscal-que-originou-a-carne-fraca-relata-irregularidades\/"},"author":{"name":"P\u00e9ricles C\u00e2ndido","@id":"https:\/\/acrimat.org.br\/portal\/#\/schema\/person\/18df8bcf6890e924fe5d8b5afd2bec0f"},"headline":"Fiscal que originou a Carne Fraca relata irregularidades","datePublished":"2017-11-03T12:41:41+00:00","mainEntityOfPage":{"@id":"https:\/\/acrimat.org.br\/portal\/fiscal-que-originou-a-carne-fraca-relata-irregularidades\/"},"wordCount":418,"publisher":{"@id":"https:\/\/acrimat.org.br\/portal\/#organization"},"image":{"@id":"https:\/\/acrimat.org.br\/portal\/fiscal-que-originou-a-carne-fraca-relata-irregularidades\/#primaryimage"},"thumbnailUrl":"https:\/\/acrimat.org.br\/portal\/wp-content\/uploads\/2017\/11\/6c1be1551a7a9f125f131a66ae009e9a.jpg","articleSection":["Destaques","Not\u00edcias"],"inLanguage":"pt-BR"},{"@type":"WebPage","@id":"https:\/\/acrimat.org.br\/portal\/fiscal-que-originou-a-carne-fraca-relata-irregularidades\/","url":"https:\/\/acrimat.org.br\/portal\/fiscal-que-originou-a-carne-fraca-relata-irregularidades\/","name":"Fiscal que originou a Carne Fraca relata irregularidades - Acrimat","isPartOf":{"@id":"https:\/\/acrimat.org.br\/portal\/#website"},"primaryImageOfPage":{"@id":"https:\/\/acrimat.org.br\/portal\/fiscal-que-originou-a-carne-fraca-relata-irregularidades\/#primaryimage"},"image":{"@id":"https:\/\/acrimat.org.br\/portal\/fiscal-que-originou-a-carne-fraca-relata-irregularidades\/#primaryimage"},"thumbnailUrl":"https:\/\/acrimat.org.br\/portal\/wp-content\/uploads\/2017\/11\/6c1be1551a7a9f125f131a66ae009e9a.jpg","datePublished":"2017-11-03T12:41:41+00:00","breadcrumb":{"@id":"https:\/\/acrimat.org.br\/portal\/fiscal-que-originou-a-carne-fraca-relata-irregularidades\/#breadcrumb"},"inLanguage":"pt-BR","potentialAction":[{"@type":"ReadAction","target":["https:\/\/acrimat.org.br\/portal\/fiscal-que-originou-a-carne-fraca-relata-irregularidades\/"]}]},{"@type":"ImageObject","inLanguage":"pt-BR","@id":"https:\/\/acrimat.org.br\/portal\/fiscal-que-originou-a-carne-fraca-relata-irregularidades\/#primaryimage","url":"https:\/\/acrimat.org.br\/portal\/wp-content\/uploads\/2017\/11\/6c1be1551a7a9f125f131a66ae009e9a.jpg","contentUrl":"https:\/\/acrimat.org.br\/portal\/wp-content\/uploads\/2017\/11\/6c1be1551a7a9f125f131a66ae009e9a.jpg","width":605,"height":314},{"@type":"BreadcrumbList","@id":"https:\/\/acrimat.org.br\/portal\/fiscal-que-originou-a-carne-fraca-relata-irregularidades\/#breadcrumb","itemListElement":[{"@type":"ListItem","position":1,"name":"In\u00edcio","item":"https:\/\/acrimat.org.br\/portal\/"},{"@type":"ListItem","position":2,"name":"Fiscal que originou a Carne Fraca relata irregularidades"}]},{"@type":"WebSite","@id":"https:\/\/acrimat.org.br\/portal\/#website","url":"https:\/\/acrimat.org.br\/portal\/","name":"Acrimat","description":"Associa\u00e7\u00e3o dos Criadores de Mato Grosso","publisher":{"@id":"https:\/\/acrimat.org.br\/portal\/#organization"},"potentialAction":[{"@type":"SearchAction","target":{"@type":"EntryPoint","urlTemplate":"https:\/\/acrimat.org.br\/portal\/?s={search_term_string}"},"query-input":{"@type":"PropertyValueSpecification","valueRequired":true,"valueName":"search_term_string"}}],"inLanguage":"pt-BR"},{"@type":"Organization","@id":"https:\/\/acrimat.org.br\/portal\/#organization","name":"Associa\u00e7\u00e3o dos Criadores de Mato Grosso","url":"https:\/\/acrimat.org.br\/portal\/","logo":{"@type":"ImageObject","inLanguage":"pt-BR","@id":"https:\/\/acrimat.org.br\/portal\/#\/schema\/logo\/image\/","url":"https:\/\/acrimat.org.br\/portal\/wp-content\/uploads\/2018\/03\/logo-peq-original.png","contentUrl":"https:\/\/acrimat.org.br\/portal\/wp-content\/uploads\/2018\/03\/logo-peq-original.png","width":174,"height":171,"caption":"Associa\u00e7\u00e3o dos Criadores de Mato Grosso"},"image":{"@id":"https:\/\/acrimat.org.br\/portal\/#\/schema\/logo\/image\/"}},{"@type":"Person","@id":"https:\/\/acrimat.org.br\/portal\/#\/schema\/person\/18df8bcf6890e924fe5d8b5afd2bec0f","name":"P\u00e9ricles C\u00e2ndido","image":{"@type":"ImageObject","inLanguage":"pt-BR","@id":"https:\/\/acrimat.org.br\/portal\/#\/schema\/person\/image\/","url":"https:\/\/secure.gravatar.com\/avatar\/33e2a2b971dc363ed2df53d0d3bfbd18?s=96&d=mm&r=g","contentUrl":"https:\/\/secure.gravatar.com\/avatar\/33e2a2b971dc363ed2df53d0d3bfbd18?s=96&d=mm&r=g","caption":"P\u00e9ricles C\u00e2ndido"},"sameAs":["ascom@acrimat.org.br"],"url":"https:\/\/acrimat.org.br\/portal\/author\/designergrafico\/"}]}},"_links":{"self":[{"href":"https:\/\/acrimat.org.br\/portal\/wp-json\/wp\/v2\/posts\/97984603","targetHints":{"allow":["GET"]}}],"collection":[{"href":"https:\/\/acrimat.org.br\/portal\/wp-json\/wp\/v2\/posts"}],"about":[{"href":"https:\/\/acrimat.org.br\/portal\/wp-json\/wp\/v2\/types\/post"}],"author":[{"embeddable":true,"href":"https:\/\/acrimat.org.br\/portal\/wp-json\/wp\/v2\/users\/11"}],"replies":[{"embeddable":true,"href":"https:\/\/acrimat.org.br\/portal\/wp-json\/wp\/v2\/comments?post=97984603"}],"version-history":[{"count":1,"href":"https:\/\/acrimat.org.br\/portal\/wp-json\/wp\/v2\/posts\/97984603\/revisions"}],"predecessor-version":[{"id":97984605,"href":"https:\/\/acrimat.org.br\/portal\/wp-json\/wp\/v2\/posts\/97984603\/revisions\/97984605"}],"wp:featuredmedia":[{"embeddable":true,"href":"https:\/\/acrimat.org.br\/portal\/wp-json\/wp\/v2\/media\/97984604"}],"wp:attachment":[{"href":"https:\/\/acrimat.org.br\/portal\/wp-json\/wp\/v2\/media?parent=97984603"}],"wp:term":[{"taxonomy":"category","embeddable":true,"href":"https:\/\/acrimat.org.br\/portal\/wp-json\/wp\/v2\/categories?post=97984603"},{"taxonomy":"post_tag","embeddable":true,"href":"https:\/\/acrimat.org.br\/portal\/wp-json\/wp\/v2\/tags?post=97984603"}],"curies":[{"name":"wp","href":"https:\/\/api.w.org\/{rel}","templated":true}]}}