{"id":97984615,"date":"2017-10-31T09:51:10","date_gmt":"2017-10-31T12:51:10","guid":{"rendered":"http:\/\/acrimat.org.br\/portal\/?p=97984615"},"modified":"2017-11-03T09:58:44","modified_gmt":"2017-11-03T12:58:44","slug":"embrapa-discute-racas-bovinas-crioulas-na-fronteira-com-a-bolivia","status":"publish","type":"post","link":"https:\/\/acrimat.org.br\/portal\/embrapa-discute-racas-bovinas-crioulas-na-fronteira-com-a-bolivia\/","title":{"rendered":"Embrapa discute ra\u00e7as bovinas crioulas na fronteira com a Bol\u00edvia"},"content":{"rendered":"<p>Durante uma palestra realizada em Arroyo Concepci\u00f3n, na Bol\u00edvia \u2013 a cerca de 10 km de Corumb\u00e1 (MS) \u2013 a pesquisadora Raquel Soares, da Embrapa Pantanal, conversou com universit\u00e1rios do pa\u00eds vizinho sobre ra\u00e7as bovinas localmente adaptadas presentes na fronteira.<\/p>\n<p>\u201cQueremos ver o que eles conhecem, entender quais s\u00e3o as expectativas e perspectivas para a conserva\u00e7\u00e3o e uso dessas ra\u00e7as no pa\u00eds deles\u201d, afirma a pesquisadora que busca a exist\u00eancia de rebanhos crioulos entre propriet\u00e1rios rurais, universidades e institui\u00e7\u00f5es de pesquisa locais.<\/p>\n<p>O contato com os vizinhos da Bol\u00edvia, diz Raquel, \u00e9 uma forma de procurar \u00b4parentes\u00b4 da ra\u00e7a conhecida como bovino Pantaneiro, encontrada no Pantanal brasileiro, nas ra\u00e7as bovinas crioulas presentes em territ\u00f3rio boliviano.<\/p>\n<p>\u201cTenho not\u00edcias por publica\u00e7\u00f5es cient\u00edficas e por conversas com os moradores daqui que existem pelo menos dois tipos de gado crioulo na regi\u00e3o: o Yacume\u00f1o e o Chiquitano. Mas n\u00e3o sabemos, ainda, qual \u00e9 a proximidade desses animais \u2013 em termos de perfil gen\u00e9tico \u2013 do nosso bovino Pantaneiro\u201d.<\/p>\n<p>O Pantaneiro, bovino que passou por quinhentos anos de sele\u00e7\u00e3o natural em meio aos extremos ambientais do bioma, desenvolveu uma rusticidade caracter\u00edstica da ra\u00e7a. Ele pode pastejar em locais alagados, manter taxas reprodutivas satisfat\u00f3rias mesmo em per\u00edodos com menor disponibilidade de alimentos como a seca, possui baixa exig\u00eancia nutricional, habilidades maternas e diferenciais para a produ\u00e7\u00e3o de carne e leite.<\/p>\n<p>Por\u00e9m, existem apenas cerca de 500 animais comprovadamente Pantaneiros no pa\u00eds, atualmente \u2013 o que os coloca em risco de extin\u00e7\u00e3o e aumenta a urg\u00eancia da conserva\u00e7\u00e3o de seu material gen\u00e9tico.<\/p>\n<p>\u201cNos trabalhos que fizemos de genotipagem e compara\u00e7\u00e3o entre as ra\u00e7as, vimos que o bovino Pantaneiro tem uma proximidade com o Pilcomayo, que \u00e9 um gado do Paraguai. Temos uma hist\u00f3ria que justifica isso: o sul de Mato Grosso do Sul (a regi\u00e3o depois da Serra da Bodoquena), que tamb\u00e9m tinha bovinos Pantaneiros, faz divisa com o Paraguai. O gado de Porto Murtinho, por exemplo, provavelmente tem muita influ\u00eancia dos animais desse pa\u00eds. \u00c9 de se esperar, portanto, que a nossa fronteira de Corumb\u00e1 e do Mato Grosso, na regi\u00e3o do Pantanal, tamb\u00e9m tenha alguma interfer\u00eancia gen\u00e9tica entre as ra\u00e7as\u201d, diz a pesquisadora.<\/p>\n<p>Encontrar paralelos gen\u00e9ticos entre os animais do Brasil e da Bol\u00edvia poderia beneficiar a gen\u00e9tica dos animais dos dois pa\u00edses. \u201cA gente pode pensar em aumentar o nosso rebanho \u2013 dependendo da proximidade gen\u00e9tica com o gado crioulo deles \u2013 usando o material gen\u00e9tico que eles tiverem dispon\u00edvel. Podemos utilizar f\u00eameas de ra\u00e7as adaptadas bolivianas e introduzi-las no Brasil para cruzar com os machos Pantaneiros. Assim, ter\u00edamos uma ra\u00e7a pr\u00f3xima, com caracter\u00edsticas adaptativas aproximadas da ra\u00e7a brasileira, com uma poss\u00edvel chance de recupera\u00e7\u00e3o: em cinco gera\u00e7\u00f5es, ela poderia ser absorvida pelo bovino Pantaneiro\u201d.<\/p>\n<p>Os primeiros contatos, como o que foi estabelecido por meio da palestra ministrada aos universit\u00e1rios, representam o in\u00edcio do trabalho de compara\u00e7\u00e3o entre as ra\u00e7as bovinas adaptadas. \u201cQueremos analisar a gen\u00e9tica desses rebanhos atrav\u00e9s de genotipagem por DNA e verificar a possibilidade de troca de animais ou embri\u00f5es para tentar cruzamentos\u201d, diz Raquel. \u201c\u00c9 interessante tamb\u00e9m verificar se a algu\u00e9m na Bol\u00edvia tem interesse de desenvolver o trabalho de conserva\u00e7\u00e3o gen\u00e9tica do gado crioulo que eles possuem. Assim, podemos desenvolver trabalhos paralelos, mas que t\u00eam uma mesma finalidade, que \u00e9 a conserva\u00e7\u00e3o e o uso de ra\u00e7as localmente adaptadas\u201d.<\/p>\n<p><strong><em>Fonte: Embrapa, resumida e adaptada pela Equipe BeefPoint.<\/em><\/strong><\/p>\n","protected":false},"excerpt":{"rendered":"<p>O contato com os vizinhos da Bol\u00edvia, diz Raquel, \u00e9 uma forma de procurar \u00b4parentes\u00b4 da ra\u00e7a conhecida como bovino Pantaneiro, encontrada no Pantanal brasileiro, nas ra\u00e7as bovinas crioulas presentes em territ\u00f3rio boliviano<\/p>\n","protected":false},"author":11,"featured_media":97984573,"comment_status":"closed","ping_status":"closed","sticky":false,"template":"","format":"standard","meta":{"footnotes":""},"categories":[6,1],"tags":[],"class_list":["post-97984615","post","type-post","status-publish","format-standard","has-post-thumbnail","hentry","category-destaque","category-noticia"],"yoast_head":"<!-- This site is optimized with the Yoast SEO plugin v24.8.1 - https:\/\/yoast.com\/wordpress\/plugins\/seo\/ -->\n<title>Embrapa discute ra\u00e7as bovinas crioulas na fronteira com a Bol\u00edvia - Acrimat<\/title>\n<meta name=\"robots\" content=\"index, follow, max-snippet:-1, max-image-preview:large, max-video-preview:-1\" \/>\n<link rel=\"canonical\" href=\"https:\/\/acrimat.org.br\/portal\/embrapa-discute-racas-bovinas-crioulas-na-fronteira-com-a-bolivia\/\" \/>\n<meta property=\"og:locale\" content=\"pt_BR\" \/>\n<meta property=\"og:type\" content=\"article\" \/>\n<meta property=\"og:title\" content=\"Embrapa discute ra\u00e7as bovinas crioulas na fronteira com a Bol\u00edvia - Acrimat\" \/>\n<meta property=\"og:description\" content=\"O contato com os vizinhos da Bol\u00edvia, diz Raquel, \u00e9 uma forma de procurar \u00b4parentes\u00b4 da ra\u00e7a conhecida como bovino Pantaneiro, encontrada no Pantanal brasileiro, nas ra\u00e7as bovinas crioulas presentes em territ\u00f3rio boliviano\" \/>\n<meta property=\"og:url\" content=\"https:\/\/acrimat.org.br\/portal\/embrapa-discute-racas-bovinas-crioulas-na-fronteira-com-a-bolivia\/\" \/>\n<meta property=\"og:site_name\" content=\"Acrimat\" \/>\n<meta property=\"article:published_time\" content=\"2017-10-31T12:51:10+00:00\" \/>\n<meta property=\"article:modified_time\" content=\"2017-11-03T12:58:44+00:00\" \/>\n<meta property=\"og:image\" content=\"https:\/\/acrimat.org.br\/portal\/wp-content\/uploads\/2017\/10\/boi_fronteira_embrapa_divulgacao.jpg\" \/>\n\t<meta property=\"og:image:width\" content=\"1000\" \/>\n\t<meta property=\"og:image:height\" content=\"430\" \/>\n\t<meta property=\"og:image:type\" content=\"image\/jpeg\" \/>\n<meta name=\"author\" content=\"P\u00e9ricles C\u00e2ndido\" \/>\n<meta name=\"twitter:card\" content=\"summary_large_image\" \/>\n<meta name=\"twitter:label1\" content=\"Escrito por\" \/>\n\t<meta name=\"twitter:data1\" content=\"P\u00e9ricles C\u00e2ndido\" \/>\n\t<meta name=\"twitter:label2\" content=\"Est. tempo de leitura\" \/>\n\t<meta name=\"twitter:data2\" content=\"3 minutos\" \/>\n<script type=\"application\/ld+json\" class=\"yoast-schema-graph\">{\"@context\":\"https:\/\/schema.org\",\"@graph\":[{\"@type\":\"Article\",\"@id\":\"https:\/\/acrimat.org.br\/portal\/embrapa-discute-racas-bovinas-crioulas-na-fronteira-com-a-bolivia\/#article\",\"isPartOf\":{\"@id\":\"https:\/\/acrimat.org.br\/portal\/embrapa-discute-racas-bovinas-crioulas-na-fronteira-com-a-bolivia\/\"},\"author\":{\"name\":\"P\u00e9ricles C\u00e2ndido\",\"@id\":\"https:\/\/acrimat.org.br\/portal\/#\/schema\/person\/18df8bcf6890e924fe5d8b5afd2bec0f\"},\"headline\":\"Embrapa discute ra\u00e7as bovinas crioulas na fronteira com a Bol\u00edvia\",\"datePublished\":\"2017-10-31T12:51:10+00:00\",\"dateModified\":\"2017-11-03T12:58:44+00:00\",\"mainEntityOfPage\":{\"@id\":\"https:\/\/acrimat.org.br\/portal\/embrapa-discute-racas-bovinas-crioulas-na-fronteira-com-a-bolivia\/\"},\"wordCount\":635,\"publisher\":{\"@id\":\"https:\/\/acrimat.org.br\/portal\/#organization\"},\"image\":{\"@id\":\"https:\/\/acrimat.org.br\/portal\/embrapa-discute-racas-bovinas-crioulas-na-fronteira-com-a-bolivia\/#primaryimage\"},\"thumbnailUrl\":\"https:\/\/acrimat.org.br\/portal\/wp-content\/uploads\/2017\/10\/boi_fronteira_embrapa_divulgacao.jpg\",\"articleSection\":[\"Destaques\",\"Not\u00edcias\"],\"inLanguage\":\"pt-BR\"},{\"@type\":\"WebPage\",\"@id\":\"https:\/\/acrimat.org.br\/portal\/embrapa-discute-racas-bovinas-crioulas-na-fronteira-com-a-bolivia\/\",\"url\":\"https:\/\/acrimat.org.br\/portal\/embrapa-discute-racas-bovinas-crioulas-na-fronteira-com-a-bolivia\/\",\"name\":\"Embrapa discute ra\u00e7as bovinas crioulas na fronteira com a Bol\u00edvia - Acrimat\",\"isPartOf\":{\"@id\":\"https:\/\/acrimat.org.br\/portal\/#website\"},\"primaryImageOfPage\":{\"@id\":\"https:\/\/acrimat.org.br\/portal\/embrapa-discute-racas-bovinas-crioulas-na-fronteira-com-a-bolivia\/#primaryimage\"},\"image\":{\"@id\":\"https:\/\/acrimat.org.br\/portal\/embrapa-discute-racas-bovinas-crioulas-na-fronteira-com-a-bolivia\/#primaryimage\"},\"thumbnailUrl\":\"https:\/\/acrimat.org.br\/portal\/wp-content\/uploads\/2017\/10\/boi_fronteira_embrapa_divulgacao.jpg\",\"datePublished\":\"2017-10-31T12:51:10+00:00\",\"dateModified\":\"2017-11-03T12:58:44+00:00\",\"breadcrumb\":{\"@id\":\"https:\/\/acrimat.org.br\/portal\/embrapa-discute-racas-bovinas-crioulas-na-fronteira-com-a-bolivia\/#breadcrumb\"},\"inLanguage\":\"pt-BR\",\"potentialAction\":[{\"@type\":\"ReadAction\",\"target\":[\"https:\/\/acrimat.org.br\/portal\/embrapa-discute-racas-bovinas-crioulas-na-fronteira-com-a-bolivia\/\"]}]},{\"@type\":\"ImageObject\",\"inLanguage\":\"pt-BR\",\"@id\":\"https:\/\/acrimat.org.br\/portal\/embrapa-discute-racas-bovinas-crioulas-na-fronteira-com-a-bolivia\/#primaryimage\",\"url\":\"https:\/\/acrimat.org.br\/portal\/wp-content\/uploads\/2017\/10\/boi_fronteira_embrapa_divulgacao.jpg\",\"contentUrl\":\"https:\/\/acrimat.org.br\/portal\/wp-content\/uploads\/2017\/10\/boi_fronteira_embrapa_divulgacao.jpg\",\"width\":1000,\"height\":430},{\"@type\":\"BreadcrumbList\",\"@id\":\"https:\/\/acrimat.org.br\/portal\/embrapa-discute-racas-bovinas-crioulas-na-fronteira-com-a-bolivia\/#breadcrumb\",\"itemListElement\":[{\"@type\":\"ListItem\",\"position\":1,\"name\":\"In\u00edcio\",\"item\":\"https:\/\/acrimat.org.br\/portal\/\"},{\"@type\":\"ListItem\",\"position\":2,\"name\":\"Embrapa discute ra\u00e7as bovinas crioulas na fronteira com a Bol\u00edvia\"}]},{\"@type\":\"WebSite\",\"@id\":\"https:\/\/acrimat.org.br\/portal\/#website\",\"url\":\"https:\/\/acrimat.org.br\/portal\/\",\"name\":\"Acrimat\",\"description\":\"Associa\u00e7\u00e3o dos Criadores de Mato Grosso\",\"publisher\":{\"@id\":\"https:\/\/acrimat.org.br\/portal\/#organization\"},\"potentialAction\":[{\"@type\":\"SearchAction\",\"target\":{\"@type\":\"EntryPoint\",\"urlTemplate\":\"https:\/\/acrimat.org.br\/portal\/?s={search_term_string}\"},\"query-input\":{\"@type\":\"PropertyValueSpecification\",\"valueRequired\":true,\"valueName\":\"search_term_string\"}}],\"inLanguage\":\"pt-BR\"},{\"@type\":\"Organization\",\"@id\":\"https:\/\/acrimat.org.br\/portal\/#organization\",\"name\":\"Associa\u00e7\u00e3o dos Criadores de Mato Grosso\",\"url\":\"https:\/\/acrimat.org.br\/portal\/\",\"logo\":{\"@type\":\"ImageObject\",\"inLanguage\":\"pt-BR\",\"@id\":\"https:\/\/acrimat.org.br\/portal\/#\/schema\/logo\/image\/\",\"url\":\"https:\/\/acrimat.org.br\/portal\/wp-content\/uploads\/2018\/03\/logo-peq-original.png\",\"contentUrl\":\"https:\/\/acrimat.org.br\/portal\/wp-content\/uploads\/2018\/03\/logo-peq-original.png\",\"width\":174,\"height\":171,\"caption\":\"Associa\u00e7\u00e3o dos Criadores de Mato Grosso\"},\"image\":{\"@id\":\"https:\/\/acrimat.org.br\/portal\/#\/schema\/logo\/image\/\"}},{\"@type\":\"Person\",\"@id\":\"https:\/\/acrimat.org.br\/portal\/#\/schema\/person\/18df8bcf6890e924fe5d8b5afd2bec0f\",\"name\":\"P\u00e9ricles C\u00e2ndido\",\"image\":{\"@type\":\"ImageObject\",\"inLanguage\":\"pt-BR\",\"@id\":\"https:\/\/acrimat.org.br\/portal\/#\/schema\/person\/image\/\",\"url\":\"https:\/\/secure.gravatar.com\/avatar\/33e2a2b971dc363ed2df53d0d3bfbd18?s=96&d=mm&r=g\",\"contentUrl\":\"https:\/\/secure.gravatar.com\/avatar\/33e2a2b971dc363ed2df53d0d3bfbd18?s=96&d=mm&r=g\",\"caption\":\"P\u00e9ricles C\u00e2ndido\"},\"sameAs\":[\"ascom@acrimat.org.br\"],\"url\":\"https:\/\/acrimat.org.br\/portal\/author\/designergrafico\/\"}]}<\/script>\n<!-- \/ Yoast SEO plugin. -->","yoast_head_json":{"title":"Embrapa discute ra\u00e7as bovinas crioulas na fronteira com a Bol\u00edvia - Acrimat","robots":{"index":"index","follow":"follow","max-snippet":"max-snippet:-1","max-image-preview":"max-image-preview:large","max-video-preview":"max-video-preview:-1"},"canonical":"https:\/\/acrimat.org.br\/portal\/embrapa-discute-racas-bovinas-crioulas-na-fronteira-com-a-bolivia\/","og_locale":"pt_BR","og_type":"article","og_title":"Embrapa discute ra\u00e7as bovinas crioulas na fronteira com a Bol\u00edvia - Acrimat","og_description":"O contato com os vizinhos da Bol\u00edvia, diz Raquel, \u00e9 uma forma de procurar \u00b4parentes\u00b4 da ra\u00e7a conhecida como bovino Pantaneiro, encontrada no Pantanal brasileiro, nas ra\u00e7as bovinas crioulas presentes em territ\u00f3rio boliviano","og_url":"https:\/\/acrimat.org.br\/portal\/embrapa-discute-racas-bovinas-crioulas-na-fronteira-com-a-bolivia\/","og_site_name":"Acrimat","article_published_time":"2017-10-31T12:51:10+00:00","article_modified_time":"2017-11-03T12:58:44+00:00","og_image":[{"width":1000,"height":430,"url":"https:\/\/acrimat.org.br\/portal\/wp-content\/uploads\/2017\/10\/boi_fronteira_embrapa_divulgacao.jpg","type":"image\/jpeg"}],"author":"P\u00e9ricles C\u00e2ndido","twitter_card":"summary_large_image","twitter_misc":{"Escrito por":"P\u00e9ricles C\u00e2ndido","Est. tempo de leitura":"3 minutos"},"schema":{"@context":"https:\/\/schema.org","@graph":[{"@type":"Article","@id":"https:\/\/acrimat.org.br\/portal\/embrapa-discute-racas-bovinas-crioulas-na-fronteira-com-a-bolivia\/#article","isPartOf":{"@id":"https:\/\/acrimat.org.br\/portal\/embrapa-discute-racas-bovinas-crioulas-na-fronteira-com-a-bolivia\/"},"author":{"name":"P\u00e9ricles C\u00e2ndido","@id":"https:\/\/acrimat.org.br\/portal\/#\/schema\/person\/18df8bcf6890e924fe5d8b5afd2bec0f"},"headline":"Embrapa discute ra\u00e7as bovinas crioulas na fronteira com a Bol\u00edvia","datePublished":"2017-10-31T12:51:10+00:00","dateModified":"2017-11-03T12:58:44+00:00","mainEntityOfPage":{"@id":"https:\/\/acrimat.org.br\/portal\/embrapa-discute-racas-bovinas-crioulas-na-fronteira-com-a-bolivia\/"},"wordCount":635,"publisher":{"@id":"https:\/\/acrimat.org.br\/portal\/#organization"},"image":{"@id":"https:\/\/acrimat.org.br\/portal\/embrapa-discute-racas-bovinas-crioulas-na-fronteira-com-a-bolivia\/#primaryimage"},"thumbnailUrl":"https:\/\/acrimat.org.br\/portal\/wp-content\/uploads\/2017\/10\/boi_fronteira_embrapa_divulgacao.jpg","articleSection":["Destaques","Not\u00edcias"],"inLanguage":"pt-BR"},{"@type":"WebPage","@id":"https:\/\/acrimat.org.br\/portal\/embrapa-discute-racas-bovinas-crioulas-na-fronteira-com-a-bolivia\/","url":"https:\/\/acrimat.org.br\/portal\/embrapa-discute-racas-bovinas-crioulas-na-fronteira-com-a-bolivia\/","name":"Embrapa discute ra\u00e7as bovinas crioulas na fronteira com a Bol\u00edvia - Acrimat","isPartOf":{"@id":"https:\/\/acrimat.org.br\/portal\/#website"},"primaryImageOfPage":{"@id":"https:\/\/acrimat.org.br\/portal\/embrapa-discute-racas-bovinas-crioulas-na-fronteira-com-a-bolivia\/#primaryimage"},"image":{"@id":"https:\/\/acrimat.org.br\/portal\/embrapa-discute-racas-bovinas-crioulas-na-fronteira-com-a-bolivia\/#primaryimage"},"thumbnailUrl":"https:\/\/acrimat.org.br\/portal\/wp-content\/uploads\/2017\/10\/boi_fronteira_embrapa_divulgacao.jpg","datePublished":"2017-10-31T12:51:10+00:00","dateModified":"2017-11-03T12:58:44+00:00","breadcrumb":{"@id":"https:\/\/acrimat.org.br\/portal\/embrapa-discute-racas-bovinas-crioulas-na-fronteira-com-a-bolivia\/#breadcrumb"},"inLanguage":"pt-BR","potentialAction":[{"@type":"ReadAction","target":["https:\/\/acrimat.org.br\/portal\/embrapa-discute-racas-bovinas-crioulas-na-fronteira-com-a-bolivia\/"]}]},{"@type":"ImageObject","inLanguage":"pt-BR","@id":"https:\/\/acrimat.org.br\/portal\/embrapa-discute-racas-bovinas-crioulas-na-fronteira-com-a-bolivia\/#primaryimage","url":"https:\/\/acrimat.org.br\/portal\/wp-content\/uploads\/2017\/10\/boi_fronteira_embrapa_divulgacao.jpg","contentUrl":"https:\/\/acrimat.org.br\/portal\/wp-content\/uploads\/2017\/10\/boi_fronteira_embrapa_divulgacao.jpg","width":1000,"height":430},{"@type":"BreadcrumbList","@id":"https:\/\/acrimat.org.br\/portal\/embrapa-discute-racas-bovinas-crioulas-na-fronteira-com-a-bolivia\/#breadcrumb","itemListElement":[{"@type":"ListItem","position":1,"name":"In\u00edcio","item":"https:\/\/acrimat.org.br\/portal\/"},{"@type":"ListItem","position":2,"name":"Embrapa discute ra\u00e7as bovinas crioulas na fronteira com a Bol\u00edvia"}]},{"@type":"WebSite","@id":"https:\/\/acrimat.org.br\/portal\/#website","url":"https:\/\/acrimat.org.br\/portal\/","name":"Acrimat","description":"Associa\u00e7\u00e3o dos Criadores de Mato Grosso","publisher":{"@id":"https:\/\/acrimat.org.br\/portal\/#organization"},"potentialAction":[{"@type":"SearchAction","target":{"@type":"EntryPoint","urlTemplate":"https:\/\/acrimat.org.br\/portal\/?s={search_term_string}"},"query-input":{"@type":"PropertyValueSpecification","valueRequired":true,"valueName":"search_term_string"}}],"inLanguage":"pt-BR"},{"@type":"Organization","@id":"https:\/\/acrimat.org.br\/portal\/#organization","name":"Associa\u00e7\u00e3o dos Criadores de Mato Grosso","url":"https:\/\/acrimat.org.br\/portal\/","logo":{"@type":"ImageObject","inLanguage":"pt-BR","@id":"https:\/\/acrimat.org.br\/portal\/#\/schema\/logo\/image\/","url":"https:\/\/acrimat.org.br\/portal\/wp-content\/uploads\/2018\/03\/logo-peq-original.png","contentUrl":"https:\/\/acrimat.org.br\/portal\/wp-content\/uploads\/2018\/03\/logo-peq-original.png","width":174,"height":171,"caption":"Associa\u00e7\u00e3o dos Criadores de Mato Grosso"},"image":{"@id":"https:\/\/acrimat.org.br\/portal\/#\/schema\/logo\/image\/"}},{"@type":"Person","@id":"https:\/\/acrimat.org.br\/portal\/#\/schema\/person\/18df8bcf6890e924fe5d8b5afd2bec0f","name":"P\u00e9ricles C\u00e2ndido","image":{"@type":"ImageObject","inLanguage":"pt-BR","@id":"https:\/\/acrimat.org.br\/portal\/#\/schema\/person\/image\/","url":"https:\/\/secure.gravatar.com\/avatar\/33e2a2b971dc363ed2df53d0d3bfbd18?s=96&d=mm&r=g","contentUrl":"https:\/\/secure.gravatar.com\/avatar\/33e2a2b971dc363ed2df53d0d3bfbd18?s=96&d=mm&r=g","caption":"P\u00e9ricles C\u00e2ndido"},"sameAs":["ascom@acrimat.org.br"],"url":"https:\/\/acrimat.org.br\/portal\/author\/designergrafico\/"}]}},"_links":{"self":[{"href":"https:\/\/acrimat.org.br\/portal\/wp-json\/wp\/v2\/posts\/97984615","targetHints":{"allow":["GET"]}}],"collection":[{"href":"https:\/\/acrimat.org.br\/portal\/wp-json\/wp\/v2\/posts"}],"about":[{"href":"https:\/\/acrimat.org.br\/portal\/wp-json\/wp\/v2\/types\/post"}],"author":[{"embeddable":true,"href":"https:\/\/acrimat.org.br\/portal\/wp-json\/wp\/v2\/users\/11"}],"replies":[{"embeddable":true,"href":"https:\/\/acrimat.org.br\/portal\/wp-json\/wp\/v2\/comments?post=97984615"}],"version-history":[{"count":1,"href":"https:\/\/acrimat.org.br\/portal\/wp-json\/wp\/v2\/posts\/97984615\/revisions"}],"predecessor-version":[{"id":97984616,"href":"https:\/\/acrimat.org.br\/portal\/wp-json\/wp\/v2\/posts\/97984615\/revisions\/97984616"}],"wp:featuredmedia":[{"embeddable":true,"href":"https:\/\/acrimat.org.br\/portal\/wp-json\/wp\/v2\/media\/97984573"}],"wp:attachment":[{"href":"https:\/\/acrimat.org.br\/portal\/wp-json\/wp\/v2\/media?parent=97984615"}],"wp:term":[{"taxonomy":"category","embeddable":true,"href":"https:\/\/acrimat.org.br\/portal\/wp-json\/wp\/v2\/categories?post=97984615"},{"taxonomy":"post_tag","embeddable":true,"href":"https:\/\/acrimat.org.br\/portal\/wp-json\/wp\/v2\/tags?post=97984615"}],"curies":[{"name":"wp","href":"https:\/\/api.w.org\/{rel}","templated":true}]}}