{"id":97984617,"date":"2017-11-01T09:52:30","date_gmt":"2017-11-01T12:52:30","guid":{"rendered":"http:\/\/acrimat.org.br\/portal\/?p=97984617"},"modified":"2017-11-03T09:59:34","modified_gmt":"2017-11-03T12:59:34","slug":"governo-revisa-orcamento-e-amplia-recursos-do-seguro-rural-para-2018","status":"publish","type":"post","link":"https:\/\/acrimat.org.br\/portal\/governo-revisa-orcamento-e-amplia-recursos-do-seguro-rural-para-2018\/","title":{"rendered":"Governo revisa or\u00e7amento e amplia recursos do seguro rural para 2018"},"content":{"rendered":"<p>O governo federal enviou nesta ter\u00e7a-feira, dia 31, a nova proposta de or\u00e7amento da Uni\u00e3o de 2018 para o Congresso Nacional. Com a revis\u00e3o, os recursos destinados ao Programa de Subven\u00e7\u00e3o ao Seguro Rural (PSR) do Minist\u00e9rio da Agricultura passaram de R$ 260 milh\u00f5es para R$ 410 milh\u00f5es. Mesmo assim, os valores ainda n\u00e3o alcan\u00e7am os R$ 550 milh\u00f5es prometidos pelo ministro Blairo Maggi durante o lan\u00e7amento do Plano Safra 2017\/2018, em junho. Os R$ 140 milh\u00f5es que faltam ser\u00e3o buscados junto \u00e0 bancada ruralista por meio de emendas parlamentares, segundo o secret\u00e1rio de Pol\u00edtica Agr\u00edcola, Neri Geller.<\/p>\n<p>Na pr\u00f3xima ter\u00e7a-feira, dia 7, Geller vai se reunir com a Frente Parlamentar da Agropecu\u00e1ria (FPA) e com o deputado Evandro Roman (PSD-PR), relator das propostas or\u00e7ament\u00e1rias na \u00e1rea de Agricultura, Pesca e Desenvolvimento Agr\u00e1rio, para debater o tema. A ideia \u00e9 conseguir o restante do valor com emendas de bancadas estaduais e de comiss\u00f5es, como a de Agricultura. O prazo final para a apresenta\u00e7\u00e3o de novas emendas \u00e9 9 de novembro.<\/p>\n<p>Al\u00e9m do seguro rural, Geller tamb\u00e9m busca ampliar os recursos para pol\u00edticas de comercializa\u00e7\u00e3o, como Pep e Pepro, e de garantia de pre\u00e7os m\u00ednimos. O minist\u00e9rio quer R$ 2,7 bilh\u00f5es, mas conseguiu at\u00e9 agora R$ 1,2 bilh\u00f5es.<\/p>\n<p>Nesta ter\u00e7a-feira, entidades de produtores, como a Associa\u00e7\u00e3o Brasileira dos Produtores de Algod\u00e3o (Abrapa), a Confedera\u00e7\u00e3o da Agricultura e Pecu\u00e1ria do Brasil (CNA), a Associa\u00e7\u00e3o dos Produtores de Soja e Milho de Mato Grosso (Aprosoja-MT), a Associa\u00e7\u00e3o Brasileira dos Produtores de Milho (Abramilho), o Instituto Pensar Agro (IPA) e a Organiza\u00e7\u00e3o das Cooperativas Brasileiras (OCB), se reuniram com o secret\u00e1rio para cobrar a amplia\u00e7\u00e3o dos recursos.<\/p>\n<p><strong>Revis\u00e3o do or\u00e7amento<\/strong><\/p>\n<p>A revis\u00e3o no or\u00e7amento foi necess\u00e1ria porque, ao encaminhar o texto original em 31 de agosto, ainda n\u00e3o havia sido aprovada pelo Congresso a altera\u00e7\u00e3o da meta fiscal para este ano e para o pr\u00f3ximo, o que ocorreu apenas em setembro. Com isso, a possibilidade de d\u00e9ficit prim\u00e1rio em 2017 (R$ 139 bilh\u00f5es) e em 2018 (R$ 129 bilh\u00f5es) foi aumentada para R$ 159 bilh\u00f5es em cada ano.<\/p>\n<p>A proposta or\u00e7ament\u00e1ria est\u00e1 em an\u00e1lise na Comiss\u00e3o Mista de Or\u00e7amento (CMO), que recebe o ministro do Planejamento, Dyogo Oliveira, nesta quarta-feira, dia 1\u00ba, em audi\u00eancia p\u00fablica para discutir o assunto. Com o envio da revis\u00e3o do governo, o prazo para emendas feitas pelos parlamentares, encerrado no \u00faltimo dia 20, foi reaberto, para o per\u00edodo entre os dias 3 e 9 de novembro. Ainda pelo novo cronograma da CMO, o relat\u00f3rio final de Cac\u00e1 Le\u00e3o (PP-BA) deve ser apresentado ao colegiado em 10 de dezembro. A ideia \u00e9 de que seja votado na CMO at\u00e9 14 de dezembro e no Plen\u00e1rio do Congresso, at\u00e9 19 de dezembro.<\/p>\n","protected":false},"excerpt":{"rendered":"<p>Programa de subven\u00e7\u00e3o ter\u00e1 R$ 410 milh\u00f5es; minist\u00e9rio quer chegar a R$ 550 milh\u00f5es<\/p>\n","protected":false},"author":11,"featured_media":97984618,"comment_status":"closed","ping_status":"closed","sticky":false,"template":"","format":"standard","meta":{"footnotes":""},"categories":[6,1],"tags":[],"class_list":["post-97984617","post","type-post","status-publish","format-standard","has-post-thumbnail","hentry","category-destaque","category-noticia"],"yoast_head":"<!-- This site is optimized with the Yoast SEO plugin v24.8.1 - https:\/\/yoast.com\/wordpress\/plugins\/seo\/ -->\n<title>Governo revisa or\u00e7amento e amplia recursos do seguro rural para 2018 - Acrimat<\/title>\n<meta name=\"robots\" content=\"index, follow, max-snippet:-1, max-image-preview:large, max-video-preview:-1\" \/>\n<link rel=\"canonical\" href=\"https:\/\/acrimat.org.br\/portal\/governo-revisa-orcamento-e-amplia-recursos-do-seguro-rural-para-2018\/\" \/>\n<meta property=\"og:locale\" content=\"pt_BR\" \/>\n<meta property=\"og:type\" content=\"article\" \/>\n<meta property=\"og:title\" content=\"Governo revisa or\u00e7amento e amplia recursos do seguro rural para 2018 - Acrimat\" \/>\n<meta property=\"og:description\" content=\"Programa de subven\u00e7\u00e3o ter\u00e1 R$ 410 milh\u00f5es; minist\u00e9rio quer chegar a R$ 550 milh\u00f5es\" \/>\n<meta property=\"og:url\" content=\"https:\/\/acrimat.org.br\/portal\/governo-revisa-orcamento-e-amplia-recursos-do-seguro-rural-para-2018\/\" \/>\n<meta property=\"og:site_name\" content=\"Acrimat\" \/>\n<meta property=\"article:published_time\" content=\"2017-11-01T12:52:30+00:00\" \/>\n<meta property=\"article:modified_time\" content=\"2017-11-03T12:59:34+00:00\" \/>\n<meta property=\"og:image\" content=\"https:\/\/acrimat.org.br\/portal\/wp-content\/uploads\/2017\/11\/1507156897999.jpg\" \/>\n\t<meta property=\"og:image:width\" content=\"640\" \/>\n\t<meta property=\"og:image:height\" content=\"432\" \/>\n\t<meta property=\"og:image:type\" content=\"image\/jpeg\" \/>\n<meta name=\"author\" content=\"P\u00e9ricles C\u00e2ndido\" \/>\n<meta name=\"twitter:card\" content=\"summary_large_image\" \/>\n<meta name=\"twitter:label1\" content=\"Escrito por\" \/>\n\t<meta name=\"twitter:data1\" content=\"P\u00e9ricles C\u00e2ndido\" \/>\n\t<meta name=\"twitter:label2\" content=\"Est. tempo de leitura\" \/>\n\t<meta name=\"twitter:data2\" content=\"2 minutos\" \/>\n<script type=\"application\/ld+json\" class=\"yoast-schema-graph\">{\"@context\":\"https:\/\/schema.org\",\"@graph\":[{\"@type\":\"Article\",\"@id\":\"https:\/\/acrimat.org.br\/portal\/governo-revisa-orcamento-e-amplia-recursos-do-seguro-rural-para-2018\/#article\",\"isPartOf\":{\"@id\":\"https:\/\/acrimat.org.br\/portal\/governo-revisa-orcamento-e-amplia-recursos-do-seguro-rural-para-2018\/\"},\"author\":{\"name\":\"P\u00e9ricles C\u00e2ndido\",\"@id\":\"https:\/\/acrimat.org.br\/portal\/#\/schema\/person\/18df8bcf6890e924fe5d8b5afd2bec0f\"},\"headline\":\"Governo revisa or\u00e7amento e amplia recursos do seguro rural para 2018\",\"datePublished\":\"2017-11-01T12:52:30+00:00\",\"dateModified\":\"2017-11-03T12:59:34+00:00\",\"mainEntityOfPage\":{\"@id\":\"https:\/\/acrimat.org.br\/portal\/governo-revisa-orcamento-e-amplia-recursos-do-seguro-rural-para-2018\/\"},\"wordCount\":503,\"publisher\":{\"@id\":\"https:\/\/acrimat.org.br\/portal\/#organization\"},\"image\":{\"@id\":\"https:\/\/acrimat.org.br\/portal\/governo-revisa-orcamento-e-amplia-recursos-do-seguro-rural-para-2018\/#primaryimage\"},\"thumbnailUrl\":\"https:\/\/acrimat.org.br\/portal\/wp-content\/uploads\/2017\/11\/1507156897999.jpg\",\"articleSection\":[\"Destaques\",\"Not\u00edcias\"],\"inLanguage\":\"pt-BR\"},{\"@type\":\"WebPage\",\"@id\":\"https:\/\/acrimat.org.br\/portal\/governo-revisa-orcamento-e-amplia-recursos-do-seguro-rural-para-2018\/\",\"url\":\"https:\/\/acrimat.org.br\/portal\/governo-revisa-orcamento-e-amplia-recursos-do-seguro-rural-para-2018\/\",\"name\":\"Governo revisa or\u00e7amento e amplia recursos do seguro rural para 2018 - Acrimat\",\"isPartOf\":{\"@id\":\"https:\/\/acrimat.org.br\/portal\/#website\"},\"primaryImageOfPage\":{\"@id\":\"https:\/\/acrimat.org.br\/portal\/governo-revisa-orcamento-e-amplia-recursos-do-seguro-rural-para-2018\/#primaryimage\"},\"image\":{\"@id\":\"https:\/\/acrimat.org.br\/portal\/governo-revisa-orcamento-e-amplia-recursos-do-seguro-rural-para-2018\/#primaryimage\"},\"thumbnailUrl\":\"https:\/\/acrimat.org.br\/portal\/wp-content\/uploads\/2017\/11\/1507156897999.jpg\",\"datePublished\":\"2017-11-01T12:52:30+00:00\",\"dateModified\":\"2017-11-03T12:59:34+00:00\",\"breadcrumb\":{\"@id\":\"https:\/\/acrimat.org.br\/portal\/governo-revisa-orcamento-e-amplia-recursos-do-seguro-rural-para-2018\/#breadcrumb\"},\"inLanguage\":\"pt-BR\",\"potentialAction\":[{\"@type\":\"ReadAction\",\"target\":[\"https:\/\/acrimat.org.br\/portal\/governo-revisa-orcamento-e-amplia-recursos-do-seguro-rural-para-2018\/\"]}]},{\"@type\":\"ImageObject\",\"inLanguage\":\"pt-BR\",\"@id\":\"https:\/\/acrimat.org.br\/portal\/governo-revisa-orcamento-e-amplia-recursos-do-seguro-rural-para-2018\/#primaryimage\",\"url\":\"https:\/\/acrimat.org.br\/portal\/wp-content\/uploads\/2017\/11\/1507156897999.jpg\",\"contentUrl\":\"https:\/\/acrimat.org.br\/portal\/wp-content\/uploads\/2017\/11\/1507156897999.jpg\",\"width\":640,\"height\":432},{\"@type\":\"BreadcrumbList\",\"@id\":\"https:\/\/acrimat.org.br\/portal\/governo-revisa-orcamento-e-amplia-recursos-do-seguro-rural-para-2018\/#breadcrumb\",\"itemListElement\":[{\"@type\":\"ListItem\",\"position\":1,\"name\":\"In\u00edcio\",\"item\":\"https:\/\/acrimat.org.br\/portal\/\"},{\"@type\":\"ListItem\",\"position\":2,\"name\":\"Governo revisa or\u00e7amento e amplia recursos do seguro rural para 2018\"}]},{\"@type\":\"WebSite\",\"@id\":\"https:\/\/acrimat.org.br\/portal\/#website\",\"url\":\"https:\/\/acrimat.org.br\/portal\/\",\"name\":\"Acrimat\",\"description\":\"Associa\u00e7\u00e3o dos Criadores de Mato Grosso\",\"publisher\":{\"@id\":\"https:\/\/acrimat.org.br\/portal\/#organization\"},\"potentialAction\":[{\"@type\":\"SearchAction\",\"target\":{\"@type\":\"EntryPoint\",\"urlTemplate\":\"https:\/\/acrimat.org.br\/portal\/?s={search_term_string}\"},\"query-input\":{\"@type\":\"PropertyValueSpecification\",\"valueRequired\":true,\"valueName\":\"search_term_string\"}}],\"inLanguage\":\"pt-BR\"},{\"@type\":\"Organization\",\"@id\":\"https:\/\/acrimat.org.br\/portal\/#organization\",\"name\":\"Associa\u00e7\u00e3o dos Criadores de Mato Grosso\",\"url\":\"https:\/\/acrimat.org.br\/portal\/\",\"logo\":{\"@type\":\"ImageObject\",\"inLanguage\":\"pt-BR\",\"@id\":\"https:\/\/acrimat.org.br\/portal\/#\/schema\/logo\/image\/\",\"url\":\"https:\/\/acrimat.org.br\/portal\/wp-content\/uploads\/2018\/03\/logo-peq-original.png\",\"contentUrl\":\"https:\/\/acrimat.org.br\/portal\/wp-content\/uploads\/2018\/03\/logo-peq-original.png\",\"width\":174,\"height\":171,\"caption\":\"Associa\u00e7\u00e3o dos Criadores de Mato Grosso\"},\"image\":{\"@id\":\"https:\/\/acrimat.org.br\/portal\/#\/schema\/logo\/image\/\"}},{\"@type\":\"Person\",\"@id\":\"https:\/\/acrimat.org.br\/portal\/#\/schema\/person\/18df8bcf6890e924fe5d8b5afd2bec0f\",\"name\":\"P\u00e9ricles C\u00e2ndido\",\"image\":{\"@type\":\"ImageObject\",\"inLanguage\":\"pt-BR\",\"@id\":\"https:\/\/acrimat.org.br\/portal\/#\/schema\/person\/image\/\",\"url\":\"https:\/\/secure.gravatar.com\/avatar\/33e2a2b971dc363ed2df53d0d3bfbd18?s=96&d=mm&r=g\",\"contentUrl\":\"https:\/\/secure.gravatar.com\/avatar\/33e2a2b971dc363ed2df53d0d3bfbd18?s=96&d=mm&r=g\",\"caption\":\"P\u00e9ricles C\u00e2ndido\"},\"sameAs\":[\"ascom@acrimat.org.br\"],\"url\":\"https:\/\/acrimat.org.br\/portal\/author\/designergrafico\/\"}]}<\/script>\n<!-- \/ Yoast SEO plugin. -->","yoast_head_json":{"title":"Governo revisa or\u00e7amento e amplia recursos do seguro rural para 2018 - Acrimat","robots":{"index":"index","follow":"follow","max-snippet":"max-snippet:-1","max-image-preview":"max-image-preview:large","max-video-preview":"max-video-preview:-1"},"canonical":"https:\/\/acrimat.org.br\/portal\/governo-revisa-orcamento-e-amplia-recursos-do-seguro-rural-para-2018\/","og_locale":"pt_BR","og_type":"article","og_title":"Governo revisa or\u00e7amento e amplia recursos do seguro rural para 2018 - Acrimat","og_description":"Programa de subven\u00e7\u00e3o ter\u00e1 R$ 410 milh\u00f5es; minist\u00e9rio quer chegar a R$ 550 milh\u00f5es","og_url":"https:\/\/acrimat.org.br\/portal\/governo-revisa-orcamento-e-amplia-recursos-do-seguro-rural-para-2018\/","og_site_name":"Acrimat","article_published_time":"2017-11-01T12:52:30+00:00","article_modified_time":"2017-11-03T12:59:34+00:00","og_image":[{"width":640,"height":432,"url":"https:\/\/acrimat.org.br\/portal\/wp-content\/uploads\/2017\/11\/1507156897999.jpg","type":"image\/jpeg"}],"author":"P\u00e9ricles C\u00e2ndido","twitter_card":"summary_large_image","twitter_misc":{"Escrito por":"P\u00e9ricles C\u00e2ndido","Est. tempo de leitura":"2 minutos"},"schema":{"@context":"https:\/\/schema.org","@graph":[{"@type":"Article","@id":"https:\/\/acrimat.org.br\/portal\/governo-revisa-orcamento-e-amplia-recursos-do-seguro-rural-para-2018\/#article","isPartOf":{"@id":"https:\/\/acrimat.org.br\/portal\/governo-revisa-orcamento-e-amplia-recursos-do-seguro-rural-para-2018\/"},"author":{"name":"P\u00e9ricles C\u00e2ndido","@id":"https:\/\/acrimat.org.br\/portal\/#\/schema\/person\/18df8bcf6890e924fe5d8b5afd2bec0f"},"headline":"Governo revisa or\u00e7amento e amplia recursos do seguro rural para 2018","datePublished":"2017-11-01T12:52:30+00:00","dateModified":"2017-11-03T12:59:34+00:00","mainEntityOfPage":{"@id":"https:\/\/acrimat.org.br\/portal\/governo-revisa-orcamento-e-amplia-recursos-do-seguro-rural-para-2018\/"},"wordCount":503,"publisher":{"@id":"https:\/\/acrimat.org.br\/portal\/#organization"},"image":{"@id":"https:\/\/acrimat.org.br\/portal\/governo-revisa-orcamento-e-amplia-recursos-do-seguro-rural-para-2018\/#primaryimage"},"thumbnailUrl":"https:\/\/acrimat.org.br\/portal\/wp-content\/uploads\/2017\/11\/1507156897999.jpg","articleSection":["Destaques","Not\u00edcias"],"inLanguage":"pt-BR"},{"@type":"WebPage","@id":"https:\/\/acrimat.org.br\/portal\/governo-revisa-orcamento-e-amplia-recursos-do-seguro-rural-para-2018\/","url":"https:\/\/acrimat.org.br\/portal\/governo-revisa-orcamento-e-amplia-recursos-do-seguro-rural-para-2018\/","name":"Governo revisa or\u00e7amento e amplia recursos do seguro rural para 2018 - Acrimat","isPartOf":{"@id":"https:\/\/acrimat.org.br\/portal\/#website"},"primaryImageOfPage":{"@id":"https:\/\/acrimat.org.br\/portal\/governo-revisa-orcamento-e-amplia-recursos-do-seguro-rural-para-2018\/#primaryimage"},"image":{"@id":"https:\/\/acrimat.org.br\/portal\/governo-revisa-orcamento-e-amplia-recursos-do-seguro-rural-para-2018\/#primaryimage"},"thumbnailUrl":"https:\/\/acrimat.org.br\/portal\/wp-content\/uploads\/2017\/11\/1507156897999.jpg","datePublished":"2017-11-01T12:52:30+00:00","dateModified":"2017-11-03T12:59:34+00:00","breadcrumb":{"@id":"https:\/\/acrimat.org.br\/portal\/governo-revisa-orcamento-e-amplia-recursos-do-seguro-rural-para-2018\/#breadcrumb"},"inLanguage":"pt-BR","potentialAction":[{"@type":"ReadAction","target":["https:\/\/acrimat.org.br\/portal\/governo-revisa-orcamento-e-amplia-recursos-do-seguro-rural-para-2018\/"]}]},{"@type":"ImageObject","inLanguage":"pt-BR","@id":"https:\/\/acrimat.org.br\/portal\/governo-revisa-orcamento-e-amplia-recursos-do-seguro-rural-para-2018\/#primaryimage","url":"https:\/\/acrimat.org.br\/portal\/wp-content\/uploads\/2017\/11\/1507156897999.jpg","contentUrl":"https:\/\/acrimat.org.br\/portal\/wp-content\/uploads\/2017\/11\/1507156897999.jpg","width":640,"height":432},{"@type":"BreadcrumbList","@id":"https:\/\/acrimat.org.br\/portal\/governo-revisa-orcamento-e-amplia-recursos-do-seguro-rural-para-2018\/#breadcrumb","itemListElement":[{"@type":"ListItem","position":1,"name":"In\u00edcio","item":"https:\/\/acrimat.org.br\/portal\/"},{"@type":"ListItem","position":2,"name":"Governo revisa or\u00e7amento e amplia recursos do seguro rural para 2018"}]},{"@type":"WebSite","@id":"https:\/\/acrimat.org.br\/portal\/#website","url":"https:\/\/acrimat.org.br\/portal\/","name":"Acrimat","description":"Associa\u00e7\u00e3o dos Criadores de Mato Grosso","publisher":{"@id":"https:\/\/acrimat.org.br\/portal\/#organization"},"potentialAction":[{"@type":"SearchAction","target":{"@type":"EntryPoint","urlTemplate":"https:\/\/acrimat.org.br\/portal\/?s={search_term_string}"},"query-input":{"@type":"PropertyValueSpecification","valueRequired":true,"valueName":"search_term_string"}}],"inLanguage":"pt-BR"},{"@type":"Organization","@id":"https:\/\/acrimat.org.br\/portal\/#organization","name":"Associa\u00e7\u00e3o dos Criadores de Mato Grosso","url":"https:\/\/acrimat.org.br\/portal\/","logo":{"@type":"ImageObject","inLanguage":"pt-BR","@id":"https:\/\/acrimat.org.br\/portal\/#\/schema\/logo\/image\/","url":"https:\/\/acrimat.org.br\/portal\/wp-content\/uploads\/2018\/03\/logo-peq-original.png","contentUrl":"https:\/\/acrimat.org.br\/portal\/wp-content\/uploads\/2018\/03\/logo-peq-original.png","width":174,"height":171,"caption":"Associa\u00e7\u00e3o dos Criadores de Mato Grosso"},"image":{"@id":"https:\/\/acrimat.org.br\/portal\/#\/schema\/logo\/image\/"}},{"@type":"Person","@id":"https:\/\/acrimat.org.br\/portal\/#\/schema\/person\/18df8bcf6890e924fe5d8b5afd2bec0f","name":"P\u00e9ricles C\u00e2ndido","image":{"@type":"ImageObject","inLanguage":"pt-BR","@id":"https:\/\/acrimat.org.br\/portal\/#\/schema\/person\/image\/","url":"https:\/\/secure.gravatar.com\/avatar\/33e2a2b971dc363ed2df53d0d3bfbd18?s=96&d=mm&r=g","contentUrl":"https:\/\/secure.gravatar.com\/avatar\/33e2a2b971dc363ed2df53d0d3bfbd18?s=96&d=mm&r=g","caption":"P\u00e9ricles C\u00e2ndido"},"sameAs":["ascom@acrimat.org.br"],"url":"https:\/\/acrimat.org.br\/portal\/author\/designergrafico\/"}]}},"_links":{"self":[{"href":"https:\/\/acrimat.org.br\/portal\/wp-json\/wp\/v2\/posts\/97984617","targetHints":{"allow":["GET"]}}],"collection":[{"href":"https:\/\/acrimat.org.br\/portal\/wp-json\/wp\/v2\/posts"}],"about":[{"href":"https:\/\/acrimat.org.br\/portal\/wp-json\/wp\/v2\/types\/post"}],"author":[{"embeddable":true,"href":"https:\/\/acrimat.org.br\/portal\/wp-json\/wp\/v2\/users\/11"}],"replies":[{"embeddable":true,"href":"https:\/\/acrimat.org.br\/portal\/wp-json\/wp\/v2\/comments?post=97984617"}],"version-history":[{"count":1,"href":"https:\/\/acrimat.org.br\/portal\/wp-json\/wp\/v2\/posts\/97984617\/revisions"}],"predecessor-version":[{"id":97984619,"href":"https:\/\/acrimat.org.br\/portal\/wp-json\/wp\/v2\/posts\/97984617\/revisions\/97984619"}],"wp:featuredmedia":[{"embeddable":true,"href":"https:\/\/acrimat.org.br\/portal\/wp-json\/wp\/v2\/media\/97984618"}],"wp:attachment":[{"href":"https:\/\/acrimat.org.br\/portal\/wp-json\/wp\/v2\/media?parent=97984617"}],"wp:term":[{"taxonomy":"category","embeddable":true,"href":"https:\/\/acrimat.org.br\/portal\/wp-json\/wp\/v2\/categories?post=97984617"},{"taxonomy":"post_tag","embeddable":true,"href":"https:\/\/acrimat.org.br\/portal\/wp-json\/wp\/v2\/tags?post=97984617"}],"curies":[{"name":"wp","href":"https:\/\/api.w.org\/{rel}","templated":true}]}}