{"id":97984635,"date":"2017-11-06T09:42:55","date_gmt":"2017-11-06T12:42:55","guid":{"rendered":"http:\/\/acrimat.org.br\/portal\/?p=97984635"},"modified":"2017-11-06T09:42:55","modified_gmt":"2017-11-06T12:42:55","slug":"trabalho-para-evitar-a-indexacao-da-cobranca-pelo-uso-da-agua","status":"publish","type":"post","link":"https:\/\/acrimat.org.br\/portal\/trabalho-para-evitar-a-indexacao-da-cobranca-pelo-uso-da-agua\/","title":{"rendered":"Trabalho para evitar a indexa\u00e7\u00e3o da cobran\u00e7a pelo uso da \u00e1gua"},"content":{"rendered":"<p>A Confedera\u00e7\u00e3o da Agricultura e Pecu\u00e1ria do Brasil (CNA) conseguiu retirar da pauta da reuni\u00e3o do Conselho Nacional de Recursos H\u00eddricos (CNRH), nesta semana, o item que trata da indexa\u00e7\u00e3o de pre\u00e7os da cobran\u00e7a pelo uso da \u00e1gua.<\/p>\n<p>A decis\u00e3o beneficia produtores irrigantes e usu\u00e1rios de \u00e1gua, al\u00e9m de possibilitar que o assunto seja mais bem debatido e tenha embasamento jur\u00eddico a CNA espera que a proposta seja alterada em beneficio dos usu\u00e1rios. O tema pode voltar \u00e0 pauta na pr\u00f3xima reuni\u00e3o do Conselho, em dezembro.<\/p>\n<p>A proposta da Ag\u00eancia Nacional de \u00c1guas (ANA) \u00e9 que os valores cobrados pelo uso da \u00e1gua sejam corrigidos pela infla\u00e7\u00e3o, de acordo com o \u00cdndice Nacional de Pre\u00e7os ao Consumidor Amplo (IPCA).<\/p>\n<p>Caso haja a indexa\u00e7\u00e3o, um produtor rural de Paracatu, em Minas Gerais, que paga atualmente R$ 4.710,00 por ano, vai passar a pagar R$ 7.938,00 pelo uso da \u00e1gua.<\/p>\n<p>Para o coordenador de Sustentabilidade da CNA, Nelson Ananias Filho, essa metodologia \u00e9 invi\u00e1vel e economicamente incompat\u00edvel com a atividade rural.<\/p>\n<p>\u201cA CNA trabalha para que a proposta seja rejeitada no Conselho Nacional de Recursos H\u00eddricos. Indexar o pre\u00e7o do uso da \u00e1gua ao IPCA pode onerar em at\u00e9 90% o custo de produ\u00e7\u00e3o da atividade agropecu\u00e1ria\u201d, destaca Ananias.<\/p>\n<p>De acordo com o assessor t\u00e9cnico da CNA, Gustavo Goretti, a indexa\u00e7\u00e3o \u00e9 irregular e enfraquece o sistema de gerenciamento de recursos h\u00eddricos.<\/p>\n","protected":false},"excerpt":{"rendered":"<p>A proposta da Ag\u00eancia Nacional de \u00c1guas (ANA) \u00e9 que os valores cobrados pelo uso da \u00e1gua sejam corrigidos pela infla\u00e7\u00e3o, de acordo com o \u00cdndice Nacional de Pre\u00e7os ao Consumidor Amplo (IPCA)<\/p>\n","protected":false},"author":11,"featured_media":97984636,"comment_status":"closed","ping_status":"closed","sticky":false,"template":"","format":"standard","meta":{"footnotes":""},"categories":[6,1],"tags":[],"class_list":["post-97984635","post","type-post","status-publish","format-standard","has-post-thumbnail","hentry","category-destaque","category-noticia"],"yoast_head":"<!-- This site is optimized with the Yoast SEO plugin v24.8.1 - https:\/\/yoast.com\/wordpress\/plugins\/seo\/ -->\n<title>Trabalho para evitar a indexa\u00e7\u00e3o da cobran\u00e7a pelo uso da \u00e1gua - Acrimat<\/title>\n<meta name=\"robots\" content=\"index, follow, max-snippet:-1, max-image-preview:large, max-video-preview:-1\" \/>\n<link rel=\"canonical\" href=\"https:\/\/acrimat.org.br\/portal\/trabalho-para-evitar-a-indexacao-da-cobranca-pelo-uso-da-agua\/\" \/>\n<meta property=\"og:locale\" content=\"pt_BR\" \/>\n<meta property=\"og:type\" content=\"article\" \/>\n<meta property=\"og:title\" content=\"Trabalho para evitar a indexa\u00e7\u00e3o da cobran\u00e7a pelo uso da \u00e1gua - Acrimat\" \/>\n<meta property=\"og:description\" content=\"A proposta da Ag\u00eancia Nacional de \u00c1guas (ANA) \u00e9 que os valores cobrados pelo uso da \u00e1gua sejam corrigidos pela infla\u00e7\u00e3o, de acordo com o \u00cdndice Nacional de Pre\u00e7os ao Consumidor Amplo (IPCA)\" \/>\n<meta property=\"og:url\" content=\"https:\/\/acrimat.org.br\/portal\/trabalho-para-evitar-a-indexacao-da-cobranca-pelo-uso-da-agua\/\" \/>\n<meta property=\"og:site_name\" content=\"Acrimat\" \/>\n<meta property=\"article:published_time\" content=\"2017-11-06T12:42:55+00:00\" \/>\n<meta property=\"og:image\" content=\"https:\/\/acrimat.org.br\/portal\/wp-content\/uploads\/2017\/11\/irrigacao.jpg\" \/>\n\t<meta property=\"og:image:width\" content=\"615\" \/>\n\t<meta property=\"og:image:height\" content=\"409\" \/>\n\t<meta property=\"og:image:type\" content=\"image\/jpeg\" \/>\n<meta name=\"author\" content=\"P\u00e9ricles C\u00e2ndido\" \/>\n<meta name=\"twitter:card\" content=\"summary_large_image\" \/>\n<meta name=\"twitter:label1\" content=\"Escrito por\" \/>\n\t<meta name=\"twitter:data1\" content=\"P\u00e9ricles C\u00e2ndido\" \/>\n\t<meta name=\"twitter:label2\" content=\"Est. tempo de leitura\" \/>\n\t<meta name=\"twitter:data2\" content=\"1 minuto\" \/>\n<script type=\"application\/ld+json\" class=\"yoast-schema-graph\">{\"@context\":\"https:\/\/schema.org\",\"@graph\":[{\"@type\":\"Article\",\"@id\":\"https:\/\/acrimat.org.br\/portal\/trabalho-para-evitar-a-indexacao-da-cobranca-pelo-uso-da-agua\/#article\",\"isPartOf\":{\"@id\":\"https:\/\/acrimat.org.br\/portal\/trabalho-para-evitar-a-indexacao-da-cobranca-pelo-uso-da-agua\/\"},\"author\":{\"name\":\"P\u00e9ricles C\u00e2ndido\",\"@id\":\"https:\/\/acrimat.org.br\/portal\/#\/schema\/person\/18df8bcf6890e924fe5d8b5afd2bec0f\"},\"headline\":\"Trabalho para evitar a indexa\u00e7\u00e3o da cobran\u00e7a pelo uso da \u00e1gua\",\"datePublished\":\"2017-11-06T12:42:55+00:00\",\"mainEntityOfPage\":{\"@id\":\"https:\/\/acrimat.org.br\/portal\/trabalho-para-evitar-a-indexacao-da-cobranca-pelo-uso-da-agua\/\"},\"wordCount\":263,\"publisher\":{\"@id\":\"https:\/\/acrimat.org.br\/portal\/#organization\"},\"image\":{\"@id\":\"https:\/\/acrimat.org.br\/portal\/trabalho-para-evitar-a-indexacao-da-cobranca-pelo-uso-da-agua\/#primaryimage\"},\"thumbnailUrl\":\"https:\/\/acrimat.org.br\/portal\/wp-content\/uploads\/2017\/11\/irrigacao.jpg\",\"articleSection\":[\"Destaques\",\"Not\u00edcias\"],\"inLanguage\":\"pt-BR\"},{\"@type\":\"WebPage\",\"@id\":\"https:\/\/acrimat.org.br\/portal\/trabalho-para-evitar-a-indexacao-da-cobranca-pelo-uso-da-agua\/\",\"url\":\"https:\/\/acrimat.org.br\/portal\/trabalho-para-evitar-a-indexacao-da-cobranca-pelo-uso-da-agua\/\",\"name\":\"Trabalho para evitar a indexa\u00e7\u00e3o da cobran\u00e7a pelo uso da \u00e1gua - Acrimat\",\"isPartOf\":{\"@id\":\"https:\/\/acrimat.org.br\/portal\/#website\"},\"primaryImageOfPage\":{\"@id\":\"https:\/\/acrimat.org.br\/portal\/trabalho-para-evitar-a-indexacao-da-cobranca-pelo-uso-da-agua\/#primaryimage\"},\"image\":{\"@id\":\"https:\/\/acrimat.org.br\/portal\/trabalho-para-evitar-a-indexacao-da-cobranca-pelo-uso-da-agua\/#primaryimage\"},\"thumbnailUrl\":\"https:\/\/acrimat.org.br\/portal\/wp-content\/uploads\/2017\/11\/irrigacao.jpg\",\"datePublished\":\"2017-11-06T12:42:55+00:00\",\"breadcrumb\":{\"@id\":\"https:\/\/acrimat.org.br\/portal\/trabalho-para-evitar-a-indexacao-da-cobranca-pelo-uso-da-agua\/#breadcrumb\"},\"inLanguage\":\"pt-BR\",\"potentialAction\":[{\"@type\":\"ReadAction\",\"target\":[\"https:\/\/acrimat.org.br\/portal\/trabalho-para-evitar-a-indexacao-da-cobranca-pelo-uso-da-agua\/\"]}]},{\"@type\":\"ImageObject\",\"inLanguage\":\"pt-BR\",\"@id\":\"https:\/\/acrimat.org.br\/portal\/trabalho-para-evitar-a-indexacao-da-cobranca-pelo-uso-da-agua\/#primaryimage\",\"url\":\"https:\/\/acrimat.org.br\/portal\/wp-content\/uploads\/2017\/11\/irrigacao.jpg\",\"contentUrl\":\"https:\/\/acrimat.org.br\/portal\/wp-content\/uploads\/2017\/11\/irrigacao.jpg\",\"width\":615,\"height\":409},{\"@type\":\"BreadcrumbList\",\"@id\":\"https:\/\/acrimat.org.br\/portal\/trabalho-para-evitar-a-indexacao-da-cobranca-pelo-uso-da-agua\/#breadcrumb\",\"itemListElement\":[{\"@type\":\"ListItem\",\"position\":1,\"name\":\"In\u00edcio\",\"item\":\"https:\/\/acrimat.org.br\/portal\/\"},{\"@type\":\"ListItem\",\"position\":2,\"name\":\"Trabalho para evitar a indexa\u00e7\u00e3o da cobran\u00e7a pelo uso da \u00e1gua\"}]},{\"@type\":\"WebSite\",\"@id\":\"https:\/\/acrimat.org.br\/portal\/#website\",\"url\":\"https:\/\/acrimat.org.br\/portal\/\",\"name\":\"Acrimat\",\"description\":\"Associa\u00e7\u00e3o dos Criadores de Mato Grosso\",\"publisher\":{\"@id\":\"https:\/\/acrimat.org.br\/portal\/#organization\"},\"potentialAction\":[{\"@type\":\"SearchAction\",\"target\":{\"@type\":\"EntryPoint\",\"urlTemplate\":\"https:\/\/acrimat.org.br\/portal\/?s={search_term_string}\"},\"query-input\":{\"@type\":\"PropertyValueSpecification\",\"valueRequired\":true,\"valueName\":\"search_term_string\"}}],\"inLanguage\":\"pt-BR\"},{\"@type\":\"Organization\",\"@id\":\"https:\/\/acrimat.org.br\/portal\/#organization\",\"name\":\"Associa\u00e7\u00e3o dos Criadores de Mato Grosso\",\"url\":\"https:\/\/acrimat.org.br\/portal\/\",\"logo\":{\"@type\":\"ImageObject\",\"inLanguage\":\"pt-BR\",\"@id\":\"https:\/\/acrimat.org.br\/portal\/#\/schema\/logo\/image\/\",\"url\":\"https:\/\/acrimat.org.br\/portal\/wp-content\/uploads\/2018\/03\/logo-peq-original.png\",\"contentUrl\":\"https:\/\/acrimat.org.br\/portal\/wp-content\/uploads\/2018\/03\/logo-peq-original.png\",\"width\":174,\"height\":171,\"caption\":\"Associa\u00e7\u00e3o dos Criadores de Mato Grosso\"},\"image\":{\"@id\":\"https:\/\/acrimat.org.br\/portal\/#\/schema\/logo\/image\/\"}},{\"@type\":\"Person\",\"@id\":\"https:\/\/acrimat.org.br\/portal\/#\/schema\/person\/18df8bcf6890e924fe5d8b5afd2bec0f\",\"name\":\"P\u00e9ricles C\u00e2ndido\",\"image\":{\"@type\":\"ImageObject\",\"inLanguage\":\"pt-BR\",\"@id\":\"https:\/\/acrimat.org.br\/portal\/#\/schema\/person\/image\/\",\"url\":\"https:\/\/secure.gravatar.com\/avatar\/33e2a2b971dc363ed2df53d0d3bfbd18?s=96&d=mm&r=g\",\"contentUrl\":\"https:\/\/secure.gravatar.com\/avatar\/33e2a2b971dc363ed2df53d0d3bfbd18?s=96&d=mm&r=g\",\"caption\":\"P\u00e9ricles C\u00e2ndido\"},\"sameAs\":[\"ascom@acrimat.org.br\"],\"url\":\"https:\/\/acrimat.org.br\/portal\/author\/designergrafico\/\"}]}<\/script>\n<!-- \/ Yoast SEO plugin. -->","yoast_head_json":{"title":"Trabalho para evitar a indexa\u00e7\u00e3o da cobran\u00e7a pelo uso da \u00e1gua - Acrimat","robots":{"index":"index","follow":"follow","max-snippet":"max-snippet:-1","max-image-preview":"max-image-preview:large","max-video-preview":"max-video-preview:-1"},"canonical":"https:\/\/acrimat.org.br\/portal\/trabalho-para-evitar-a-indexacao-da-cobranca-pelo-uso-da-agua\/","og_locale":"pt_BR","og_type":"article","og_title":"Trabalho para evitar a indexa\u00e7\u00e3o da cobran\u00e7a pelo uso da \u00e1gua - Acrimat","og_description":"A proposta da Ag\u00eancia Nacional de \u00c1guas (ANA) \u00e9 que os valores cobrados pelo uso da \u00e1gua sejam corrigidos pela infla\u00e7\u00e3o, de acordo com o \u00cdndice Nacional de Pre\u00e7os ao Consumidor Amplo (IPCA)","og_url":"https:\/\/acrimat.org.br\/portal\/trabalho-para-evitar-a-indexacao-da-cobranca-pelo-uso-da-agua\/","og_site_name":"Acrimat","article_published_time":"2017-11-06T12:42:55+00:00","og_image":[{"width":615,"height":409,"url":"https:\/\/acrimat.org.br\/portal\/wp-content\/uploads\/2017\/11\/irrigacao.jpg","type":"image\/jpeg"}],"author":"P\u00e9ricles C\u00e2ndido","twitter_card":"summary_large_image","twitter_misc":{"Escrito por":"P\u00e9ricles C\u00e2ndido","Est. tempo de leitura":"1 minuto"},"schema":{"@context":"https:\/\/schema.org","@graph":[{"@type":"Article","@id":"https:\/\/acrimat.org.br\/portal\/trabalho-para-evitar-a-indexacao-da-cobranca-pelo-uso-da-agua\/#article","isPartOf":{"@id":"https:\/\/acrimat.org.br\/portal\/trabalho-para-evitar-a-indexacao-da-cobranca-pelo-uso-da-agua\/"},"author":{"name":"P\u00e9ricles C\u00e2ndido","@id":"https:\/\/acrimat.org.br\/portal\/#\/schema\/person\/18df8bcf6890e924fe5d8b5afd2bec0f"},"headline":"Trabalho para evitar a indexa\u00e7\u00e3o da cobran\u00e7a pelo uso da \u00e1gua","datePublished":"2017-11-06T12:42:55+00:00","mainEntityOfPage":{"@id":"https:\/\/acrimat.org.br\/portal\/trabalho-para-evitar-a-indexacao-da-cobranca-pelo-uso-da-agua\/"},"wordCount":263,"publisher":{"@id":"https:\/\/acrimat.org.br\/portal\/#organization"},"image":{"@id":"https:\/\/acrimat.org.br\/portal\/trabalho-para-evitar-a-indexacao-da-cobranca-pelo-uso-da-agua\/#primaryimage"},"thumbnailUrl":"https:\/\/acrimat.org.br\/portal\/wp-content\/uploads\/2017\/11\/irrigacao.jpg","articleSection":["Destaques","Not\u00edcias"],"inLanguage":"pt-BR"},{"@type":"WebPage","@id":"https:\/\/acrimat.org.br\/portal\/trabalho-para-evitar-a-indexacao-da-cobranca-pelo-uso-da-agua\/","url":"https:\/\/acrimat.org.br\/portal\/trabalho-para-evitar-a-indexacao-da-cobranca-pelo-uso-da-agua\/","name":"Trabalho para evitar a indexa\u00e7\u00e3o da cobran\u00e7a pelo uso da \u00e1gua - Acrimat","isPartOf":{"@id":"https:\/\/acrimat.org.br\/portal\/#website"},"primaryImageOfPage":{"@id":"https:\/\/acrimat.org.br\/portal\/trabalho-para-evitar-a-indexacao-da-cobranca-pelo-uso-da-agua\/#primaryimage"},"image":{"@id":"https:\/\/acrimat.org.br\/portal\/trabalho-para-evitar-a-indexacao-da-cobranca-pelo-uso-da-agua\/#primaryimage"},"thumbnailUrl":"https:\/\/acrimat.org.br\/portal\/wp-content\/uploads\/2017\/11\/irrigacao.jpg","datePublished":"2017-11-06T12:42:55+00:00","breadcrumb":{"@id":"https:\/\/acrimat.org.br\/portal\/trabalho-para-evitar-a-indexacao-da-cobranca-pelo-uso-da-agua\/#breadcrumb"},"inLanguage":"pt-BR","potentialAction":[{"@type":"ReadAction","target":["https:\/\/acrimat.org.br\/portal\/trabalho-para-evitar-a-indexacao-da-cobranca-pelo-uso-da-agua\/"]}]},{"@type":"ImageObject","inLanguage":"pt-BR","@id":"https:\/\/acrimat.org.br\/portal\/trabalho-para-evitar-a-indexacao-da-cobranca-pelo-uso-da-agua\/#primaryimage","url":"https:\/\/acrimat.org.br\/portal\/wp-content\/uploads\/2017\/11\/irrigacao.jpg","contentUrl":"https:\/\/acrimat.org.br\/portal\/wp-content\/uploads\/2017\/11\/irrigacao.jpg","width":615,"height":409},{"@type":"BreadcrumbList","@id":"https:\/\/acrimat.org.br\/portal\/trabalho-para-evitar-a-indexacao-da-cobranca-pelo-uso-da-agua\/#breadcrumb","itemListElement":[{"@type":"ListItem","position":1,"name":"In\u00edcio","item":"https:\/\/acrimat.org.br\/portal\/"},{"@type":"ListItem","position":2,"name":"Trabalho para evitar a indexa\u00e7\u00e3o da cobran\u00e7a pelo uso da \u00e1gua"}]},{"@type":"WebSite","@id":"https:\/\/acrimat.org.br\/portal\/#website","url":"https:\/\/acrimat.org.br\/portal\/","name":"Acrimat","description":"Associa\u00e7\u00e3o dos Criadores de Mato Grosso","publisher":{"@id":"https:\/\/acrimat.org.br\/portal\/#organization"},"potentialAction":[{"@type":"SearchAction","target":{"@type":"EntryPoint","urlTemplate":"https:\/\/acrimat.org.br\/portal\/?s={search_term_string}"},"query-input":{"@type":"PropertyValueSpecification","valueRequired":true,"valueName":"search_term_string"}}],"inLanguage":"pt-BR"},{"@type":"Organization","@id":"https:\/\/acrimat.org.br\/portal\/#organization","name":"Associa\u00e7\u00e3o dos Criadores de Mato Grosso","url":"https:\/\/acrimat.org.br\/portal\/","logo":{"@type":"ImageObject","inLanguage":"pt-BR","@id":"https:\/\/acrimat.org.br\/portal\/#\/schema\/logo\/image\/","url":"https:\/\/acrimat.org.br\/portal\/wp-content\/uploads\/2018\/03\/logo-peq-original.png","contentUrl":"https:\/\/acrimat.org.br\/portal\/wp-content\/uploads\/2018\/03\/logo-peq-original.png","width":174,"height":171,"caption":"Associa\u00e7\u00e3o dos Criadores de Mato Grosso"},"image":{"@id":"https:\/\/acrimat.org.br\/portal\/#\/schema\/logo\/image\/"}},{"@type":"Person","@id":"https:\/\/acrimat.org.br\/portal\/#\/schema\/person\/18df8bcf6890e924fe5d8b5afd2bec0f","name":"P\u00e9ricles C\u00e2ndido","image":{"@type":"ImageObject","inLanguage":"pt-BR","@id":"https:\/\/acrimat.org.br\/portal\/#\/schema\/person\/image\/","url":"https:\/\/secure.gravatar.com\/avatar\/33e2a2b971dc363ed2df53d0d3bfbd18?s=96&d=mm&r=g","contentUrl":"https:\/\/secure.gravatar.com\/avatar\/33e2a2b971dc363ed2df53d0d3bfbd18?s=96&d=mm&r=g","caption":"P\u00e9ricles C\u00e2ndido"},"sameAs":["ascom@acrimat.org.br"],"url":"https:\/\/acrimat.org.br\/portal\/author\/designergrafico\/"}]}},"_links":{"self":[{"href":"https:\/\/acrimat.org.br\/portal\/wp-json\/wp\/v2\/posts\/97984635","targetHints":{"allow":["GET"]}}],"collection":[{"href":"https:\/\/acrimat.org.br\/portal\/wp-json\/wp\/v2\/posts"}],"about":[{"href":"https:\/\/acrimat.org.br\/portal\/wp-json\/wp\/v2\/types\/post"}],"author":[{"embeddable":true,"href":"https:\/\/acrimat.org.br\/portal\/wp-json\/wp\/v2\/users\/11"}],"replies":[{"embeddable":true,"href":"https:\/\/acrimat.org.br\/portal\/wp-json\/wp\/v2\/comments?post=97984635"}],"version-history":[{"count":1,"href":"https:\/\/acrimat.org.br\/portal\/wp-json\/wp\/v2\/posts\/97984635\/revisions"}],"predecessor-version":[{"id":97984637,"href":"https:\/\/acrimat.org.br\/portal\/wp-json\/wp\/v2\/posts\/97984635\/revisions\/97984637"}],"wp:featuredmedia":[{"embeddable":true,"href":"https:\/\/acrimat.org.br\/portal\/wp-json\/wp\/v2\/media\/97984636"}],"wp:attachment":[{"href":"https:\/\/acrimat.org.br\/portal\/wp-json\/wp\/v2\/media?parent=97984635"}],"wp:term":[{"taxonomy":"category","embeddable":true,"href":"https:\/\/acrimat.org.br\/portal\/wp-json\/wp\/v2\/categories?post=97984635"},{"taxonomy":"post_tag","embeddable":true,"href":"https:\/\/acrimat.org.br\/portal\/wp-json\/wp\/v2\/tags?post=97984635"}],"curies":[{"name":"wp","href":"https:\/\/api.w.org\/{rel}","templated":true}]}}