{"id":97984638,"date":"2017-11-06T09:35:04","date_gmt":"2017-11-06T12:35:04","guid":{"rendered":"http:\/\/acrimat.org.br\/portal\/?p=97984638"},"modified":"2017-11-06T09:44:47","modified_gmt":"2017-11-06T12:44:47","slug":"manter-margem-ou-ter-boi-na-escala","status":"publish","type":"post","link":"https:\/\/acrimat.org.br\/portal\/manter-margem-ou-ter-boi-na-escala\/","title":{"rendered":"Manter margem ou ter boi na escala?"},"content":{"rendered":"<p>O ano de 2017 vem sendo um bom ano de margens para as ind\u00fastrias. Diante de todos os problemas enfrentados pelo maior comprador do mercado, as demais ind\u00fastrias foram beneficiadas tanto na compra de gado como na venda da carne, o que trouxe as margens para patamares em linha com os melhores momentos da hist\u00f3ria do setor.<\/p>\n<p>Com as margens melhores, a movimenta\u00e7\u00e3o foi no sentido de ampliar os abates, seja pela abertura de plantas fechadas seja pela maior utiliza\u00e7\u00e3o da capacidade existente, ou uma combina\u00e7\u00e3o dos dois fatores, mas o fato \u00e9 que essa maior demanda por boi j\u00e1 come\u00e7a a impactar negativamente as margens m\u00e9dias no mercado interno, como pode ser observado no gr\u00e1fico abaixo que mostra a diferen\u00e7a entre o valor apurado na venda da carne com osso e o pre\u00e7o da @ do \u00edndice Esalq, \u00e0 vista.<\/p>\n<p>Repare que o valor de hoje ainda \u00e9 acima da m\u00e9dia, por\u00e9m bastante abaixo dos melhores momentos do ano. H\u00e1 no mercado um consenso de que as ofertas tendem a diminuir at\u00e9 o final do ano, \u00e9poca em que tradicionalmente o consumo de carne sempre apresenta alguma melhora. Essa composi\u00e7\u00e3o altista est\u00e1 refletida nos pre\u00e7os do mercado futuro operando com uma consistente alta nas \u00faltimas semanas, trazendo o contrato de nov\/17 para R$ 142,50\/@ e dez\/17 a R$ 145,00\/@.<\/p>\n<p>J\u00e1 estamos na segunda virada de m\u00eas consecutiva onde n\u00e3o ocorre nenhuma melhora nos pre\u00e7os da carne bovina no atacado, evidenciando que o consumo ainda se ressente do impacto da alta taxa de desemprego e da crise econ\u00f4mica afetando o poder de compra do consumidor. A quest\u00e3o que se coloca para o restante do ano \u00e9 qual ser\u00e1 a atitude da ind\u00fastria caso a falta de oferta provoque altas de pre\u00e7os como a sinalizada pelo mercado futuro atualmente. Ser\u00e1 que haver\u00e1 alguma racionaliza\u00e7\u00e3o da capacidade de abate de modo a tentar evitar fortes altas no pre\u00e7o do boi gordo e assim preservar as margens? Ou a briga para ter boi na escala ser\u00e1 mais importante? O comportamento do mercado futuro at\u00e9 agora indica maior probabilidade da segunda op\u00e7\u00e3o&#8230;<\/p>\n<p>*Leandro Bovo \u00e9 m\u00e9dico veterin\u00e1rio, p\u00f3s-graduado pela ESPM, tem MBA em finan\u00e7as pelo Insper-SP e \u00e9 diretor da Radar Investimentos.<\/p>\n","protected":false},"excerpt":{"rendered":"<p>Qual ser\u00e1 a atitude da ind\u00fastria caso a falta de oferta provoque altas de pre\u00e7os como a sinalizada pelo mercado futuro?<\/p>\n","protected":false},"author":11,"featured_media":97984639,"comment_status":"closed","ping_status":"closed","sticky":false,"template":"","format":"standard","meta":{"footnotes":""},"categories":[6,1],"tags":[],"class_list":["post-97984638","post","type-post","status-publish","format-standard","has-post-thumbnail","hentry","category-destaque","category-noticia"],"yoast_head":"<!-- This site is optimized with the Yoast SEO plugin v24.8.1 - https:\/\/yoast.com\/wordpress\/plugins\/seo\/ -->\n<title>Manter margem ou ter boi na escala? - Acrimat<\/title>\n<meta name=\"robots\" content=\"index, follow, max-snippet:-1, max-image-preview:large, max-video-preview:-1\" \/>\n<link rel=\"canonical\" href=\"https:\/\/acrimat.org.br\/portal\/manter-margem-ou-ter-boi-na-escala\/\" \/>\n<meta property=\"og:locale\" content=\"pt_BR\" \/>\n<meta property=\"og:type\" content=\"article\" \/>\n<meta property=\"og:title\" content=\"Manter margem ou ter boi na escala? - Acrimat\" \/>\n<meta property=\"og:description\" content=\"Qual ser\u00e1 a atitude da ind\u00fastria caso a falta de oferta provoque altas de pre\u00e7os como a sinalizada pelo mercado futuro?\" \/>\n<meta property=\"og:url\" content=\"https:\/\/acrimat.org.br\/portal\/manter-margem-ou-ter-boi-na-escala\/\" \/>\n<meta property=\"og:site_name\" content=\"Acrimat\" \/>\n<meta property=\"article:published_time\" content=\"2017-11-06T12:35:04+00:00\" \/>\n<meta property=\"article:modified_time\" content=\"2017-11-06T12:44:47+00:00\" \/>\n<meta property=\"og:image\" content=\"https:\/\/acrimat.org.br\/portal\/wp-content\/uploads\/2017\/11\/gado15.jpg\" \/>\n\t<meta property=\"og:image:width\" content=\"730\" \/>\n\t<meta property=\"og:image:height\" content=\"502\" \/>\n\t<meta property=\"og:image:type\" content=\"image\/jpeg\" \/>\n<meta name=\"author\" content=\"P\u00e9ricles C\u00e2ndido\" \/>\n<meta name=\"twitter:card\" content=\"summary_large_image\" \/>\n<meta name=\"twitter:label1\" content=\"Escrito por\" \/>\n\t<meta name=\"twitter:data1\" content=\"P\u00e9ricles C\u00e2ndido\" \/>\n\t<meta name=\"twitter:label2\" content=\"Est. tempo de leitura\" \/>\n\t<meta name=\"twitter:data2\" content=\"2 minutos\" \/>\n<script type=\"application\/ld+json\" class=\"yoast-schema-graph\">{\"@context\":\"https:\/\/schema.org\",\"@graph\":[{\"@type\":\"Article\",\"@id\":\"https:\/\/acrimat.org.br\/portal\/manter-margem-ou-ter-boi-na-escala\/#article\",\"isPartOf\":{\"@id\":\"https:\/\/acrimat.org.br\/portal\/manter-margem-ou-ter-boi-na-escala\/\"},\"author\":{\"name\":\"P\u00e9ricles C\u00e2ndido\",\"@id\":\"https:\/\/acrimat.org.br\/portal\/#\/schema\/person\/18df8bcf6890e924fe5d8b5afd2bec0f\"},\"headline\":\"Manter margem ou ter boi na escala?\",\"datePublished\":\"2017-11-06T12:35:04+00:00\",\"dateModified\":\"2017-11-06T12:44:47+00:00\",\"mainEntityOfPage\":{\"@id\":\"https:\/\/acrimat.org.br\/portal\/manter-margem-ou-ter-boi-na-escala\/\"},\"wordCount\":394,\"publisher\":{\"@id\":\"https:\/\/acrimat.org.br\/portal\/#organization\"},\"image\":{\"@id\":\"https:\/\/acrimat.org.br\/portal\/manter-margem-ou-ter-boi-na-escala\/#primaryimage\"},\"thumbnailUrl\":\"https:\/\/acrimat.org.br\/portal\/wp-content\/uploads\/2017\/11\/gado15.jpg\",\"articleSection\":[\"Destaques\",\"Not\u00edcias\"],\"inLanguage\":\"pt-BR\"},{\"@type\":\"WebPage\",\"@id\":\"https:\/\/acrimat.org.br\/portal\/manter-margem-ou-ter-boi-na-escala\/\",\"url\":\"https:\/\/acrimat.org.br\/portal\/manter-margem-ou-ter-boi-na-escala\/\",\"name\":\"Manter margem ou ter boi na escala? - Acrimat\",\"isPartOf\":{\"@id\":\"https:\/\/acrimat.org.br\/portal\/#website\"},\"primaryImageOfPage\":{\"@id\":\"https:\/\/acrimat.org.br\/portal\/manter-margem-ou-ter-boi-na-escala\/#primaryimage\"},\"image\":{\"@id\":\"https:\/\/acrimat.org.br\/portal\/manter-margem-ou-ter-boi-na-escala\/#primaryimage\"},\"thumbnailUrl\":\"https:\/\/acrimat.org.br\/portal\/wp-content\/uploads\/2017\/11\/gado15.jpg\",\"datePublished\":\"2017-11-06T12:35:04+00:00\",\"dateModified\":\"2017-11-06T12:44:47+00:00\",\"breadcrumb\":{\"@id\":\"https:\/\/acrimat.org.br\/portal\/manter-margem-ou-ter-boi-na-escala\/#breadcrumb\"},\"inLanguage\":\"pt-BR\",\"potentialAction\":[{\"@type\":\"ReadAction\",\"target\":[\"https:\/\/acrimat.org.br\/portal\/manter-margem-ou-ter-boi-na-escala\/\"]}]},{\"@type\":\"ImageObject\",\"inLanguage\":\"pt-BR\",\"@id\":\"https:\/\/acrimat.org.br\/portal\/manter-margem-ou-ter-boi-na-escala\/#primaryimage\",\"url\":\"https:\/\/acrimat.org.br\/portal\/wp-content\/uploads\/2017\/11\/gado15.jpg\",\"contentUrl\":\"https:\/\/acrimat.org.br\/portal\/wp-content\/uploads\/2017\/11\/gado15.jpg\",\"width\":730,\"height\":502},{\"@type\":\"BreadcrumbList\",\"@id\":\"https:\/\/acrimat.org.br\/portal\/manter-margem-ou-ter-boi-na-escala\/#breadcrumb\",\"itemListElement\":[{\"@type\":\"ListItem\",\"position\":1,\"name\":\"In\u00edcio\",\"item\":\"https:\/\/acrimat.org.br\/portal\/\"},{\"@type\":\"ListItem\",\"position\":2,\"name\":\"Manter margem ou ter boi na escala?\"}]},{\"@type\":\"WebSite\",\"@id\":\"https:\/\/acrimat.org.br\/portal\/#website\",\"url\":\"https:\/\/acrimat.org.br\/portal\/\",\"name\":\"Acrimat\",\"description\":\"Associa\u00e7\u00e3o dos Criadores de Mato Grosso\",\"publisher\":{\"@id\":\"https:\/\/acrimat.org.br\/portal\/#organization\"},\"potentialAction\":[{\"@type\":\"SearchAction\",\"target\":{\"@type\":\"EntryPoint\",\"urlTemplate\":\"https:\/\/acrimat.org.br\/portal\/?s={search_term_string}\"},\"query-input\":{\"@type\":\"PropertyValueSpecification\",\"valueRequired\":true,\"valueName\":\"search_term_string\"}}],\"inLanguage\":\"pt-BR\"},{\"@type\":\"Organization\",\"@id\":\"https:\/\/acrimat.org.br\/portal\/#organization\",\"name\":\"Associa\u00e7\u00e3o dos Criadores de Mato Grosso\",\"url\":\"https:\/\/acrimat.org.br\/portal\/\",\"logo\":{\"@type\":\"ImageObject\",\"inLanguage\":\"pt-BR\",\"@id\":\"https:\/\/acrimat.org.br\/portal\/#\/schema\/logo\/image\/\",\"url\":\"https:\/\/acrimat.org.br\/portal\/wp-content\/uploads\/2018\/03\/logo-peq-original.png\",\"contentUrl\":\"https:\/\/acrimat.org.br\/portal\/wp-content\/uploads\/2018\/03\/logo-peq-original.png\",\"width\":174,\"height\":171,\"caption\":\"Associa\u00e7\u00e3o dos Criadores de Mato Grosso\"},\"image\":{\"@id\":\"https:\/\/acrimat.org.br\/portal\/#\/schema\/logo\/image\/\"}},{\"@type\":\"Person\",\"@id\":\"https:\/\/acrimat.org.br\/portal\/#\/schema\/person\/18df8bcf6890e924fe5d8b5afd2bec0f\",\"name\":\"P\u00e9ricles C\u00e2ndido\",\"image\":{\"@type\":\"ImageObject\",\"inLanguage\":\"pt-BR\",\"@id\":\"https:\/\/acrimat.org.br\/portal\/#\/schema\/person\/image\/\",\"url\":\"https:\/\/secure.gravatar.com\/avatar\/33e2a2b971dc363ed2df53d0d3bfbd18?s=96&d=mm&r=g\",\"contentUrl\":\"https:\/\/secure.gravatar.com\/avatar\/33e2a2b971dc363ed2df53d0d3bfbd18?s=96&d=mm&r=g\",\"caption\":\"P\u00e9ricles C\u00e2ndido\"},\"sameAs\":[\"ascom@acrimat.org.br\"],\"url\":\"https:\/\/acrimat.org.br\/portal\/author\/designergrafico\/\"}]}<\/script>\n<!-- \/ Yoast SEO plugin. -->","yoast_head_json":{"title":"Manter margem ou ter boi na escala? - Acrimat","robots":{"index":"index","follow":"follow","max-snippet":"max-snippet:-1","max-image-preview":"max-image-preview:large","max-video-preview":"max-video-preview:-1"},"canonical":"https:\/\/acrimat.org.br\/portal\/manter-margem-ou-ter-boi-na-escala\/","og_locale":"pt_BR","og_type":"article","og_title":"Manter margem ou ter boi na escala? - Acrimat","og_description":"Qual ser\u00e1 a atitude da ind\u00fastria caso a falta de oferta provoque altas de pre\u00e7os como a sinalizada pelo mercado futuro?","og_url":"https:\/\/acrimat.org.br\/portal\/manter-margem-ou-ter-boi-na-escala\/","og_site_name":"Acrimat","article_published_time":"2017-11-06T12:35:04+00:00","article_modified_time":"2017-11-06T12:44:47+00:00","og_image":[{"width":730,"height":502,"url":"https:\/\/acrimat.org.br\/portal\/wp-content\/uploads\/2017\/11\/gado15.jpg","type":"image\/jpeg"}],"author":"P\u00e9ricles C\u00e2ndido","twitter_card":"summary_large_image","twitter_misc":{"Escrito por":"P\u00e9ricles C\u00e2ndido","Est. tempo de leitura":"2 minutos"},"schema":{"@context":"https:\/\/schema.org","@graph":[{"@type":"Article","@id":"https:\/\/acrimat.org.br\/portal\/manter-margem-ou-ter-boi-na-escala\/#article","isPartOf":{"@id":"https:\/\/acrimat.org.br\/portal\/manter-margem-ou-ter-boi-na-escala\/"},"author":{"name":"P\u00e9ricles C\u00e2ndido","@id":"https:\/\/acrimat.org.br\/portal\/#\/schema\/person\/18df8bcf6890e924fe5d8b5afd2bec0f"},"headline":"Manter margem ou ter boi na escala?","datePublished":"2017-11-06T12:35:04+00:00","dateModified":"2017-11-06T12:44:47+00:00","mainEntityOfPage":{"@id":"https:\/\/acrimat.org.br\/portal\/manter-margem-ou-ter-boi-na-escala\/"},"wordCount":394,"publisher":{"@id":"https:\/\/acrimat.org.br\/portal\/#organization"},"image":{"@id":"https:\/\/acrimat.org.br\/portal\/manter-margem-ou-ter-boi-na-escala\/#primaryimage"},"thumbnailUrl":"https:\/\/acrimat.org.br\/portal\/wp-content\/uploads\/2017\/11\/gado15.jpg","articleSection":["Destaques","Not\u00edcias"],"inLanguage":"pt-BR"},{"@type":"WebPage","@id":"https:\/\/acrimat.org.br\/portal\/manter-margem-ou-ter-boi-na-escala\/","url":"https:\/\/acrimat.org.br\/portal\/manter-margem-ou-ter-boi-na-escala\/","name":"Manter margem ou ter boi na escala? - Acrimat","isPartOf":{"@id":"https:\/\/acrimat.org.br\/portal\/#website"},"primaryImageOfPage":{"@id":"https:\/\/acrimat.org.br\/portal\/manter-margem-ou-ter-boi-na-escala\/#primaryimage"},"image":{"@id":"https:\/\/acrimat.org.br\/portal\/manter-margem-ou-ter-boi-na-escala\/#primaryimage"},"thumbnailUrl":"https:\/\/acrimat.org.br\/portal\/wp-content\/uploads\/2017\/11\/gado15.jpg","datePublished":"2017-11-06T12:35:04+00:00","dateModified":"2017-11-06T12:44:47+00:00","breadcrumb":{"@id":"https:\/\/acrimat.org.br\/portal\/manter-margem-ou-ter-boi-na-escala\/#breadcrumb"},"inLanguage":"pt-BR","potentialAction":[{"@type":"ReadAction","target":["https:\/\/acrimat.org.br\/portal\/manter-margem-ou-ter-boi-na-escala\/"]}]},{"@type":"ImageObject","inLanguage":"pt-BR","@id":"https:\/\/acrimat.org.br\/portal\/manter-margem-ou-ter-boi-na-escala\/#primaryimage","url":"https:\/\/acrimat.org.br\/portal\/wp-content\/uploads\/2017\/11\/gado15.jpg","contentUrl":"https:\/\/acrimat.org.br\/portal\/wp-content\/uploads\/2017\/11\/gado15.jpg","width":730,"height":502},{"@type":"BreadcrumbList","@id":"https:\/\/acrimat.org.br\/portal\/manter-margem-ou-ter-boi-na-escala\/#breadcrumb","itemListElement":[{"@type":"ListItem","position":1,"name":"In\u00edcio","item":"https:\/\/acrimat.org.br\/portal\/"},{"@type":"ListItem","position":2,"name":"Manter margem ou ter boi na escala?"}]},{"@type":"WebSite","@id":"https:\/\/acrimat.org.br\/portal\/#website","url":"https:\/\/acrimat.org.br\/portal\/","name":"Acrimat","description":"Associa\u00e7\u00e3o dos Criadores de Mato Grosso","publisher":{"@id":"https:\/\/acrimat.org.br\/portal\/#organization"},"potentialAction":[{"@type":"SearchAction","target":{"@type":"EntryPoint","urlTemplate":"https:\/\/acrimat.org.br\/portal\/?s={search_term_string}"},"query-input":{"@type":"PropertyValueSpecification","valueRequired":true,"valueName":"search_term_string"}}],"inLanguage":"pt-BR"},{"@type":"Organization","@id":"https:\/\/acrimat.org.br\/portal\/#organization","name":"Associa\u00e7\u00e3o dos Criadores de Mato Grosso","url":"https:\/\/acrimat.org.br\/portal\/","logo":{"@type":"ImageObject","inLanguage":"pt-BR","@id":"https:\/\/acrimat.org.br\/portal\/#\/schema\/logo\/image\/","url":"https:\/\/acrimat.org.br\/portal\/wp-content\/uploads\/2018\/03\/logo-peq-original.png","contentUrl":"https:\/\/acrimat.org.br\/portal\/wp-content\/uploads\/2018\/03\/logo-peq-original.png","width":174,"height":171,"caption":"Associa\u00e7\u00e3o dos Criadores de Mato Grosso"},"image":{"@id":"https:\/\/acrimat.org.br\/portal\/#\/schema\/logo\/image\/"}},{"@type":"Person","@id":"https:\/\/acrimat.org.br\/portal\/#\/schema\/person\/18df8bcf6890e924fe5d8b5afd2bec0f","name":"P\u00e9ricles C\u00e2ndido","image":{"@type":"ImageObject","inLanguage":"pt-BR","@id":"https:\/\/acrimat.org.br\/portal\/#\/schema\/person\/image\/","url":"https:\/\/secure.gravatar.com\/avatar\/33e2a2b971dc363ed2df53d0d3bfbd18?s=96&d=mm&r=g","contentUrl":"https:\/\/secure.gravatar.com\/avatar\/33e2a2b971dc363ed2df53d0d3bfbd18?s=96&d=mm&r=g","caption":"P\u00e9ricles C\u00e2ndido"},"sameAs":["ascom@acrimat.org.br"],"url":"https:\/\/acrimat.org.br\/portal\/author\/designergrafico\/"}]}},"_links":{"self":[{"href":"https:\/\/acrimat.org.br\/portal\/wp-json\/wp\/v2\/posts\/97984638","targetHints":{"allow":["GET"]}}],"collection":[{"href":"https:\/\/acrimat.org.br\/portal\/wp-json\/wp\/v2\/posts"}],"about":[{"href":"https:\/\/acrimat.org.br\/portal\/wp-json\/wp\/v2\/types\/post"}],"author":[{"embeddable":true,"href":"https:\/\/acrimat.org.br\/portal\/wp-json\/wp\/v2\/users\/11"}],"replies":[{"embeddable":true,"href":"https:\/\/acrimat.org.br\/portal\/wp-json\/wp\/v2\/comments?post=97984638"}],"version-history":[{"count":1,"href":"https:\/\/acrimat.org.br\/portal\/wp-json\/wp\/v2\/posts\/97984638\/revisions"}],"predecessor-version":[{"id":97984640,"href":"https:\/\/acrimat.org.br\/portal\/wp-json\/wp\/v2\/posts\/97984638\/revisions\/97984640"}],"wp:featuredmedia":[{"embeddable":true,"href":"https:\/\/acrimat.org.br\/portal\/wp-json\/wp\/v2\/media\/97984639"}],"wp:attachment":[{"href":"https:\/\/acrimat.org.br\/portal\/wp-json\/wp\/v2\/media?parent=97984638"}],"wp:term":[{"taxonomy":"category","embeddable":true,"href":"https:\/\/acrimat.org.br\/portal\/wp-json\/wp\/v2\/categories?post=97984638"},{"taxonomy":"post_tag","embeddable":true,"href":"https:\/\/acrimat.org.br\/portal\/wp-json\/wp\/v2\/tags?post=97984638"}],"curies":[{"name":"wp","href":"https:\/\/api.w.org\/{rel}","templated":true}]}}