{"id":97984669,"date":"2017-11-07T08:29:16","date_gmt":"2017-11-07T11:29:16","guid":{"rendered":"http:\/\/acrimat.org.br\/portal\/?p=97984669"},"modified":"2017-11-07T08:29:16","modified_gmt":"2017-11-07T11:29:16","slug":"funrural-relatora-do-refis-avalia-elevar-limite-de-r-15-milhoes-em-divida","status":"publish","type":"post","link":"https:\/\/acrimat.org.br\/portal\/funrural-relatora-do-refis-avalia-elevar-limite-de-r-15-milhoes-em-divida\/","title":{"rendered":"Funrural: relatora do Refis avalia elevar limite de R$ 15 milh\u00f5es em d\u00edvida"},"content":{"rendered":"<p>Depois de elevar os descontos concedidos a devedores do Fundo de Assist\u00eancia ao Trabalhador Rural (Funrural), a deputada Tereza Cristina (PSB-MS) estuda ampliar em seu parecer o alcance de condi\u00e7\u00f5es diferenciadas de negocia\u00e7\u00e3o dos d\u00e9bitos, que na pr\u00e1tica resultam em parcelas mensais menores. As cl\u00e1usulas mais ben\u00e9ficas hoje valem para produtores pessoas f\u00edsicas ou seus adquirentes que t\u00eam d\u00e9bitos at\u00e9 R$ 15 milh\u00f5es, mas a relatora anunciou nesta segunda-feira, dia 6, que pode rever esse valor at\u00e9 a ter\u00e7a-feira, dia 7, quando as discuss\u00f5es sobre o texto da Medida Provis\u00f3ria (MP) 793, que cria o parcelamento do Funrural, ser\u00e3o retomadas.<\/p>\n<p>&#8220;Vou sentar agora e ver se \u00e9 poss\u00edvel, quantas pessoas seriam atendidas&#8221;, disse Tereza Cristina em entrevista a jornalistas ap\u00f3s a leitura do relat\u00f3rio na comiss\u00e3o. Segundo ela, ainda n\u00e3o \u00e9 poss\u00edvel saber qual seria o novo limite, mas o valor teria de atender os m\u00e9dios produtores, que mesmo com as condi\u00e7\u00f5es de negocia\u00e7\u00e3o estipuladas no relat\u00f3rio enfrentam dificuldades para quitar a d\u00edvida. O aumento do limite foi um pedido do presidente da Frente Parlamentar da Agropecu\u00e1ria (FPA), deputado Nilson Leit\u00e3o (PSDB-MT).<\/p>\n<p>As cl\u00e1usulas diferenciadas incluem o pagamento das parcelas da d\u00edvida de acordo com um percentual sobre a m\u00e9dia da receita bruta mensal do ano anterior, at\u00e9 o prazo de 180 meses. O governo enviou a MP cobrando um percentual de 0,8% sobre essa receita bruta, mas a relatora reduziu para 0,3%. Caso o prazo termine e ainda haja d\u00edvida, os produtores ainda poder\u00e3o pagar por mais 60 meses os d\u00e9bitos com descontos de 100% em juros e multas, de acordo com a vers\u00e3o apresentada pela relatora. Outra vantagem \u00e9 a possibilidade de uso de cr\u00e9ditos fiscais para abater a d\u00edvida.<\/p>\n<p>O parecer foi lido nesta segunda-feira na comiss\u00e3o especial e foi concedida vista coletiva para que os parlamentares possam analisar o tema. A comiss\u00e3o retoma as discuss\u00f5es na ter\u00e7a \u00e0s 15h. O texto precisa ser aprovado at\u00e9 28 de novembro na C\u00e2mara e no Senado para n\u00e3o perder validade.<\/p>\n<p><strong>Mudan\u00e7as<\/strong><\/p>\n<p>Depois de a &#8220;bancada do Refis&#8221; no Congresso Nacional ter conseguido emplacar descontos maiores para suas d\u00edvidas, a bancada ruralista tamb\u00e9m vai testar o governo nas negocia\u00e7\u00f5es em torno do programa de parcelamento de d\u00e9bitos de R$ 17 bilh\u00f5es com o Funrural. O relat\u00f3rio da MP traz in\u00fameras mudan\u00e7as, inclusive uma que na pr\u00e1tica concede abatimentos integrais em juros e multas para o pagamento da d\u00edvida durante um per\u00edodo maior, de 240 meses, ante os originais 180 meses.<\/p>\n<p>A relatora tamb\u00e9m elevou os descontos. Antes, os abatimentos eram de 100% nos juros e 25% em multas e encargos, mas agora eles passam a 100% em todos os casos, pelo parecer. \u00c9 por isso que, na pr\u00e1tica, a bancada ruralista quer aprovar desconto integral nos juros e multas por 20 anos.<\/p>\n<p>Essas medidas t\u00eam potencial para elevar a ren\u00fancia com o programa de parcelamento rural, que na vers\u00e3o do governo j\u00e1 era de R$ 7,6 bilh\u00f5es em 15 anos, ou 44,7% do total da d\u00edvida. H\u00e1 ainda possibilidade de impacto na receita esperada com o programa neste ano (R$ 681,53 milh\u00f5es), uma vez que o relat\u00f3rio reduz de 4% para 1% o total do d\u00e9bito que precisa ser pago ainda em 2017, como entrada.<\/p>\n<p>&#8220;Vimos que, com uma entrada a 4%, haveria baixa ades\u00e3o&#8221;, justificou a deputada. Ela reconheceu que o perd\u00e3o \u00e9 relativamente elevado, com descontos integrais em juros e multas, mas emendou que &#8220;\u00e9 preciso ver o tamanho dessa d\u00edvida&#8221;. &#8220;O produtor n\u00e3o vai deixar de pagar (o principal)&#8221;, afirmou.<\/p>\n<p>Tereza Cristina disse que ainda pode haver negocia\u00e7\u00f5es com a Receita Federal em torno das mudan\u00e7as, mas destacou que o parecer representa o que o setor considera &#8220;justo&#8221;. &#8220;A Receita Federal n\u00e3o tem que assentir. Se a Receita convencer o Executivo (de que algo \u00e9 indevido), o presidente da Rep\u00fablica pode vetar. N\u00f3s consideramos que \u00e9 justo&#8221;, afirmou.<\/p>\n<p>O deputado Bohn Gass (PT-RS) protestou contra as benesses. &#8220;Aqui vamos anistiar quem n\u00e3o pagou. Agricultor familiar n\u00e3o tem nem dinheiro para contratar advogado, isso \u00e9 anistia a grandes propriet\u00e1rios e grandes empresas&#8221;, disse. Embora conteste o d\u00e9ficit da Previd\u00eancia, o deputado petista ponderou que, ent\u00e3o, as ren\u00fancias com o Funrural &#8220;est\u00e3o abrindo mais um buraco&#8221; na Previd\u00eancia. &#8220;\u00c9 uma injusti\u00e7a extraordin\u00e1ria com o bom pagador&#8221;, afirmou.<\/p>\n","protected":false},"excerpt":{"rendered":"<p>Valor pode ser revista at\u00e9 esta ter\u00e7a-feira, com retomada das discuss\u00f5es sobre texto da medida provis\u00f3ria que cria parcelamento; aumento do teto foi pedido do presidente da Frente Parlamentar da Agropecu\u00e1ria<\/p>\n","protected":false},"author":11,"featured_media":97984670,"comment_status":"closed","ping_status":"closed","sticky":false,"template":"","format":"standard","meta":{"footnotes":""},"categories":[6,1],"tags":[],"class_list":["post-97984669","post","type-post","status-publish","format-standard","has-post-thumbnail","hentry","category-destaque","category-noticia"],"yoast_head":"<!-- This site is optimized with the Yoast SEO plugin v24.8.1 - https:\/\/yoast.com\/wordpress\/plugins\/seo\/ -->\n<title>Funrural: relatora do Refis avalia elevar limite de R$ 15 milh\u00f5es em d\u00edvida - Acrimat<\/title>\n<meta name=\"robots\" content=\"index, follow, max-snippet:-1, max-image-preview:large, max-video-preview:-1\" \/>\n<link rel=\"canonical\" href=\"https:\/\/acrimat.org.br\/portal\/funrural-relatora-do-refis-avalia-elevar-limite-de-r-15-milhoes-em-divida\/\" \/>\n<meta property=\"og:locale\" content=\"pt_BR\" \/>\n<meta property=\"og:type\" content=\"article\" \/>\n<meta property=\"og:title\" content=\"Funrural: relatora do Refis avalia elevar limite de R$ 15 milh\u00f5es em d\u00edvida - Acrimat\" \/>\n<meta property=\"og:description\" content=\"Valor pode ser revista at\u00e9 esta ter\u00e7a-feira, com retomada das discuss\u00f5es sobre texto da medida provis\u00f3ria que cria parcelamento; aumento do teto foi pedido do presidente da Frente Parlamentar da Agropecu\u00e1ria\" \/>\n<meta property=\"og:url\" content=\"https:\/\/acrimat.org.br\/portal\/funrural-relatora-do-refis-avalia-elevar-limite-de-r-15-milhoes-em-divida\/\" \/>\n<meta property=\"og:site_name\" content=\"Acrimat\" \/>\n<meta property=\"article:published_time\" content=\"2017-11-07T11:29:16+00:00\" \/>\n<meta property=\"og:image\" content=\"https:\/\/acrimat.org.br\/portal\/wp-content\/uploads\/2017\/11\/1501713947795.jpg\" \/>\n\t<meta property=\"og:image:width\" content=\"640\" \/>\n\t<meta property=\"og:image:height\" content=\"427\" \/>\n\t<meta property=\"og:image:type\" content=\"image\/jpeg\" \/>\n<meta name=\"author\" content=\"P\u00e9ricles C\u00e2ndido\" \/>\n<meta name=\"twitter:card\" content=\"summary_large_image\" \/>\n<meta name=\"twitter:label1\" content=\"Escrito por\" \/>\n\t<meta name=\"twitter:data1\" content=\"P\u00e9ricles C\u00e2ndido\" \/>\n\t<meta name=\"twitter:label2\" content=\"Est. tempo de leitura\" \/>\n\t<meta name=\"twitter:data2\" content=\"4 minutos\" \/>\n<script type=\"application\/ld+json\" class=\"yoast-schema-graph\">{\"@context\":\"https:\/\/schema.org\",\"@graph\":[{\"@type\":\"Article\",\"@id\":\"https:\/\/acrimat.org.br\/portal\/funrural-relatora-do-refis-avalia-elevar-limite-de-r-15-milhoes-em-divida\/#article\",\"isPartOf\":{\"@id\":\"https:\/\/acrimat.org.br\/portal\/funrural-relatora-do-refis-avalia-elevar-limite-de-r-15-milhoes-em-divida\/\"},\"author\":{\"name\":\"P\u00e9ricles C\u00e2ndido\",\"@id\":\"https:\/\/acrimat.org.br\/portal\/#\/schema\/person\/18df8bcf6890e924fe5d8b5afd2bec0f\"},\"headline\":\"Funrural: relatora do Refis avalia elevar limite de R$ 15 milh\u00f5es em d\u00edvida\",\"datePublished\":\"2017-11-07T11:29:16+00:00\",\"mainEntityOfPage\":{\"@id\":\"https:\/\/acrimat.org.br\/portal\/funrural-relatora-do-refis-avalia-elevar-limite-de-r-15-milhoes-em-divida\/\"},\"wordCount\":772,\"publisher\":{\"@id\":\"https:\/\/acrimat.org.br\/portal\/#organization\"},\"image\":{\"@id\":\"https:\/\/acrimat.org.br\/portal\/funrural-relatora-do-refis-avalia-elevar-limite-de-r-15-milhoes-em-divida\/#primaryimage\"},\"thumbnailUrl\":\"https:\/\/acrimat.org.br\/portal\/wp-content\/uploads\/2017\/11\/1501713947795.jpg\",\"articleSection\":[\"Destaques\",\"Not\u00edcias\"],\"inLanguage\":\"pt-BR\"},{\"@type\":\"WebPage\",\"@id\":\"https:\/\/acrimat.org.br\/portal\/funrural-relatora-do-refis-avalia-elevar-limite-de-r-15-milhoes-em-divida\/\",\"url\":\"https:\/\/acrimat.org.br\/portal\/funrural-relatora-do-refis-avalia-elevar-limite-de-r-15-milhoes-em-divida\/\",\"name\":\"Funrural: relatora do Refis avalia elevar limite de R$ 15 milh\u00f5es em d\u00edvida - Acrimat\",\"isPartOf\":{\"@id\":\"https:\/\/acrimat.org.br\/portal\/#website\"},\"primaryImageOfPage\":{\"@id\":\"https:\/\/acrimat.org.br\/portal\/funrural-relatora-do-refis-avalia-elevar-limite-de-r-15-milhoes-em-divida\/#primaryimage\"},\"image\":{\"@id\":\"https:\/\/acrimat.org.br\/portal\/funrural-relatora-do-refis-avalia-elevar-limite-de-r-15-milhoes-em-divida\/#primaryimage\"},\"thumbnailUrl\":\"https:\/\/acrimat.org.br\/portal\/wp-content\/uploads\/2017\/11\/1501713947795.jpg\",\"datePublished\":\"2017-11-07T11:29:16+00:00\",\"breadcrumb\":{\"@id\":\"https:\/\/acrimat.org.br\/portal\/funrural-relatora-do-refis-avalia-elevar-limite-de-r-15-milhoes-em-divida\/#breadcrumb\"},\"inLanguage\":\"pt-BR\",\"potentialAction\":[{\"@type\":\"ReadAction\",\"target\":[\"https:\/\/acrimat.org.br\/portal\/funrural-relatora-do-refis-avalia-elevar-limite-de-r-15-milhoes-em-divida\/\"]}]},{\"@type\":\"ImageObject\",\"inLanguage\":\"pt-BR\",\"@id\":\"https:\/\/acrimat.org.br\/portal\/funrural-relatora-do-refis-avalia-elevar-limite-de-r-15-milhoes-em-divida\/#primaryimage\",\"url\":\"https:\/\/acrimat.org.br\/portal\/wp-content\/uploads\/2017\/11\/1501713947795.jpg\",\"contentUrl\":\"https:\/\/acrimat.org.br\/portal\/wp-content\/uploads\/2017\/11\/1501713947795.jpg\",\"width\":640,\"height\":427},{\"@type\":\"BreadcrumbList\",\"@id\":\"https:\/\/acrimat.org.br\/portal\/funrural-relatora-do-refis-avalia-elevar-limite-de-r-15-milhoes-em-divida\/#breadcrumb\",\"itemListElement\":[{\"@type\":\"ListItem\",\"position\":1,\"name\":\"In\u00edcio\",\"item\":\"https:\/\/acrimat.org.br\/portal\/\"},{\"@type\":\"ListItem\",\"position\":2,\"name\":\"Funrural: relatora do Refis avalia elevar limite de R$ 15 milh\u00f5es em d\u00edvida\"}]},{\"@type\":\"WebSite\",\"@id\":\"https:\/\/acrimat.org.br\/portal\/#website\",\"url\":\"https:\/\/acrimat.org.br\/portal\/\",\"name\":\"Acrimat\",\"description\":\"Associa\u00e7\u00e3o dos Criadores de Mato Grosso\",\"publisher\":{\"@id\":\"https:\/\/acrimat.org.br\/portal\/#organization\"},\"potentialAction\":[{\"@type\":\"SearchAction\",\"target\":{\"@type\":\"EntryPoint\",\"urlTemplate\":\"https:\/\/acrimat.org.br\/portal\/?s={search_term_string}\"},\"query-input\":{\"@type\":\"PropertyValueSpecification\",\"valueRequired\":true,\"valueName\":\"search_term_string\"}}],\"inLanguage\":\"pt-BR\"},{\"@type\":\"Organization\",\"@id\":\"https:\/\/acrimat.org.br\/portal\/#organization\",\"name\":\"Associa\u00e7\u00e3o dos Criadores de Mato Grosso\",\"url\":\"https:\/\/acrimat.org.br\/portal\/\",\"logo\":{\"@type\":\"ImageObject\",\"inLanguage\":\"pt-BR\",\"@id\":\"https:\/\/acrimat.org.br\/portal\/#\/schema\/logo\/image\/\",\"url\":\"https:\/\/acrimat.org.br\/portal\/wp-content\/uploads\/2018\/03\/logo-peq-original.png\",\"contentUrl\":\"https:\/\/acrimat.org.br\/portal\/wp-content\/uploads\/2018\/03\/logo-peq-original.png\",\"width\":174,\"height\":171,\"caption\":\"Associa\u00e7\u00e3o dos Criadores de Mato Grosso\"},\"image\":{\"@id\":\"https:\/\/acrimat.org.br\/portal\/#\/schema\/logo\/image\/\"}},{\"@type\":\"Person\",\"@id\":\"https:\/\/acrimat.org.br\/portal\/#\/schema\/person\/18df8bcf6890e924fe5d8b5afd2bec0f\",\"name\":\"P\u00e9ricles C\u00e2ndido\",\"image\":{\"@type\":\"ImageObject\",\"inLanguage\":\"pt-BR\",\"@id\":\"https:\/\/acrimat.org.br\/portal\/#\/schema\/person\/image\/\",\"url\":\"https:\/\/secure.gravatar.com\/avatar\/33e2a2b971dc363ed2df53d0d3bfbd18?s=96&d=mm&r=g\",\"contentUrl\":\"https:\/\/secure.gravatar.com\/avatar\/33e2a2b971dc363ed2df53d0d3bfbd18?s=96&d=mm&r=g\",\"caption\":\"P\u00e9ricles C\u00e2ndido\"},\"sameAs\":[\"ascom@acrimat.org.br\"],\"url\":\"https:\/\/acrimat.org.br\/portal\/author\/designergrafico\/\"}]}<\/script>\n<!-- \/ Yoast SEO plugin. -->","yoast_head_json":{"title":"Funrural: relatora do Refis avalia elevar limite de R$ 15 milh\u00f5es em d\u00edvida - Acrimat","robots":{"index":"index","follow":"follow","max-snippet":"max-snippet:-1","max-image-preview":"max-image-preview:large","max-video-preview":"max-video-preview:-1"},"canonical":"https:\/\/acrimat.org.br\/portal\/funrural-relatora-do-refis-avalia-elevar-limite-de-r-15-milhoes-em-divida\/","og_locale":"pt_BR","og_type":"article","og_title":"Funrural: relatora do Refis avalia elevar limite de R$ 15 milh\u00f5es em d\u00edvida - Acrimat","og_description":"Valor pode ser revista at\u00e9 esta ter\u00e7a-feira, com retomada das discuss\u00f5es sobre texto da medida provis\u00f3ria que cria parcelamento; aumento do teto foi pedido do presidente da Frente Parlamentar da Agropecu\u00e1ria","og_url":"https:\/\/acrimat.org.br\/portal\/funrural-relatora-do-refis-avalia-elevar-limite-de-r-15-milhoes-em-divida\/","og_site_name":"Acrimat","article_published_time":"2017-11-07T11:29:16+00:00","og_image":[{"width":640,"height":427,"url":"https:\/\/acrimat.org.br\/portal\/wp-content\/uploads\/2017\/11\/1501713947795.jpg","type":"image\/jpeg"}],"author":"P\u00e9ricles C\u00e2ndido","twitter_card":"summary_large_image","twitter_misc":{"Escrito por":"P\u00e9ricles C\u00e2ndido","Est. tempo de leitura":"4 minutos"},"schema":{"@context":"https:\/\/schema.org","@graph":[{"@type":"Article","@id":"https:\/\/acrimat.org.br\/portal\/funrural-relatora-do-refis-avalia-elevar-limite-de-r-15-milhoes-em-divida\/#article","isPartOf":{"@id":"https:\/\/acrimat.org.br\/portal\/funrural-relatora-do-refis-avalia-elevar-limite-de-r-15-milhoes-em-divida\/"},"author":{"name":"P\u00e9ricles C\u00e2ndido","@id":"https:\/\/acrimat.org.br\/portal\/#\/schema\/person\/18df8bcf6890e924fe5d8b5afd2bec0f"},"headline":"Funrural: relatora do Refis avalia elevar limite de R$ 15 milh\u00f5es em d\u00edvida","datePublished":"2017-11-07T11:29:16+00:00","mainEntityOfPage":{"@id":"https:\/\/acrimat.org.br\/portal\/funrural-relatora-do-refis-avalia-elevar-limite-de-r-15-milhoes-em-divida\/"},"wordCount":772,"publisher":{"@id":"https:\/\/acrimat.org.br\/portal\/#organization"},"image":{"@id":"https:\/\/acrimat.org.br\/portal\/funrural-relatora-do-refis-avalia-elevar-limite-de-r-15-milhoes-em-divida\/#primaryimage"},"thumbnailUrl":"https:\/\/acrimat.org.br\/portal\/wp-content\/uploads\/2017\/11\/1501713947795.jpg","articleSection":["Destaques","Not\u00edcias"],"inLanguage":"pt-BR"},{"@type":"WebPage","@id":"https:\/\/acrimat.org.br\/portal\/funrural-relatora-do-refis-avalia-elevar-limite-de-r-15-milhoes-em-divida\/","url":"https:\/\/acrimat.org.br\/portal\/funrural-relatora-do-refis-avalia-elevar-limite-de-r-15-milhoes-em-divida\/","name":"Funrural: relatora do Refis avalia elevar limite de R$ 15 milh\u00f5es em d\u00edvida - Acrimat","isPartOf":{"@id":"https:\/\/acrimat.org.br\/portal\/#website"},"primaryImageOfPage":{"@id":"https:\/\/acrimat.org.br\/portal\/funrural-relatora-do-refis-avalia-elevar-limite-de-r-15-milhoes-em-divida\/#primaryimage"},"image":{"@id":"https:\/\/acrimat.org.br\/portal\/funrural-relatora-do-refis-avalia-elevar-limite-de-r-15-milhoes-em-divida\/#primaryimage"},"thumbnailUrl":"https:\/\/acrimat.org.br\/portal\/wp-content\/uploads\/2017\/11\/1501713947795.jpg","datePublished":"2017-11-07T11:29:16+00:00","breadcrumb":{"@id":"https:\/\/acrimat.org.br\/portal\/funrural-relatora-do-refis-avalia-elevar-limite-de-r-15-milhoes-em-divida\/#breadcrumb"},"inLanguage":"pt-BR","potentialAction":[{"@type":"ReadAction","target":["https:\/\/acrimat.org.br\/portal\/funrural-relatora-do-refis-avalia-elevar-limite-de-r-15-milhoes-em-divida\/"]}]},{"@type":"ImageObject","inLanguage":"pt-BR","@id":"https:\/\/acrimat.org.br\/portal\/funrural-relatora-do-refis-avalia-elevar-limite-de-r-15-milhoes-em-divida\/#primaryimage","url":"https:\/\/acrimat.org.br\/portal\/wp-content\/uploads\/2017\/11\/1501713947795.jpg","contentUrl":"https:\/\/acrimat.org.br\/portal\/wp-content\/uploads\/2017\/11\/1501713947795.jpg","width":640,"height":427},{"@type":"BreadcrumbList","@id":"https:\/\/acrimat.org.br\/portal\/funrural-relatora-do-refis-avalia-elevar-limite-de-r-15-milhoes-em-divida\/#breadcrumb","itemListElement":[{"@type":"ListItem","position":1,"name":"In\u00edcio","item":"https:\/\/acrimat.org.br\/portal\/"},{"@type":"ListItem","position":2,"name":"Funrural: relatora do Refis avalia elevar limite de R$ 15 milh\u00f5es em d\u00edvida"}]},{"@type":"WebSite","@id":"https:\/\/acrimat.org.br\/portal\/#website","url":"https:\/\/acrimat.org.br\/portal\/","name":"Acrimat","description":"Associa\u00e7\u00e3o dos Criadores de Mato Grosso","publisher":{"@id":"https:\/\/acrimat.org.br\/portal\/#organization"},"potentialAction":[{"@type":"SearchAction","target":{"@type":"EntryPoint","urlTemplate":"https:\/\/acrimat.org.br\/portal\/?s={search_term_string}"},"query-input":{"@type":"PropertyValueSpecification","valueRequired":true,"valueName":"search_term_string"}}],"inLanguage":"pt-BR"},{"@type":"Organization","@id":"https:\/\/acrimat.org.br\/portal\/#organization","name":"Associa\u00e7\u00e3o dos Criadores de Mato Grosso","url":"https:\/\/acrimat.org.br\/portal\/","logo":{"@type":"ImageObject","inLanguage":"pt-BR","@id":"https:\/\/acrimat.org.br\/portal\/#\/schema\/logo\/image\/","url":"https:\/\/acrimat.org.br\/portal\/wp-content\/uploads\/2018\/03\/logo-peq-original.png","contentUrl":"https:\/\/acrimat.org.br\/portal\/wp-content\/uploads\/2018\/03\/logo-peq-original.png","width":174,"height":171,"caption":"Associa\u00e7\u00e3o dos Criadores de Mato Grosso"},"image":{"@id":"https:\/\/acrimat.org.br\/portal\/#\/schema\/logo\/image\/"}},{"@type":"Person","@id":"https:\/\/acrimat.org.br\/portal\/#\/schema\/person\/18df8bcf6890e924fe5d8b5afd2bec0f","name":"P\u00e9ricles C\u00e2ndido","image":{"@type":"ImageObject","inLanguage":"pt-BR","@id":"https:\/\/acrimat.org.br\/portal\/#\/schema\/person\/image\/","url":"https:\/\/secure.gravatar.com\/avatar\/33e2a2b971dc363ed2df53d0d3bfbd18?s=96&d=mm&r=g","contentUrl":"https:\/\/secure.gravatar.com\/avatar\/33e2a2b971dc363ed2df53d0d3bfbd18?s=96&d=mm&r=g","caption":"P\u00e9ricles C\u00e2ndido"},"sameAs":["ascom@acrimat.org.br"],"url":"https:\/\/acrimat.org.br\/portal\/author\/designergrafico\/"}]}},"_links":{"self":[{"href":"https:\/\/acrimat.org.br\/portal\/wp-json\/wp\/v2\/posts\/97984669","targetHints":{"allow":["GET"]}}],"collection":[{"href":"https:\/\/acrimat.org.br\/portal\/wp-json\/wp\/v2\/posts"}],"about":[{"href":"https:\/\/acrimat.org.br\/portal\/wp-json\/wp\/v2\/types\/post"}],"author":[{"embeddable":true,"href":"https:\/\/acrimat.org.br\/portal\/wp-json\/wp\/v2\/users\/11"}],"replies":[{"embeddable":true,"href":"https:\/\/acrimat.org.br\/portal\/wp-json\/wp\/v2\/comments?post=97984669"}],"version-history":[{"count":1,"href":"https:\/\/acrimat.org.br\/portal\/wp-json\/wp\/v2\/posts\/97984669\/revisions"}],"predecessor-version":[{"id":97984671,"href":"https:\/\/acrimat.org.br\/portal\/wp-json\/wp\/v2\/posts\/97984669\/revisions\/97984671"}],"wp:featuredmedia":[{"embeddable":true,"href":"https:\/\/acrimat.org.br\/portal\/wp-json\/wp\/v2\/media\/97984670"}],"wp:attachment":[{"href":"https:\/\/acrimat.org.br\/portal\/wp-json\/wp\/v2\/media?parent=97984669"}],"wp:term":[{"taxonomy":"category","embeddable":true,"href":"https:\/\/acrimat.org.br\/portal\/wp-json\/wp\/v2\/categories?post=97984669"},{"taxonomy":"post_tag","embeddable":true,"href":"https:\/\/acrimat.org.br\/portal\/wp-json\/wp\/v2\/tags?post=97984669"}],"curies":[{"name":"wp","href":"https:\/\/api.w.org\/{rel}","templated":true}]}}