{"id":97984672,"date":"2017-11-07T08:31:22","date_gmt":"2017-11-07T11:31:22","guid":{"rendered":"http:\/\/acrimat.org.br\/portal\/?p=97984672"},"modified":"2017-11-07T08:31:22","modified_gmt":"2017-11-07T11:31:22","slug":"exportacoes-de-carne-bovina-in-natura-fecham-em-alta-em-outubro","status":"publish","type":"post","link":"https:\/\/acrimat.org.br\/portal\/exportacoes-de-carne-bovina-in-natura-fecham-em-alta-em-outubro\/","title":{"rendered":"Exporta\u00e7\u00f5es de carne bovina in natura fecham em alta em outubro"},"content":{"rendered":"<p>Segundo dados do Minist\u00e9rio da Ind\u00fastria, Com\u00e9rcio Exterior e Servi\u00e7os, em outubro o Brasil exportou 119,1 mil toneladas de carne bovina in natura, com faturamento total de US$503,2 milh\u00f5es.<\/p>\n<p>A m\u00e9dia di\u00e1ria exportada foi de 5,7 mil toneladas.<\/p>\n<p>Em rela\u00e7\u00e3o ao mesmo per\u00edodo do ano passado, o volume total exportado foi 42,8% maior. J\u00e1 em rela\u00e7\u00e3o a setembro \u00faltimo, a alta foi de 6,4%.<\/p>\n<p>\u00c9 o quarto m\u00eas consecutivo de alta nas exporta\u00e7\u00f5es quando comparamos a 2016. Veja figura 1.<\/p>\n<p>At\u00e9 outubro o Brasil exportou 985,99 mil toneladas de carne bovina in natura, uma alta de 7,8% em rela\u00e7\u00e3o ao mesmo per\u00edodo do ano passado.<\/p>\n<p>Figura 1.<\/p>\n<p>Volume de carne bovina in natura exportada pelo Brasil, em mil toneladas m\u00e9tricas.<\/p>\n<p><a href=\"http:\/\/acrimat.org.br\/portal\/wp-content\/uploads\/2017\/11\/171107-news-noticias-4-1.jpg\"><img fetchpriority=\"high\" decoding=\"async\" class=\"alignnone size-full wp-image-97984674\" src=\"http:\/\/acrimat.org.br\/portal\/wp-content\/uploads\/2017\/11\/171107-news-noticias-4-1.jpg\" alt=\"\" width=\"537\" height=\"325\" srcset=\"https:\/\/acrimat.org.br\/portal\/wp-content\/uploads\/2017\/11\/171107-news-noticias-4-1.jpg 537w, https:\/\/acrimat.org.br\/portal\/wp-content\/uploads\/2017\/11\/171107-news-noticias-4-1-300x182.jpg 300w, https:\/\/acrimat.org.br\/portal\/wp-content\/uploads\/2017\/11\/171107-news-noticias-4-1-250x151.jpg 250w, https:\/\/acrimat.org.br\/portal\/wp-content\/uploads\/2017\/11\/171107-news-noticias-4-1-297x180.jpg 297w, https:\/\/acrimat.org.br\/portal\/wp-content\/uploads\/2017\/11\/171107-news-noticias-4-1-496x300.jpg 496w\" sizes=\"(max-width: 537px) 100vw, 537px\" \/><\/a><\/p>\n<p><strong><em>Fonte: MDIC \/ Scot Consultoria \u2013<\/em><\/strong> <a href=\"http:\/\/www.scotconsultoria.com.br\">www.scotconsultoria.com.br<\/a>.<\/p>\n","protected":false},"excerpt":{"rendered":"<p>A m\u00e9dia di\u00e1ria exportada foi de 5,7 mil toneladas<\/p>\n","protected":false},"author":11,"featured_media":97984673,"comment_status":"closed","ping_status":"closed","sticky":false,"template":"","format":"standard","meta":{"footnotes":""},"categories":[6,1],"tags":[],"class_list":["post-97984672","post","type-post","status-publish","format-standard","has-post-thumbnail","hentry","category-destaque","category-noticia"],"yoast_head":"<!-- This site is optimized with the Yoast SEO plugin v24.8.1 - https:\/\/yoast.com\/wordpress\/plugins\/seo\/ -->\n<title>Exporta\u00e7\u00f5es de carne bovina in natura fecham em alta em outubro - Acrimat<\/title>\n<meta name=\"robots\" content=\"index, follow, max-snippet:-1, max-image-preview:large, max-video-preview:-1\" \/>\n<link rel=\"canonical\" href=\"https:\/\/acrimat.org.br\/portal\/exportacoes-de-carne-bovina-in-natura-fecham-em-alta-em-outubro\/\" \/>\n<meta property=\"og:locale\" content=\"pt_BR\" \/>\n<meta property=\"og:type\" content=\"article\" \/>\n<meta property=\"og:title\" content=\"Exporta\u00e7\u00f5es de carne bovina in natura fecham em alta em outubro - Acrimat\" \/>\n<meta property=\"og:description\" content=\"A m\u00e9dia di\u00e1ria exportada foi de 5,7 mil toneladas\" \/>\n<meta property=\"og:url\" content=\"https:\/\/acrimat.org.br\/portal\/exportacoes-de-carne-bovina-in-natura-fecham-em-alta-em-outubro\/\" \/>\n<meta property=\"og:site_name\" content=\"Acrimat\" \/>\n<meta property=\"article:published_time\" content=\"2017-11-07T11:31:22+00:00\" \/>\n<meta property=\"og:image\" content=\"https:\/\/acrimat.org.br\/portal\/wp-content\/uploads\/2017\/11\/exportacoes4-1.jpg\" \/>\n\t<meta property=\"og:image:width\" content=\"640\" \/>\n\t<meta property=\"og:image:height\" content=\"400\" \/>\n\t<meta property=\"og:image:type\" content=\"image\/jpeg\" \/>\n<meta name=\"author\" content=\"P\u00e9ricles C\u00e2ndido\" \/>\n<meta name=\"twitter:card\" content=\"summary_large_image\" \/>\n<meta name=\"twitter:label1\" content=\"Escrito por\" \/>\n\t<meta name=\"twitter:data1\" content=\"P\u00e9ricles C\u00e2ndido\" \/>\n\t<meta name=\"twitter:label2\" content=\"Est. tempo de leitura\" \/>\n\t<meta name=\"twitter:data2\" content=\"1 minuto\" \/>\n<script type=\"application\/ld+json\" class=\"yoast-schema-graph\">{\"@context\":\"https:\/\/schema.org\",\"@graph\":[{\"@type\":\"Article\",\"@id\":\"https:\/\/acrimat.org.br\/portal\/exportacoes-de-carne-bovina-in-natura-fecham-em-alta-em-outubro\/#article\",\"isPartOf\":{\"@id\":\"https:\/\/acrimat.org.br\/portal\/exportacoes-de-carne-bovina-in-natura-fecham-em-alta-em-outubro\/\"},\"author\":{\"name\":\"P\u00e9ricles C\u00e2ndido\",\"@id\":\"https:\/\/acrimat.org.br\/portal\/#\/schema\/person\/18df8bcf6890e924fe5d8b5afd2bec0f\"},\"headline\":\"Exporta\u00e7\u00f5es de carne bovina in natura fecham em alta em outubro\",\"datePublished\":\"2017-11-07T11:31:22+00:00\",\"mainEntityOfPage\":{\"@id\":\"https:\/\/acrimat.org.br\/portal\/exportacoes-de-carne-bovina-in-natura-fecham-em-alta-em-outubro\/\"},\"wordCount\":145,\"publisher\":{\"@id\":\"https:\/\/acrimat.org.br\/portal\/#organization\"},\"image\":{\"@id\":\"https:\/\/acrimat.org.br\/portal\/exportacoes-de-carne-bovina-in-natura-fecham-em-alta-em-outubro\/#primaryimage\"},\"thumbnailUrl\":\"https:\/\/acrimat.org.br\/portal\/wp-content\/uploads\/2017\/11\/exportacoes4-1.jpg\",\"articleSection\":[\"Destaques\",\"Not\u00edcias\"],\"inLanguage\":\"pt-BR\"},{\"@type\":\"WebPage\",\"@id\":\"https:\/\/acrimat.org.br\/portal\/exportacoes-de-carne-bovina-in-natura-fecham-em-alta-em-outubro\/\",\"url\":\"https:\/\/acrimat.org.br\/portal\/exportacoes-de-carne-bovina-in-natura-fecham-em-alta-em-outubro\/\",\"name\":\"Exporta\u00e7\u00f5es de carne bovina in natura fecham em alta em outubro - Acrimat\",\"isPartOf\":{\"@id\":\"https:\/\/acrimat.org.br\/portal\/#website\"},\"primaryImageOfPage\":{\"@id\":\"https:\/\/acrimat.org.br\/portal\/exportacoes-de-carne-bovina-in-natura-fecham-em-alta-em-outubro\/#primaryimage\"},\"image\":{\"@id\":\"https:\/\/acrimat.org.br\/portal\/exportacoes-de-carne-bovina-in-natura-fecham-em-alta-em-outubro\/#primaryimage\"},\"thumbnailUrl\":\"https:\/\/acrimat.org.br\/portal\/wp-content\/uploads\/2017\/11\/exportacoes4-1.jpg\",\"datePublished\":\"2017-11-07T11:31:22+00:00\",\"breadcrumb\":{\"@id\":\"https:\/\/acrimat.org.br\/portal\/exportacoes-de-carne-bovina-in-natura-fecham-em-alta-em-outubro\/#breadcrumb\"},\"inLanguage\":\"pt-BR\",\"potentialAction\":[{\"@type\":\"ReadAction\",\"target\":[\"https:\/\/acrimat.org.br\/portal\/exportacoes-de-carne-bovina-in-natura-fecham-em-alta-em-outubro\/\"]}]},{\"@type\":\"ImageObject\",\"inLanguage\":\"pt-BR\",\"@id\":\"https:\/\/acrimat.org.br\/portal\/exportacoes-de-carne-bovina-in-natura-fecham-em-alta-em-outubro\/#primaryimage\",\"url\":\"https:\/\/acrimat.org.br\/portal\/wp-content\/uploads\/2017\/11\/exportacoes4-1.jpg\",\"contentUrl\":\"https:\/\/acrimat.org.br\/portal\/wp-content\/uploads\/2017\/11\/exportacoes4-1.jpg\",\"width\":640,\"height\":400},{\"@type\":\"BreadcrumbList\",\"@id\":\"https:\/\/acrimat.org.br\/portal\/exportacoes-de-carne-bovina-in-natura-fecham-em-alta-em-outubro\/#breadcrumb\",\"itemListElement\":[{\"@type\":\"ListItem\",\"position\":1,\"name\":\"In\u00edcio\",\"item\":\"https:\/\/acrimat.org.br\/portal\/\"},{\"@type\":\"ListItem\",\"position\":2,\"name\":\"Exporta\u00e7\u00f5es de carne bovina in natura fecham em alta em outubro\"}]},{\"@type\":\"WebSite\",\"@id\":\"https:\/\/acrimat.org.br\/portal\/#website\",\"url\":\"https:\/\/acrimat.org.br\/portal\/\",\"name\":\"Acrimat\",\"description\":\"Associa\u00e7\u00e3o dos Criadores de Mato Grosso\",\"publisher\":{\"@id\":\"https:\/\/acrimat.org.br\/portal\/#organization\"},\"potentialAction\":[{\"@type\":\"SearchAction\",\"target\":{\"@type\":\"EntryPoint\",\"urlTemplate\":\"https:\/\/acrimat.org.br\/portal\/?s={search_term_string}\"},\"query-input\":{\"@type\":\"PropertyValueSpecification\",\"valueRequired\":true,\"valueName\":\"search_term_string\"}}],\"inLanguage\":\"pt-BR\"},{\"@type\":\"Organization\",\"@id\":\"https:\/\/acrimat.org.br\/portal\/#organization\",\"name\":\"Associa\u00e7\u00e3o dos Criadores de Mato Grosso\",\"url\":\"https:\/\/acrimat.org.br\/portal\/\",\"logo\":{\"@type\":\"ImageObject\",\"inLanguage\":\"pt-BR\",\"@id\":\"https:\/\/acrimat.org.br\/portal\/#\/schema\/logo\/image\/\",\"url\":\"https:\/\/acrimat.org.br\/portal\/wp-content\/uploads\/2018\/03\/logo-peq-original.png\",\"contentUrl\":\"https:\/\/acrimat.org.br\/portal\/wp-content\/uploads\/2018\/03\/logo-peq-original.png\",\"width\":174,\"height\":171,\"caption\":\"Associa\u00e7\u00e3o dos Criadores de Mato Grosso\"},\"image\":{\"@id\":\"https:\/\/acrimat.org.br\/portal\/#\/schema\/logo\/image\/\"}},{\"@type\":\"Person\",\"@id\":\"https:\/\/acrimat.org.br\/portal\/#\/schema\/person\/18df8bcf6890e924fe5d8b5afd2bec0f\",\"name\":\"P\u00e9ricles C\u00e2ndido\",\"image\":{\"@type\":\"ImageObject\",\"inLanguage\":\"pt-BR\",\"@id\":\"https:\/\/acrimat.org.br\/portal\/#\/schema\/person\/image\/\",\"url\":\"https:\/\/secure.gravatar.com\/avatar\/33e2a2b971dc363ed2df53d0d3bfbd18?s=96&d=mm&r=g\",\"contentUrl\":\"https:\/\/secure.gravatar.com\/avatar\/33e2a2b971dc363ed2df53d0d3bfbd18?s=96&d=mm&r=g\",\"caption\":\"P\u00e9ricles C\u00e2ndido\"},\"sameAs\":[\"ascom@acrimat.org.br\"],\"url\":\"https:\/\/acrimat.org.br\/portal\/author\/designergrafico\/\"}]}<\/script>\n<!-- \/ Yoast SEO plugin. -->","yoast_head_json":{"title":"Exporta\u00e7\u00f5es de carne bovina in natura fecham em alta em outubro - Acrimat","robots":{"index":"index","follow":"follow","max-snippet":"max-snippet:-1","max-image-preview":"max-image-preview:large","max-video-preview":"max-video-preview:-1"},"canonical":"https:\/\/acrimat.org.br\/portal\/exportacoes-de-carne-bovina-in-natura-fecham-em-alta-em-outubro\/","og_locale":"pt_BR","og_type":"article","og_title":"Exporta\u00e7\u00f5es de carne bovina in natura fecham em alta em outubro - Acrimat","og_description":"A m\u00e9dia di\u00e1ria exportada foi de 5,7 mil toneladas","og_url":"https:\/\/acrimat.org.br\/portal\/exportacoes-de-carne-bovina-in-natura-fecham-em-alta-em-outubro\/","og_site_name":"Acrimat","article_published_time":"2017-11-07T11:31:22+00:00","og_image":[{"width":640,"height":400,"url":"https:\/\/acrimat.org.br\/portal\/wp-content\/uploads\/2017\/11\/exportacoes4-1.jpg","type":"image\/jpeg"}],"author":"P\u00e9ricles C\u00e2ndido","twitter_card":"summary_large_image","twitter_misc":{"Escrito por":"P\u00e9ricles C\u00e2ndido","Est. tempo de leitura":"1 minuto"},"schema":{"@context":"https:\/\/schema.org","@graph":[{"@type":"Article","@id":"https:\/\/acrimat.org.br\/portal\/exportacoes-de-carne-bovina-in-natura-fecham-em-alta-em-outubro\/#article","isPartOf":{"@id":"https:\/\/acrimat.org.br\/portal\/exportacoes-de-carne-bovina-in-natura-fecham-em-alta-em-outubro\/"},"author":{"name":"P\u00e9ricles C\u00e2ndido","@id":"https:\/\/acrimat.org.br\/portal\/#\/schema\/person\/18df8bcf6890e924fe5d8b5afd2bec0f"},"headline":"Exporta\u00e7\u00f5es de carne bovina in natura fecham em alta em outubro","datePublished":"2017-11-07T11:31:22+00:00","mainEntityOfPage":{"@id":"https:\/\/acrimat.org.br\/portal\/exportacoes-de-carne-bovina-in-natura-fecham-em-alta-em-outubro\/"},"wordCount":145,"publisher":{"@id":"https:\/\/acrimat.org.br\/portal\/#organization"},"image":{"@id":"https:\/\/acrimat.org.br\/portal\/exportacoes-de-carne-bovina-in-natura-fecham-em-alta-em-outubro\/#primaryimage"},"thumbnailUrl":"https:\/\/acrimat.org.br\/portal\/wp-content\/uploads\/2017\/11\/exportacoes4-1.jpg","articleSection":["Destaques","Not\u00edcias"],"inLanguage":"pt-BR"},{"@type":"WebPage","@id":"https:\/\/acrimat.org.br\/portal\/exportacoes-de-carne-bovina-in-natura-fecham-em-alta-em-outubro\/","url":"https:\/\/acrimat.org.br\/portal\/exportacoes-de-carne-bovina-in-natura-fecham-em-alta-em-outubro\/","name":"Exporta\u00e7\u00f5es de carne bovina in natura fecham em alta em outubro - Acrimat","isPartOf":{"@id":"https:\/\/acrimat.org.br\/portal\/#website"},"primaryImageOfPage":{"@id":"https:\/\/acrimat.org.br\/portal\/exportacoes-de-carne-bovina-in-natura-fecham-em-alta-em-outubro\/#primaryimage"},"image":{"@id":"https:\/\/acrimat.org.br\/portal\/exportacoes-de-carne-bovina-in-natura-fecham-em-alta-em-outubro\/#primaryimage"},"thumbnailUrl":"https:\/\/acrimat.org.br\/portal\/wp-content\/uploads\/2017\/11\/exportacoes4-1.jpg","datePublished":"2017-11-07T11:31:22+00:00","breadcrumb":{"@id":"https:\/\/acrimat.org.br\/portal\/exportacoes-de-carne-bovina-in-natura-fecham-em-alta-em-outubro\/#breadcrumb"},"inLanguage":"pt-BR","potentialAction":[{"@type":"ReadAction","target":["https:\/\/acrimat.org.br\/portal\/exportacoes-de-carne-bovina-in-natura-fecham-em-alta-em-outubro\/"]}]},{"@type":"ImageObject","inLanguage":"pt-BR","@id":"https:\/\/acrimat.org.br\/portal\/exportacoes-de-carne-bovina-in-natura-fecham-em-alta-em-outubro\/#primaryimage","url":"https:\/\/acrimat.org.br\/portal\/wp-content\/uploads\/2017\/11\/exportacoes4-1.jpg","contentUrl":"https:\/\/acrimat.org.br\/portal\/wp-content\/uploads\/2017\/11\/exportacoes4-1.jpg","width":640,"height":400},{"@type":"BreadcrumbList","@id":"https:\/\/acrimat.org.br\/portal\/exportacoes-de-carne-bovina-in-natura-fecham-em-alta-em-outubro\/#breadcrumb","itemListElement":[{"@type":"ListItem","position":1,"name":"In\u00edcio","item":"https:\/\/acrimat.org.br\/portal\/"},{"@type":"ListItem","position":2,"name":"Exporta\u00e7\u00f5es de carne bovina in natura fecham em alta em outubro"}]},{"@type":"WebSite","@id":"https:\/\/acrimat.org.br\/portal\/#website","url":"https:\/\/acrimat.org.br\/portal\/","name":"Acrimat","description":"Associa\u00e7\u00e3o dos Criadores de Mato Grosso","publisher":{"@id":"https:\/\/acrimat.org.br\/portal\/#organization"},"potentialAction":[{"@type":"SearchAction","target":{"@type":"EntryPoint","urlTemplate":"https:\/\/acrimat.org.br\/portal\/?s={search_term_string}"},"query-input":{"@type":"PropertyValueSpecification","valueRequired":true,"valueName":"search_term_string"}}],"inLanguage":"pt-BR"},{"@type":"Organization","@id":"https:\/\/acrimat.org.br\/portal\/#organization","name":"Associa\u00e7\u00e3o dos Criadores de Mato Grosso","url":"https:\/\/acrimat.org.br\/portal\/","logo":{"@type":"ImageObject","inLanguage":"pt-BR","@id":"https:\/\/acrimat.org.br\/portal\/#\/schema\/logo\/image\/","url":"https:\/\/acrimat.org.br\/portal\/wp-content\/uploads\/2018\/03\/logo-peq-original.png","contentUrl":"https:\/\/acrimat.org.br\/portal\/wp-content\/uploads\/2018\/03\/logo-peq-original.png","width":174,"height":171,"caption":"Associa\u00e7\u00e3o dos Criadores de Mato Grosso"},"image":{"@id":"https:\/\/acrimat.org.br\/portal\/#\/schema\/logo\/image\/"}},{"@type":"Person","@id":"https:\/\/acrimat.org.br\/portal\/#\/schema\/person\/18df8bcf6890e924fe5d8b5afd2bec0f","name":"P\u00e9ricles C\u00e2ndido","image":{"@type":"ImageObject","inLanguage":"pt-BR","@id":"https:\/\/acrimat.org.br\/portal\/#\/schema\/person\/image\/","url":"https:\/\/secure.gravatar.com\/avatar\/33e2a2b971dc363ed2df53d0d3bfbd18?s=96&d=mm&r=g","contentUrl":"https:\/\/secure.gravatar.com\/avatar\/33e2a2b971dc363ed2df53d0d3bfbd18?s=96&d=mm&r=g","caption":"P\u00e9ricles C\u00e2ndido"},"sameAs":["ascom@acrimat.org.br"],"url":"https:\/\/acrimat.org.br\/portal\/author\/designergrafico\/"}]}},"_links":{"self":[{"href":"https:\/\/acrimat.org.br\/portal\/wp-json\/wp\/v2\/posts\/97984672","targetHints":{"allow":["GET"]}}],"collection":[{"href":"https:\/\/acrimat.org.br\/portal\/wp-json\/wp\/v2\/posts"}],"about":[{"href":"https:\/\/acrimat.org.br\/portal\/wp-json\/wp\/v2\/types\/post"}],"author":[{"embeddable":true,"href":"https:\/\/acrimat.org.br\/portal\/wp-json\/wp\/v2\/users\/11"}],"replies":[{"embeddable":true,"href":"https:\/\/acrimat.org.br\/portal\/wp-json\/wp\/v2\/comments?post=97984672"}],"version-history":[{"count":1,"href":"https:\/\/acrimat.org.br\/portal\/wp-json\/wp\/v2\/posts\/97984672\/revisions"}],"predecessor-version":[{"id":97984675,"href":"https:\/\/acrimat.org.br\/portal\/wp-json\/wp\/v2\/posts\/97984672\/revisions\/97984675"}],"wp:featuredmedia":[{"embeddable":true,"href":"https:\/\/acrimat.org.br\/portal\/wp-json\/wp\/v2\/media\/97984673"}],"wp:attachment":[{"href":"https:\/\/acrimat.org.br\/portal\/wp-json\/wp\/v2\/media?parent=97984672"}],"wp:term":[{"taxonomy":"category","embeddable":true,"href":"https:\/\/acrimat.org.br\/portal\/wp-json\/wp\/v2\/categories?post=97984672"},{"taxonomy":"post_tag","embeddable":true,"href":"https:\/\/acrimat.org.br\/portal\/wp-json\/wp\/v2\/tags?post=97984672"}],"curies":[{"name":"wp","href":"https:\/\/api.w.org\/{rel}","templated":true}]}}