{"id":97984679,"date":"2017-11-07T08:42:41","date_gmt":"2017-11-07T11:42:41","guid":{"rendered":"http:\/\/acrimat.org.br\/portal\/?p=97984679"},"modified":"2017-11-10T10:00:38","modified_gmt":"2017-11-10T13:00:38","slug":"tratam-nos-como-bandidos","status":"publish","type":"post","link":"https:\/\/acrimat.org.br\/portal\/tratam-nos-como-bandidos\/","title":{"rendered":"TRATAM-NOS COMO BANDIDOS"},"content":{"rendered":"<p>Lemos quase diariamente artigos sobre a quest\u00e3o clim\u00e1tica e ambiental do planeta, geralmente com vi\u00e9s catastr\u00f3fico, que acabamos ficando convencidos que n\u00e3o haveria mais nada para ser questionado e que tudo j\u00e1 seria a verdade em definitivo.<\/p>\n<p>Isto ocorre tamb\u00e9m com a quest\u00e3o ambiental da agropecu\u00e1ria brasileira.<\/p>\n<p>A opini\u00e3o p\u00fablica internacional e as ONGs ambientais decidiram que o Brasil destroi cada vez mais as suas florestas por a\u00e7\u00e3o direta e predat\u00f3ria da agricultura e da pecu\u00e1ria. Esquecem-se de dizer que temos 63% da nossa \u00e1rea original preservada e que cada propriedade \u00e9 obrigada a preservar de 20 a 80% da sua \u00e1rea nativa.<\/p>\n<p>Apanhamos de todo mundo. At\u00e9 a Gisele B\u00fcndchen entrou na lista.<\/p>\n<p>Para irmos ao c\u00e9u ambientalmente,, ter\u00edamos que retornar ao sistema org\u00e2nico e agroflorestal de produ\u00e7\u00e3o de alimentos. Nada contra a produ\u00e7\u00e3o org\u00e2nica.<\/p>\n<p>No m\u00eas passado agendei uma venda de gado para um frigor\u00edfico com o qual ainda n\u00e3o tinha negociado.<\/p>\n<p>Para minha surpresa, em fun\u00e7\u00e3o de exig\u00eancias de ONGs ambientais, tive que juntar mapas, documentos e assinar declara\u00e7\u00f5es, para provar que meus animais n\u00e3o foram criados em uma propriedade ambientalmente predat\u00f3ria.<\/p>\n<p>Chegamos ao ponto de ter que provar que n\u00e3o somos bandidos para poder vender o nosso gado.<\/p>\n<p>N\u00e3o estou culpando nenhum frigor\u00edfico. Tenho consci\u00eancia que se n\u00e3o acatarmos estas exig\u00eancias, ficaremos impedidos de exportar.<\/p>\n<p>Por\u00e9m, que interesses escusos haveria em quem nos acusa de grandes destruidores da natureza apesar de termos 63% da nossa \u00e1rea nativa preservada?<\/p>\n<p>Os fatos provam o contr\u00e1rio. As t\u00e9cnicas hoje utilizadas na produ\u00e7\u00e3o de gr\u00e3os, como o plantio direto e a agricultura de precis\u00e3o, est\u00e3o promovendo, al\u00e9m do aumento de produtividade, um ac\u00famulo de carbono no solo, uma redu\u00e7\u00e3o no uso de fertilizantes, economia de \u00f3leo diesel em fun\u00e7\u00e3o do cultivo m\u00ednimo e uma total infiltra\u00e7\u00e3o das \u00e1guas pluviais que \u00e9 o maior indicador de uma agricultura corretamente conduzida.<\/p>\n<p>Nos EUA os ruralistas defendem com unhas e dentes seus interesses. Possuem organiza\u00e7\u00f5es que tem como lema \u201c Farms here, forests there\u201d, isto \u00e9, \u201cFazendas aqui, florestas l\u00e1\u201d. Sustentam com dinheiro e influencia politica os greenpeaces do mundo.<\/p>\n<p>Quase no pa\u00eds inteiro temos condi\u00e7\u00f5es clim\u00e1ticas de produzir duas safras anuais. Com o advento da irriga\u00e7\u00e3o teremos possibilidades de produzir tr\u00eas safras. Esta situa\u00e7\u00e3o \u00e9 in\u00e9dita em quase todo planeta.<\/p>\n<p>Os pa\u00edses do hemisf\u00e9rio norte, s\u00f3 conseguem produzir uma safra.<\/p>\n<p>Vamos sim, incomodar muita gente.<\/p>\n<p>O Brasil vai se tornar inexoravelmente no maior produtor e exportador de alimentos do mundo.<\/p>\n<p>A intensifica\u00e7\u00e3o da pecu\u00e1ria de corte pelo uso de novas tecnologias ir\u00e1 liberar milh\u00f5es de hectares de pastagens para a agricultura.<\/p>\n<p>Nas pr\u00f3ximas d\u00e9cadas estaremos, no m\u00ednimo, duplicando nossa produ\u00e7\u00e3o agropecu\u00e1ria, sem qualquer desmatamento ilegal e conservando ambientalmente as \u00e1reas utilizadas no processo produtivo.<\/p>\n<p>\u00c9 bem prov\u00e1vel que sejamos hoje um dos campe\u00f5es mundiais da preserva\u00e7\u00e3o do meio ambiente.<\/p>\n<p>Arno Schneider<\/p>\n<p>Eng\u00ba agr\u00f4nomo e pecuarista<\/p>\n","protected":false},"excerpt":{"rendered":"<p>Esquecem-se de dizer que temos 63% da nossa \u00e1rea original preservada e que cada propriedade \u00e9 obrigada a preservar de 20 a 80% da sua \u00e1rea nativa<\/p>\n","protected":false},"author":11,"featured_media":97984680,"comment_status":"closed","ping_status":"closed","sticky":false,"template":"","format":"standard","meta":{"footnotes":""},"categories":[8,6],"tags":[],"class_list":["post-97984679","post","type-post","status-publish","format-standard","has-post-thumbnail","hentry","category-artigo","category-destaque"],"yoast_head":"<!-- This site is optimized with the Yoast SEO plugin v24.8.1 - https:\/\/yoast.com\/wordpress\/plugins\/seo\/ -->\n<title>TRATAM-NOS COMO BANDIDOS - Acrimat<\/title>\n<meta name=\"robots\" content=\"index, follow, max-snippet:-1, max-image-preview:large, max-video-preview:-1\" \/>\n<link rel=\"canonical\" href=\"https:\/\/acrimat.org.br\/portal\/tratam-nos-como-bandidos\/\" \/>\n<meta property=\"og:locale\" content=\"pt_BR\" \/>\n<meta property=\"og:type\" content=\"article\" \/>\n<meta property=\"og:title\" content=\"TRATAM-NOS COMO BANDIDOS - Acrimat\" \/>\n<meta property=\"og:description\" content=\"Esquecem-se de dizer que temos 63% da nossa \u00e1rea original preservada e que cada propriedade \u00e9 obrigada a preservar de 20 a 80% da sua \u00e1rea nativa\" \/>\n<meta property=\"og:url\" content=\"https:\/\/acrimat.org.br\/portal\/tratam-nos-como-bandidos\/\" \/>\n<meta property=\"og:site_name\" content=\"Acrimat\" \/>\n<meta property=\"article:published_time\" content=\"2017-11-07T11:42:41+00:00\" \/>\n<meta property=\"article:modified_time\" content=\"2017-11-10T13:00:38+00:00\" \/>\n<meta property=\"og:image\" content=\"https:\/\/acrimat.org.br\/portal\/wp-content\/uploads\/2017\/11\/arno-schneider-1.jpg\" \/>\n\t<meta property=\"og:image:width\" content=\"2590\" \/>\n\t<meta property=\"og:image:height\" content=\"3454\" \/>\n\t<meta property=\"og:image:type\" content=\"image\/jpeg\" \/>\n<meta name=\"author\" content=\"P\u00e9ricles C\u00e2ndido\" \/>\n<meta name=\"twitter:card\" content=\"summary_large_image\" \/>\n<meta name=\"twitter:label1\" content=\"Escrito por\" \/>\n\t<meta name=\"twitter:data1\" content=\"P\u00e9ricles C\u00e2ndido\" \/>\n\t<meta name=\"twitter:label2\" content=\"Est. tempo de leitura\" \/>\n\t<meta name=\"twitter:data2\" content=\"3 minutos\" \/>\n<script type=\"application\/ld+json\" class=\"yoast-schema-graph\">{\"@context\":\"https:\/\/schema.org\",\"@graph\":[{\"@type\":\"Article\",\"@id\":\"https:\/\/acrimat.org.br\/portal\/tratam-nos-como-bandidos\/#article\",\"isPartOf\":{\"@id\":\"https:\/\/acrimat.org.br\/portal\/tratam-nos-como-bandidos\/\"},\"author\":{\"name\":\"P\u00e9ricles C\u00e2ndido\",\"@id\":\"https:\/\/acrimat.org.br\/portal\/#\/schema\/person\/18df8bcf6890e924fe5d8b5afd2bec0f\"},\"headline\":\"TRATAM-NOS COMO BANDIDOS\",\"datePublished\":\"2017-11-07T11:42:41+00:00\",\"dateModified\":\"2017-11-10T13:00:38+00:00\",\"mainEntityOfPage\":{\"@id\":\"https:\/\/acrimat.org.br\/portal\/tratam-nos-como-bandidos\/\"},\"wordCount\":535,\"publisher\":{\"@id\":\"https:\/\/acrimat.org.br\/portal\/#organization\"},\"image\":{\"@id\":\"https:\/\/acrimat.org.br\/portal\/tratam-nos-como-bandidos\/#primaryimage\"},\"thumbnailUrl\":\"https:\/\/acrimat.org.br\/portal\/wp-content\/uploads\/2017\/11\/arno-schneider-1.jpg\",\"articleSection\":[\"Artigos\",\"Destaques\"],\"inLanguage\":\"pt-BR\"},{\"@type\":\"WebPage\",\"@id\":\"https:\/\/acrimat.org.br\/portal\/tratam-nos-como-bandidos\/\",\"url\":\"https:\/\/acrimat.org.br\/portal\/tratam-nos-como-bandidos\/\",\"name\":\"TRATAM-NOS COMO BANDIDOS - Acrimat\",\"isPartOf\":{\"@id\":\"https:\/\/acrimat.org.br\/portal\/#website\"},\"primaryImageOfPage\":{\"@id\":\"https:\/\/acrimat.org.br\/portal\/tratam-nos-como-bandidos\/#primaryimage\"},\"image\":{\"@id\":\"https:\/\/acrimat.org.br\/portal\/tratam-nos-como-bandidos\/#primaryimage\"},\"thumbnailUrl\":\"https:\/\/acrimat.org.br\/portal\/wp-content\/uploads\/2017\/11\/arno-schneider-1.jpg\",\"datePublished\":\"2017-11-07T11:42:41+00:00\",\"dateModified\":\"2017-11-10T13:00:38+00:00\",\"breadcrumb\":{\"@id\":\"https:\/\/acrimat.org.br\/portal\/tratam-nos-como-bandidos\/#breadcrumb\"},\"inLanguage\":\"pt-BR\",\"potentialAction\":[{\"@type\":\"ReadAction\",\"target\":[\"https:\/\/acrimat.org.br\/portal\/tratam-nos-como-bandidos\/\"]}]},{\"@type\":\"ImageObject\",\"inLanguage\":\"pt-BR\",\"@id\":\"https:\/\/acrimat.org.br\/portal\/tratam-nos-como-bandidos\/#primaryimage\",\"url\":\"https:\/\/acrimat.org.br\/portal\/wp-content\/uploads\/2017\/11\/arno-schneider-1.jpg\",\"contentUrl\":\"https:\/\/acrimat.org.br\/portal\/wp-content\/uploads\/2017\/11\/arno-schneider-1.jpg\",\"width\":2590,\"height\":3454},{\"@type\":\"BreadcrumbList\",\"@id\":\"https:\/\/acrimat.org.br\/portal\/tratam-nos-como-bandidos\/#breadcrumb\",\"itemListElement\":[{\"@type\":\"ListItem\",\"position\":1,\"name\":\"In\u00edcio\",\"item\":\"https:\/\/acrimat.org.br\/portal\/\"},{\"@type\":\"ListItem\",\"position\":2,\"name\":\"TRATAM-NOS COMO BANDIDOS\"}]},{\"@type\":\"WebSite\",\"@id\":\"https:\/\/acrimat.org.br\/portal\/#website\",\"url\":\"https:\/\/acrimat.org.br\/portal\/\",\"name\":\"Acrimat\",\"description\":\"Associa\u00e7\u00e3o dos Criadores de Mato Grosso\",\"publisher\":{\"@id\":\"https:\/\/acrimat.org.br\/portal\/#organization\"},\"potentialAction\":[{\"@type\":\"SearchAction\",\"target\":{\"@type\":\"EntryPoint\",\"urlTemplate\":\"https:\/\/acrimat.org.br\/portal\/?s={search_term_string}\"},\"query-input\":{\"@type\":\"PropertyValueSpecification\",\"valueRequired\":true,\"valueName\":\"search_term_string\"}}],\"inLanguage\":\"pt-BR\"},{\"@type\":\"Organization\",\"@id\":\"https:\/\/acrimat.org.br\/portal\/#organization\",\"name\":\"Associa\u00e7\u00e3o dos Criadores de Mato Grosso\",\"url\":\"https:\/\/acrimat.org.br\/portal\/\",\"logo\":{\"@type\":\"ImageObject\",\"inLanguage\":\"pt-BR\",\"@id\":\"https:\/\/acrimat.org.br\/portal\/#\/schema\/logo\/image\/\",\"url\":\"https:\/\/acrimat.org.br\/portal\/wp-content\/uploads\/2018\/03\/logo-peq-original.png\",\"contentUrl\":\"https:\/\/acrimat.org.br\/portal\/wp-content\/uploads\/2018\/03\/logo-peq-original.png\",\"width\":174,\"height\":171,\"caption\":\"Associa\u00e7\u00e3o dos Criadores de Mato Grosso\"},\"image\":{\"@id\":\"https:\/\/acrimat.org.br\/portal\/#\/schema\/logo\/image\/\"}},{\"@type\":\"Person\",\"@id\":\"https:\/\/acrimat.org.br\/portal\/#\/schema\/person\/18df8bcf6890e924fe5d8b5afd2bec0f\",\"name\":\"P\u00e9ricles C\u00e2ndido\",\"image\":{\"@type\":\"ImageObject\",\"inLanguage\":\"pt-BR\",\"@id\":\"https:\/\/acrimat.org.br\/portal\/#\/schema\/person\/image\/\",\"url\":\"https:\/\/secure.gravatar.com\/avatar\/33e2a2b971dc363ed2df53d0d3bfbd18?s=96&d=mm&r=g\",\"contentUrl\":\"https:\/\/secure.gravatar.com\/avatar\/33e2a2b971dc363ed2df53d0d3bfbd18?s=96&d=mm&r=g\",\"caption\":\"P\u00e9ricles C\u00e2ndido\"},\"sameAs\":[\"ascom@acrimat.org.br\"],\"url\":\"https:\/\/acrimat.org.br\/portal\/author\/designergrafico\/\"}]}<\/script>\n<!-- \/ Yoast SEO plugin. -->","yoast_head_json":{"title":"TRATAM-NOS COMO BANDIDOS - Acrimat","robots":{"index":"index","follow":"follow","max-snippet":"max-snippet:-1","max-image-preview":"max-image-preview:large","max-video-preview":"max-video-preview:-1"},"canonical":"https:\/\/acrimat.org.br\/portal\/tratam-nos-como-bandidos\/","og_locale":"pt_BR","og_type":"article","og_title":"TRATAM-NOS COMO BANDIDOS - Acrimat","og_description":"Esquecem-se de dizer que temos 63% da nossa \u00e1rea original preservada e que cada propriedade \u00e9 obrigada a preservar de 20 a 80% da sua \u00e1rea nativa","og_url":"https:\/\/acrimat.org.br\/portal\/tratam-nos-como-bandidos\/","og_site_name":"Acrimat","article_published_time":"2017-11-07T11:42:41+00:00","article_modified_time":"2017-11-10T13:00:38+00:00","og_image":[{"width":2590,"height":3454,"url":"https:\/\/acrimat.org.br\/portal\/wp-content\/uploads\/2017\/11\/arno-schneider-1.jpg","type":"image\/jpeg"}],"author":"P\u00e9ricles C\u00e2ndido","twitter_card":"summary_large_image","twitter_misc":{"Escrito por":"P\u00e9ricles C\u00e2ndido","Est. tempo de leitura":"3 minutos"},"schema":{"@context":"https:\/\/schema.org","@graph":[{"@type":"Article","@id":"https:\/\/acrimat.org.br\/portal\/tratam-nos-como-bandidos\/#article","isPartOf":{"@id":"https:\/\/acrimat.org.br\/portal\/tratam-nos-como-bandidos\/"},"author":{"name":"P\u00e9ricles C\u00e2ndido","@id":"https:\/\/acrimat.org.br\/portal\/#\/schema\/person\/18df8bcf6890e924fe5d8b5afd2bec0f"},"headline":"TRATAM-NOS COMO BANDIDOS","datePublished":"2017-11-07T11:42:41+00:00","dateModified":"2017-11-10T13:00:38+00:00","mainEntityOfPage":{"@id":"https:\/\/acrimat.org.br\/portal\/tratam-nos-como-bandidos\/"},"wordCount":535,"publisher":{"@id":"https:\/\/acrimat.org.br\/portal\/#organization"},"image":{"@id":"https:\/\/acrimat.org.br\/portal\/tratam-nos-como-bandidos\/#primaryimage"},"thumbnailUrl":"https:\/\/acrimat.org.br\/portal\/wp-content\/uploads\/2017\/11\/arno-schneider-1.jpg","articleSection":["Artigos","Destaques"],"inLanguage":"pt-BR"},{"@type":"WebPage","@id":"https:\/\/acrimat.org.br\/portal\/tratam-nos-como-bandidos\/","url":"https:\/\/acrimat.org.br\/portal\/tratam-nos-como-bandidos\/","name":"TRATAM-NOS COMO BANDIDOS - Acrimat","isPartOf":{"@id":"https:\/\/acrimat.org.br\/portal\/#website"},"primaryImageOfPage":{"@id":"https:\/\/acrimat.org.br\/portal\/tratam-nos-como-bandidos\/#primaryimage"},"image":{"@id":"https:\/\/acrimat.org.br\/portal\/tratam-nos-como-bandidos\/#primaryimage"},"thumbnailUrl":"https:\/\/acrimat.org.br\/portal\/wp-content\/uploads\/2017\/11\/arno-schneider-1.jpg","datePublished":"2017-11-07T11:42:41+00:00","dateModified":"2017-11-10T13:00:38+00:00","breadcrumb":{"@id":"https:\/\/acrimat.org.br\/portal\/tratam-nos-como-bandidos\/#breadcrumb"},"inLanguage":"pt-BR","potentialAction":[{"@type":"ReadAction","target":["https:\/\/acrimat.org.br\/portal\/tratam-nos-como-bandidos\/"]}]},{"@type":"ImageObject","inLanguage":"pt-BR","@id":"https:\/\/acrimat.org.br\/portal\/tratam-nos-como-bandidos\/#primaryimage","url":"https:\/\/acrimat.org.br\/portal\/wp-content\/uploads\/2017\/11\/arno-schneider-1.jpg","contentUrl":"https:\/\/acrimat.org.br\/portal\/wp-content\/uploads\/2017\/11\/arno-schneider-1.jpg","width":2590,"height":3454},{"@type":"BreadcrumbList","@id":"https:\/\/acrimat.org.br\/portal\/tratam-nos-como-bandidos\/#breadcrumb","itemListElement":[{"@type":"ListItem","position":1,"name":"In\u00edcio","item":"https:\/\/acrimat.org.br\/portal\/"},{"@type":"ListItem","position":2,"name":"TRATAM-NOS COMO BANDIDOS"}]},{"@type":"WebSite","@id":"https:\/\/acrimat.org.br\/portal\/#website","url":"https:\/\/acrimat.org.br\/portal\/","name":"Acrimat","description":"Associa\u00e7\u00e3o dos Criadores de Mato Grosso","publisher":{"@id":"https:\/\/acrimat.org.br\/portal\/#organization"},"potentialAction":[{"@type":"SearchAction","target":{"@type":"EntryPoint","urlTemplate":"https:\/\/acrimat.org.br\/portal\/?s={search_term_string}"},"query-input":{"@type":"PropertyValueSpecification","valueRequired":true,"valueName":"search_term_string"}}],"inLanguage":"pt-BR"},{"@type":"Organization","@id":"https:\/\/acrimat.org.br\/portal\/#organization","name":"Associa\u00e7\u00e3o dos Criadores de Mato Grosso","url":"https:\/\/acrimat.org.br\/portal\/","logo":{"@type":"ImageObject","inLanguage":"pt-BR","@id":"https:\/\/acrimat.org.br\/portal\/#\/schema\/logo\/image\/","url":"https:\/\/acrimat.org.br\/portal\/wp-content\/uploads\/2018\/03\/logo-peq-original.png","contentUrl":"https:\/\/acrimat.org.br\/portal\/wp-content\/uploads\/2018\/03\/logo-peq-original.png","width":174,"height":171,"caption":"Associa\u00e7\u00e3o dos Criadores de Mato Grosso"},"image":{"@id":"https:\/\/acrimat.org.br\/portal\/#\/schema\/logo\/image\/"}},{"@type":"Person","@id":"https:\/\/acrimat.org.br\/portal\/#\/schema\/person\/18df8bcf6890e924fe5d8b5afd2bec0f","name":"P\u00e9ricles C\u00e2ndido","image":{"@type":"ImageObject","inLanguage":"pt-BR","@id":"https:\/\/acrimat.org.br\/portal\/#\/schema\/person\/image\/","url":"https:\/\/secure.gravatar.com\/avatar\/33e2a2b971dc363ed2df53d0d3bfbd18?s=96&d=mm&r=g","contentUrl":"https:\/\/secure.gravatar.com\/avatar\/33e2a2b971dc363ed2df53d0d3bfbd18?s=96&d=mm&r=g","caption":"P\u00e9ricles C\u00e2ndido"},"sameAs":["ascom@acrimat.org.br"],"url":"https:\/\/acrimat.org.br\/portal\/author\/designergrafico\/"}]}},"_links":{"self":[{"href":"https:\/\/acrimat.org.br\/portal\/wp-json\/wp\/v2\/posts\/97984679","targetHints":{"allow":["GET"]}}],"collection":[{"href":"https:\/\/acrimat.org.br\/portal\/wp-json\/wp\/v2\/posts"}],"about":[{"href":"https:\/\/acrimat.org.br\/portal\/wp-json\/wp\/v2\/types\/post"}],"author":[{"embeddable":true,"href":"https:\/\/acrimat.org.br\/portal\/wp-json\/wp\/v2\/users\/11"}],"replies":[{"embeddable":true,"href":"https:\/\/acrimat.org.br\/portal\/wp-json\/wp\/v2\/comments?post=97984679"}],"version-history":[{"count":2,"href":"https:\/\/acrimat.org.br\/portal\/wp-json\/wp\/v2\/posts\/97984679\/revisions"}],"predecessor-version":[{"id":97984751,"href":"https:\/\/acrimat.org.br\/portal\/wp-json\/wp\/v2\/posts\/97984679\/revisions\/97984751"}],"wp:featuredmedia":[{"embeddable":true,"href":"https:\/\/acrimat.org.br\/portal\/wp-json\/wp\/v2\/media\/97984680"}],"wp:attachment":[{"href":"https:\/\/acrimat.org.br\/portal\/wp-json\/wp\/v2\/media?parent=97984679"}],"wp:term":[{"taxonomy":"category","embeddable":true,"href":"https:\/\/acrimat.org.br\/portal\/wp-json\/wp\/v2\/categories?post=97984679"},{"taxonomy":"post_tag","embeddable":true,"href":"https:\/\/acrimat.org.br\/portal\/wp-json\/wp\/v2\/tags?post=97984679"}],"curies":[{"name":"wp","href":"https:\/\/api.w.org\/{rel}","templated":true}]}}