{"id":97984688,"date":"2017-11-08T07:39:29","date_gmt":"2017-11-08T10:39:29","guid":{"rendered":"http:\/\/acrimat.org.br\/portal\/?p=97984688"},"modified":"2017-11-10T10:12:45","modified_gmt":"2017-11-10T13:12:45","slug":"proibicao-dos-russos-a-carne-brasileira-e-pressao-comercial-dizem-especialistas","status":"publish","type":"post","link":"https:\/\/acrimat.org.br\/portal\/proibicao-dos-russos-a-carne-brasileira-e-pressao-comercial-dizem-especialistas\/","title":{"rendered":"Proibi\u00e7\u00e3o dos russos \u00e0 carne brasileira \u00e9 press\u00e3o comercial"},"content":{"rendered":"<p>N\u00e3o fosse o estigma criado pela Opera\u00e7\u00e3o Carne Fraca sobre a imagem da carne brasileira no exterior, a proibi\u00e7\u00e3o tempor\u00e1ria da R\u00fassia \u00e0 importa\u00e7\u00e3o de carne do frigor\u00edfico Mataboi, e a exig\u00eancia de controles sanit\u00e1rios mais r\u00edgidos a outros exportadores (JBS, Frigoestraela, Frigol e Frigon), seriam apenas mais um cap\u00edtulo de rotinas comerciais desse mercado entre os dois pa\u00edses. Este tipo de exig\u00eancia sanit\u00e1ria e a proibi\u00e7\u00e3o de exporta\u00e7\u00e3o feitas pelos russos j\u00e1 aconteceram no passado, independente da Carne Fraca. Trata-se, dizem os especialistas, de uma estrat\u00e9gia comercial para pressionar por melhores pre\u00e7os ou vantagens comerciais, dizem os especialistas.<\/p>\n<p>Cesar de Castro Alves, analista de mercado da MBAgro, lembra que antes mesmo da Carne Fraca &#8212; opera\u00e7\u00e3o deflagrada em mar\u00e7o deste ano pela Pol\u00edcia Federal contra fraudes na fiscaliza\u00e7\u00e3o de frigor\u00edficos &#8211;, os russos sempre criaram, de tempos em tempos, barreiras \u00e0 carne brasileira. Segundo ele, a exporta\u00e7\u00e3o de carne bovina cresceu este ano para a R\u00fassia e, depois de um fluxo forte nos embarques, estoques podem ter se acumulado, levando \u00e0 decis\u00e3o de impor mais barreiras ao produto brasileiro.<\/p>\n<p>Na decis\u00e3o anunciada sexta-feira, o Servi\u00e7o Federal de Vigil\u00e2ncia Sanit\u00e1ria e Veterin\u00e1ria da R\u00fassia alegou que foram identificadas subst\u00e2ncias fora dos padr\u00f5es na carne bovina desses frigor\u00edficos brasileiros. Mas n\u00e3o especificou que tipo de subst\u00e2ncia, ou quais lotes estariam com problemas.<\/p>\n<p>&#8220;Os russos sempre foram protecionistas e s\u00e3o um parceiro importante do Brasil. Eles j\u00e1 criaram barreiras para o produto brasileiro outras vezes, mesmo antes da Carne Fraca. Em 2011, por exemplo, proibiram a exporta\u00e7\u00e3o de carne su\u00edna brasileira, o que criou um problema porque n\u00e3o havia como escoar o produto. Portanto, a decis\u00e3o de proibir a exporta\u00e7\u00e3o de carne do Mataboi e impor mais exig\u00eancias sanit\u00e1rias aos outros frigor\u00edficos nada tem a ver com a Carne Fraca. \u00c9 mais um movimento do jogo comercial entre os dois pa\u00edses&#8221;, diz Castro Alves, lembrando que os russos foram os \u00fanicos importadores que n\u00e3o impuseram nenhuma barreira ao produto brasileiro na \u00e9poca da Carne Fraca.<\/p>\n<p>Segundo uma fonte que n\u00e3o quis se identificar, os russos agora estariam interessados em vender trigo e pescados ao pa\u00eds. Como um acordo com o governo brasileiro para suspender barreiras \u00e0 importa\u00e7\u00e3o desse itens n\u00e3o avan\u00e7a, os russos come\u00e7aram a criar dificuldades \u00e0s carnes brasileiras. A R\u00fassia compra 11% da carne bovina nacional exportada, e 40% da carne su\u00edna.<\/p>\n<p>As exporta\u00e7\u00f5es de carne bovina para a R\u00fassia cresceram 12% entre janeiro e setembro deste ano, segundo dados da Associa\u00e7\u00e3o Brasileira das Ind\u00fastrias Exportadoras de Carnes (Abiec). O que faz do pa\u00eds o terceiro maior destino da carne bovina brasileira, atr\u00e1s de China (segunda colocada) e Hong Kong (o maior comprador). At\u00e9 setembro, os russos compraram 116.831 toneladas, o equivalente a US$ 375,08 milh\u00f5es.<\/p>\n<p>Os russos costumam usar os embargos tamb\u00e9m como forma de negociar pre\u00e7os, diz Alex Santos Lopes, analista da Scot Consultoria. N\u00e3o \u00e9 uma a\u00e7\u00e3o declarada. Para Lopes, n\u00e3o h\u00e1 neste momento possibilidade de questionamentos da qualidade da carne brasileira por outros pa\u00edses, como aconteceu durante a Carne Fraca.<\/p>\n","protected":false},"excerpt":{"rendered":"<p>Na decis\u00e3o anunciada sexta-feira, o Servi\u00e7o Federal de Vigil\u00e2ncia Sanit\u00e1ria e Veterin\u00e1ria da R\u00fassia alegou que foram identificadas subst\u00e2ncias fora dos padr\u00f5es na carne bovina desses frigor\u00edficos brasileiros<\/p>\n","protected":false},"author":7,"featured_media":97977355,"comment_status":"closed","ping_status":"closed","sticky":false,"template":"","format":"standard","meta":{"footnotes":""},"categories":[6,1],"tags":[],"class_list":["post-97984688","post","type-post","status-publish","format-standard","has-post-thumbnail","hentry","category-destaque","category-noticia"],"yoast_head":"<!-- This site is optimized with the Yoast SEO plugin v24.8.1 - https:\/\/yoast.com\/wordpress\/plugins\/seo\/ -->\n<title>Proibi\u00e7\u00e3o dos russos \u00e0 carne brasileira \u00e9 press\u00e3o comercial - Acrimat<\/title>\n<meta name=\"robots\" content=\"index, follow, max-snippet:-1, max-image-preview:large, max-video-preview:-1\" \/>\n<link rel=\"canonical\" href=\"https:\/\/acrimat.org.br\/portal\/proibicao-dos-russos-a-carne-brasileira-e-pressao-comercial-dizem-especialistas\/\" \/>\n<meta property=\"og:locale\" content=\"pt_BR\" \/>\n<meta property=\"og:type\" content=\"article\" \/>\n<meta property=\"og:title\" content=\"Proibi\u00e7\u00e3o dos russos \u00e0 carne brasileira \u00e9 press\u00e3o comercial - Acrimat\" \/>\n<meta property=\"og:description\" content=\"Na decis\u00e3o anunciada sexta-feira, o Servi\u00e7o Federal de Vigil\u00e2ncia Sanit\u00e1ria e Veterin\u00e1ria da R\u00fassia alegou que foram identificadas subst\u00e2ncias fora dos padr\u00f5es na carne bovina desses frigor\u00edficos brasileiros\" \/>\n<meta property=\"og:url\" content=\"https:\/\/acrimat.org.br\/portal\/proibicao-dos-russos-a-carne-brasileira-e-pressao-comercial-dizem-especialistas\/\" \/>\n<meta property=\"og:site_name\" content=\"Acrimat\" \/>\n<meta property=\"article:published_time\" content=\"2017-11-08T10:39:29+00:00\" \/>\n<meta property=\"article:modified_time\" content=\"2017-11-10T13:12:45+00:00\" \/>\n<meta property=\"og:image\" content=\"https:\/\/acrimat.org.br\/portal\/wp-content\/uploads\/2016\/08\/exportacoes_brasileiras1.jpeg\" \/>\n\t<meta property=\"og:image:width\" content=\"400\" \/>\n\t<meta property=\"og:image:height\" content=\"257\" \/>\n\t<meta property=\"og:image:type\" content=\"image\/jpeg\" \/>\n<meta name=\"author\" content=\"Assessoria de comunica\u00e7\u00e3o ACRIMAT\" \/>\n<meta name=\"twitter:card\" content=\"summary_large_image\" \/>\n<meta name=\"twitter:label1\" content=\"Escrito por\" \/>\n\t<meta name=\"twitter:data1\" content=\"Assessoria de comunica\u00e7\u00e3o ACRIMAT\" \/>\n\t<meta name=\"twitter:label2\" content=\"Est. tempo de leitura\" \/>\n\t<meta name=\"twitter:data2\" content=\"3 minutos\" \/>\n<script type=\"application\/ld+json\" class=\"yoast-schema-graph\">{\"@context\":\"https:\/\/schema.org\",\"@graph\":[{\"@type\":\"Article\",\"@id\":\"https:\/\/acrimat.org.br\/portal\/proibicao-dos-russos-a-carne-brasileira-e-pressao-comercial-dizem-especialistas\/#article\",\"isPartOf\":{\"@id\":\"https:\/\/acrimat.org.br\/portal\/proibicao-dos-russos-a-carne-brasileira-e-pressao-comercial-dizem-especialistas\/\"},\"author\":{\"name\":\"Assessoria de comunica\u00e7\u00e3o ACRIMAT\",\"@id\":\"https:\/\/acrimat.org.br\/portal\/#\/schema\/person\/a309b9496344ff991e8e1b1d751fdd7b\"},\"headline\":\"Proibi\u00e7\u00e3o dos russos \u00e0 carne brasileira \u00e9 press\u00e3o comercial\",\"datePublished\":\"2017-11-08T10:39:29+00:00\",\"dateModified\":\"2017-11-10T13:12:45+00:00\",\"mainEntityOfPage\":{\"@id\":\"https:\/\/acrimat.org.br\/portal\/proibicao-dos-russos-a-carne-brasileira-e-pressao-comercial-dizem-especialistas\/\"},\"wordCount\":570,\"publisher\":{\"@id\":\"https:\/\/acrimat.org.br\/portal\/#organization\"},\"image\":{\"@id\":\"https:\/\/acrimat.org.br\/portal\/proibicao-dos-russos-a-carne-brasileira-e-pressao-comercial-dizem-especialistas\/#primaryimage\"},\"thumbnailUrl\":\"https:\/\/acrimat.org.br\/portal\/wp-content\/uploads\/2016\/08\/exportacoes_brasileiras1.jpeg\",\"articleSection\":[\"Destaques\",\"Not\u00edcias\"],\"inLanguage\":\"pt-BR\"},{\"@type\":\"WebPage\",\"@id\":\"https:\/\/acrimat.org.br\/portal\/proibicao-dos-russos-a-carne-brasileira-e-pressao-comercial-dizem-especialistas\/\",\"url\":\"https:\/\/acrimat.org.br\/portal\/proibicao-dos-russos-a-carne-brasileira-e-pressao-comercial-dizem-especialistas\/\",\"name\":\"Proibi\u00e7\u00e3o dos russos \u00e0 carne brasileira \u00e9 press\u00e3o comercial - Acrimat\",\"isPartOf\":{\"@id\":\"https:\/\/acrimat.org.br\/portal\/#website\"},\"primaryImageOfPage\":{\"@id\":\"https:\/\/acrimat.org.br\/portal\/proibicao-dos-russos-a-carne-brasileira-e-pressao-comercial-dizem-especialistas\/#primaryimage\"},\"image\":{\"@id\":\"https:\/\/acrimat.org.br\/portal\/proibicao-dos-russos-a-carne-brasileira-e-pressao-comercial-dizem-especialistas\/#primaryimage\"},\"thumbnailUrl\":\"https:\/\/acrimat.org.br\/portal\/wp-content\/uploads\/2016\/08\/exportacoes_brasileiras1.jpeg\",\"datePublished\":\"2017-11-08T10:39:29+00:00\",\"dateModified\":\"2017-11-10T13:12:45+00:00\",\"breadcrumb\":{\"@id\":\"https:\/\/acrimat.org.br\/portal\/proibicao-dos-russos-a-carne-brasileira-e-pressao-comercial-dizem-especialistas\/#breadcrumb\"},\"inLanguage\":\"pt-BR\",\"potentialAction\":[{\"@type\":\"ReadAction\",\"target\":[\"https:\/\/acrimat.org.br\/portal\/proibicao-dos-russos-a-carne-brasileira-e-pressao-comercial-dizem-especialistas\/\"]}]},{\"@type\":\"ImageObject\",\"inLanguage\":\"pt-BR\",\"@id\":\"https:\/\/acrimat.org.br\/portal\/proibicao-dos-russos-a-carne-brasileira-e-pressao-comercial-dizem-especialistas\/#primaryimage\",\"url\":\"https:\/\/acrimat.org.br\/portal\/wp-content\/uploads\/2016\/08\/exportacoes_brasileiras1.jpeg\",\"contentUrl\":\"https:\/\/acrimat.org.br\/portal\/wp-content\/uploads\/2016\/08\/exportacoes_brasileiras1.jpeg\",\"width\":400,\"height\":257},{\"@type\":\"BreadcrumbList\",\"@id\":\"https:\/\/acrimat.org.br\/portal\/proibicao-dos-russos-a-carne-brasileira-e-pressao-comercial-dizem-especialistas\/#breadcrumb\",\"itemListElement\":[{\"@type\":\"ListItem\",\"position\":1,\"name\":\"In\u00edcio\",\"item\":\"https:\/\/acrimat.org.br\/portal\/\"},{\"@type\":\"ListItem\",\"position\":2,\"name\":\"Proibi\u00e7\u00e3o dos russos \u00e0 carne brasileira \u00e9 press\u00e3o comercial\"}]},{\"@type\":\"WebSite\",\"@id\":\"https:\/\/acrimat.org.br\/portal\/#website\",\"url\":\"https:\/\/acrimat.org.br\/portal\/\",\"name\":\"Acrimat\",\"description\":\"Associa\u00e7\u00e3o dos Criadores de Mato Grosso\",\"publisher\":{\"@id\":\"https:\/\/acrimat.org.br\/portal\/#organization\"},\"potentialAction\":[{\"@type\":\"SearchAction\",\"target\":{\"@type\":\"EntryPoint\",\"urlTemplate\":\"https:\/\/acrimat.org.br\/portal\/?s={search_term_string}\"},\"query-input\":{\"@type\":\"PropertyValueSpecification\",\"valueRequired\":true,\"valueName\":\"search_term_string\"}}],\"inLanguage\":\"pt-BR\"},{\"@type\":\"Organization\",\"@id\":\"https:\/\/acrimat.org.br\/portal\/#organization\",\"name\":\"Associa\u00e7\u00e3o dos Criadores de Mato Grosso\",\"url\":\"https:\/\/acrimat.org.br\/portal\/\",\"logo\":{\"@type\":\"ImageObject\",\"inLanguage\":\"pt-BR\",\"@id\":\"https:\/\/acrimat.org.br\/portal\/#\/schema\/logo\/image\/\",\"url\":\"https:\/\/acrimat.org.br\/portal\/wp-content\/uploads\/2018\/03\/logo-peq-original.png\",\"contentUrl\":\"https:\/\/acrimat.org.br\/portal\/wp-content\/uploads\/2018\/03\/logo-peq-original.png\",\"width\":174,\"height\":171,\"caption\":\"Associa\u00e7\u00e3o dos Criadores de Mato Grosso\"},\"image\":{\"@id\":\"https:\/\/acrimat.org.br\/portal\/#\/schema\/logo\/image\/\"}},{\"@type\":\"Person\",\"@id\":\"https:\/\/acrimat.org.br\/portal\/#\/schema\/person\/a309b9496344ff991e8e1b1d751fdd7b\",\"name\":\"Assessoria de comunica\u00e7\u00e3o ACRIMAT\",\"image\":{\"@type\":\"ImageObject\",\"inLanguage\":\"pt-BR\",\"@id\":\"https:\/\/acrimat.org.br\/portal\/#\/schema\/person\/image\/\",\"url\":\"https:\/\/secure.gravatar.com\/avatar\/2f9c28e64c317bcd762b25cb1575f1b4?s=96&d=mm&r=g\",\"contentUrl\":\"https:\/\/secure.gravatar.com\/avatar\/2f9c28e64c317bcd762b25cb1575f1b4?s=96&d=mm&r=g\",\"caption\":\"Assessoria de comunica\u00e7\u00e3o ACRIMAT\"},\"sameAs\":[\"http:\/\/acrimat.org.br\/\"],\"url\":\"https:\/\/acrimat.org.br\/portal\/author\/ascom\/\"}]}<\/script>\n<!-- \/ Yoast SEO plugin. -->","yoast_head_json":{"title":"Proibi\u00e7\u00e3o dos russos \u00e0 carne brasileira \u00e9 press\u00e3o comercial - Acrimat","robots":{"index":"index","follow":"follow","max-snippet":"max-snippet:-1","max-image-preview":"max-image-preview:large","max-video-preview":"max-video-preview:-1"},"canonical":"https:\/\/acrimat.org.br\/portal\/proibicao-dos-russos-a-carne-brasileira-e-pressao-comercial-dizem-especialistas\/","og_locale":"pt_BR","og_type":"article","og_title":"Proibi\u00e7\u00e3o dos russos \u00e0 carne brasileira \u00e9 press\u00e3o comercial - Acrimat","og_description":"Na decis\u00e3o anunciada sexta-feira, o Servi\u00e7o Federal de Vigil\u00e2ncia Sanit\u00e1ria e Veterin\u00e1ria da R\u00fassia alegou que foram identificadas subst\u00e2ncias fora dos padr\u00f5es na carne bovina desses frigor\u00edficos brasileiros","og_url":"https:\/\/acrimat.org.br\/portal\/proibicao-dos-russos-a-carne-brasileira-e-pressao-comercial-dizem-especialistas\/","og_site_name":"Acrimat","article_published_time":"2017-11-08T10:39:29+00:00","article_modified_time":"2017-11-10T13:12:45+00:00","og_image":[{"width":400,"height":257,"url":"https:\/\/acrimat.org.br\/portal\/wp-content\/uploads\/2016\/08\/exportacoes_brasileiras1.jpeg","type":"image\/jpeg"}],"author":"Assessoria de comunica\u00e7\u00e3o ACRIMAT","twitter_card":"summary_large_image","twitter_misc":{"Escrito por":"Assessoria de comunica\u00e7\u00e3o ACRIMAT","Est. tempo de leitura":"3 minutos"},"schema":{"@context":"https:\/\/schema.org","@graph":[{"@type":"Article","@id":"https:\/\/acrimat.org.br\/portal\/proibicao-dos-russos-a-carne-brasileira-e-pressao-comercial-dizem-especialistas\/#article","isPartOf":{"@id":"https:\/\/acrimat.org.br\/portal\/proibicao-dos-russos-a-carne-brasileira-e-pressao-comercial-dizem-especialistas\/"},"author":{"name":"Assessoria de comunica\u00e7\u00e3o ACRIMAT","@id":"https:\/\/acrimat.org.br\/portal\/#\/schema\/person\/a309b9496344ff991e8e1b1d751fdd7b"},"headline":"Proibi\u00e7\u00e3o dos russos \u00e0 carne brasileira \u00e9 press\u00e3o comercial","datePublished":"2017-11-08T10:39:29+00:00","dateModified":"2017-11-10T13:12:45+00:00","mainEntityOfPage":{"@id":"https:\/\/acrimat.org.br\/portal\/proibicao-dos-russos-a-carne-brasileira-e-pressao-comercial-dizem-especialistas\/"},"wordCount":570,"publisher":{"@id":"https:\/\/acrimat.org.br\/portal\/#organization"},"image":{"@id":"https:\/\/acrimat.org.br\/portal\/proibicao-dos-russos-a-carne-brasileira-e-pressao-comercial-dizem-especialistas\/#primaryimage"},"thumbnailUrl":"https:\/\/acrimat.org.br\/portal\/wp-content\/uploads\/2016\/08\/exportacoes_brasileiras1.jpeg","articleSection":["Destaques","Not\u00edcias"],"inLanguage":"pt-BR"},{"@type":"WebPage","@id":"https:\/\/acrimat.org.br\/portal\/proibicao-dos-russos-a-carne-brasileira-e-pressao-comercial-dizem-especialistas\/","url":"https:\/\/acrimat.org.br\/portal\/proibicao-dos-russos-a-carne-brasileira-e-pressao-comercial-dizem-especialistas\/","name":"Proibi\u00e7\u00e3o dos russos \u00e0 carne brasileira \u00e9 press\u00e3o comercial - Acrimat","isPartOf":{"@id":"https:\/\/acrimat.org.br\/portal\/#website"},"primaryImageOfPage":{"@id":"https:\/\/acrimat.org.br\/portal\/proibicao-dos-russos-a-carne-brasileira-e-pressao-comercial-dizem-especialistas\/#primaryimage"},"image":{"@id":"https:\/\/acrimat.org.br\/portal\/proibicao-dos-russos-a-carne-brasileira-e-pressao-comercial-dizem-especialistas\/#primaryimage"},"thumbnailUrl":"https:\/\/acrimat.org.br\/portal\/wp-content\/uploads\/2016\/08\/exportacoes_brasileiras1.jpeg","datePublished":"2017-11-08T10:39:29+00:00","dateModified":"2017-11-10T13:12:45+00:00","breadcrumb":{"@id":"https:\/\/acrimat.org.br\/portal\/proibicao-dos-russos-a-carne-brasileira-e-pressao-comercial-dizem-especialistas\/#breadcrumb"},"inLanguage":"pt-BR","potentialAction":[{"@type":"ReadAction","target":["https:\/\/acrimat.org.br\/portal\/proibicao-dos-russos-a-carne-brasileira-e-pressao-comercial-dizem-especialistas\/"]}]},{"@type":"ImageObject","inLanguage":"pt-BR","@id":"https:\/\/acrimat.org.br\/portal\/proibicao-dos-russos-a-carne-brasileira-e-pressao-comercial-dizem-especialistas\/#primaryimage","url":"https:\/\/acrimat.org.br\/portal\/wp-content\/uploads\/2016\/08\/exportacoes_brasileiras1.jpeg","contentUrl":"https:\/\/acrimat.org.br\/portal\/wp-content\/uploads\/2016\/08\/exportacoes_brasileiras1.jpeg","width":400,"height":257},{"@type":"BreadcrumbList","@id":"https:\/\/acrimat.org.br\/portal\/proibicao-dos-russos-a-carne-brasileira-e-pressao-comercial-dizem-especialistas\/#breadcrumb","itemListElement":[{"@type":"ListItem","position":1,"name":"In\u00edcio","item":"https:\/\/acrimat.org.br\/portal\/"},{"@type":"ListItem","position":2,"name":"Proibi\u00e7\u00e3o dos russos \u00e0 carne brasileira \u00e9 press\u00e3o comercial"}]},{"@type":"WebSite","@id":"https:\/\/acrimat.org.br\/portal\/#website","url":"https:\/\/acrimat.org.br\/portal\/","name":"Acrimat","description":"Associa\u00e7\u00e3o dos Criadores de Mato Grosso","publisher":{"@id":"https:\/\/acrimat.org.br\/portal\/#organization"},"potentialAction":[{"@type":"SearchAction","target":{"@type":"EntryPoint","urlTemplate":"https:\/\/acrimat.org.br\/portal\/?s={search_term_string}"},"query-input":{"@type":"PropertyValueSpecification","valueRequired":true,"valueName":"search_term_string"}}],"inLanguage":"pt-BR"},{"@type":"Organization","@id":"https:\/\/acrimat.org.br\/portal\/#organization","name":"Associa\u00e7\u00e3o dos Criadores de Mato Grosso","url":"https:\/\/acrimat.org.br\/portal\/","logo":{"@type":"ImageObject","inLanguage":"pt-BR","@id":"https:\/\/acrimat.org.br\/portal\/#\/schema\/logo\/image\/","url":"https:\/\/acrimat.org.br\/portal\/wp-content\/uploads\/2018\/03\/logo-peq-original.png","contentUrl":"https:\/\/acrimat.org.br\/portal\/wp-content\/uploads\/2018\/03\/logo-peq-original.png","width":174,"height":171,"caption":"Associa\u00e7\u00e3o dos Criadores de Mato Grosso"},"image":{"@id":"https:\/\/acrimat.org.br\/portal\/#\/schema\/logo\/image\/"}},{"@type":"Person","@id":"https:\/\/acrimat.org.br\/portal\/#\/schema\/person\/a309b9496344ff991e8e1b1d751fdd7b","name":"Assessoria de comunica\u00e7\u00e3o ACRIMAT","image":{"@type":"ImageObject","inLanguage":"pt-BR","@id":"https:\/\/acrimat.org.br\/portal\/#\/schema\/person\/image\/","url":"https:\/\/secure.gravatar.com\/avatar\/2f9c28e64c317bcd762b25cb1575f1b4?s=96&d=mm&r=g","contentUrl":"https:\/\/secure.gravatar.com\/avatar\/2f9c28e64c317bcd762b25cb1575f1b4?s=96&d=mm&r=g","caption":"Assessoria de comunica\u00e7\u00e3o ACRIMAT"},"sameAs":["http:\/\/acrimat.org.br\/"],"url":"https:\/\/acrimat.org.br\/portal\/author\/ascom\/"}]}},"_links":{"self":[{"href":"https:\/\/acrimat.org.br\/portal\/wp-json\/wp\/v2\/posts\/97984688","targetHints":{"allow":["GET"]}}],"collection":[{"href":"https:\/\/acrimat.org.br\/portal\/wp-json\/wp\/v2\/posts"}],"about":[{"href":"https:\/\/acrimat.org.br\/portal\/wp-json\/wp\/v2\/types\/post"}],"author":[{"embeddable":true,"href":"https:\/\/acrimat.org.br\/portal\/wp-json\/wp\/v2\/users\/7"}],"replies":[{"embeddable":true,"href":"https:\/\/acrimat.org.br\/portal\/wp-json\/wp\/v2\/comments?post=97984688"}],"version-history":[{"count":3,"href":"https:\/\/acrimat.org.br\/portal\/wp-json\/wp\/v2\/posts\/97984688\/revisions"}],"predecessor-version":[{"id":97984755,"href":"https:\/\/acrimat.org.br\/portal\/wp-json\/wp\/v2\/posts\/97984688\/revisions\/97984755"}],"wp:featuredmedia":[{"embeddable":true,"href":"https:\/\/acrimat.org.br\/portal\/wp-json\/wp\/v2\/media\/97977355"}],"wp:attachment":[{"href":"https:\/\/acrimat.org.br\/portal\/wp-json\/wp\/v2\/media?parent=97984688"}],"wp:term":[{"taxonomy":"category","embeddable":true,"href":"https:\/\/acrimat.org.br\/portal\/wp-json\/wp\/v2\/categories?post=97984688"},{"taxonomy":"post_tag","embeddable":true,"href":"https:\/\/acrimat.org.br\/portal\/wp-json\/wp\/v2\/tags?post=97984688"}],"curies":[{"name":"wp","href":"https:\/\/api.w.org\/{rel}","templated":true}]}}