{"id":97984693,"date":"2017-11-08T07:42:34","date_gmt":"2017-11-08T10:42:34","guid":{"rendered":"http:\/\/acrimat.org.br\/portal\/?p=97984693"},"modified":"2017-11-09T09:29:59","modified_gmt":"2017-11-09T12:29:59","slug":"relatorio-da-mp-do-funrural-e-aprovado-em-comissao-especial-com-ampla-maioria","status":"publish","type":"post","link":"https:\/\/acrimat.org.br\/portal\/relatorio-da-mp-do-funrural-e-aprovado-em-comissao-especial-com-ampla-maioria\/","title":{"rendered":"Relat\u00f3rio da MP do Funrural \u00e9 aprovado em comiss\u00e3o especial"},"content":{"rendered":"<p>A Comiss\u00e3o Mista da Medida Provis\u00f3ria 793\/2017 do Senado Federal, aprovou nesta ter\u00e7a-feira (7), relat\u00f3rio de autoria da deputada federal Tereza Cristina (sem partido\/MS), vice-presidente da Frente Parlamentar da Agropecu\u00e1ria (FPA), sobre a MP do Funrural. Por 17 votos a favor e 3 contra, o relat\u00f3rio agora deve ir ao plen\u00e1rio da C\u00e2mara dos Deputados e depois para o Senado.<\/p>\n<p>O texto recebeu altera\u00e7\u00f5es durante a discuss\u00e3o. Com as mudan\u00e7as, a ades\u00e3o ao Fundo passa a ser feita com entrada de 2,5% do valor a ser pago, com pagamento mensal de 0,8%, calculado sobre o faturamento bruto de 2016. Produtores rurais pessoa jur\u00eddica tamb\u00e9m poder\u00e3o optar pelo pagamento da contribui\u00e7\u00e3o em folha j\u00e1 a partir de 2018.<\/p>\n<p>Para o deputado Nilson Leit\u00e3o (PSDB\/MT), presidente da FPA, a briga na Comiss\u00e3o foi justamente para majorar a entrada para quem aderir ao Programa, que saiu de 1% e foi para 2,5%, mas essa porcentagem para o produtor rural que deve R$ 80 milh\u00f5es, \u00e0s vezes, \u00e9 muito dinheiro. \u201cS\u00e3o empresas familiares, regionais, que ficam com essa d\u00edvida acumulada. Ent\u00e3o \u00e9 claro que \u00e9 muito dinheiro para isso e \u00e9 isso que estamos brigando e vamos brigar em plen\u00e1rio. Defendemos que a entrada seja menor para n\u00e3o inviabilizar o setor\u201d. O deputado complementou que n\u00e3o adianta falar que o governo deixa de arrecadar e colocar o setor em uma situa\u00e7\u00e3o insustent\u00e1vel.<\/p>\n<p>Ap\u00f3s o termino da vota\u00e7\u00e3o, a relatora Tereza Cristina ressaltou que n\u00e3o \u00e9 uma ren\u00fancia fiscal, pois a sociedade \u00e9 quem ganha com a aprova\u00e7\u00e3o dessa medida. \u201c\u00c9 um dinheiro que ser\u00e1 revertido para o emprego. A redu\u00e7\u00e3o da produ\u00e7\u00e3o gera infla\u00e7\u00e3o automaticamente. Hoje, o Brasil tem infla\u00e7\u00e3o negativa gra\u00e7as ao setor de alimentos. N\u00f3s estamos, na verdade, olhando para o futuro e lutando para manter o setor ativo em sua produ\u00e7\u00e3o e sua participa\u00e7\u00e3o tamb\u00e9m na balan\u00e7a comercial de exporta\u00e7\u00e3o, que o agroneg\u00f3cio \u00e9 quem carrega os bons resultados disso\u201d, destacou a deputada.<\/p>\n","protected":false},"excerpt":{"rendered":"<p>Por 17 votos a favor e 3 contra, o relat\u00f3rio agora deve ir ao plen\u00e1rio da C\u00e2mara dos Deputados e depois para o Senado<\/p>\n","protected":false},"author":7,"featured_media":97984670,"comment_status":"closed","ping_status":"closed","sticky":false,"template":"","format":"standard","meta":{"footnotes":""},"categories":[6,1],"tags":[],"class_list":["post-97984693","post","type-post","status-publish","format-standard","has-post-thumbnail","hentry","category-destaque","category-noticia"],"yoast_head":"<!-- This site is optimized with the Yoast SEO plugin v24.8.1 - https:\/\/yoast.com\/wordpress\/plugins\/seo\/ -->\n<title>Relat\u00f3rio da MP do Funrural \u00e9 aprovado em comiss\u00e3o especial - Acrimat<\/title>\n<meta name=\"robots\" content=\"index, follow, max-snippet:-1, max-image-preview:large, max-video-preview:-1\" \/>\n<link rel=\"canonical\" href=\"https:\/\/acrimat.org.br\/portal\/relatorio-da-mp-do-funrural-e-aprovado-em-comissao-especial-com-ampla-maioria\/\" \/>\n<meta property=\"og:locale\" content=\"pt_BR\" \/>\n<meta property=\"og:type\" content=\"article\" \/>\n<meta property=\"og:title\" content=\"Relat\u00f3rio da MP do Funrural \u00e9 aprovado em comiss\u00e3o especial - Acrimat\" \/>\n<meta property=\"og:description\" content=\"Por 17 votos a favor e 3 contra, o relat\u00f3rio agora deve ir ao plen\u00e1rio da C\u00e2mara dos Deputados e depois para o Senado\" \/>\n<meta property=\"og:url\" content=\"https:\/\/acrimat.org.br\/portal\/relatorio-da-mp-do-funrural-e-aprovado-em-comissao-especial-com-ampla-maioria\/\" \/>\n<meta property=\"og:site_name\" content=\"Acrimat\" \/>\n<meta property=\"article:published_time\" content=\"2017-11-08T10:42:34+00:00\" \/>\n<meta property=\"article:modified_time\" content=\"2017-11-09T12:29:59+00:00\" \/>\n<meta property=\"og:image\" content=\"https:\/\/acrimat.org.br\/portal\/wp-content\/uploads\/2017\/11\/1501713947795.jpg\" \/>\n\t<meta property=\"og:image:width\" content=\"640\" \/>\n\t<meta property=\"og:image:height\" content=\"427\" \/>\n\t<meta property=\"og:image:type\" content=\"image\/jpeg\" \/>\n<meta name=\"author\" content=\"Assessoria de comunica\u00e7\u00e3o ACRIMAT\" \/>\n<meta name=\"twitter:card\" content=\"summary_large_image\" \/>\n<meta name=\"twitter:label1\" content=\"Escrito por\" \/>\n\t<meta name=\"twitter:data1\" content=\"Assessoria de comunica\u00e7\u00e3o ACRIMAT\" \/>\n\t<meta name=\"twitter:label2\" content=\"Est. tempo de leitura\" \/>\n\t<meta name=\"twitter:data2\" content=\"2 minutos\" \/>\n<script type=\"application\/ld+json\" class=\"yoast-schema-graph\">{\"@context\":\"https:\/\/schema.org\",\"@graph\":[{\"@type\":\"Article\",\"@id\":\"https:\/\/acrimat.org.br\/portal\/relatorio-da-mp-do-funrural-e-aprovado-em-comissao-especial-com-ampla-maioria\/#article\",\"isPartOf\":{\"@id\":\"https:\/\/acrimat.org.br\/portal\/relatorio-da-mp-do-funrural-e-aprovado-em-comissao-especial-com-ampla-maioria\/\"},\"author\":{\"name\":\"Assessoria de comunica\u00e7\u00e3o ACRIMAT\",\"@id\":\"https:\/\/acrimat.org.br\/portal\/#\/schema\/person\/a309b9496344ff991e8e1b1d751fdd7b\"},\"headline\":\"Relat\u00f3rio da MP do Funrural \u00e9 aprovado em comiss\u00e3o especial\",\"datePublished\":\"2017-11-08T10:42:34+00:00\",\"dateModified\":\"2017-11-09T12:29:59+00:00\",\"mainEntityOfPage\":{\"@id\":\"https:\/\/acrimat.org.br\/portal\/relatorio-da-mp-do-funrural-e-aprovado-em-comissao-especial-com-ampla-maioria\/\"},\"wordCount\":360,\"publisher\":{\"@id\":\"https:\/\/acrimat.org.br\/portal\/#organization\"},\"image\":{\"@id\":\"https:\/\/acrimat.org.br\/portal\/relatorio-da-mp-do-funrural-e-aprovado-em-comissao-especial-com-ampla-maioria\/#primaryimage\"},\"thumbnailUrl\":\"https:\/\/acrimat.org.br\/portal\/wp-content\/uploads\/2017\/11\/1501713947795.jpg\",\"articleSection\":[\"Destaques\",\"Not\u00edcias\"],\"inLanguage\":\"pt-BR\"},{\"@type\":\"WebPage\",\"@id\":\"https:\/\/acrimat.org.br\/portal\/relatorio-da-mp-do-funrural-e-aprovado-em-comissao-especial-com-ampla-maioria\/\",\"url\":\"https:\/\/acrimat.org.br\/portal\/relatorio-da-mp-do-funrural-e-aprovado-em-comissao-especial-com-ampla-maioria\/\",\"name\":\"Relat\u00f3rio da MP do Funrural \u00e9 aprovado em comiss\u00e3o especial - Acrimat\",\"isPartOf\":{\"@id\":\"https:\/\/acrimat.org.br\/portal\/#website\"},\"primaryImageOfPage\":{\"@id\":\"https:\/\/acrimat.org.br\/portal\/relatorio-da-mp-do-funrural-e-aprovado-em-comissao-especial-com-ampla-maioria\/#primaryimage\"},\"image\":{\"@id\":\"https:\/\/acrimat.org.br\/portal\/relatorio-da-mp-do-funrural-e-aprovado-em-comissao-especial-com-ampla-maioria\/#primaryimage\"},\"thumbnailUrl\":\"https:\/\/acrimat.org.br\/portal\/wp-content\/uploads\/2017\/11\/1501713947795.jpg\",\"datePublished\":\"2017-11-08T10:42:34+00:00\",\"dateModified\":\"2017-11-09T12:29:59+00:00\",\"breadcrumb\":{\"@id\":\"https:\/\/acrimat.org.br\/portal\/relatorio-da-mp-do-funrural-e-aprovado-em-comissao-especial-com-ampla-maioria\/#breadcrumb\"},\"inLanguage\":\"pt-BR\",\"potentialAction\":[{\"@type\":\"ReadAction\",\"target\":[\"https:\/\/acrimat.org.br\/portal\/relatorio-da-mp-do-funrural-e-aprovado-em-comissao-especial-com-ampla-maioria\/\"]}]},{\"@type\":\"ImageObject\",\"inLanguage\":\"pt-BR\",\"@id\":\"https:\/\/acrimat.org.br\/portal\/relatorio-da-mp-do-funrural-e-aprovado-em-comissao-especial-com-ampla-maioria\/#primaryimage\",\"url\":\"https:\/\/acrimat.org.br\/portal\/wp-content\/uploads\/2017\/11\/1501713947795.jpg\",\"contentUrl\":\"https:\/\/acrimat.org.br\/portal\/wp-content\/uploads\/2017\/11\/1501713947795.jpg\",\"width\":640,\"height\":427},{\"@type\":\"BreadcrumbList\",\"@id\":\"https:\/\/acrimat.org.br\/portal\/relatorio-da-mp-do-funrural-e-aprovado-em-comissao-especial-com-ampla-maioria\/#breadcrumb\",\"itemListElement\":[{\"@type\":\"ListItem\",\"position\":1,\"name\":\"In\u00edcio\",\"item\":\"https:\/\/acrimat.org.br\/portal\/\"},{\"@type\":\"ListItem\",\"position\":2,\"name\":\"Relat\u00f3rio da MP do Funrural \u00e9 aprovado em comiss\u00e3o especial\"}]},{\"@type\":\"WebSite\",\"@id\":\"https:\/\/acrimat.org.br\/portal\/#website\",\"url\":\"https:\/\/acrimat.org.br\/portal\/\",\"name\":\"Acrimat\",\"description\":\"Associa\u00e7\u00e3o dos Criadores de Mato Grosso\",\"publisher\":{\"@id\":\"https:\/\/acrimat.org.br\/portal\/#organization\"},\"potentialAction\":[{\"@type\":\"SearchAction\",\"target\":{\"@type\":\"EntryPoint\",\"urlTemplate\":\"https:\/\/acrimat.org.br\/portal\/?s={search_term_string}\"},\"query-input\":{\"@type\":\"PropertyValueSpecification\",\"valueRequired\":true,\"valueName\":\"search_term_string\"}}],\"inLanguage\":\"pt-BR\"},{\"@type\":\"Organization\",\"@id\":\"https:\/\/acrimat.org.br\/portal\/#organization\",\"name\":\"Associa\u00e7\u00e3o dos Criadores de Mato Grosso\",\"url\":\"https:\/\/acrimat.org.br\/portal\/\",\"logo\":{\"@type\":\"ImageObject\",\"inLanguage\":\"pt-BR\",\"@id\":\"https:\/\/acrimat.org.br\/portal\/#\/schema\/logo\/image\/\",\"url\":\"https:\/\/acrimat.org.br\/portal\/wp-content\/uploads\/2018\/03\/logo-peq-original.png\",\"contentUrl\":\"https:\/\/acrimat.org.br\/portal\/wp-content\/uploads\/2018\/03\/logo-peq-original.png\",\"width\":174,\"height\":171,\"caption\":\"Associa\u00e7\u00e3o dos Criadores de Mato Grosso\"},\"image\":{\"@id\":\"https:\/\/acrimat.org.br\/portal\/#\/schema\/logo\/image\/\"}},{\"@type\":\"Person\",\"@id\":\"https:\/\/acrimat.org.br\/portal\/#\/schema\/person\/a309b9496344ff991e8e1b1d751fdd7b\",\"name\":\"Assessoria de comunica\u00e7\u00e3o ACRIMAT\",\"image\":{\"@type\":\"ImageObject\",\"inLanguage\":\"pt-BR\",\"@id\":\"https:\/\/acrimat.org.br\/portal\/#\/schema\/person\/image\/\",\"url\":\"https:\/\/secure.gravatar.com\/avatar\/2f9c28e64c317bcd762b25cb1575f1b4?s=96&d=mm&r=g\",\"contentUrl\":\"https:\/\/secure.gravatar.com\/avatar\/2f9c28e64c317bcd762b25cb1575f1b4?s=96&d=mm&r=g\",\"caption\":\"Assessoria de comunica\u00e7\u00e3o ACRIMAT\"},\"sameAs\":[\"http:\/\/acrimat.org.br\/\"],\"url\":\"https:\/\/acrimat.org.br\/portal\/author\/ascom\/\"}]}<\/script>\n<!-- \/ Yoast SEO plugin. -->","yoast_head_json":{"title":"Relat\u00f3rio da MP do Funrural \u00e9 aprovado em comiss\u00e3o especial - Acrimat","robots":{"index":"index","follow":"follow","max-snippet":"max-snippet:-1","max-image-preview":"max-image-preview:large","max-video-preview":"max-video-preview:-1"},"canonical":"https:\/\/acrimat.org.br\/portal\/relatorio-da-mp-do-funrural-e-aprovado-em-comissao-especial-com-ampla-maioria\/","og_locale":"pt_BR","og_type":"article","og_title":"Relat\u00f3rio da MP do Funrural \u00e9 aprovado em comiss\u00e3o especial - Acrimat","og_description":"Por 17 votos a favor e 3 contra, o relat\u00f3rio agora deve ir ao plen\u00e1rio da C\u00e2mara dos Deputados e depois para o Senado","og_url":"https:\/\/acrimat.org.br\/portal\/relatorio-da-mp-do-funrural-e-aprovado-em-comissao-especial-com-ampla-maioria\/","og_site_name":"Acrimat","article_published_time":"2017-11-08T10:42:34+00:00","article_modified_time":"2017-11-09T12:29:59+00:00","og_image":[{"width":640,"height":427,"url":"https:\/\/acrimat.org.br\/portal\/wp-content\/uploads\/2017\/11\/1501713947795.jpg","type":"image\/jpeg"}],"author":"Assessoria de comunica\u00e7\u00e3o ACRIMAT","twitter_card":"summary_large_image","twitter_misc":{"Escrito por":"Assessoria de comunica\u00e7\u00e3o ACRIMAT","Est. tempo de leitura":"2 minutos"},"schema":{"@context":"https:\/\/schema.org","@graph":[{"@type":"Article","@id":"https:\/\/acrimat.org.br\/portal\/relatorio-da-mp-do-funrural-e-aprovado-em-comissao-especial-com-ampla-maioria\/#article","isPartOf":{"@id":"https:\/\/acrimat.org.br\/portal\/relatorio-da-mp-do-funrural-e-aprovado-em-comissao-especial-com-ampla-maioria\/"},"author":{"name":"Assessoria de comunica\u00e7\u00e3o ACRIMAT","@id":"https:\/\/acrimat.org.br\/portal\/#\/schema\/person\/a309b9496344ff991e8e1b1d751fdd7b"},"headline":"Relat\u00f3rio da MP do Funrural \u00e9 aprovado em comiss\u00e3o especial","datePublished":"2017-11-08T10:42:34+00:00","dateModified":"2017-11-09T12:29:59+00:00","mainEntityOfPage":{"@id":"https:\/\/acrimat.org.br\/portal\/relatorio-da-mp-do-funrural-e-aprovado-em-comissao-especial-com-ampla-maioria\/"},"wordCount":360,"publisher":{"@id":"https:\/\/acrimat.org.br\/portal\/#organization"},"image":{"@id":"https:\/\/acrimat.org.br\/portal\/relatorio-da-mp-do-funrural-e-aprovado-em-comissao-especial-com-ampla-maioria\/#primaryimage"},"thumbnailUrl":"https:\/\/acrimat.org.br\/portal\/wp-content\/uploads\/2017\/11\/1501713947795.jpg","articleSection":["Destaques","Not\u00edcias"],"inLanguage":"pt-BR"},{"@type":"WebPage","@id":"https:\/\/acrimat.org.br\/portal\/relatorio-da-mp-do-funrural-e-aprovado-em-comissao-especial-com-ampla-maioria\/","url":"https:\/\/acrimat.org.br\/portal\/relatorio-da-mp-do-funrural-e-aprovado-em-comissao-especial-com-ampla-maioria\/","name":"Relat\u00f3rio da MP do Funrural \u00e9 aprovado em comiss\u00e3o especial - Acrimat","isPartOf":{"@id":"https:\/\/acrimat.org.br\/portal\/#website"},"primaryImageOfPage":{"@id":"https:\/\/acrimat.org.br\/portal\/relatorio-da-mp-do-funrural-e-aprovado-em-comissao-especial-com-ampla-maioria\/#primaryimage"},"image":{"@id":"https:\/\/acrimat.org.br\/portal\/relatorio-da-mp-do-funrural-e-aprovado-em-comissao-especial-com-ampla-maioria\/#primaryimage"},"thumbnailUrl":"https:\/\/acrimat.org.br\/portal\/wp-content\/uploads\/2017\/11\/1501713947795.jpg","datePublished":"2017-11-08T10:42:34+00:00","dateModified":"2017-11-09T12:29:59+00:00","breadcrumb":{"@id":"https:\/\/acrimat.org.br\/portal\/relatorio-da-mp-do-funrural-e-aprovado-em-comissao-especial-com-ampla-maioria\/#breadcrumb"},"inLanguage":"pt-BR","potentialAction":[{"@type":"ReadAction","target":["https:\/\/acrimat.org.br\/portal\/relatorio-da-mp-do-funrural-e-aprovado-em-comissao-especial-com-ampla-maioria\/"]}]},{"@type":"ImageObject","inLanguage":"pt-BR","@id":"https:\/\/acrimat.org.br\/portal\/relatorio-da-mp-do-funrural-e-aprovado-em-comissao-especial-com-ampla-maioria\/#primaryimage","url":"https:\/\/acrimat.org.br\/portal\/wp-content\/uploads\/2017\/11\/1501713947795.jpg","contentUrl":"https:\/\/acrimat.org.br\/portal\/wp-content\/uploads\/2017\/11\/1501713947795.jpg","width":640,"height":427},{"@type":"BreadcrumbList","@id":"https:\/\/acrimat.org.br\/portal\/relatorio-da-mp-do-funrural-e-aprovado-em-comissao-especial-com-ampla-maioria\/#breadcrumb","itemListElement":[{"@type":"ListItem","position":1,"name":"In\u00edcio","item":"https:\/\/acrimat.org.br\/portal\/"},{"@type":"ListItem","position":2,"name":"Relat\u00f3rio da MP do Funrural \u00e9 aprovado em comiss\u00e3o especial"}]},{"@type":"WebSite","@id":"https:\/\/acrimat.org.br\/portal\/#website","url":"https:\/\/acrimat.org.br\/portal\/","name":"Acrimat","description":"Associa\u00e7\u00e3o dos Criadores de Mato Grosso","publisher":{"@id":"https:\/\/acrimat.org.br\/portal\/#organization"},"potentialAction":[{"@type":"SearchAction","target":{"@type":"EntryPoint","urlTemplate":"https:\/\/acrimat.org.br\/portal\/?s={search_term_string}"},"query-input":{"@type":"PropertyValueSpecification","valueRequired":true,"valueName":"search_term_string"}}],"inLanguage":"pt-BR"},{"@type":"Organization","@id":"https:\/\/acrimat.org.br\/portal\/#organization","name":"Associa\u00e7\u00e3o dos Criadores de Mato Grosso","url":"https:\/\/acrimat.org.br\/portal\/","logo":{"@type":"ImageObject","inLanguage":"pt-BR","@id":"https:\/\/acrimat.org.br\/portal\/#\/schema\/logo\/image\/","url":"https:\/\/acrimat.org.br\/portal\/wp-content\/uploads\/2018\/03\/logo-peq-original.png","contentUrl":"https:\/\/acrimat.org.br\/portal\/wp-content\/uploads\/2018\/03\/logo-peq-original.png","width":174,"height":171,"caption":"Associa\u00e7\u00e3o dos Criadores de Mato Grosso"},"image":{"@id":"https:\/\/acrimat.org.br\/portal\/#\/schema\/logo\/image\/"}},{"@type":"Person","@id":"https:\/\/acrimat.org.br\/portal\/#\/schema\/person\/a309b9496344ff991e8e1b1d751fdd7b","name":"Assessoria de comunica\u00e7\u00e3o ACRIMAT","image":{"@type":"ImageObject","inLanguage":"pt-BR","@id":"https:\/\/acrimat.org.br\/portal\/#\/schema\/person\/image\/","url":"https:\/\/secure.gravatar.com\/avatar\/2f9c28e64c317bcd762b25cb1575f1b4?s=96&d=mm&r=g","contentUrl":"https:\/\/secure.gravatar.com\/avatar\/2f9c28e64c317bcd762b25cb1575f1b4?s=96&d=mm&r=g","caption":"Assessoria de comunica\u00e7\u00e3o ACRIMAT"},"sameAs":["http:\/\/acrimat.org.br\/"],"url":"https:\/\/acrimat.org.br\/portal\/author\/ascom\/"}]}},"_links":{"self":[{"href":"https:\/\/acrimat.org.br\/portal\/wp-json\/wp\/v2\/posts\/97984693","targetHints":{"allow":["GET"]}}],"collection":[{"href":"https:\/\/acrimat.org.br\/portal\/wp-json\/wp\/v2\/posts"}],"about":[{"href":"https:\/\/acrimat.org.br\/portal\/wp-json\/wp\/v2\/types\/post"}],"author":[{"embeddable":true,"href":"https:\/\/acrimat.org.br\/portal\/wp-json\/wp\/v2\/users\/7"}],"replies":[{"embeddable":true,"href":"https:\/\/acrimat.org.br\/portal\/wp-json\/wp\/v2\/comments?post=97984693"}],"version-history":[{"count":3,"href":"https:\/\/acrimat.org.br\/portal\/wp-json\/wp\/v2\/posts\/97984693\/revisions"}],"predecessor-version":[{"id":97984728,"href":"https:\/\/acrimat.org.br\/portal\/wp-json\/wp\/v2\/posts\/97984693\/revisions\/97984728"}],"wp:featuredmedia":[{"embeddable":true,"href":"https:\/\/acrimat.org.br\/portal\/wp-json\/wp\/v2\/media\/97984670"}],"wp:attachment":[{"href":"https:\/\/acrimat.org.br\/portal\/wp-json\/wp\/v2\/media?parent=97984693"}],"wp:term":[{"taxonomy":"category","embeddable":true,"href":"https:\/\/acrimat.org.br\/portal\/wp-json\/wp\/v2\/categories?post=97984693"},{"taxonomy":"post_tag","embeddable":true,"href":"https:\/\/acrimat.org.br\/portal\/wp-json\/wp\/v2\/tags?post=97984693"}],"curies":[{"name":"wp","href":"https:\/\/api.w.org\/{rel}","templated":true}]}}