{"id":97984695,"date":"2017-11-08T07:55:04","date_gmt":"2017-11-08T10:55:04","guid":{"rendered":"http:\/\/acrimat.org.br\/portal\/?p=97984695"},"modified":"2017-11-10T10:10:23","modified_gmt":"2017-11-10T13:10:23","slug":"frigorifico-reabre-em-vg-e-gera-600-empregos-diretos","status":"publish","type":"post","link":"https:\/\/acrimat.org.br\/portal\/frigorifico-reabre-em-vg-e-gera-600-empregos-diretos\/","title":{"rendered":"Frigor\u00edfico reabre em VG e gera 600 empregos diretos"},"content":{"rendered":"<p>O Frigor\u00edfico Pantanal ser\u00e1 reaberto ap\u00f3s sete anos no pr\u00f3ximo dia 27 de novembro em V\u00e1rzea Grande (MT). Cerca de 600 empregos diretos devem ser gerados inicialmente. O governador em exerc\u00edcio, Carlos F\u00e1varo, participou do evento de lan\u00e7amento da reabertura, na noite desta segunda-feira (06), na sede do Sindicato Rural de Cuiab\u00e1, no Parque de Exposi\u00e7\u00f5es.<\/p>\n<p>Em seu discurso, F\u00e1varo falou sobre as dificuldades que o setor pecu\u00e1rio atravessou nos \u00faltimos meses com a realiza\u00e7\u00e3o da Opera\u00e7\u00e3o Carne Fraca e da dela\u00e7\u00e3o da JBS. \u201cEsses dois epis\u00f3dios foram muito ruins para a carne brasileira. Na \u00e9poca, me reuni com os pecuaristas para buscar uma solu\u00e7\u00e3o imediata e, apesar de toda a dificuldade financeira do estado, o governo reduziu o ICMS (Imposto sobre Circula\u00e7\u00e3o de servi\u00e7os) para a sa\u00edda do gado em p\u00e9, garantindo a competitividade e oportunidade ao setor\u201d.<\/p>\n<p>Segundo ele, a medida foi t\u00e3o acertada que, em poucos meses, v\u00e1rias plantas reabriram no estado, como Nova Xavantina e Mirassol d\u00b4Oeste. \u201cAgora estamos comemorando Pontes e Lacerda e V\u00e1rzea Grande. Em breve, novas plantas tamb\u00e9m ser\u00e3o reabertas em Juruena e Nova Monte Verde. Vamos continuar atentos para ouvir as demandas e fazer com que a nossa agropecu\u00e1ria fique cada vez mais competitiva, pois \u00e9 o setor que alavanca a economia do estado e faz o melhor programa social que existe, a gera\u00e7\u00e3o de emprego e renda\u201d, enfatizou.<\/p>\n<p>De acordo com o diretor do Frigor\u00edfico Pantanal, Luiz Ant\u00f4nio Freitas, a unidade \u00e9 preparada h\u00e1 mais de um ano. Inicialmente, ser\u00e3o gerados 600 empregos diretos, contudo, a capacidade da empresa \u00e9 de at\u00e9 800 vagas. A previs\u00e3o de abate \u00e9 de 700 cabe\u00e7as\/dia. \u201cQueremos agradecer o empenho da Prefeitura de V\u00e1rzea Grande e do Governo do Estado por nos apoiar nesse retorno\u201d, afirmou o empres\u00e1rio.<\/p>\n<p>Ele explica que a meta \u00e9 exportar para todos os mercados, inclusive, os funcion\u00e1rios foram treinados para realizar o abate halal (m\u00e9todo de abate bovino isl\u00e2mico). \u201dReativamos com uma ind\u00fastria moderna e produtos elaborados. Esperamos trazer muito orgulho para V\u00e1rzea Grande e Mato Grosso\u201d. Durante o evento, o presidente do Sindicato Rural de Cuiab\u00e1, Jorge Pires, afirmou que os pecuaristas est\u00e3o prontos para garantir mat\u00e9ria-prima. \u201cN\u00f3s, produtores, somos parceiros nessa empreitada e ficamos muito felizes com a reabertura do frigor\u00edfico. Desejamos muito sucesso nessa nova fase\u201d.<\/p>\n<p>Tamb\u00e9m participaram do evento o senador Cidinho Santos, o secret\u00e1rio de Assuntos Estrat\u00e9gicos de V\u00e1rzea Grande, Jayme Campos, o diretor da Associa\u00e7\u00e3o dos Criadores de Mato Grosso (Acrimat), M\u00e1rio Candia, o presidente do Instituto de Defesa Agropecu\u00e1ria do Estado (Indea-MT), Guilherme Nolasco, al\u00e9m de pecuaristas e empres\u00e1rios.<\/p>\n","protected":false},"excerpt":{"rendered":"<p>O Frigor\u00edfico Pantanal ser\u00e1 reaberto ap\u00f3s sete anos no pr\u00f3ximo dia 27 de novembro em V\u00e1rzea Grande (MT). Cerca de 600 empregos diretos devem ser gerados inicialmente<\/p>\n","protected":false},"author":7,"featured_media":97984696,"comment_status":"closed","ping_status":"closed","sticky":false,"template":"","format":"standard","meta":{"footnotes":""},"categories":[6,1],"tags":[],"class_list":["post-97984695","post","type-post","status-publish","format-standard","has-post-thumbnail","hentry","category-destaque","category-noticia"],"yoast_head":"<!-- This site is optimized with the Yoast SEO plugin v24.8.1 - https:\/\/yoast.com\/wordpress\/plugins\/seo\/ -->\n<title>Frigor\u00edfico reabre em VG e gera 600 empregos diretos - Acrimat<\/title>\n<meta name=\"robots\" content=\"index, follow, max-snippet:-1, max-image-preview:large, max-video-preview:-1\" \/>\n<link rel=\"canonical\" href=\"https:\/\/acrimat.org.br\/portal\/frigorifico-reabre-em-vg-e-gera-600-empregos-diretos\/\" \/>\n<meta property=\"og:locale\" content=\"pt_BR\" \/>\n<meta property=\"og:type\" content=\"article\" \/>\n<meta property=\"og:title\" content=\"Frigor\u00edfico reabre em VG e gera 600 empregos diretos - Acrimat\" \/>\n<meta property=\"og:description\" content=\"O Frigor\u00edfico Pantanal ser\u00e1 reaberto ap\u00f3s sete anos no pr\u00f3ximo dia 27 de novembro em V\u00e1rzea Grande (MT). Cerca de 600 empregos diretos devem ser gerados inicialmente\" \/>\n<meta property=\"og:url\" content=\"https:\/\/acrimat.org.br\/portal\/frigorifico-reabre-em-vg-e-gera-600-empregos-diretos\/\" \/>\n<meta property=\"og:site_name\" content=\"Acrimat\" \/>\n<meta property=\"article:published_time\" content=\"2017-11-08T10:55:04+00:00\" \/>\n<meta property=\"article:modified_time\" content=\"2017-11-10T13:10:23+00:00\" \/>\n<meta property=\"og:image\" content=\"https:\/\/acrimat.org.br\/portal\/wp-content\/uploads\/2017\/11\/foto-reabertura-pantanal.jpg\" \/>\n\t<meta property=\"og:image:width\" content=\"5472\" \/>\n\t<meta property=\"og:image:height\" content=\"3648\" \/>\n\t<meta property=\"og:image:type\" content=\"image\/jpeg\" \/>\n<meta name=\"author\" content=\"Assessoria de comunica\u00e7\u00e3o ACRIMAT\" \/>\n<meta name=\"twitter:card\" content=\"summary_large_image\" \/>\n<meta name=\"twitter:label1\" content=\"Escrito por\" \/>\n\t<meta name=\"twitter:data1\" content=\"Assessoria de comunica\u00e7\u00e3o ACRIMAT\" \/>\n\t<meta name=\"twitter:label2\" content=\"Est. tempo de leitura\" \/>\n\t<meta name=\"twitter:data2\" content=\"2 minutos\" \/>\n<script type=\"application\/ld+json\" class=\"yoast-schema-graph\">{\"@context\":\"https:\/\/schema.org\",\"@graph\":[{\"@type\":\"Article\",\"@id\":\"https:\/\/acrimat.org.br\/portal\/frigorifico-reabre-em-vg-e-gera-600-empregos-diretos\/#article\",\"isPartOf\":{\"@id\":\"https:\/\/acrimat.org.br\/portal\/frigorifico-reabre-em-vg-e-gera-600-empregos-diretos\/\"},\"author\":{\"name\":\"Assessoria de comunica\u00e7\u00e3o ACRIMAT\",\"@id\":\"https:\/\/acrimat.org.br\/portal\/#\/schema\/person\/a309b9496344ff991e8e1b1d751fdd7b\"},\"headline\":\"Frigor\u00edfico reabre em VG e gera 600 empregos diretos\",\"datePublished\":\"2017-11-08T10:55:04+00:00\",\"dateModified\":\"2017-11-10T13:10:23+00:00\",\"mainEntityOfPage\":{\"@id\":\"https:\/\/acrimat.org.br\/portal\/frigorifico-reabre-em-vg-e-gera-600-empregos-diretos\/\"},\"wordCount\":476,\"publisher\":{\"@id\":\"https:\/\/acrimat.org.br\/portal\/#organization\"},\"image\":{\"@id\":\"https:\/\/acrimat.org.br\/portal\/frigorifico-reabre-em-vg-e-gera-600-empregos-diretos\/#primaryimage\"},\"thumbnailUrl\":\"https:\/\/acrimat.org.br\/portal\/wp-content\/uploads\/2017\/11\/foto-reabertura-pantanal.jpg\",\"articleSection\":[\"Destaques\",\"Not\u00edcias\"],\"inLanguage\":\"pt-BR\"},{\"@type\":\"WebPage\",\"@id\":\"https:\/\/acrimat.org.br\/portal\/frigorifico-reabre-em-vg-e-gera-600-empregos-diretos\/\",\"url\":\"https:\/\/acrimat.org.br\/portal\/frigorifico-reabre-em-vg-e-gera-600-empregos-diretos\/\",\"name\":\"Frigor\u00edfico reabre em VG e gera 600 empregos diretos - Acrimat\",\"isPartOf\":{\"@id\":\"https:\/\/acrimat.org.br\/portal\/#website\"},\"primaryImageOfPage\":{\"@id\":\"https:\/\/acrimat.org.br\/portal\/frigorifico-reabre-em-vg-e-gera-600-empregos-diretos\/#primaryimage\"},\"image\":{\"@id\":\"https:\/\/acrimat.org.br\/portal\/frigorifico-reabre-em-vg-e-gera-600-empregos-diretos\/#primaryimage\"},\"thumbnailUrl\":\"https:\/\/acrimat.org.br\/portal\/wp-content\/uploads\/2017\/11\/foto-reabertura-pantanal.jpg\",\"datePublished\":\"2017-11-08T10:55:04+00:00\",\"dateModified\":\"2017-11-10T13:10:23+00:00\",\"breadcrumb\":{\"@id\":\"https:\/\/acrimat.org.br\/portal\/frigorifico-reabre-em-vg-e-gera-600-empregos-diretos\/#breadcrumb\"},\"inLanguage\":\"pt-BR\",\"potentialAction\":[{\"@type\":\"ReadAction\",\"target\":[\"https:\/\/acrimat.org.br\/portal\/frigorifico-reabre-em-vg-e-gera-600-empregos-diretos\/\"]}]},{\"@type\":\"ImageObject\",\"inLanguage\":\"pt-BR\",\"@id\":\"https:\/\/acrimat.org.br\/portal\/frigorifico-reabre-em-vg-e-gera-600-empregos-diretos\/#primaryimage\",\"url\":\"https:\/\/acrimat.org.br\/portal\/wp-content\/uploads\/2017\/11\/foto-reabertura-pantanal.jpg\",\"contentUrl\":\"https:\/\/acrimat.org.br\/portal\/wp-content\/uploads\/2017\/11\/foto-reabertura-pantanal.jpg\",\"width\":5472,\"height\":3648},{\"@type\":\"BreadcrumbList\",\"@id\":\"https:\/\/acrimat.org.br\/portal\/frigorifico-reabre-em-vg-e-gera-600-empregos-diretos\/#breadcrumb\",\"itemListElement\":[{\"@type\":\"ListItem\",\"position\":1,\"name\":\"In\u00edcio\",\"item\":\"https:\/\/acrimat.org.br\/portal\/\"},{\"@type\":\"ListItem\",\"position\":2,\"name\":\"Frigor\u00edfico reabre em VG e gera 600 empregos diretos\"}]},{\"@type\":\"WebSite\",\"@id\":\"https:\/\/acrimat.org.br\/portal\/#website\",\"url\":\"https:\/\/acrimat.org.br\/portal\/\",\"name\":\"Acrimat\",\"description\":\"Associa\u00e7\u00e3o dos Criadores de Mato Grosso\",\"publisher\":{\"@id\":\"https:\/\/acrimat.org.br\/portal\/#organization\"},\"potentialAction\":[{\"@type\":\"SearchAction\",\"target\":{\"@type\":\"EntryPoint\",\"urlTemplate\":\"https:\/\/acrimat.org.br\/portal\/?s={search_term_string}\"},\"query-input\":{\"@type\":\"PropertyValueSpecification\",\"valueRequired\":true,\"valueName\":\"search_term_string\"}}],\"inLanguage\":\"pt-BR\"},{\"@type\":\"Organization\",\"@id\":\"https:\/\/acrimat.org.br\/portal\/#organization\",\"name\":\"Associa\u00e7\u00e3o dos Criadores de Mato Grosso\",\"url\":\"https:\/\/acrimat.org.br\/portal\/\",\"logo\":{\"@type\":\"ImageObject\",\"inLanguage\":\"pt-BR\",\"@id\":\"https:\/\/acrimat.org.br\/portal\/#\/schema\/logo\/image\/\",\"url\":\"https:\/\/acrimat.org.br\/portal\/wp-content\/uploads\/2018\/03\/logo-peq-original.png\",\"contentUrl\":\"https:\/\/acrimat.org.br\/portal\/wp-content\/uploads\/2018\/03\/logo-peq-original.png\",\"width\":174,\"height\":171,\"caption\":\"Associa\u00e7\u00e3o dos Criadores de Mato Grosso\"},\"image\":{\"@id\":\"https:\/\/acrimat.org.br\/portal\/#\/schema\/logo\/image\/\"}},{\"@type\":\"Person\",\"@id\":\"https:\/\/acrimat.org.br\/portal\/#\/schema\/person\/a309b9496344ff991e8e1b1d751fdd7b\",\"name\":\"Assessoria de comunica\u00e7\u00e3o ACRIMAT\",\"image\":{\"@type\":\"ImageObject\",\"inLanguage\":\"pt-BR\",\"@id\":\"https:\/\/acrimat.org.br\/portal\/#\/schema\/person\/image\/\",\"url\":\"https:\/\/secure.gravatar.com\/avatar\/2f9c28e64c317bcd762b25cb1575f1b4?s=96&d=mm&r=g\",\"contentUrl\":\"https:\/\/secure.gravatar.com\/avatar\/2f9c28e64c317bcd762b25cb1575f1b4?s=96&d=mm&r=g\",\"caption\":\"Assessoria de comunica\u00e7\u00e3o ACRIMAT\"},\"sameAs\":[\"http:\/\/acrimat.org.br\/\"],\"url\":\"https:\/\/acrimat.org.br\/portal\/author\/ascom\/\"}]}<\/script>\n<!-- \/ Yoast SEO plugin. -->","yoast_head_json":{"title":"Frigor\u00edfico reabre em VG e gera 600 empregos diretos - Acrimat","robots":{"index":"index","follow":"follow","max-snippet":"max-snippet:-1","max-image-preview":"max-image-preview:large","max-video-preview":"max-video-preview:-1"},"canonical":"https:\/\/acrimat.org.br\/portal\/frigorifico-reabre-em-vg-e-gera-600-empregos-diretos\/","og_locale":"pt_BR","og_type":"article","og_title":"Frigor\u00edfico reabre em VG e gera 600 empregos diretos - Acrimat","og_description":"O Frigor\u00edfico Pantanal ser\u00e1 reaberto ap\u00f3s sete anos no pr\u00f3ximo dia 27 de novembro em V\u00e1rzea Grande (MT). Cerca de 600 empregos diretos devem ser gerados inicialmente","og_url":"https:\/\/acrimat.org.br\/portal\/frigorifico-reabre-em-vg-e-gera-600-empregos-diretos\/","og_site_name":"Acrimat","article_published_time":"2017-11-08T10:55:04+00:00","article_modified_time":"2017-11-10T13:10:23+00:00","og_image":[{"width":5472,"height":3648,"url":"https:\/\/acrimat.org.br\/portal\/wp-content\/uploads\/2017\/11\/foto-reabertura-pantanal.jpg","type":"image\/jpeg"}],"author":"Assessoria de comunica\u00e7\u00e3o ACRIMAT","twitter_card":"summary_large_image","twitter_misc":{"Escrito por":"Assessoria de comunica\u00e7\u00e3o ACRIMAT","Est. tempo de leitura":"2 minutos"},"schema":{"@context":"https:\/\/schema.org","@graph":[{"@type":"Article","@id":"https:\/\/acrimat.org.br\/portal\/frigorifico-reabre-em-vg-e-gera-600-empregos-diretos\/#article","isPartOf":{"@id":"https:\/\/acrimat.org.br\/portal\/frigorifico-reabre-em-vg-e-gera-600-empregos-diretos\/"},"author":{"name":"Assessoria de comunica\u00e7\u00e3o ACRIMAT","@id":"https:\/\/acrimat.org.br\/portal\/#\/schema\/person\/a309b9496344ff991e8e1b1d751fdd7b"},"headline":"Frigor\u00edfico reabre em VG e gera 600 empregos diretos","datePublished":"2017-11-08T10:55:04+00:00","dateModified":"2017-11-10T13:10:23+00:00","mainEntityOfPage":{"@id":"https:\/\/acrimat.org.br\/portal\/frigorifico-reabre-em-vg-e-gera-600-empregos-diretos\/"},"wordCount":476,"publisher":{"@id":"https:\/\/acrimat.org.br\/portal\/#organization"},"image":{"@id":"https:\/\/acrimat.org.br\/portal\/frigorifico-reabre-em-vg-e-gera-600-empregos-diretos\/#primaryimage"},"thumbnailUrl":"https:\/\/acrimat.org.br\/portal\/wp-content\/uploads\/2017\/11\/foto-reabertura-pantanal.jpg","articleSection":["Destaques","Not\u00edcias"],"inLanguage":"pt-BR"},{"@type":"WebPage","@id":"https:\/\/acrimat.org.br\/portal\/frigorifico-reabre-em-vg-e-gera-600-empregos-diretos\/","url":"https:\/\/acrimat.org.br\/portal\/frigorifico-reabre-em-vg-e-gera-600-empregos-diretos\/","name":"Frigor\u00edfico reabre em VG e gera 600 empregos diretos - Acrimat","isPartOf":{"@id":"https:\/\/acrimat.org.br\/portal\/#website"},"primaryImageOfPage":{"@id":"https:\/\/acrimat.org.br\/portal\/frigorifico-reabre-em-vg-e-gera-600-empregos-diretos\/#primaryimage"},"image":{"@id":"https:\/\/acrimat.org.br\/portal\/frigorifico-reabre-em-vg-e-gera-600-empregos-diretos\/#primaryimage"},"thumbnailUrl":"https:\/\/acrimat.org.br\/portal\/wp-content\/uploads\/2017\/11\/foto-reabertura-pantanal.jpg","datePublished":"2017-11-08T10:55:04+00:00","dateModified":"2017-11-10T13:10:23+00:00","breadcrumb":{"@id":"https:\/\/acrimat.org.br\/portal\/frigorifico-reabre-em-vg-e-gera-600-empregos-diretos\/#breadcrumb"},"inLanguage":"pt-BR","potentialAction":[{"@type":"ReadAction","target":["https:\/\/acrimat.org.br\/portal\/frigorifico-reabre-em-vg-e-gera-600-empregos-diretos\/"]}]},{"@type":"ImageObject","inLanguage":"pt-BR","@id":"https:\/\/acrimat.org.br\/portal\/frigorifico-reabre-em-vg-e-gera-600-empregos-diretos\/#primaryimage","url":"https:\/\/acrimat.org.br\/portal\/wp-content\/uploads\/2017\/11\/foto-reabertura-pantanal.jpg","contentUrl":"https:\/\/acrimat.org.br\/portal\/wp-content\/uploads\/2017\/11\/foto-reabertura-pantanal.jpg","width":5472,"height":3648},{"@type":"BreadcrumbList","@id":"https:\/\/acrimat.org.br\/portal\/frigorifico-reabre-em-vg-e-gera-600-empregos-diretos\/#breadcrumb","itemListElement":[{"@type":"ListItem","position":1,"name":"In\u00edcio","item":"https:\/\/acrimat.org.br\/portal\/"},{"@type":"ListItem","position":2,"name":"Frigor\u00edfico reabre em VG e gera 600 empregos diretos"}]},{"@type":"WebSite","@id":"https:\/\/acrimat.org.br\/portal\/#website","url":"https:\/\/acrimat.org.br\/portal\/","name":"Acrimat","description":"Associa\u00e7\u00e3o dos Criadores de Mato Grosso","publisher":{"@id":"https:\/\/acrimat.org.br\/portal\/#organization"},"potentialAction":[{"@type":"SearchAction","target":{"@type":"EntryPoint","urlTemplate":"https:\/\/acrimat.org.br\/portal\/?s={search_term_string}"},"query-input":{"@type":"PropertyValueSpecification","valueRequired":true,"valueName":"search_term_string"}}],"inLanguage":"pt-BR"},{"@type":"Organization","@id":"https:\/\/acrimat.org.br\/portal\/#organization","name":"Associa\u00e7\u00e3o dos Criadores de Mato Grosso","url":"https:\/\/acrimat.org.br\/portal\/","logo":{"@type":"ImageObject","inLanguage":"pt-BR","@id":"https:\/\/acrimat.org.br\/portal\/#\/schema\/logo\/image\/","url":"https:\/\/acrimat.org.br\/portal\/wp-content\/uploads\/2018\/03\/logo-peq-original.png","contentUrl":"https:\/\/acrimat.org.br\/portal\/wp-content\/uploads\/2018\/03\/logo-peq-original.png","width":174,"height":171,"caption":"Associa\u00e7\u00e3o dos Criadores de Mato Grosso"},"image":{"@id":"https:\/\/acrimat.org.br\/portal\/#\/schema\/logo\/image\/"}},{"@type":"Person","@id":"https:\/\/acrimat.org.br\/portal\/#\/schema\/person\/a309b9496344ff991e8e1b1d751fdd7b","name":"Assessoria de comunica\u00e7\u00e3o ACRIMAT","image":{"@type":"ImageObject","inLanguage":"pt-BR","@id":"https:\/\/acrimat.org.br\/portal\/#\/schema\/person\/image\/","url":"https:\/\/secure.gravatar.com\/avatar\/2f9c28e64c317bcd762b25cb1575f1b4?s=96&d=mm&r=g","contentUrl":"https:\/\/secure.gravatar.com\/avatar\/2f9c28e64c317bcd762b25cb1575f1b4?s=96&d=mm&r=g","caption":"Assessoria de comunica\u00e7\u00e3o ACRIMAT"},"sameAs":["http:\/\/acrimat.org.br\/"],"url":"https:\/\/acrimat.org.br\/portal\/author\/ascom\/"}]}},"_links":{"self":[{"href":"https:\/\/acrimat.org.br\/portal\/wp-json\/wp\/v2\/posts\/97984695","targetHints":{"allow":["GET"]}}],"collection":[{"href":"https:\/\/acrimat.org.br\/portal\/wp-json\/wp\/v2\/posts"}],"about":[{"href":"https:\/\/acrimat.org.br\/portal\/wp-json\/wp\/v2\/types\/post"}],"author":[{"embeddable":true,"href":"https:\/\/acrimat.org.br\/portal\/wp-json\/wp\/v2\/users\/7"}],"replies":[{"embeddable":true,"href":"https:\/\/acrimat.org.br\/portal\/wp-json\/wp\/v2\/comments?post=97984695"}],"version-history":[{"count":2,"href":"https:\/\/acrimat.org.br\/portal\/wp-json\/wp\/v2\/posts\/97984695\/revisions"}],"predecessor-version":[{"id":97984752,"href":"https:\/\/acrimat.org.br\/portal\/wp-json\/wp\/v2\/posts\/97984695\/revisions\/97984752"}],"wp:featuredmedia":[{"embeddable":true,"href":"https:\/\/acrimat.org.br\/portal\/wp-json\/wp\/v2\/media\/97984696"}],"wp:attachment":[{"href":"https:\/\/acrimat.org.br\/portal\/wp-json\/wp\/v2\/media?parent=97984695"}],"wp:term":[{"taxonomy":"category","embeddable":true,"href":"https:\/\/acrimat.org.br\/portal\/wp-json\/wp\/v2\/categories?post=97984695"},{"taxonomy":"post_tag","embeddable":true,"href":"https:\/\/acrimat.org.br\/portal\/wp-json\/wp\/v2\/tags?post=97984695"}],"curies":[{"name":"wp","href":"https:\/\/api.w.org\/{rel}","templated":true}]}}