{"id":97984698,"date":"2017-11-08T07:57:25","date_gmt":"2017-11-08T10:57:25","guid":{"rendered":"http:\/\/acrimat.org.br\/portal\/?p=97984698"},"modified":"2017-11-10T10:11:01","modified_gmt":"2017-11-10T13:11:01","slug":"acordo-ue-mercosul-deve-observar-criterio-cientifico-sobre-barreiras","status":"publish","type":"post","link":"https:\/\/acrimat.org.br\/portal\/acordo-ue-mercosul-deve-observar-criterio-cientifico-sobre-barreiras\/","title":{"rendered":"Acordo UE-Mercosul deve observar crit\u00e9rio cient\u00edfico sobre barreiras"},"content":{"rendered":"<p>A Confedera\u00e7\u00e3o da Agricultura e Pecu\u00e1ria do Brasil (CNA) e o Instituto Pensar Agropecu\u00e1ria (IPA) est\u00e3o pedindo ao governo a inclus\u00e3o de pontos que consideram imprescind\u00edveis nas negocia\u00e7\u00f5es entre Mercosul e Uni\u00e3o Europeia para o acordo comercial entre os dois blocos. Em nota, a CNA diz que as duas entidades defendem que qualquer decis\u00e3o sobre barreiras sanit\u00e1rias e fitossanit\u00e1rias leve em conta a preval\u00eancia da ci\u00eancia e da an\u00e1lise de risco, al\u00e9m de outros t\u00f3picos referentes a quest\u00f5es sanit\u00e1rias.<\/p>\n<p>\u201cOutra demanda se refere ao desenvolvimento sustent\u00e1vel. CNA e IPA querem uma cl\u00e1usula que evite a interfer\u00eancias nas pol\u00edticas ambientais e trabalhistas de um bloco sobre o outro e solicitam tamb\u00e9m a inclus\u00e3o dos Limites M\u00e1ximos de Res\u00edduos (LMRs) e dos temas de biotecnologia no cap\u00edtulo de SPS\u201d, diz a nota. O \u00faltimo ponto faz alus\u00e3o ao di\u00e1logo sobre concess\u00f5es em Indica\u00e7\u00f5es Geogr\u00e1ficas (IGs) com a participa\u00e7\u00e3o do setor privado para inserir o uso de termos gen\u00e9ricos para produtos agropecu\u00e1rios, como os l\u00e1cteos.<\/p>\n<p>\u201cS\u00e3o pontos bastante delicados que ainda est\u00e3o pendentes nas negocia\u00e7\u00f5es e precisam ser sintonizados. Geram preocupa\u00e7\u00e3o especialmente as quest\u00f5es que podem resultar no fechamento desse importante mercado para produtos brasileiros no m\u00e9dio ou longo prazo\u201d, diz o documento.<\/p>\n<p>Ainda no texto, as duas entidades se mostram confiantes na conclus\u00e3o de um acordo \u201cjusto, ambicioso e equilibrado\u201d entre sul-americanos e europeus e que o mesmo ter\u00e1 benef\u00edcios para os setores de prote\u00edna animal, gr\u00e3os, frutas, alimentos processados e bebidas, entre outros segmentos que enxergam grandes oportunidades na UE.<\/p>\n<p>Conforme a CNA, assinam o documento a Associa\u00e7\u00e3o das Empresas de Biotecnologia na Agricultura e Agroind\u00fastria (Agrobio); Associa\u00e7\u00e3o Brasileira de Latic\u00ednios (Viva L\u00e1cteos); Associa\u00e7\u00e3o Brasileira das Ind\u00fastrias Exportadoras de Carne (Abiec); Uni\u00e3o das Ind\u00fastrias de Cana-de-a\u00e7\u00facar (\u00danica); Associa\u00e7\u00e3o Brasileira dos Defensivos Gen\u00e9ricos (Aenda); Associa\u00e7\u00e3o Nacional dos Exportadores de Sucos C\u00edtricos (Citrus BR); Associa\u00e7\u00e3o Brasileira do Agroneg\u00f3cio (Abag); Associa\u00e7\u00e3o Brasileira de Prote\u00edna Animal (ABPA); e Associa\u00e7\u00e3o dos Criadores de Mato Grosso (Acrimat).<\/p>\n","protected":false},"excerpt":{"rendered":"<p>A CNA e o IPA est\u00e3o pedindo ao governo a inclus\u00e3o de pontos que consideram imprescind\u00edveis nas negocia\u00e7\u00f5es entre Mercosul e Uni\u00e3o Europeia para o acordo comercial entre os dois blocos<\/p>\n","protected":false},"author":7,"featured_media":97980596,"comment_status":"closed","ping_status":"closed","sticky":false,"template":"","format":"standard","meta":{"footnotes":""},"categories":[6,1],"tags":[],"class_list":["post-97984698","post","type-post","status-publish","format-standard","has-post-thumbnail","hentry","category-destaque","category-noticia"],"yoast_head":"<!-- This site is optimized with the Yoast SEO plugin v24.8.1 - https:\/\/yoast.com\/wordpress\/plugins\/seo\/ -->\n<title>Acordo UE-Mercosul deve observar crit\u00e9rio cient\u00edfico sobre barreiras - Acrimat<\/title>\n<meta name=\"robots\" content=\"index, follow, max-snippet:-1, max-image-preview:large, max-video-preview:-1\" \/>\n<link rel=\"canonical\" href=\"https:\/\/acrimat.org.br\/portal\/acordo-ue-mercosul-deve-observar-criterio-cientifico-sobre-barreiras\/\" \/>\n<meta property=\"og:locale\" content=\"pt_BR\" \/>\n<meta property=\"og:type\" content=\"article\" \/>\n<meta property=\"og:title\" content=\"Acordo UE-Mercosul deve observar crit\u00e9rio cient\u00edfico sobre barreiras - Acrimat\" \/>\n<meta property=\"og:description\" content=\"A CNA e o IPA est\u00e3o pedindo ao governo a inclus\u00e3o de pontos que consideram imprescind\u00edveis nas negocia\u00e7\u00f5es entre Mercosul e Uni\u00e3o Europeia para o acordo comercial entre os dois blocos\" \/>\n<meta property=\"og:url\" content=\"https:\/\/acrimat.org.br\/portal\/acordo-ue-mercosul-deve-observar-criterio-cientifico-sobre-barreiras\/\" \/>\n<meta property=\"og:site_name\" content=\"Acrimat\" \/>\n<meta property=\"article:published_time\" content=\"2017-11-08T10:57:25+00:00\" \/>\n<meta property=\"article:modified_time\" content=\"2017-11-10T13:11:01+00:00\" \/>\n<meta property=\"og:image\" content=\"https:\/\/acrimat.org.br\/portal\/wp-content\/uploads\/2017\/03\/1470235579814.jpg\" \/>\n\t<meta property=\"og:image:width\" content=\"640\" \/>\n\t<meta property=\"og:image:height\" content=\"440\" \/>\n\t<meta property=\"og:image:type\" content=\"image\/jpeg\" \/>\n<meta name=\"author\" content=\"Assessoria de comunica\u00e7\u00e3o ACRIMAT\" \/>\n<meta name=\"twitter:card\" content=\"summary_large_image\" \/>\n<meta name=\"twitter:label1\" content=\"Escrito por\" \/>\n\t<meta name=\"twitter:data1\" content=\"Assessoria de comunica\u00e7\u00e3o ACRIMAT\" \/>\n\t<meta name=\"twitter:label2\" content=\"Est. tempo de leitura\" \/>\n\t<meta name=\"twitter:data2\" content=\"2 minutos\" \/>\n<script type=\"application\/ld+json\" class=\"yoast-schema-graph\">{\"@context\":\"https:\/\/schema.org\",\"@graph\":[{\"@type\":\"Article\",\"@id\":\"https:\/\/acrimat.org.br\/portal\/acordo-ue-mercosul-deve-observar-criterio-cientifico-sobre-barreiras\/#article\",\"isPartOf\":{\"@id\":\"https:\/\/acrimat.org.br\/portal\/acordo-ue-mercosul-deve-observar-criterio-cientifico-sobre-barreiras\/\"},\"author\":{\"name\":\"Assessoria de comunica\u00e7\u00e3o ACRIMAT\",\"@id\":\"https:\/\/acrimat.org.br\/portal\/#\/schema\/person\/a309b9496344ff991e8e1b1d751fdd7b\"},\"headline\":\"Acordo UE-Mercosul deve observar crit\u00e9rio cient\u00edfico sobre barreiras\",\"datePublished\":\"2017-11-08T10:57:25+00:00\",\"dateModified\":\"2017-11-10T13:11:01+00:00\",\"mainEntityOfPage\":{\"@id\":\"https:\/\/acrimat.org.br\/portal\/acordo-ue-mercosul-deve-observar-criterio-cientifico-sobre-barreiras\/\"},\"wordCount\":395,\"publisher\":{\"@id\":\"https:\/\/acrimat.org.br\/portal\/#organization\"},\"image\":{\"@id\":\"https:\/\/acrimat.org.br\/portal\/acordo-ue-mercosul-deve-observar-criterio-cientifico-sobre-barreiras\/#primaryimage\"},\"thumbnailUrl\":\"https:\/\/acrimat.org.br\/portal\/wp-content\/uploads\/2017\/03\/1470235579814.jpg\",\"articleSection\":[\"Destaques\",\"Not\u00edcias\"],\"inLanguage\":\"pt-BR\"},{\"@type\":\"WebPage\",\"@id\":\"https:\/\/acrimat.org.br\/portal\/acordo-ue-mercosul-deve-observar-criterio-cientifico-sobre-barreiras\/\",\"url\":\"https:\/\/acrimat.org.br\/portal\/acordo-ue-mercosul-deve-observar-criterio-cientifico-sobre-barreiras\/\",\"name\":\"Acordo UE-Mercosul deve observar crit\u00e9rio cient\u00edfico sobre barreiras - Acrimat\",\"isPartOf\":{\"@id\":\"https:\/\/acrimat.org.br\/portal\/#website\"},\"primaryImageOfPage\":{\"@id\":\"https:\/\/acrimat.org.br\/portal\/acordo-ue-mercosul-deve-observar-criterio-cientifico-sobre-barreiras\/#primaryimage\"},\"image\":{\"@id\":\"https:\/\/acrimat.org.br\/portal\/acordo-ue-mercosul-deve-observar-criterio-cientifico-sobre-barreiras\/#primaryimage\"},\"thumbnailUrl\":\"https:\/\/acrimat.org.br\/portal\/wp-content\/uploads\/2017\/03\/1470235579814.jpg\",\"datePublished\":\"2017-11-08T10:57:25+00:00\",\"dateModified\":\"2017-11-10T13:11:01+00:00\",\"breadcrumb\":{\"@id\":\"https:\/\/acrimat.org.br\/portal\/acordo-ue-mercosul-deve-observar-criterio-cientifico-sobre-barreiras\/#breadcrumb\"},\"inLanguage\":\"pt-BR\",\"potentialAction\":[{\"@type\":\"ReadAction\",\"target\":[\"https:\/\/acrimat.org.br\/portal\/acordo-ue-mercosul-deve-observar-criterio-cientifico-sobre-barreiras\/\"]}]},{\"@type\":\"ImageObject\",\"inLanguage\":\"pt-BR\",\"@id\":\"https:\/\/acrimat.org.br\/portal\/acordo-ue-mercosul-deve-observar-criterio-cientifico-sobre-barreiras\/#primaryimage\",\"url\":\"https:\/\/acrimat.org.br\/portal\/wp-content\/uploads\/2017\/03\/1470235579814.jpg\",\"contentUrl\":\"https:\/\/acrimat.org.br\/portal\/wp-content\/uploads\/2017\/03\/1470235579814.jpg\",\"width\":640,\"height\":440},{\"@type\":\"BreadcrumbList\",\"@id\":\"https:\/\/acrimat.org.br\/portal\/acordo-ue-mercosul-deve-observar-criterio-cientifico-sobre-barreiras\/#breadcrumb\",\"itemListElement\":[{\"@type\":\"ListItem\",\"position\":1,\"name\":\"In\u00edcio\",\"item\":\"https:\/\/acrimat.org.br\/portal\/\"},{\"@type\":\"ListItem\",\"position\":2,\"name\":\"Acordo UE-Mercosul deve observar crit\u00e9rio cient\u00edfico sobre barreiras\"}]},{\"@type\":\"WebSite\",\"@id\":\"https:\/\/acrimat.org.br\/portal\/#website\",\"url\":\"https:\/\/acrimat.org.br\/portal\/\",\"name\":\"Acrimat\",\"description\":\"Associa\u00e7\u00e3o dos Criadores de Mato Grosso\",\"publisher\":{\"@id\":\"https:\/\/acrimat.org.br\/portal\/#organization\"},\"potentialAction\":[{\"@type\":\"SearchAction\",\"target\":{\"@type\":\"EntryPoint\",\"urlTemplate\":\"https:\/\/acrimat.org.br\/portal\/?s={search_term_string}\"},\"query-input\":{\"@type\":\"PropertyValueSpecification\",\"valueRequired\":true,\"valueName\":\"search_term_string\"}}],\"inLanguage\":\"pt-BR\"},{\"@type\":\"Organization\",\"@id\":\"https:\/\/acrimat.org.br\/portal\/#organization\",\"name\":\"Associa\u00e7\u00e3o dos Criadores de Mato Grosso\",\"url\":\"https:\/\/acrimat.org.br\/portal\/\",\"logo\":{\"@type\":\"ImageObject\",\"inLanguage\":\"pt-BR\",\"@id\":\"https:\/\/acrimat.org.br\/portal\/#\/schema\/logo\/image\/\",\"url\":\"https:\/\/acrimat.org.br\/portal\/wp-content\/uploads\/2018\/03\/logo-peq-original.png\",\"contentUrl\":\"https:\/\/acrimat.org.br\/portal\/wp-content\/uploads\/2018\/03\/logo-peq-original.png\",\"width\":174,\"height\":171,\"caption\":\"Associa\u00e7\u00e3o dos Criadores de Mato Grosso\"},\"image\":{\"@id\":\"https:\/\/acrimat.org.br\/portal\/#\/schema\/logo\/image\/\"}},{\"@type\":\"Person\",\"@id\":\"https:\/\/acrimat.org.br\/portal\/#\/schema\/person\/a309b9496344ff991e8e1b1d751fdd7b\",\"name\":\"Assessoria de comunica\u00e7\u00e3o ACRIMAT\",\"image\":{\"@type\":\"ImageObject\",\"inLanguage\":\"pt-BR\",\"@id\":\"https:\/\/acrimat.org.br\/portal\/#\/schema\/person\/image\/\",\"url\":\"https:\/\/secure.gravatar.com\/avatar\/2f9c28e64c317bcd762b25cb1575f1b4?s=96&d=mm&r=g\",\"contentUrl\":\"https:\/\/secure.gravatar.com\/avatar\/2f9c28e64c317bcd762b25cb1575f1b4?s=96&d=mm&r=g\",\"caption\":\"Assessoria de comunica\u00e7\u00e3o ACRIMAT\"},\"sameAs\":[\"http:\/\/acrimat.org.br\/\"],\"url\":\"https:\/\/acrimat.org.br\/portal\/author\/ascom\/\"}]}<\/script>\n<!-- \/ Yoast SEO plugin. -->","yoast_head_json":{"title":"Acordo UE-Mercosul deve observar crit\u00e9rio cient\u00edfico sobre barreiras - Acrimat","robots":{"index":"index","follow":"follow","max-snippet":"max-snippet:-1","max-image-preview":"max-image-preview:large","max-video-preview":"max-video-preview:-1"},"canonical":"https:\/\/acrimat.org.br\/portal\/acordo-ue-mercosul-deve-observar-criterio-cientifico-sobre-barreiras\/","og_locale":"pt_BR","og_type":"article","og_title":"Acordo UE-Mercosul deve observar crit\u00e9rio cient\u00edfico sobre barreiras - Acrimat","og_description":"A CNA e o IPA est\u00e3o pedindo ao governo a inclus\u00e3o de pontos que consideram imprescind\u00edveis nas negocia\u00e7\u00f5es entre Mercosul e Uni\u00e3o Europeia para o acordo comercial entre os dois blocos","og_url":"https:\/\/acrimat.org.br\/portal\/acordo-ue-mercosul-deve-observar-criterio-cientifico-sobre-barreiras\/","og_site_name":"Acrimat","article_published_time":"2017-11-08T10:57:25+00:00","article_modified_time":"2017-11-10T13:11:01+00:00","og_image":[{"width":640,"height":440,"url":"https:\/\/acrimat.org.br\/portal\/wp-content\/uploads\/2017\/03\/1470235579814.jpg","type":"image\/jpeg"}],"author":"Assessoria de comunica\u00e7\u00e3o ACRIMAT","twitter_card":"summary_large_image","twitter_misc":{"Escrito por":"Assessoria de comunica\u00e7\u00e3o ACRIMAT","Est. tempo de leitura":"2 minutos"},"schema":{"@context":"https:\/\/schema.org","@graph":[{"@type":"Article","@id":"https:\/\/acrimat.org.br\/portal\/acordo-ue-mercosul-deve-observar-criterio-cientifico-sobre-barreiras\/#article","isPartOf":{"@id":"https:\/\/acrimat.org.br\/portal\/acordo-ue-mercosul-deve-observar-criterio-cientifico-sobre-barreiras\/"},"author":{"name":"Assessoria de comunica\u00e7\u00e3o ACRIMAT","@id":"https:\/\/acrimat.org.br\/portal\/#\/schema\/person\/a309b9496344ff991e8e1b1d751fdd7b"},"headline":"Acordo UE-Mercosul deve observar crit\u00e9rio cient\u00edfico sobre barreiras","datePublished":"2017-11-08T10:57:25+00:00","dateModified":"2017-11-10T13:11:01+00:00","mainEntityOfPage":{"@id":"https:\/\/acrimat.org.br\/portal\/acordo-ue-mercosul-deve-observar-criterio-cientifico-sobre-barreiras\/"},"wordCount":395,"publisher":{"@id":"https:\/\/acrimat.org.br\/portal\/#organization"},"image":{"@id":"https:\/\/acrimat.org.br\/portal\/acordo-ue-mercosul-deve-observar-criterio-cientifico-sobre-barreiras\/#primaryimage"},"thumbnailUrl":"https:\/\/acrimat.org.br\/portal\/wp-content\/uploads\/2017\/03\/1470235579814.jpg","articleSection":["Destaques","Not\u00edcias"],"inLanguage":"pt-BR"},{"@type":"WebPage","@id":"https:\/\/acrimat.org.br\/portal\/acordo-ue-mercosul-deve-observar-criterio-cientifico-sobre-barreiras\/","url":"https:\/\/acrimat.org.br\/portal\/acordo-ue-mercosul-deve-observar-criterio-cientifico-sobre-barreiras\/","name":"Acordo UE-Mercosul deve observar crit\u00e9rio cient\u00edfico sobre barreiras - Acrimat","isPartOf":{"@id":"https:\/\/acrimat.org.br\/portal\/#website"},"primaryImageOfPage":{"@id":"https:\/\/acrimat.org.br\/portal\/acordo-ue-mercosul-deve-observar-criterio-cientifico-sobre-barreiras\/#primaryimage"},"image":{"@id":"https:\/\/acrimat.org.br\/portal\/acordo-ue-mercosul-deve-observar-criterio-cientifico-sobre-barreiras\/#primaryimage"},"thumbnailUrl":"https:\/\/acrimat.org.br\/portal\/wp-content\/uploads\/2017\/03\/1470235579814.jpg","datePublished":"2017-11-08T10:57:25+00:00","dateModified":"2017-11-10T13:11:01+00:00","breadcrumb":{"@id":"https:\/\/acrimat.org.br\/portal\/acordo-ue-mercosul-deve-observar-criterio-cientifico-sobre-barreiras\/#breadcrumb"},"inLanguage":"pt-BR","potentialAction":[{"@type":"ReadAction","target":["https:\/\/acrimat.org.br\/portal\/acordo-ue-mercosul-deve-observar-criterio-cientifico-sobre-barreiras\/"]}]},{"@type":"ImageObject","inLanguage":"pt-BR","@id":"https:\/\/acrimat.org.br\/portal\/acordo-ue-mercosul-deve-observar-criterio-cientifico-sobre-barreiras\/#primaryimage","url":"https:\/\/acrimat.org.br\/portal\/wp-content\/uploads\/2017\/03\/1470235579814.jpg","contentUrl":"https:\/\/acrimat.org.br\/portal\/wp-content\/uploads\/2017\/03\/1470235579814.jpg","width":640,"height":440},{"@type":"BreadcrumbList","@id":"https:\/\/acrimat.org.br\/portal\/acordo-ue-mercosul-deve-observar-criterio-cientifico-sobre-barreiras\/#breadcrumb","itemListElement":[{"@type":"ListItem","position":1,"name":"In\u00edcio","item":"https:\/\/acrimat.org.br\/portal\/"},{"@type":"ListItem","position":2,"name":"Acordo UE-Mercosul deve observar crit\u00e9rio cient\u00edfico sobre barreiras"}]},{"@type":"WebSite","@id":"https:\/\/acrimat.org.br\/portal\/#website","url":"https:\/\/acrimat.org.br\/portal\/","name":"Acrimat","description":"Associa\u00e7\u00e3o dos Criadores de Mato Grosso","publisher":{"@id":"https:\/\/acrimat.org.br\/portal\/#organization"},"potentialAction":[{"@type":"SearchAction","target":{"@type":"EntryPoint","urlTemplate":"https:\/\/acrimat.org.br\/portal\/?s={search_term_string}"},"query-input":{"@type":"PropertyValueSpecification","valueRequired":true,"valueName":"search_term_string"}}],"inLanguage":"pt-BR"},{"@type":"Organization","@id":"https:\/\/acrimat.org.br\/portal\/#organization","name":"Associa\u00e7\u00e3o dos Criadores de Mato Grosso","url":"https:\/\/acrimat.org.br\/portal\/","logo":{"@type":"ImageObject","inLanguage":"pt-BR","@id":"https:\/\/acrimat.org.br\/portal\/#\/schema\/logo\/image\/","url":"https:\/\/acrimat.org.br\/portal\/wp-content\/uploads\/2018\/03\/logo-peq-original.png","contentUrl":"https:\/\/acrimat.org.br\/portal\/wp-content\/uploads\/2018\/03\/logo-peq-original.png","width":174,"height":171,"caption":"Associa\u00e7\u00e3o dos Criadores de Mato Grosso"},"image":{"@id":"https:\/\/acrimat.org.br\/portal\/#\/schema\/logo\/image\/"}},{"@type":"Person","@id":"https:\/\/acrimat.org.br\/portal\/#\/schema\/person\/a309b9496344ff991e8e1b1d751fdd7b","name":"Assessoria de comunica\u00e7\u00e3o ACRIMAT","image":{"@type":"ImageObject","inLanguage":"pt-BR","@id":"https:\/\/acrimat.org.br\/portal\/#\/schema\/person\/image\/","url":"https:\/\/secure.gravatar.com\/avatar\/2f9c28e64c317bcd762b25cb1575f1b4?s=96&d=mm&r=g","contentUrl":"https:\/\/secure.gravatar.com\/avatar\/2f9c28e64c317bcd762b25cb1575f1b4?s=96&d=mm&r=g","caption":"Assessoria de comunica\u00e7\u00e3o ACRIMAT"},"sameAs":["http:\/\/acrimat.org.br\/"],"url":"https:\/\/acrimat.org.br\/portal\/author\/ascom\/"}]}},"_links":{"self":[{"href":"https:\/\/acrimat.org.br\/portal\/wp-json\/wp\/v2\/posts\/97984698","targetHints":{"allow":["GET"]}}],"collection":[{"href":"https:\/\/acrimat.org.br\/portal\/wp-json\/wp\/v2\/posts"}],"about":[{"href":"https:\/\/acrimat.org.br\/portal\/wp-json\/wp\/v2\/types\/post"}],"author":[{"embeddable":true,"href":"https:\/\/acrimat.org.br\/portal\/wp-json\/wp\/v2\/users\/7"}],"replies":[{"embeddable":true,"href":"https:\/\/acrimat.org.br\/portal\/wp-json\/wp\/v2\/comments?post=97984698"}],"version-history":[{"count":2,"href":"https:\/\/acrimat.org.br\/portal\/wp-json\/wp\/v2\/posts\/97984698\/revisions"}],"predecessor-version":[{"id":97984753,"href":"https:\/\/acrimat.org.br\/portal\/wp-json\/wp\/v2\/posts\/97984698\/revisions\/97984753"}],"wp:featuredmedia":[{"embeddable":true,"href":"https:\/\/acrimat.org.br\/portal\/wp-json\/wp\/v2\/media\/97980596"}],"wp:attachment":[{"href":"https:\/\/acrimat.org.br\/portal\/wp-json\/wp\/v2\/media?parent=97984698"}],"wp:term":[{"taxonomy":"category","embeddable":true,"href":"https:\/\/acrimat.org.br\/portal\/wp-json\/wp\/v2\/categories?post=97984698"},{"taxonomy":"post_tag","embeddable":true,"href":"https:\/\/acrimat.org.br\/portal\/wp-json\/wp\/v2\/tags?post=97984698"}],"curies":[{"name":"wp","href":"https:\/\/api.w.org\/{rel}","templated":true}]}}