{"id":97984714,"date":"2017-11-09T08:32:01","date_gmt":"2017-11-09T11:32:01","guid":{"rendered":"http:\/\/acrimat.org.br\/portal\/?p=97984714"},"modified":"2017-11-09T09:31:39","modified_gmt":"2017-11-09T12:31:39","slug":"exportacoes-de-carne-bovina-fecham-com-total-exportado-428-maior","status":"publish","type":"post","link":"https:\/\/acrimat.org.br\/portal\/exportacoes-de-carne-bovina-fecham-com-total-exportado-428-maior\/","title":{"rendered":"Exporta\u00e7\u00f5es de carne bovina fecham com total exportado 42,8% maior"},"content":{"rendered":"<p>Segundo dados do Minist\u00e9rio da Ind\u00fastria, Com\u00e9rcio Exterior e Servi\u00e7os, em outubro o Brasil exportou 119,1 mil toneladas de carne bovina\u00a0in natura, com faturamento total de US$503,2 milh\u00f5es.\u00a0A m\u00e9dia di\u00e1ria exportada foi de 5,7 mil toneladas.<\/p>\n<p>Em rela\u00e7\u00e3o ao mesmo per\u00edodo do ano passado, o volume total exportado foi 42,8% maior. J\u00e1 em rela\u00e7\u00e3o a setembro \u00faltimo, a alta foi de 6,4%.<\/p>\n<p>\u00c9 o quarto m\u00eas consecutivo de alta nas exporta\u00e7\u00f5es quando comparamos a 2016.<\/p>\n<p>At\u00e9 outubro, o Brasil exportou 985,99 mil toneladas de carne bovina\u00a0in natura, uma alta de 7,8% em rela\u00e7\u00e3o ao mesmo per\u00edodo do ano passado.<\/p>\n","protected":false},"excerpt":{"rendered":"<p>Outubro j\u00e1 \u00e9 o quarto m\u00eas consecutivo com resultados positivados<\/p>\n","protected":false},"author":11,"featured_media":97984715,"comment_status":"closed","ping_status":"closed","sticky":false,"template":"","format":"standard","meta":{"footnotes":""},"categories":[6,1],"tags":[],"class_list":["post-97984714","post","type-post","status-publish","format-standard","has-post-thumbnail","hentry","category-destaque","category-noticia"],"yoast_head":"<!-- This site is optimized with the Yoast SEO plugin v24.8.1 - https:\/\/yoast.com\/wordpress\/plugins\/seo\/ -->\n<title>Exporta\u00e7\u00f5es de carne bovina fecham com total exportado 42,8% maior - Acrimat<\/title>\n<meta name=\"robots\" content=\"index, follow, max-snippet:-1, max-image-preview:large, max-video-preview:-1\" \/>\n<link rel=\"canonical\" href=\"https:\/\/acrimat.org.br\/portal\/exportacoes-de-carne-bovina-fecham-com-total-exportado-428-maior\/\" \/>\n<meta property=\"og:locale\" content=\"pt_BR\" \/>\n<meta property=\"og:type\" content=\"article\" \/>\n<meta property=\"og:title\" content=\"Exporta\u00e7\u00f5es de carne bovina fecham com total exportado 42,8% maior - Acrimat\" \/>\n<meta property=\"og:description\" content=\"Outubro j\u00e1 \u00e9 o quarto m\u00eas consecutivo com resultados positivados\" \/>\n<meta property=\"og:url\" content=\"https:\/\/acrimat.org.br\/portal\/exportacoes-de-carne-bovina-fecham-com-total-exportado-428-maior\/\" \/>\n<meta property=\"og:site_name\" content=\"Acrimat\" \/>\n<meta property=\"article:published_time\" content=\"2017-11-09T11:32:01+00:00\" \/>\n<meta property=\"article:modified_time\" content=\"2017-11-09T12:31:39+00:00\" \/>\n<meta property=\"og:image\" content=\"https:\/\/acrimat.org.br\/portal\/wp-content\/uploads\/2017\/11\/frigorifico4.jpg\" \/>\n\t<meta property=\"og:image:width\" content=\"640\" \/>\n\t<meta property=\"og:image:height\" content=\"440\" \/>\n\t<meta property=\"og:image:type\" content=\"image\/jpeg\" \/>\n<meta name=\"author\" content=\"P\u00e9ricles C\u00e2ndido\" \/>\n<meta name=\"twitter:card\" content=\"summary_large_image\" \/>\n<meta name=\"twitter:label1\" content=\"Escrito por\" \/>\n\t<meta name=\"twitter:data1\" content=\"P\u00e9ricles C\u00e2ndido\" \/>\n\t<meta name=\"twitter:label2\" content=\"Est. tempo de leitura\" \/>\n\t<meta name=\"twitter:data2\" content=\"1 minuto\" \/>\n<script type=\"application\/ld+json\" class=\"yoast-schema-graph\">{\"@context\":\"https:\/\/schema.org\",\"@graph\":[{\"@type\":\"Article\",\"@id\":\"https:\/\/acrimat.org.br\/portal\/exportacoes-de-carne-bovina-fecham-com-total-exportado-428-maior\/#article\",\"isPartOf\":{\"@id\":\"https:\/\/acrimat.org.br\/portal\/exportacoes-de-carne-bovina-fecham-com-total-exportado-428-maior\/\"},\"author\":{\"name\":\"P\u00e9ricles C\u00e2ndido\",\"@id\":\"https:\/\/acrimat.org.br\/portal\/#\/schema\/person\/18df8bcf6890e924fe5d8b5afd2bec0f\"},\"headline\":\"Exporta\u00e7\u00f5es de carne bovina fecham com total exportado 42,8% maior\",\"datePublished\":\"2017-11-09T11:32:01+00:00\",\"dateModified\":\"2017-11-09T12:31:39+00:00\",\"mainEntityOfPage\":{\"@id\":\"https:\/\/acrimat.org.br\/portal\/exportacoes-de-carne-bovina-fecham-com-total-exportado-428-maior\/\"},\"wordCount\":118,\"publisher\":{\"@id\":\"https:\/\/acrimat.org.br\/portal\/#organization\"},\"image\":{\"@id\":\"https:\/\/acrimat.org.br\/portal\/exportacoes-de-carne-bovina-fecham-com-total-exportado-428-maior\/#primaryimage\"},\"thumbnailUrl\":\"https:\/\/acrimat.org.br\/portal\/wp-content\/uploads\/2017\/11\/frigorifico4.jpg\",\"articleSection\":[\"Destaques\",\"Not\u00edcias\"],\"inLanguage\":\"pt-BR\"},{\"@type\":\"WebPage\",\"@id\":\"https:\/\/acrimat.org.br\/portal\/exportacoes-de-carne-bovina-fecham-com-total-exportado-428-maior\/\",\"url\":\"https:\/\/acrimat.org.br\/portal\/exportacoes-de-carne-bovina-fecham-com-total-exportado-428-maior\/\",\"name\":\"Exporta\u00e7\u00f5es de carne bovina fecham com total exportado 42,8% maior - Acrimat\",\"isPartOf\":{\"@id\":\"https:\/\/acrimat.org.br\/portal\/#website\"},\"primaryImageOfPage\":{\"@id\":\"https:\/\/acrimat.org.br\/portal\/exportacoes-de-carne-bovina-fecham-com-total-exportado-428-maior\/#primaryimage\"},\"image\":{\"@id\":\"https:\/\/acrimat.org.br\/portal\/exportacoes-de-carne-bovina-fecham-com-total-exportado-428-maior\/#primaryimage\"},\"thumbnailUrl\":\"https:\/\/acrimat.org.br\/portal\/wp-content\/uploads\/2017\/11\/frigorifico4.jpg\",\"datePublished\":\"2017-11-09T11:32:01+00:00\",\"dateModified\":\"2017-11-09T12:31:39+00:00\",\"breadcrumb\":{\"@id\":\"https:\/\/acrimat.org.br\/portal\/exportacoes-de-carne-bovina-fecham-com-total-exportado-428-maior\/#breadcrumb\"},\"inLanguage\":\"pt-BR\",\"potentialAction\":[{\"@type\":\"ReadAction\",\"target\":[\"https:\/\/acrimat.org.br\/portal\/exportacoes-de-carne-bovina-fecham-com-total-exportado-428-maior\/\"]}]},{\"@type\":\"ImageObject\",\"inLanguage\":\"pt-BR\",\"@id\":\"https:\/\/acrimat.org.br\/portal\/exportacoes-de-carne-bovina-fecham-com-total-exportado-428-maior\/#primaryimage\",\"url\":\"https:\/\/acrimat.org.br\/portal\/wp-content\/uploads\/2017\/11\/frigorifico4.jpg\",\"contentUrl\":\"https:\/\/acrimat.org.br\/portal\/wp-content\/uploads\/2017\/11\/frigorifico4.jpg\",\"width\":640,\"height\":440},{\"@type\":\"BreadcrumbList\",\"@id\":\"https:\/\/acrimat.org.br\/portal\/exportacoes-de-carne-bovina-fecham-com-total-exportado-428-maior\/#breadcrumb\",\"itemListElement\":[{\"@type\":\"ListItem\",\"position\":1,\"name\":\"In\u00edcio\",\"item\":\"https:\/\/acrimat.org.br\/portal\/\"},{\"@type\":\"ListItem\",\"position\":2,\"name\":\"Exporta\u00e7\u00f5es de carne bovina fecham com total exportado 42,8% maior\"}]},{\"@type\":\"WebSite\",\"@id\":\"https:\/\/acrimat.org.br\/portal\/#website\",\"url\":\"https:\/\/acrimat.org.br\/portal\/\",\"name\":\"Acrimat\",\"description\":\"Associa\u00e7\u00e3o dos Criadores de Mato Grosso\",\"publisher\":{\"@id\":\"https:\/\/acrimat.org.br\/portal\/#organization\"},\"potentialAction\":[{\"@type\":\"SearchAction\",\"target\":{\"@type\":\"EntryPoint\",\"urlTemplate\":\"https:\/\/acrimat.org.br\/portal\/?s={search_term_string}\"},\"query-input\":{\"@type\":\"PropertyValueSpecification\",\"valueRequired\":true,\"valueName\":\"search_term_string\"}}],\"inLanguage\":\"pt-BR\"},{\"@type\":\"Organization\",\"@id\":\"https:\/\/acrimat.org.br\/portal\/#organization\",\"name\":\"Associa\u00e7\u00e3o dos Criadores de Mato Grosso\",\"url\":\"https:\/\/acrimat.org.br\/portal\/\",\"logo\":{\"@type\":\"ImageObject\",\"inLanguage\":\"pt-BR\",\"@id\":\"https:\/\/acrimat.org.br\/portal\/#\/schema\/logo\/image\/\",\"url\":\"https:\/\/acrimat.org.br\/portal\/wp-content\/uploads\/2018\/03\/logo-peq-original.png\",\"contentUrl\":\"https:\/\/acrimat.org.br\/portal\/wp-content\/uploads\/2018\/03\/logo-peq-original.png\",\"width\":174,\"height\":171,\"caption\":\"Associa\u00e7\u00e3o dos Criadores de Mato Grosso\"},\"image\":{\"@id\":\"https:\/\/acrimat.org.br\/portal\/#\/schema\/logo\/image\/\"}},{\"@type\":\"Person\",\"@id\":\"https:\/\/acrimat.org.br\/portal\/#\/schema\/person\/18df8bcf6890e924fe5d8b5afd2bec0f\",\"name\":\"P\u00e9ricles C\u00e2ndido\",\"image\":{\"@type\":\"ImageObject\",\"inLanguage\":\"pt-BR\",\"@id\":\"https:\/\/acrimat.org.br\/portal\/#\/schema\/person\/image\/\",\"url\":\"https:\/\/secure.gravatar.com\/avatar\/33e2a2b971dc363ed2df53d0d3bfbd18?s=96&d=mm&r=g\",\"contentUrl\":\"https:\/\/secure.gravatar.com\/avatar\/33e2a2b971dc363ed2df53d0d3bfbd18?s=96&d=mm&r=g\",\"caption\":\"P\u00e9ricles C\u00e2ndido\"},\"sameAs\":[\"ascom@acrimat.org.br\"],\"url\":\"https:\/\/acrimat.org.br\/portal\/author\/designergrafico\/\"}]}<\/script>\n<!-- \/ Yoast SEO plugin. -->","yoast_head_json":{"title":"Exporta\u00e7\u00f5es de carne bovina fecham com total exportado 42,8% maior - Acrimat","robots":{"index":"index","follow":"follow","max-snippet":"max-snippet:-1","max-image-preview":"max-image-preview:large","max-video-preview":"max-video-preview:-1"},"canonical":"https:\/\/acrimat.org.br\/portal\/exportacoes-de-carne-bovina-fecham-com-total-exportado-428-maior\/","og_locale":"pt_BR","og_type":"article","og_title":"Exporta\u00e7\u00f5es de carne bovina fecham com total exportado 42,8% maior - Acrimat","og_description":"Outubro j\u00e1 \u00e9 o quarto m\u00eas consecutivo com resultados positivados","og_url":"https:\/\/acrimat.org.br\/portal\/exportacoes-de-carne-bovina-fecham-com-total-exportado-428-maior\/","og_site_name":"Acrimat","article_published_time":"2017-11-09T11:32:01+00:00","article_modified_time":"2017-11-09T12:31:39+00:00","og_image":[{"width":640,"height":440,"url":"https:\/\/acrimat.org.br\/portal\/wp-content\/uploads\/2017\/11\/frigorifico4.jpg","type":"image\/jpeg"}],"author":"P\u00e9ricles C\u00e2ndido","twitter_card":"summary_large_image","twitter_misc":{"Escrito por":"P\u00e9ricles C\u00e2ndido","Est. tempo de leitura":"1 minuto"},"schema":{"@context":"https:\/\/schema.org","@graph":[{"@type":"Article","@id":"https:\/\/acrimat.org.br\/portal\/exportacoes-de-carne-bovina-fecham-com-total-exportado-428-maior\/#article","isPartOf":{"@id":"https:\/\/acrimat.org.br\/portal\/exportacoes-de-carne-bovina-fecham-com-total-exportado-428-maior\/"},"author":{"name":"P\u00e9ricles C\u00e2ndido","@id":"https:\/\/acrimat.org.br\/portal\/#\/schema\/person\/18df8bcf6890e924fe5d8b5afd2bec0f"},"headline":"Exporta\u00e7\u00f5es de carne bovina fecham com total exportado 42,8% maior","datePublished":"2017-11-09T11:32:01+00:00","dateModified":"2017-11-09T12:31:39+00:00","mainEntityOfPage":{"@id":"https:\/\/acrimat.org.br\/portal\/exportacoes-de-carne-bovina-fecham-com-total-exportado-428-maior\/"},"wordCount":118,"publisher":{"@id":"https:\/\/acrimat.org.br\/portal\/#organization"},"image":{"@id":"https:\/\/acrimat.org.br\/portal\/exportacoes-de-carne-bovina-fecham-com-total-exportado-428-maior\/#primaryimage"},"thumbnailUrl":"https:\/\/acrimat.org.br\/portal\/wp-content\/uploads\/2017\/11\/frigorifico4.jpg","articleSection":["Destaques","Not\u00edcias"],"inLanguage":"pt-BR"},{"@type":"WebPage","@id":"https:\/\/acrimat.org.br\/portal\/exportacoes-de-carne-bovina-fecham-com-total-exportado-428-maior\/","url":"https:\/\/acrimat.org.br\/portal\/exportacoes-de-carne-bovina-fecham-com-total-exportado-428-maior\/","name":"Exporta\u00e7\u00f5es de carne bovina fecham com total exportado 42,8% maior - Acrimat","isPartOf":{"@id":"https:\/\/acrimat.org.br\/portal\/#website"},"primaryImageOfPage":{"@id":"https:\/\/acrimat.org.br\/portal\/exportacoes-de-carne-bovina-fecham-com-total-exportado-428-maior\/#primaryimage"},"image":{"@id":"https:\/\/acrimat.org.br\/portal\/exportacoes-de-carne-bovina-fecham-com-total-exportado-428-maior\/#primaryimage"},"thumbnailUrl":"https:\/\/acrimat.org.br\/portal\/wp-content\/uploads\/2017\/11\/frigorifico4.jpg","datePublished":"2017-11-09T11:32:01+00:00","dateModified":"2017-11-09T12:31:39+00:00","breadcrumb":{"@id":"https:\/\/acrimat.org.br\/portal\/exportacoes-de-carne-bovina-fecham-com-total-exportado-428-maior\/#breadcrumb"},"inLanguage":"pt-BR","potentialAction":[{"@type":"ReadAction","target":["https:\/\/acrimat.org.br\/portal\/exportacoes-de-carne-bovina-fecham-com-total-exportado-428-maior\/"]}]},{"@type":"ImageObject","inLanguage":"pt-BR","@id":"https:\/\/acrimat.org.br\/portal\/exportacoes-de-carne-bovina-fecham-com-total-exportado-428-maior\/#primaryimage","url":"https:\/\/acrimat.org.br\/portal\/wp-content\/uploads\/2017\/11\/frigorifico4.jpg","contentUrl":"https:\/\/acrimat.org.br\/portal\/wp-content\/uploads\/2017\/11\/frigorifico4.jpg","width":640,"height":440},{"@type":"BreadcrumbList","@id":"https:\/\/acrimat.org.br\/portal\/exportacoes-de-carne-bovina-fecham-com-total-exportado-428-maior\/#breadcrumb","itemListElement":[{"@type":"ListItem","position":1,"name":"In\u00edcio","item":"https:\/\/acrimat.org.br\/portal\/"},{"@type":"ListItem","position":2,"name":"Exporta\u00e7\u00f5es de carne bovina fecham com total exportado 42,8% maior"}]},{"@type":"WebSite","@id":"https:\/\/acrimat.org.br\/portal\/#website","url":"https:\/\/acrimat.org.br\/portal\/","name":"Acrimat","description":"Associa\u00e7\u00e3o dos Criadores de Mato Grosso","publisher":{"@id":"https:\/\/acrimat.org.br\/portal\/#organization"},"potentialAction":[{"@type":"SearchAction","target":{"@type":"EntryPoint","urlTemplate":"https:\/\/acrimat.org.br\/portal\/?s={search_term_string}"},"query-input":{"@type":"PropertyValueSpecification","valueRequired":true,"valueName":"search_term_string"}}],"inLanguage":"pt-BR"},{"@type":"Organization","@id":"https:\/\/acrimat.org.br\/portal\/#organization","name":"Associa\u00e7\u00e3o dos Criadores de Mato Grosso","url":"https:\/\/acrimat.org.br\/portal\/","logo":{"@type":"ImageObject","inLanguage":"pt-BR","@id":"https:\/\/acrimat.org.br\/portal\/#\/schema\/logo\/image\/","url":"https:\/\/acrimat.org.br\/portal\/wp-content\/uploads\/2018\/03\/logo-peq-original.png","contentUrl":"https:\/\/acrimat.org.br\/portal\/wp-content\/uploads\/2018\/03\/logo-peq-original.png","width":174,"height":171,"caption":"Associa\u00e7\u00e3o dos Criadores de Mato Grosso"},"image":{"@id":"https:\/\/acrimat.org.br\/portal\/#\/schema\/logo\/image\/"}},{"@type":"Person","@id":"https:\/\/acrimat.org.br\/portal\/#\/schema\/person\/18df8bcf6890e924fe5d8b5afd2bec0f","name":"P\u00e9ricles C\u00e2ndido","image":{"@type":"ImageObject","inLanguage":"pt-BR","@id":"https:\/\/acrimat.org.br\/portal\/#\/schema\/person\/image\/","url":"https:\/\/secure.gravatar.com\/avatar\/33e2a2b971dc363ed2df53d0d3bfbd18?s=96&d=mm&r=g","contentUrl":"https:\/\/secure.gravatar.com\/avatar\/33e2a2b971dc363ed2df53d0d3bfbd18?s=96&d=mm&r=g","caption":"P\u00e9ricles C\u00e2ndido"},"sameAs":["ascom@acrimat.org.br"],"url":"https:\/\/acrimat.org.br\/portal\/author\/designergrafico\/"}]}},"_links":{"self":[{"href":"https:\/\/acrimat.org.br\/portal\/wp-json\/wp\/v2\/posts\/97984714","targetHints":{"allow":["GET"]}}],"collection":[{"href":"https:\/\/acrimat.org.br\/portal\/wp-json\/wp\/v2\/posts"}],"about":[{"href":"https:\/\/acrimat.org.br\/portal\/wp-json\/wp\/v2\/types\/post"}],"author":[{"embeddable":true,"href":"https:\/\/acrimat.org.br\/portal\/wp-json\/wp\/v2\/users\/11"}],"replies":[{"embeddable":true,"href":"https:\/\/acrimat.org.br\/portal\/wp-json\/wp\/v2\/comments?post=97984714"}],"version-history":[{"count":2,"href":"https:\/\/acrimat.org.br\/portal\/wp-json\/wp\/v2\/posts\/97984714\/revisions"}],"predecessor-version":[{"id":97984729,"href":"https:\/\/acrimat.org.br\/portal\/wp-json\/wp\/v2\/posts\/97984714\/revisions\/97984729"}],"wp:featuredmedia":[{"embeddable":true,"href":"https:\/\/acrimat.org.br\/portal\/wp-json\/wp\/v2\/media\/97984715"}],"wp:attachment":[{"href":"https:\/\/acrimat.org.br\/portal\/wp-json\/wp\/v2\/media?parent=97984714"}],"wp:term":[{"taxonomy":"category","embeddable":true,"href":"https:\/\/acrimat.org.br\/portal\/wp-json\/wp\/v2\/categories?post=97984714"},{"taxonomy":"post_tag","embeddable":true,"href":"https:\/\/acrimat.org.br\/portal\/wp-json\/wp\/v2\/tags?post=97984714"}],"curies":[{"name":"wp","href":"https:\/\/api.w.org\/{rel}","templated":true}]}}