{"id":97984736,"date":"2017-11-10T08:23:57","date_gmt":"2017-11-10T11:23:57","guid":{"rendered":"http:\/\/acrimat.org.br\/portal\/?p=97984736"},"modified":"2017-11-10T08:23:57","modified_gmt":"2017-11-10T11:23:57","slug":"maggi-articula-parcerias-de-ministerio-com-a-ufmt","status":"publish","type":"post","link":"https:\/\/acrimat.org.br\/portal\/maggi-articula-parcerias-de-ministerio-com-a-ufmt\/","title":{"rendered":"Maggi articula parcerias de minist\u00e9rio com a UFMT"},"content":{"rendered":"<p>A reitora da Universidade Federal de Mato Grosso (UFMT), professora Myrian Serra, reuniu-se na tarde desta quinta-feira (9), com o Ministro da Agricultura, Pecu\u00e1ria e Abastecimento (MAPA), Blairo Maggi. O encontro aconteceu na sede do MAPA, em Bras\u00edlia (DF).<\/p>\n<p>Segundo a professora Myrian Serra, que esteve acompanhada da assessora da Reitoria, professora Elisabeth Aparecida Furtado de Mendon\u00e7a, a reuni\u00e3o foi produtiva e o ministro Blairo Maggi se mostrou sensibilizado com as demandas e empenhado em articular parcerias que permitam o o atendimento das solicita\u00e7\u00f5es.<\/p>\n<p>Na agenda, a reitora discutiu o apoio or\u00e7ament\u00e1rio do MAPA para melhoria e amplia\u00e7\u00e3o da infraestrutura f\u00edsica dos cursos de gradua\u00e7\u00e3o e p\u00f3s-gradua\u00e7\u00e3o da UFMT. O objetivo desta a\u00e7\u00e3o \u00e9 que, a partir do fortalecimento do ensino e da pesquisa, seja poss\u00edvel promover o desenvolvimento do Estado, sobretudo nas \u00e1reas da agricultura e pecu\u00e1ria regional.<\/p>\n<p>Durante a reuni\u00e3o de trabalho, a professora Myrian Serra tamb\u00e9m solicitou o apoio do ministro para causas sens\u00edveis ao desenvolvimento das atividades fins da Universidade, que impactam diretamente o desenvolvimento regional e o atendimento \u00e0 sociedade mato-grossense, como a conclus\u00e3o do C\u00e2mpus de V\u00e1rzea Grande, do Centro Oficial de Treinamento (COT), que funcionar\u00e1 no C\u00e2mpus de Cuiab\u00e1, e a retomada das obras do novo Hospital Universit\u00e1rio, cujo terreno foi doado na gest\u00e3o de Blairo Maggi frente ao governo de Mato Grosso.<\/p>\n<p>Todas as obras contam com participa\u00e7\u00e3o do governo do Estado: na primeira ele \u00e9 respons\u00e1vel pela constru\u00e7\u00e3o de uma ponte sobre o Rio Pari, que facilitar\u00e1 acesso ao local; na segunda, a UFMT aguarda a finaliza\u00e7\u00e3o da obra para a instala\u00e7\u00e3o da pista de atletismo certificada; por fim, no novo Hospital, o governo do Estado se comprometeu a lan\u00e7ar edital para a retomada das obras, cujos recursos obtidos pela UFMT j\u00e1 est\u00e3o disponibilizados.<\/p>\n<p>Ainda em Bras\u00edlia, a reitora encaminhou of\u00edcios \u00e0 bancada federal de Mato Grosso com pedido de emendas para o desenvolvimento da UFMT. A a\u00e7\u00e3o tem como objetivo buscar alternativas para a manuten\u00e7\u00e3o e o desenvolvimento das atividades da universidade prejudicadas pelo contingenciamento do or\u00e7amento promovido pelo governo federal.<\/p>\n","protected":false},"excerpt":{"rendered":"<p>A reitora da Universidade Federal de Mato Grosso (UFMT), professora Myrian Serra, reuniu-se na tarde desta quinta-feira (9), com o Ministro da Agricultura, Pecu\u00e1ria e Abastecimento (MAPA), Blairo Maggi<\/p>\n","protected":false},"author":11,"featured_media":97984737,"comment_status":"closed","ping_status":"closed","sticky":false,"template":"","format":"standard","meta":{"footnotes":""},"categories":[6,1],"tags":[],"class_list":["post-97984736","post","type-post","status-publish","format-standard","has-post-thumbnail","hentry","category-destaque","category-noticia"],"yoast_head":"<!-- This site is optimized with the Yoast SEO plugin v24.8.1 - https:\/\/yoast.com\/wordpress\/plugins\/seo\/ -->\n<title>Maggi articula parcerias de minist\u00e9rio com a UFMT - Acrimat<\/title>\n<meta name=\"robots\" content=\"index, follow, max-snippet:-1, max-image-preview:large, max-video-preview:-1\" \/>\n<link rel=\"canonical\" href=\"https:\/\/acrimat.org.br\/portal\/maggi-articula-parcerias-de-ministerio-com-a-ufmt\/\" \/>\n<meta property=\"og:locale\" content=\"pt_BR\" \/>\n<meta property=\"og:type\" content=\"article\" \/>\n<meta property=\"og:title\" content=\"Maggi articula parcerias de minist\u00e9rio com a UFMT - Acrimat\" \/>\n<meta property=\"og:description\" content=\"A reitora da Universidade Federal de Mato Grosso (UFMT), professora Myrian Serra, reuniu-se na tarde desta quinta-feira (9), com o Ministro da Agricultura, Pecu\u00e1ria e Abastecimento (MAPA), Blairo Maggi\" \/>\n<meta property=\"og:url\" content=\"https:\/\/acrimat.org.br\/portal\/maggi-articula-parcerias-de-ministerio-com-a-ufmt\/\" \/>\n<meta property=\"og:site_name\" content=\"Acrimat\" \/>\n<meta property=\"article:published_time\" content=\"2017-11-10T11:23:57+00:00\" \/>\n<meta property=\"og:image\" content=\"https:\/\/acrimat.org.br\/portal\/wp-content\/uploads\/2017\/11\/sem-titulo.jpg\" \/>\n\t<meta property=\"og:image:width\" content=\"300\" \/>\n\t<meta property=\"og:image:height\" content=\"200\" \/>\n\t<meta property=\"og:image:type\" content=\"image\/jpeg\" \/>\n<meta name=\"author\" content=\"P\u00e9ricles C\u00e2ndido\" \/>\n<meta name=\"twitter:card\" content=\"summary_large_image\" \/>\n<meta name=\"twitter:label1\" content=\"Escrito por\" \/>\n\t<meta name=\"twitter:data1\" content=\"P\u00e9ricles C\u00e2ndido\" \/>\n\t<meta name=\"twitter:label2\" content=\"Est. tempo de leitura\" \/>\n\t<meta name=\"twitter:data2\" content=\"2 minutos\" \/>\n<script type=\"application\/ld+json\" class=\"yoast-schema-graph\">{\"@context\":\"https:\/\/schema.org\",\"@graph\":[{\"@type\":\"Article\",\"@id\":\"https:\/\/acrimat.org.br\/portal\/maggi-articula-parcerias-de-ministerio-com-a-ufmt\/#article\",\"isPartOf\":{\"@id\":\"https:\/\/acrimat.org.br\/portal\/maggi-articula-parcerias-de-ministerio-com-a-ufmt\/\"},\"author\":{\"name\":\"P\u00e9ricles C\u00e2ndido\",\"@id\":\"https:\/\/acrimat.org.br\/portal\/#\/schema\/person\/18df8bcf6890e924fe5d8b5afd2bec0f\"},\"headline\":\"Maggi articula parcerias de minist\u00e9rio com a UFMT\",\"datePublished\":\"2017-11-10T11:23:57+00:00\",\"mainEntityOfPage\":{\"@id\":\"https:\/\/acrimat.org.br\/portal\/maggi-articula-parcerias-de-ministerio-com-a-ufmt\/\"},\"wordCount\":381,\"publisher\":{\"@id\":\"https:\/\/acrimat.org.br\/portal\/#organization\"},\"image\":{\"@id\":\"https:\/\/acrimat.org.br\/portal\/maggi-articula-parcerias-de-ministerio-com-a-ufmt\/#primaryimage\"},\"thumbnailUrl\":\"https:\/\/acrimat.org.br\/portal\/wp-content\/uploads\/2017\/11\/sem-titulo.jpg\",\"articleSection\":[\"Destaques\",\"Not\u00edcias\"],\"inLanguage\":\"pt-BR\"},{\"@type\":\"WebPage\",\"@id\":\"https:\/\/acrimat.org.br\/portal\/maggi-articula-parcerias-de-ministerio-com-a-ufmt\/\",\"url\":\"https:\/\/acrimat.org.br\/portal\/maggi-articula-parcerias-de-ministerio-com-a-ufmt\/\",\"name\":\"Maggi articula parcerias de minist\u00e9rio com a UFMT - Acrimat\",\"isPartOf\":{\"@id\":\"https:\/\/acrimat.org.br\/portal\/#website\"},\"primaryImageOfPage\":{\"@id\":\"https:\/\/acrimat.org.br\/portal\/maggi-articula-parcerias-de-ministerio-com-a-ufmt\/#primaryimage\"},\"image\":{\"@id\":\"https:\/\/acrimat.org.br\/portal\/maggi-articula-parcerias-de-ministerio-com-a-ufmt\/#primaryimage\"},\"thumbnailUrl\":\"https:\/\/acrimat.org.br\/portal\/wp-content\/uploads\/2017\/11\/sem-titulo.jpg\",\"datePublished\":\"2017-11-10T11:23:57+00:00\",\"breadcrumb\":{\"@id\":\"https:\/\/acrimat.org.br\/portal\/maggi-articula-parcerias-de-ministerio-com-a-ufmt\/#breadcrumb\"},\"inLanguage\":\"pt-BR\",\"potentialAction\":[{\"@type\":\"ReadAction\",\"target\":[\"https:\/\/acrimat.org.br\/portal\/maggi-articula-parcerias-de-ministerio-com-a-ufmt\/\"]}]},{\"@type\":\"ImageObject\",\"inLanguage\":\"pt-BR\",\"@id\":\"https:\/\/acrimat.org.br\/portal\/maggi-articula-parcerias-de-ministerio-com-a-ufmt\/#primaryimage\",\"url\":\"https:\/\/acrimat.org.br\/portal\/wp-content\/uploads\/2017\/11\/sem-titulo.jpg\",\"contentUrl\":\"https:\/\/acrimat.org.br\/portal\/wp-content\/uploads\/2017\/11\/sem-titulo.jpg\",\"width\":300,\"height\":200},{\"@type\":\"BreadcrumbList\",\"@id\":\"https:\/\/acrimat.org.br\/portal\/maggi-articula-parcerias-de-ministerio-com-a-ufmt\/#breadcrumb\",\"itemListElement\":[{\"@type\":\"ListItem\",\"position\":1,\"name\":\"In\u00edcio\",\"item\":\"https:\/\/acrimat.org.br\/portal\/\"},{\"@type\":\"ListItem\",\"position\":2,\"name\":\"Maggi articula parcerias de minist\u00e9rio com a UFMT\"}]},{\"@type\":\"WebSite\",\"@id\":\"https:\/\/acrimat.org.br\/portal\/#website\",\"url\":\"https:\/\/acrimat.org.br\/portal\/\",\"name\":\"Acrimat\",\"description\":\"Associa\u00e7\u00e3o dos Criadores de Mato Grosso\",\"publisher\":{\"@id\":\"https:\/\/acrimat.org.br\/portal\/#organization\"},\"potentialAction\":[{\"@type\":\"SearchAction\",\"target\":{\"@type\":\"EntryPoint\",\"urlTemplate\":\"https:\/\/acrimat.org.br\/portal\/?s={search_term_string}\"},\"query-input\":{\"@type\":\"PropertyValueSpecification\",\"valueRequired\":true,\"valueName\":\"search_term_string\"}}],\"inLanguage\":\"pt-BR\"},{\"@type\":\"Organization\",\"@id\":\"https:\/\/acrimat.org.br\/portal\/#organization\",\"name\":\"Associa\u00e7\u00e3o dos Criadores de Mato Grosso\",\"url\":\"https:\/\/acrimat.org.br\/portal\/\",\"logo\":{\"@type\":\"ImageObject\",\"inLanguage\":\"pt-BR\",\"@id\":\"https:\/\/acrimat.org.br\/portal\/#\/schema\/logo\/image\/\",\"url\":\"https:\/\/acrimat.org.br\/portal\/wp-content\/uploads\/2018\/03\/logo-peq-original.png\",\"contentUrl\":\"https:\/\/acrimat.org.br\/portal\/wp-content\/uploads\/2018\/03\/logo-peq-original.png\",\"width\":174,\"height\":171,\"caption\":\"Associa\u00e7\u00e3o dos Criadores de Mato Grosso\"},\"image\":{\"@id\":\"https:\/\/acrimat.org.br\/portal\/#\/schema\/logo\/image\/\"}},{\"@type\":\"Person\",\"@id\":\"https:\/\/acrimat.org.br\/portal\/#\/schema\/person\/18df8bcf6890e924fe5d8b5afd2bec0f\",\"name\":\"P\u00e9ricles C\u00e2ndido\",\"image\":{\"@type\":\"ImageObject\",\"inLanguage\":\"pt-BR\",\"@id\":\"https:\/\/acrimat.org.br\/portal\/#\/schema\/person\/image\/\",\"url\":\"https:\/\/secure.gravatar.com\/avatar\/33e2a2b971dc363ed2df53d0d3bfbd18?s=96&d=mm&r=g\",\"contentUrl\":\"https:\/\/secure.gravatar.com\/avatar\/33e2a2b971dc363ed2df53d0d3bfbd18?s=96&d=mm&r=g\",\"caption\":\"P\u00e9ricles C\u00e2ndido\"},\"sameAs\":[\"ascom@acrimat.org.br\"],\"url\":\"https:\/\/acrimat.org.br\/portal\/author\/designergrafico\/\"}]}<\/script>\n<!-- \/ Yoast SEO plugin. -->","yoast_head_json":{"title":"Maggi articula parcerias de minist\u00e9rio com a UFMT - Acrimat","robots":{"index":"index","follow":"follow","max-snippet":"max-snippet:-1","max-image-preview":"max-image-preview:large","max-video-preview":"max-video-preview:-1"},"canonical":"https:\/\/acrimat.org.br\/portal\/maggi-articula-parcerias-de-ministerio-com-a-ufmt\/","og_locale":"pt_BR","og_type":"article","og_title":"Maggi articula parcerias de minist\u00e9rio com a UFMT - Acrimat","og_description":"A reitora da Universidade Federal de Mato Grosso (UFMT), professora Myrian Serra, reuniu-se na tarde desta quinta-feira (9), com o Ministro da Agricultura, Pecu\u00e1ria e Abastecimento (MAPA), Blairo Maggi","og_url":"https:\/\/acrimat.org.br\/portal\/maggi-articula-parcerias-de-ministerio-com-a-ufmt\/","og_site_name":"Acrimat","article_published_time":"2017-11-10T11:23:57+00:00","og_image":[{"width":300,"height":200,"url":"https:\/\/acrimat.org.br\/portal\/wp-content\/uploads\/2017\/11\/sem-titulo.jpg","type":"image\/jpeg"}],"author":"P\u00e9ricles C\u00e2ndido","twitter_card":"summary_large_image","twitter_misc":{"Escrito por":"P\u00e9ricles C\u00e2ndido","Est. tempo de leitura":"2 minutos"},"schema":{"@context":"https:\/\/schema.org","@graph":[{"@type":"Article","@id":"https:\/\/acrimat.org.br\/portal\/maggi-articula-parcerias-de-ministerio-com-a-ufmt\/#article","isPartOf":{"@id":"https:\/\/acrimat.org.br\/portal\/maggi-articula-parcerias-de-ministerio-com-a-ufmt\/"},"author":{"name":"P\u00e9ricles C\u00e2ndido","@id":"https:\/\/acrimat.org.br\/portal\/#\/schema\/person\/18df8bcf6890e924fe5d8b5afd2bec0f"},"headline":"Maggi articula parcerias de minist\u00e9rio com a UFMT","datePublished":"2017-11-10T11:23:57+00:00","mainEntityOfPage":{"@id":"https:\/\/acrimat.org.br\/portal\/maggi-articula-parcerias-de-ministerio-com-a-ufmt\/"},"wordCount":381,"publisher":{"@id":"https:\/\/acrimat.org.br\/portal\/#organization"},"image":{"@id":"https:\/\/acrimat.org.br\/portal\/maggi-articula-parcerias-de-ministerio-com-a-ufmt\/#primaryimage"},"thumbnailUrl":"https:\/\/acrimat.org.br\/portal\/wp-content\/uploads\/2017\/11\/sem-titulo.jpg","articleSection":["Destaques","Not\u00edcias"],"inLanguage":"pt-BR"},{"@type":"WebPage","@id":"https:\/\/acrimat.org.br\/portal\/maggi-articula-parcerias-de-ministerio-com-a-ufmt\/","url":"https:\/\/acrimat.org.br\/portal\/maggi-articula-parcerias-de-ministerio-com-a-ufmt\/","name":"Maggi articula parcerias de minist\u00e9rio com a UFMT - Acrimat","isPartOf":{"@id":"https:\/\/acrimat.org.br\/portal\/#website"},"primaryImageOfPage":{"@id":"https:\/\/acrimat.org.br\/portal\/maggi-articula-parcerias-de-ministerio-com-a-ufmt\/#primaryimage"},"image":{"@id":"https:\/\/acrimat.org.br\/portal\/maggi-articula-parcerias-de-ministerio-com-a-ufmt\/#primaryimage"},"thumbnailUrl":"https:\/\/acrimat.org.br\/portal\/wp-content\/uploads\/2017\/11\/sem-titulo.jpg","datePublished":"2017-11-10T11:23:57+00:00","breadcrumb":{"@id":"https:\/\/acrimat.org.br\/portal\/maggi-articula-parcerias-de-ministerio-com-a-ufmt\/#breadcrumb"},"inLanguage":"pt-BR","potentialAction":[{"@type":"ReadAction","target":["https:\/\/acrimat.org.br\/portal\/maggi-articula-parcerias-de-ministerio-com-a-ufmt\/"]}]},{"@type":"ImageObject","inLanguage":"pt-BR","@id":"https:\/\/acrimat.org.br\/portal\/maggi-articula-parcerias-de-ministerio-com-a-ufmt\/#primaryimage","url":"https:\/\/acrimat.org.br\/portal\/wp-content\/uploads\/2017\/11\/sem-titulo.jpg","contentUrl":"https:\/\/acrimat.org.br\/portal\/wp-content\/uploads\/2017\/11\/sem-titulo.jpg","width":300,"height":200},{"@type":"BreadcrumbList","@id":"https:\/\/acrimat.org.br\/portal\/maggi-articula-parcerias-de-ministerio-com-a-ufmt\/#breadcrumb","itemListElement":[{"@type":"ListItem","position":1,"name":"In\u00edcio","item":"https:\/\/acrimat.org.br\/portal\/"},{"@type":"ListItem","position":2,"name":"Maggi articula parcerias de minist\u00e9rio com a UFMT"}]},{"@type":"WebSite","@id":"https:\/\/acrimat.org.br\/portal\/#website","url":"https:\/\/acrimat.org.br\/portal\/","name":"Acrimat","description":"Associa\u00e7\u00e3o dos Criadores de Mato Grosso","publisher":{"@id":"https:\/\/acrimat.org.br\/portal\/#organization"},"potentialAction":[{"@type":"SearchAction","target":{"@type":"EntryPoint","urlTemplate":"https:\/\/acrimat.org.br\/portal\/?s={search_term_string}"},"query-input":{"@type":"PropertyValueSpecification","valueRequired":true,"valueName":"search_term_string"}}],"inLanguage":"pt-BR"},{"@type":"Organization","@id":"https:\/\/acrimat.org.br\/portal\/#organization","name":"Associa\u00e7\u00e3o dos Criadores de Mato Grosso","url":"https:\/\/acrimat.org.br\/portal\/","logo":{"@type":"ImageObject","inLanguage":"pt-BR","@id":"https:\/\/acrimat.org.br\/portal\/#\/schema\/logo\/image\/","url":"https:\/\/acrimat.org.br\/portal\/wp-content\/uploads\/2018\/03\/logo-peq-original.png","contentUrl":"https:\/\/acrimat.org.br\/portal\/wp-content\/uploads\/2018\/03\/logo-peq-original.png","width":174,"height":171,"caption":"Associa\u00e7\u00e3o dos Criadores de Mato Grosso"},"image":{"@id":"https:\/\/acrimat.org.br\/portal\/#\/schema\/logo\/image\/"}},{"@type":"Person","@id":"https:\/\/acrimat.org.br\/portal\/#\/schema\/person\/18df8bcf6890e924fe5d8b5afd2bec0f","name":"P\u00e9ricles C\u00e2ndido","image":{"@type":"ImageObject","inLanguage":"pt-BR","@id":"https:\/\/acrimat.org.br\/portal\/#\/schema\/person\/image\/","url":"https:\/\/secure.gravatar.com\/avatar\/33e2a2b971dc363ed2df53d0d3bfbd18?s=96&d=mm&r=g","contentUrl":"https:\/\/secure.gravatar.com\/avatar\/33e2a2b971dc363ed2df53d0d3bfbd18?s=96&d=mm&r=g","caption":"P\u00e9ricles C\u00e2ndido"},"sameAs":["ascom@acrimat.org.br"],"url":"https:\/\/acrimat.org.br\/portal\/author\/designergrafico\/"}]}},"_links":{"self":[{"href":"https:\/\/acrimat.org.br\/portal\/wp-json\/wp\/v2\/posts\/97984736","targetHints":{"allow":["GET"]}}],"collection":[{"href":"https:\/\/acrimat.org.br\/portal\/wp-json\/wp\/v2\/posts"}],"about":[{"href":"https:\/\/acrimat.org.br\/portal\/wp-json\/wp\/v2\/types\/post"}],"author":[{"embeddable":true,"href":"https:\/\/acrimat.org.br\/portal\/wp-json\/wp\/v2\/users\/11"}],"replies":[{"embeddable":true,"href":"https:\/\/acrimat.org.br\/portal\/wp-json\/wp\/v2\/comments?post=97984736"}],"version-history":[{"count":1,"href":"https:\/\/acrimat.org.br\/portal\/wp-json\/wp\/v2\/posts\/97984736\/revisions"}],"predecessor-version":[{"id":97984738,"href":"https:\/\/acrimat.org.br\/portal\/wp-json\/wp\/v2\/posts\/97984736\/revisions\/97984738"}],"wp:featuredmedia":[{"embeddable":true,"href":"https:\/\/acrimat.org.br\/portal\/wp-json\/wp\/v2\/media\/97984737"}],"wp:attachment":[{"href":"https:\/\/acrimat.org.br\/portal\/wp-json\/wp\/v2\/media?parent=97984736"}],"wp:term":[{"taxonomy":"category","embeddable":true,"href":"https:\/\/acrimat.org.br\/portal\/wp-json\/wp\/v2\/categories?post=97984736"},{"taxonomy":"post_tag","embeddable":true,"href":"https:\/\/acrimat.org.br\/portal\/wp-json\/wp\/v2\/tags?post=97984736"}],"curies":[{"name":"wp","href":"https:\/\/api.w.org\/{rel}","templated":true}]}}