{"id":97984776,"date":"2017-11-13T09:31:32","date_gmt":"2017-11-13T12:31:32","guid":{"rendered":"http:\/\/acrimat.org.br\/portal\/?p=97984776"},"modified":"2017-11-13T09:31:32","modified_gmt":"2017-11-13T12:31:32","slug":"pecuaristas-de-mt-terao-que-investir-r-228-bi-para-intensificar-atividade","status":"publish","type":"post","link":"https:\/\/acrimat.org.br\/portal\/pecuaristas-de-mt-terao-que-investir-r-228-bi-para-intensificar-atividade\/","title":{"rendered":"Pecuaristas de MT ter\u00e3o que investir R$ 22,8 bi para intensificar atividade"},"content":{"rendered":"<p>Um trabalho rec\u00e9m conclu\u00eddo aponta que, para cumprir o C\u00f3digo Florestal e ao mesmo tempo atender \u00e0 crescente demanda por carne bovina, os pecuaristas de Mato Grosso ter\u00e3o de investir R$ 30,1 bilh\u00f5es em 20 anos para ganhar produtividade, fazer a restaura\u00e7\u00e3o florestal e ceder \u00e1rea para o plantio de gr\u00e3os.<\/p>\n<p>A consultoria Agroicone divulgou o estudo &#8220;Intensifica\u00e7\u00e3o Sustent\u00e1vel da Pecu\u00e1ria de Corte em Mato Grosso&#8221;. O material calcula que, do total a ser investido, os pecuaristas do Estado ter\u00e3o de destinar R$ 22,8 bilh\u00f5es para intensificar a pecu\u00e1ria (em tecnologias que elevem a produtividade), R$ 4,1 bilh\u00f5es em restaura\u00e7\u00e3o florestal e R$ 3,2 bilh\u00f5es para preparar \u00e1reas que possam ser arrendadas para a atividade agr\u00edcola.<\/p>\n<p>Com este cen\u00e1rio, a pecu\u00e1ria de Mato Grosso vai liberar 6 milh\u00f5es de hectares que atualmente s\u00e3o pastagens, sendo 3 milh\u00f5es de hectares para regulariza\u00e7\u00e3o ambiental e outros 3 milh\u00f5es de hectares para o arrendamento de soja.<\/p>\n<p>Com investimentos, a produ\u00e7\u00e3o de carne no Estado pode sair de 1,6 milh\u00e3o de toneladas em 2014 para 2,2 milh\u00f5es de toneladas em 2025. Considerando os biomas separadamente, a consultoria projeta que a produ\u00e7\u00e3o de carne bovina no bioma amaz\u00f4nico de Mato Grosso cresceria 33%, para 1,2 milh\u00e3o de toneladas, e 42% no Cerrado, para 1 milh\u00e3o de toneladas.<\/p>\n<p>Coordenadora do trabalho, Leila Harfuch argumenta que &#8220;n\u00e3o adianta falar que d\u00e1 para cumprir o C\u00f3digo Florestal sem olhar a quest\u00e3o financeira. A grande quest\u00e3o \u00e9 que a intensifica\u00e7\u00e3o sustent\u00e1vel da pecu\u00e1ria s\u00f3 \u00e9 vi\u00e1vel economicamente em propriedades rurais com escala\u201d.<\/p>\n<p>Pelo que se depreende do estudo, s\u00f3 \u00e9 vi\u00e1vel investir na intensifica\u00e7\u00e3o em propriedades maiores, de cerca de 3 mil hectares. Em fazendas pequenas &#8211; com \u00e1rea de pastagem de 300 hectares -, o investimento para se adequar ao C\u00f3digo Florestal pode ter retorno negativo se o pecuarista trabalhar com ciclo completo (cria, recria e engorda), explica Leila.<\/p>\n<p>Assim, para pecuaristas com \u00e1rea de 300 hectares, a solu\u00e7\u00e3o seria abandonar a atividade, arrendando \u00e1rea da propriedade para a produ\u00e7\u00e3o soja, reconhece Leila. Outra op\u00e7\u00e3o seria deixar o pasto que est\u00e1 degradado se regenerar em floresta. Nessa hip\u00f3tese, o pecuarista poder\u00e1 usar a \u00e1rea de floresta regenerada como uma reserva legal, em um mercado de &#8220;compensa\u00e7\u00e3o&#8221;.<\/p>\n<p>Na pr\u00e1tica, o pecuarista oferecer\u00e1 a \u00e1rea regenerada a produtores que ainda precisem cumprir a \u00e1rea de reserva legal prevista no C\u00f3digo Florestal. Pelas estimativas da Agroicone, o mercado de compensa\u00e7\u00e3o pode movimentar R$ 3,58 bilh\u00f5es entre os pr\u00f3prios pecuaristas de Mato Grosso.<\/p>\n","protected":false},"excerpt":{"rendered":"<p>Produtores tamb\u00e9m ter\u00e3o que fazer a restaura\u00e7\u00e3o florestal<\/p>\n","protected":false},"author":11,"featured_media":97984777,"comment_status":"closed","ping_status":"closed","sticky":false,"template":"","format":"standard","meta":{"footnotes":""},"categories":[6,1],"tags":[],"class_list":["post-97984776","post","type-post","status-publish","format-standard","has-post-thumbnail","hentry","category-destaque","category-noticia"],"yoast_head":"<!-- This site is optimized with the Yoast SEO plugin v24.8.1 - https:\/\/yoast.com\/wordpress\/plugins\/seo\/ -->\n<title>Pecuaristas de MT ter\u00e3o que investir R$ 22,8 bi para intensificar atividade - Acrimat<\/title>\n<meta name=\"robots\" content=\"index, follow, max-snippet:-1, max-image-preview:large, max-video-preview:-1\" \/>\n<link rel=\"canonical\" href=\"https:\/\/acrimat.org.br\/portal\/pecuaristas-de-mt-terao-que-investir-r-228-bi-para-intensificar-atividade\/\" \/>\n<meta property=\"og:locale\" content=\"pt_BR\" \/>\n<meta property=\"og:type\" content=\"article\" \/>\n<meta property=\"og:title\" content=\"Pecuaristas de MT ter\u00e3o que investir R$ 22,8 bi para intensificar atividade - Acrimat\" \/>\n<meta property=\"og:description\" content=\"Produtores tamb\u00e9m ter\u00e3o que fazer a restaura\u00e7\u00e3o florestal\" \/>\n<meta property=\"og:url\" content=\"https:\/\/acrimat.org.br\/portal\/pecuaristas-de-mt-terao-que-investir-r-228-bi-para-intensificar-atividade\/\" \/>\n<meta property=\"og:site_name\" content=\"Acrimat\" \/>\n<meta property=\"article:published_time\" content=\"2017-11-13T12:31:32+00:00\" \/>\n<meta property=\"og:image\" content=\"https:\/\/acrimat.org.br\/portal\/wp-content\/uploads\/2017\/11\/boi-gordo.jpg\" \/>\n\t<meta property=\"og:image:width\" content=\"730\" \/>\n\t<meta property=\"og:image:height\" content=\"502\" \/>\n\t<meta property=\"og:image:type\" content=\"image\/jpeg\" \/>\n<meta name=\"author\" content=\"P\u00e9ricles C\u00e2ndido\" \/>\n<meta name=\"twitter:card\" content=\"summary_large_image\" \/>\n<meta name=\"twitter:label1\" content=\"Escrito por\" \/>\n\t<meta name=\"twitter:data1\" content=\"P\u00e9ricles C\u00e2ndido\" \/>\n\t<meta name=\"twitter:label2\" content=\"Est. tempo de leitura\" \/>\n\t<meta name=\"twitter:data2\" content=\"2 minutos\" \/>\n<script type=\"application\/ld+json\" class=\"yoast-schema-graph\">{\"@context\":\"https:\/\/schema.org\",\"@graph\":[{\"@type\":\"Article\",\"@id\":\"https:\/\/acrimat.org.br\/portal\/pecuaristas-de-mt-terao-que-investir-r-228-bi-para-intensificar-atividade\/#article\",\"isPartOf\":{\"@id\":\"https:\/\/acrimat.org.br\/portal\/pecuaristas-de-mt-terao-que-investir-r-228-bi-para-intensificar-atividade\/\"},\"author\":{\"name\":\"P\u00e9ricles C\u00e2ndido\",\"@id\":\"https:\/\/acrimat.org.br\/portal\/#\/schema\/person\/18df8bcf6890e924fe5d8b5afd2bec0f\"},\"headline\":\"Pecuaristas de MT ter\u00e3o que investir R$ 22,8 bi para intensificar atividade\",\"datePublished\":\"2017-11-13T12:31:32+00:00\",\"mainEntityOfPage\":{\"@id\":\"https:\/\/acrimat.org.br\/portal\/pecuaristas-de-mt-terao-que-investir-r-228-bi-para-intensificar-atividade\/\"},\"wordCount\":451,\"publisher\":{\"@id\":\"https:\/\/acrimat.org.br\/portal\/#organization\"},\"image\":{\"@id\":\"https:\/\/acrimat.org.br\/portal\/pecuaristas-de-mt-terao-que-investir-r-228-bi-para-intensificar-atividade\/#primaryimage\"},\"thumbnailUrl\":\"https:\/\/acrimat.org.br\/portal\/wp-content\/uploads\/2017\/11\/boi-gordo.jpg\",\"articleSection\":[\"Destaques\",\"Not\u00edcias\"],\"inLanguage\":\"pt-BR\"},{\"@type\":\"WebPage\",\"@id\":\"https:\/\/acrimat.org.br\/portal\/pecuaristas-de-mt-terao-que-investir-r-228-bi-para-intensificar-atividade\/\",\"url\":\"https:\/\/acrimat.org.br\/portal\/pecuaristas-de-mt-terao-que-investir-r-228-bi-para-intensificar-atividade\/\",\"name\":\"Pecuaristas de MT ter\u00e3o que investir R$ 22,8 bi para intensificar atividade - Acrimat\",\"isPartOf\":{\"@id\":\"https:\/\/acrimat.org.br\/portal\/#website\"},\"primaryImageOfPage\":{\"@id\":\"https:\/\/acrimat.org.br\/portal\/pecuaristas-de-mt-terao-que-investir-r-228-bi-para-intensificar-atividade\/#primaryimage\"},\"image\":{\"@id\":\"https:\/\/acrimat.org.br\/portal\/pecuaristas-de-mt-terao-que-investir-r-228-bi-para-intensificar-atividade\/#primaryimage\"},\"thumbnailUrl\":\"https:\/\/acrimat.org.br\/portal\/wp-content\/uploads\/2017\/11\/boi-gordo.jpg\",\"datePublished\":\"2017-11-13T12:31:32+00:00\",\"breadcrumb\":{\"@id\":\"https:\/\/acrimat.org.br\/portal\/pecuaristas-de-mt-terao-que-investir-r-228-bi-para-intensificar-atividade\/#breadcrumb\"},\"inLanguage\":\"pt-BR\",\"potentialAction\":[{\"@type\":\"ReadAction\",\"target\":[\"https:\/\/acrimat.org.br\/portal\/pecuaristas-de-mt-terao-que-investir-r-228-bi-para-intensificar-atividade\/\"]}]},{\"@type\":\"ImageObject\",\"inLanguage\":\"pt-BR\",\"@id\":\"https:\/\/acrimat.org.br\/portal\/pecuaristas-de-mt-terao-que-investir-r-228-bi-para-intensificar-atividade\/#primaryimage\",\"url\":\"https:\/\/acrimat.org.br\/portal\/wp-content\/uploads\/2017\/11\/boi-gordo.jpg\",\"contentUrl\":\"https:\/\/acrimat.org.br\/portal\/wp-content\/uploads\/2017\/11\/boi-gordo.jpg\",\"width\":730,\"height\":502},{\"@type\":\"BreadcrumbList\",\"@id\":\"https:\/\/acrimat.org.br\/portal\/pecuaristas-de-mt-terao-que-investir-r-228-bi-para-intensificar-atividade\/#breadcrumb\",\"itemListElement\":[{\"@type\":\"ListItem\",\"position\":1,\"name\":\"In\u00edcio\",\"item\":\"https:\/\/acrimat.org.br\/portal\/\"},{\"@type\":\"ListItem\",\"position\":2,\"name\":\"Pecuaristas de MT ter\u00e3o que investir R$ 22,8 bi para intensificar atividade\"}]},{\"@type\":\"WebSite\",\"@id\":\"https:\/\/acrimat.org.br\/portal\/#website\",\"url\":\"https:\/\/acrimat.org.br\/portal\/\",\"name\":\"Acrimat\",\"description\":\"Associa\u00e7\u00e3o dos Criadores de Mato Grosso\",\"publisher\":{\"@id\":\"https:\/\/acrimat.org.br\/portal\/#organization\"},\"potentialAction\":[{\"@type\":\"SearchAction\",\"target\":{\"@type\":\"EntryPoint\",\"urlTemplate\":\"https:\/\/acrimat.org.br\/portal\/?s={search_term_string}\"},\"query-input\":{\"@type\":\"PropertyValueSpecification\",\"valueRequired\":true,\"valueName\":\"search_term_string\"}}],\"inLanguage\":\"pt-BR\"},{\"@type\":\"Organization\",\"@id\":\"https:\/\/acrimat.org.br\/portal\/#organization\",\"name\":\"Associa\u00e7\u00e3o dos Criadores de Mato Grosso\",\"url\":\"https:\/\/acrimat.org.br\/portal\/\",\"logo\":{\"@type\":\"ImageObject\",\"inLanguage\":\"pt-BR\",\"@id\":\"https:\/\/acrimat.org.br\/portal\/#\/schema\/logo\/image\/\",\"url\":\"https:\/\/acrimat.org.br\/portal\/wp-content\/uploads\/2018\/03\/logo-peq-original.png\",\"contentUrl\":\"https:\/\/acrimat.org.br\/portal\/wp-content\/uploads\/2018\/03\/logo-peq-original.png\",\"width\":174,\"height\":171,\"caption\":\"Associa\u00e7\u00e3o dos Criadores de Mato Grosso\"},\"image\":{\"@id\":\"https:\/\/acrimat.org.br\/portal\/#\/schema\/logo\/image\/\"}},{\"@type\":\"Person\",\"@id\":\"https:\/\/acrimat.org.br\/portal\/#\/schema\/person\/18df8bcf6890e924fe5d8b5afd2bec0f\",\"name\":\"P\u00e9ricles C\u00e2ndido\",\"image\":{\"@type\":\"ImageObject\",\"inLanguage\":\"pt-BR\",\"@id\":\"https:\/\/acrimat.org.br\/portal\/#\/schema\/person\/image\/\",\"url\":\"https:\/\/secure.gravatar.com\/avatar\/33e2a2b971dc363ed2df53d0d3bfbd18?s=96&d=mm&r=g\",\"contentUrl\":\"https:\/\/secure.gravatar.com\/avatar\/33e2a2b971dc363ed2df53d0d3bfbd18?s=96&d=mm&r=g\",\"caption\":\"P\u00e9ricles C\u00e2ndido\"},\"sameAs\":[\"ascom@acrimat.org.br\"],\"url\":\"https:\/\/acrimat.org.br\/portal\/author\/designergrafico\/\"}]}<\/script>\n<!-- \/ Yoast SEO plugin. -->","yoast_head_json":{"title":"Pecuaristas de MT ter\u00e3o que investir R$ 22,8 bi para intensificar atividade - Acrimat","robots":{"index":"index","follow":"follow","max-snippet":"max-snippet:-1","max-image-preview":"max-image-preview:large","max-video-preview":"max-video-preview:-1"},"canonical":"https:\/\/acrimat.org.br\/portal\/pecuaristas-de-mt-terao-que-investir-r-228-bi-para-intensificar-atividade\/","og_locale":"pt_BR","og_type":"article","og_title":"Pecuaristas de MT ter\u00e3o que investir R$ 22,8 bi para intensificar atividade - Acrimat","og_description":"Produtores tamb\u00e9m ter\u00e3o que fazer a restaura\u00e7\u00e3o florestal","og_url":"https:\/\/acrimat.org.br\/portal\/pecuaristas-de-mt-terao-que-investir-r-228-bi-para-intensificar-atividade\/","og_site_name":"Acrimat","article_published_time":"2017-11-13T12:31:32+00:00","og_image":[{"width":730,"height":502,"url":"https:\/\/acrimat.org.br\/portal\/wp-content\/uploads\/2017\/11\/boi-gordo.jpg","type":"image\/jpeg"}],"author":"P\u00e9ricles C\u00e2ndido","twitter_card":"summary_large_image","twitter_misc":{"Escrito por":"P\u00e9ricles C\u00e2ndido","Est. tempo de leitura":"2 minutos"},"schema":{"@context":"https:\/\/schema.org","@graph":[{"@type":"Article","@id":"https:\/\/acrimat.org.br\/portal\/pecuaristas-de-mt-terao-que-investir-r-228-bi-para-intensificar-atividade\/#article","isPartOf":{"@id":"https:\/\/acrimat.org.br\/portal\/pecuaristas-de-mt-terao-que-investir-r-228-bi-para-intensificar-atividade\/"},"author":{"name":"P\u00e9ricles C\u00e2ndido","@id":"https:\/\/acrimat.org.br\/portal\/#\/schema\/person\/18df8bcf6890e924fe5d8b5afd2bec0f"},"headline":"Pecuaristas de MT ter\u00e3o que investir R$ 22,8 bi para intensificar atividade","datePublished":"2017-11-13T12:31:32+00:00","mainEntityOfPage":{"@id":"https:\/\/acrimat.org.br\/portal\/pecuaristas-de-mt-terao-que-investir-r-228-bi-para-intensificar-atividade\/"},"wordCount":451,"publisher":{"@id":"https:\/\/acrimat.org.br\/portal\/#organization"},"image":{"@id":"https:\/\/acrimat.org.br\/portal\/pecuaristas-de-mt-terao-que-investir-r-228-bi-para-intensificar-atividade\/#primaryimage"},"thumbnailUrl":"https:\/\/acrimat.org.br\/portal\/wp-content\/uploads\/2017\/11\/boi-gordo.jpg","articleSection":["Destaques","Not\u00edcias"],"inLanguage":"pt-BR"},{"@type":"WebPage","@id":"https:\/\/acrimat.org.br\/portal\/pecuaristas-de-mt-terao-que-investir-r-228-bi-para-intensificar-atividade\/","url":"https:\/\/acrimat.org.br\/portal\/pecuaristas-de-mt-terao-que-investir-r-228-bi-para-intensificar-atividade\/","name":"Pecuaristas de MT ter\u00e3o que investir R$ 22,8 bi para intensificar atividade - Acrimat","isPartOf":{"@id":"https:\/\/acrimat.org.br\/portal\/#website"},"primaryImageOfPage":{"@id":"https:\/\/acrimat.org.br\/portal\/pecuaristas-de-mt-terao-que-investir-r-228-bi-para-intensificar-atividade\/#primaryimage"},"image":{"@id":"https:\/\/acrimat.org.br\/portal\/pecuaristas-de-mt-terao-que-investir-r-228-bi-para-intensificar-atividade\/#primaryimage"},"thumbnailUrl":"https:\/\/acrimat.org.br\/portal\/wp-content\/uploads\/2017\/11\/boi-gordo.jpg","datePublished":"2017-11-13T12:31:32+00:00","breadcrumb":{"@id":"https:\/\/acrimat.org.br\/portal\/pecuaristas-de-mt-terao-que-investir-r-228-bi-para-intensificar-atividade\/#breadcrumb"},"inLanguage":"pt-BR","potentialAction":[{"@type":"ReadAction","target":["https:\/\/acrimat.org.br\/portal\/pecuaristas-de-mt-terao-que-investir-r-228-bi-para-intensificar-atividade\/"]}]},{"@type":"ImageObject","inLanguage":"pt-BR","@id":"https:\/\/acrimat.org.br\/portal\/pecuaristas-de-mt-terao-que-investir-r-228-bi-para-intensificar-atividade\/#primaryimage","url":"https:\/\/acrimat.org.br\/portal\/wp-content\/uploads\/2017\/11\/boi-gordo.jpg","contentUrl":"https:\/\/acrimat.org.br\/portal\/wp-content\/uploads\/2017\/11\/boi-gordo.jpg","width":730,"height":502},{"@type":"BreadcrumbList","@id":"https:\/\/acrimat.org.br\/portal\/pecuaristas-de-mt-terao-que-investir-r-228-bi-para-intensificar-atividade\/#breadcrumb","itemListElement":[{"@type":"ListItem","position":1,"name":"In\u00edcio","item":"https:\/\/acrimat.org.br\/portal\/"},{"@type":"ListItem","position":2,"name":"Pecuaristas de MT ter\u00e3o que investir R$ 22,8 bi para intensificar atividade"}]},{"@type":"WebSite","@id":"https:\/\/acrimat.org.br\/portal\/#website","url":"https:\/\/acrimat.org.br\/portal\/","name":"Acrimat","description":"Associa\u00e7\u00e3o dos Criadores de Mato Grosso","publisher":{"@id":"https:\/\/acrimat.org.br\/portal\/#organization"},"potentialAction":[{"@type":"SearchAction","target":{"@type":"EntryPoint","urlTemplate":"https:\/\/acrimat.org.br\/portal\/?s={search_term_string}"},"query-input":{"@type":"PropertyValueSpecification","valueRequired":true,"valueName":"search_term_string"}}],"inLanguage":"pt-BR"},{"@type":"Organization","@id":"https:\/\/acrimat.org.br\/portal\/#organization","name":"Associa\u00e7\u00e3o dos Criadores de Mato Grosso","url":"https:\/\/acrimat.org.br\/portal\/","logo":{"@type":"ImageObject","inLanguage":"pt-BR","@id":"https:\/\/acrimat.org.br\/portal\/#\/schema\/logo\/image\/","url":"https:\/\/acrimat.org.br\/portal\/wp-content\/uploads\/2018\/03\/logo-peq-original.png","contentUrl":"https:\/\/acrimat.org.br\/portal\/wp-content\/uploads\/2018\/03\/logo-peq-original.png","width":174,"height":171,"caption":"Associa\u00e7\u00e3o dos Criadores de Mato Grosso"},"image":{"@id":"https:\/\/acrimat.org.br\/portal\/#\/schema\/logo\/image\/"}},{"@type":"Person","@id":"https:\/\/acrimat.org.br\/portal\/#\/schema\/person\/18df8bcf6890e924fe5d8b5afd2bec0f","name":"P\u00e9ricles C\u00e2ndido","image":{"@type":"ImageObject","inLanguage":"pt-BR","@id":"https:\/\/acrimat.org.br\/portal\/#\/schema\/person\/image\/","url":"https:\/\/secure.gravatar.com\/avatar\/33e2a2b971dc363ed2df53d0d3bfbd18?s=96&d=mm&r=g","contentUrl":"https:\/\/secure.gravatar.com\/avatar\/33e2a2b971dc363ed2df53d0d3bfbd18?s=96&d=mm&r=g","caption":"P\u00e9ricles C\u00e2ndido"},"sameAs":["ascom@acrimat.org.br"],"url":"https:\/\/acrimat.org.br\/portal\/author\/designergrafico\/"}]}},"_links":{"self":[{"href":"https:\/\/acrimat.org.br\/portal\/wp-json\/wp\/v2\/posts\/97984776","targetHints":{"allow":["GET"]}}],"collection":[{"href":"https:\/\/acrimat.org.br\/portal\/wp-json\/wp\/v2\/posts"}],"about":[{"href":"https:\/\/acrimat.org.br\/portal\/wp-json\/wp\/v2\/types\/post"}],"author":[{"embeddable":true,"href":"https:\/\/acrimat.org.br\/portal\/wp-json\/wp\/v2\/users\/11"}],"replies":[{"embeddable":true,"href":"https:\/\/acrimat.org.br\/portal\/wp-json\/wp\/v2\/comments?post=97984776"}],"version-history":[{"count":1,"href":"https:\/\/acrimat.org.br\/portal\/wp-json\/wp\/v2\/posts\/97984776\/revisions"}],"predecessor-version":[{"id":97984778,"href":"https:\/\/acrimat.org.br\/portal\/wp-json\/wp\/v2\/posts\/97984776\/revisions\/97984778"}],"wp:featuredmedia":[{"embeddable":true,"href":"https:\/\/acrimat.org.br\/portal\/wp-json\/wp\/v2\/media\/97984777"}],"wp:attachment":[{"href":"https:\/\/acrimat.org.br\/portal\/wp-json\/wp\/v2\/media?parent=97984776"}],"wp:term":[{"taxonomy":"category","embeddable":true,"href":"https:\/\/acrimat.org.br\/portal\/wp-json\/wp\/v2\/categories?post=97984776"},{"taxonomy":"post_tag","embeddable":true,"href":"https:\/\/acrimat.org.br\/portal\/wp-json\/wp\/v2\/tags?post=97984776"}],"curies":[{"name":"wp","href":"https:\/\/api.w.org\/{rel}","templated":true}]}}