{"id":97984781,"date":"2017-11-13T07:38:25","date_gmt":"2017-11-13T10:38:25","guid":{"rendered":"http:\/\/acrimat.org.br\/portal\/?p=97984781"},"modified":"2017-11-13T09:39:48","modified_gmt":"2017-11-13T12:39:48","slug":"uma-potencia-negligenciada","status":"publish","type":"post","link":"https:\/\/acrimat.org.br\/portal\/uma-potencia-negligenciada\/","title":{"rendered":"Uma pot\u00eancia negligenciada"},"content":{"rendered":"<p>S\u00e3o amplamente conhecidas as valiosas contribui\u00e7\u00f5es que o agroneg\u00f3cio tem dado ao desenvolvimento do Brasil e dos brasileiros. De acordo com a estimativa da Confedera\u00e7\u00e3o da Agricultura e Pecu\u00e1ria do Brasil (CNA), o Produto Interno Bruto (PIB) do setor dever\u00e1 crescer 2% em 2017. Hoje, toda a cadeia produtiva do agroneg\u00f3cio responde por cerca de 20% do PIB nacional.<\/p>\n<p>S\u00e3o n\u00fameros impressionantes, sobretudo quando contrastados com um passado n\u00e3o t\u00e3o long\u00ednquo. H\u00e1 meio s\u00e9culo, o Pa\u00eds dependia da importa\u00e7\u00e3o de comida para alimentar sua popula\u00e7\u00e3o. Hoje, \u00e9 o segundo maior exportador de alimentos do mundo, atr\u00e1s apenas dos Estados Unidos.<\/p>\n<p>A segunda posi\u00e7\u00e3o nesse ranking, no entanto, \u00e9 quest\u00e3o de tempo. Um relat\u00f3rio da Organiza\u00e7\u00e3o das Na\u00e7\u00f5es Unidas para a Alimenta\u00e7\u00e3o e a Agricultura (FAO), elaborado em parceria com a Organiza\u00e7\u00e3o para Coopera\u00e7\u00e3o e Desenvolvimento Econ\u00f4mico (OCDE), publicado em julho de 2015, prev\u00ea que o Brasil ser\u00e1 o l\u00edder mundial em exporta\u00e7\u00e3o de alimentos na pr\u00f3xima d\u00e9cada.<\/p>\n<p>A impressionante revers\u00e3o de um estado de depend\u00eancia externa para a vice-lideran\u00e7a da produ\u00e7\u00e3o mundial de alimentos em apenas 50 anos se deu por uma s\u00e9rie de fatores, merecendo destaque a vasta por\u00e7\u00e3o de terra cultiv\u00e1vel no Pa\u00eds, as condi\u00e7\u00f5es clim\u00e1ticas favor\u00e1veis \u00e0 produ\u00e7\u00e3o diversificada, o r\u00e1pido desenvolvimento da capacidade de nossas cadeias produtivas, o desenvolvimento de tecnologia agropecu\u00e1ria e o aumento natural da demanda. A cada ano, uma massa de aproximadamente 155 milh\u00f5es de pessoas engrossa o mercado consumidor de alimentos no mundo.<\/p>\n<p>A nota dissonante vem da triste constata\u00e7\u00e3o de que a pujan\u00e7a do agroneg\u00f3cio \u00e9 apenas uma fra\u00e7\u00e3o do que ele poderia ser n\u00e3o fossem os cr\u00f4nicos problemas log\u00edsticos e de infraestrutura que h\u00e1 d\u00e9cadas sufocam a reconhecida capacidade de desenvolvimento do setor e interp\u00f5em-se entre o Brasil que conhecemos e a pot\u00eancia que poderia ser.<\/p>\n<p>Coerente com uma hist\u00f3ria de apoio \u00e0s atividades agr\u00edcola e pecuarista que remonta \u00e0 sua funda\u00e7\u00e3o, h\u00e1 quase 143 anos, o Estado, em parceria com a CNA, promoveu o F\u00f3rum Estad\u00e3o Log\u00edstica e Infraestrutura no Agro para discutir com especialistas, da iniciativa privada e do governo, os problemas do escoamento da produ\u00e7\u00e3o agropecu\u00e1ria e da expans\u00e3o das novas fronteiras agr\u00edcolas do Pa\u00eds.<\/p>\n<p>As causas dos problemas s\u00e3o conhecidas, assim como o que deve ser feito para elimin\u00e1-los. J\u00e1 no painel de abertura, Jo\u00e3o Martins da Silva J\u00fanior, presidente da CNA, lembrou que 60% da infraestrutura para o escoamento da produ\u00e7\u00e3o agropecu\u00e1ria est\u00e1 concentrada no modal rodovi\u00e1rio, reconhecidamente mais caro e ineficiente.<\/p>\n<p>De acordo com pesquisa da Confedera\u00e7\u00e3o Nacional dos Transportes (CNT), 61,8% das rodovias brasileiras est\u00e3o em condi\u00e7\u00f5es \u201cregular\u201d, \u201cruim\u201d ou \u201cp\u00e9ssima\u201d. Os dados apontam uma piora em rela\u00e7\u00e3o ao ano passado, quando 58,2% das estradas foram consideradas problem\u00e1ticas.<\/p>\n<p>A m\u00e1 qualidade das rodovias afeta especialmente Estados agr\u00edcolas, como Mato Grosso, Mato Grosso do Sul e Par\u00e1, que concentram algumas das piores estradas do Pa\u00eds. \u00c9 justamente nesses Estados que est\u00e3o os eixos de tr\u00e1fego mais pesado para o transporte de cargas, que levam a produ\u00e7\u00e3o agropecu\u00e1ria at\u00e9 os principais portos do Pa\u00eds.<\/p>\n<p>Ante a mir\u00edade de prioridades que o poder p\u00fablico deve atender, notadamente nas \u00e1reas de sa\u00fade, seguran\u00e7a e educa\u00e7\u00e3o, \u00e9 previs\u00edvel que faltem investimentos em grandes projetos de infraestrutura e log\u00edstica. Para piorar, cada governante parece ter o seu pr\u00f3prio modelo ideal para o desenvolvimento do setor, mais preocupado em deixar uma marca individual do que um legado para a Na\u00e7\u00e3o.<\/p>\n<p>A sa\u00edda para desatar este n\u00f3 que asfixia o crescimento do Pa\u00eds pode estar no Programa de Parcerias de Investimentos (PPI) com a iniciativa privada, que det\u00e9m os recursos tecnol\u00f3gicos, humanos e financeiros para avan\u00e7ar. Se os governos n\u00e3o continuarem a atrapalhar, j\u00e1 ser\u00e3o de grande ajuda.<\/p>\n","protected":false},"excerpt":{"rendered":"<p>S\u00e3o conhecidas as valiosas contribui\u00e7\u00f5es que o agroneg\u00f3cio tem dado ao Pa\u00eds<\/p>\n","protected":false},"author":11,"featured_media":97984782,"comment_status":"closed","ping_status":"closed","sticky":false,"template":"","format":"standard","meta":{"footnotes":""},"categories":[6,1],"tags":[],"class_list":["post-97984781","post","type-post","status-publish","format-standard","has-post-thumbnail","hentry","category-destaque","category-noticia"],"yoast_head":"<!-- This site is optimized with the Yoast SEO plugin v24.8.1 - https:\/\/yoast.com\/wordpress\/plugins\/seo\/ -->\n<title>Uma pot\u00eancia negligenciada - Acrimat<\/title>\n<meta name=\"robots\" content=\"index, follow, max-snippet:-1, max-image-preview:large, max-video-preview:-1\" \/>\n<link rel=\"canonical\" href=\"https:\/\/acrimat.org.br\/portal\/uma-potencia-negligenciada\/\" \/>\n<meta property=\"og:locale\" content=\"pt_BR\" \/>\n<meta property=\"og:type\" content=\"article\" \/>\n<meta property=\"og:title\" content=\"Uma pot\u00eancia negligenciada - Acrimat\" \/>\n<meta property=\"og:description\" content=\"S\u00e3o conhecidas as valiosas contribui\u00e7\u00f5es que o agroneg\u00f3cio tem dado ao Pa\u00eds\" \/>\n<meta property=\"og:url\" content=\"https:\/\/acrimat.org.br\/portal\/uma-potencia-negligenciada\/\" \/>\n<meta property=\"og:site_name\" content=\"Acrimat\" \/>\n<meta property=\"article:published_time\" content=\"2017-11-13T10:38:25+00:00\" \/>\n<meta property=\"article:modified_time\" content=\"2017-11-13T12:39:48+00:00\" \/>\n<meta property=\"og:image\" content=\"https:\/\/acrimat.org.br\/portal\/wp-content\/uploads\/2017\/11\/buracos-em-estradas.jpg\" \/>\n\t<meta property=\"og:image:width\" content=\"580\" \/>\n\t<meta property=\"og:image:height\" content=\"387\" \/>\n\t<meta property=\"og:image:type\" content=\"image\/jpeg\" \/>\n<meta name=\"author\" content=\"P\u00e9ricles C\u00e2ndido\" \/>\n<meta name=\"twitter:card\" content=\"summary_large_image\" \/>\n<meta name=\"twitter:label1\" content=\"Escrito por\" \/>\n\t<meta name=\"twitter:data1\" content=\"P\u00e9ricles C\u00e2ndido\" \/>\n\t<meta name=\"twitter:label2\" content=\"Est. tempo de leitura\" \/>\n\t<meta name=\"twitter:data2\" content=\"3 minutos\" \/>\n<script type=\"application\/ld+json\" class=\"yoast-schema-graph\">{\"@context\":\"https:\/\/schema.org\",\"@graph\":[{\"@type\":\"Article\",\"@id\":\"https:\/\/acrimat.org.br\/portal\/uma-potencia-negligenciada\/#article\",\"isPartOf\":{\"@id\":\"https:\/\/acrimat.org.br\/portal\/uma-potencia-negligenciada\/\"},\"author\":{\"name\":\"P\u00e9ricles C\u00e2ndido\",\"@id\":\"https:\/\/acrimat.org.br\/portal\/#\/schema\/person\/18df8bcf6890e924fe5d8b5afd2bec0f\"},\"headline\":\"Uma pot\u00eancia negligenciada\",\"datePublished\":\"2017-11-13T10:38:25+00:00\",\"dateModified\":\"2017-11-13T12:39:48+00:00\",\"mainEntityOfPage\":{\"@id\":\"https:\/\/acrimat.org.br\/portal\/uma-potencia-negligenciada\/\"},\"wordCount\":695,\"publisher\":{\"@id\":\"https:\/\/acrimat.org.br\/portal\/#organization\"},\"image\":{\"@id\":\"https:\/\/acrimat.org.br\/portal\/uma-potencia-negligenciada\/#primaryimage\"},\"thumbnailUrl\":\"https:\/\/acrimat.org.br\/portal\/wp-content\/uploads\/2017\/11\/buracos-em-estradas.jpg\",\"articleSection\":[\"Destaques\",\"Not\u00edcias\"],\"inLanguage\":\"pt-BR\"},{\"@type\":\"WebPage\",\"@id\":\"https:\/\/acrimat.org.br\/portal\/uma-potencia-negligenciada\/\",\"url\":\"https:\/\/acrimat.org.br\/portal\/uma-potencia-negligenciada\/\",\"name\":\"Uma pot\u00eancia negligenciada - Acrimat\",\"isPartOf\":{\"@id\":\"https:\/\/acrimat.org.br\/portal\/#website\"},\"primaryImageOfPage\":{\"@id\":\"https:\/\/acrimat.org.br\/portal\/uma-potencia-negligenciada\/#primaryimage\"},\"image\":{\"@id\":\"https:\/\/acrimat.org.br\/portal\/uma-potencia-negligenciada\/#primaryimage\"},\"thumbnailUrl\":\"https:\/\/acrimat.org.br\/portal\/wp-content\/uploads\/2017\/11\/buracos-em-estradas.jpg\",\"datePublished\":\"2017-11-13T10:38:25+00:00\",\"dateModified\":\"2017-11-13T12:39:48+00:00\",\"breadcrumb\":{\"@id\":\"https:\/\/acrimat.org.br\/portal\/uma-potencia-negligenciada\/#breadcrumb\"},\"inLanguage\":\"pt-BR\",\"potentialAction\":[{\"@type\":\"ReadAction\",\"target\":[\"https:\/\/acrimat.org.br\/portal\/uma-potencia-negligenciada\/\"]}]},{\"@type\":\"ImageObject\",\"inLanguage\":\"pt-BR\",\"@id\":\"https:\/\/acrimat.org.br\/portal\/uma-potencia-negligenciada\/#primaryimage\",\"url\":\"https:\/\/acrimat.org.br\/portal\/wp-content\/uploads\/2017\/11\/buracos-em-estradas.jpg\",\"contentUrl\":\"https:\/\/acrimat.org.br\/portal\/wp-content\/uploads\/2017\/11\/buracos-em-estradas.jpg\",\"width\":580,\"height\":387},{\"@type\":\"BreadcrumbList\",\"@id\":\"https:\/\/acrimat.org.br\/portal\/uma-potencia-negligenciada\/#breadcrumb\",\"itemListElement\":[{\"@type\":\"ListItem\",\"position\":1,\"name\":\"In\u00edcio\",\"item\":\"https:\/\/acrimat.org.br\/portal\/\"},{\"@type\":\"ListItem\",\"position\":2,\"name\":\"Uma pot\u00eancia negligenciada\"}]},{\"@type\":\"WebSite\",\"@id\":\"https:\/\/acrimat.org.br\/portal\/#website\",\"url\":\"https:\/\/acrimat.org.br\/portal\/\",\"name\":\"Acrimat\",\"description\":\"Associa\u00e7\u00e3o dos Criadores de Mato Grosso\",\"publisher\":{\"@id\":\"https:\/\/acrimat.org.br\/portal\/#organization\"},\"potentialAction\":[{\"@type\":\"SearchAction\",\"target\":{\"@type\":\"EntryPoint\",\"urlTemplate\":\"https:\/\/acrimat.org.br\/portal\/?s={search_term_string}\"},\"query-input\":{\"@type\":\"PropertyValueSpecification\",\"valueRequired\":true,\"valueName\":\"search_term_string\"}}],\"inLanguage\":\"pt-BR\"},{\"@type\":\"Organization\",\"@id\":\"https:\/\/acrimat.org.br\/portal\/#organization\",\"name\":\"Associa\u00e7\u00e3o dos Criadores de Mato Grosso\",\"url\":\"https:\/\/acrimat.org.br\/portal\/\",\"logo\":{\"@type\":\"ImageObject\",\"inLanguage\":\"pt-BR\",\"@id\":\"https:\/\/acrimat.org.br\/portal\/#\/schema\/logo\/image\/\",\"url\":\"https:\/\/acrimat.org.br\/portal\/wp-content\/uploads\/2018\/03\/logo-peq-original.png\",\"contentUrl\":\"https:\/\/acrimat.org.br\/portal\/wp-content\/uploads\/2018\/03\/logo-peq-original.png\",\"width\":174,\"height\":171,\"caption\":\"Associa\u00e7\u00e3o dos Criadores de Mato Grosso\"},\"image\":{\"@id\":\"https:\/\/acrimat.org.br\/portal\/#\/schema\/logo\/image\/\"}},{\"@type\":\"Person\",\"@id\":\"https:\/\/acrimat.org.br\/portal\/#\/schema\/person\/18df8bcf6890e924fe5d8b5afd2bec0f\",\"name\":\"P\u00e9ricles C\u00e2ndido\",\"image\":{\"@type\":\"ImageObject\",\"inLanguage\":\"pt-BR\",\"@id\":\"https:\/\/acrimat.org.br\/portal\/#\/schema\/person\/image\/\",\"url\":\"https:\/\/secure.gravatar.com\/avatar\/33e2a2b971dc363ed2df53d0d3bfbd18?s=96&d=mm&r=g\",\"contentUrl\":\"https:\/\/secure.gravatar.com\/avatar\/33e2a2b971dc363ed2df53d0d3bfbd18?s=96&d=mm&r=g\",\"caption\":\"P\u00e9ricles C\u00e2ndido\"},\"sameAs\":[\"ascom@acrimat.org.br\"],\"url\":\"https:\/\/acrimat.org.br\/portal\/author\/designergrafico\/\"}]}<\/script>\n<!-- \/ Yoast SEO plugin. -->","yoast_head_json":{"title":"Uma pot\u00eancia negligenciada - Acrimat","robots":{"index":"index","follow":"follow","max-snippet":"max-snippet:-1","max-image-preview":"max-image-preview:large","max-video-preview":"max-video-preview:-1"},"canonical":"https:\/\/acrimat.org.br\/portal\/uma-potencia-negligenciada\/","og_locale":"pt_BR","og_type":"article","og_title":"Uma pot\u00eancia negligenciada - Acrimat","og_description":"S\u00e3o conhecidas as valiosas contribui\u00e7\u00f5es que o agroneg\u00f3cio tem dado ao Pa\u00eds","og_url":"https:\/\/acrimat.org.br\/portal\/uma-potencia-negligenciada\/","og_site_name":"Acrimat","article_published_time":"2017-11-13T10:38:25+00:00","article_modified_time":"2017-11-13T12:39:48+00:00","og_image":[{"width":580,"height":387,"url":"https:\/\/acrimat.org.br\/portal\/wp-content\/uploads\/2017\/11\/buracos-em-estradas.jpg","type":"image\/jpeg"}],"author":"P\u00e9ricles C\u00e2ndido","twitter_card":"summary_large_image","twitter_misc":{"Escrito por":"P\u00e9ricles C\u00e2ndido","Est. tempo de leitura":"3 minutos"},"schema":{"@context":"https:\/\/schema.org","@graph":[{"@type":"Article","@id":"https:\/\/acrimat.org.br\/portal\/uma-potencia-negligenciada\/#article","isPartOf":{"@id":"https:\/\/acrimat.org.br\/portal\/uma-potencia-negligenciada\/"},"author":{"name":"P\u00e9ricles C\u00e2ndido","@id":"https:\/\/acrimat.org.br\/portal\/#\/schema\/person\/18df8bcf6890e924fe5d8b5afd2bec0f"},"headline":"Uma pot\u00eancia negligenciada","datePublished":"2017-11-13T10:38:25+00:00","dateModified":"2017-11-13T12:39:48+00:00","mainEntityOfPage":{"@id":"https:\/\/acrimat.org.br\/portal\/uma-potencia-negligenciada\/"},"wordCount":695,"publisher":{"@id":"https:\/\/acrimat.org.br\/portal\/#organization"},"image":{"@id":"https:\/\/acrimat.org.br\/portal\/uma-potencia-negligenciada\/#primaryimage"},"thumbnailUrl":"https:\/\/acrimat.org.br\/portal\/wp-content\/uploads\/2017\/11\/buracos-em-estradas.jpg","articleSection":["Destaques","Not\u00edcias"],"inLanguage":"pt-BR"},{"@type":"WebPage","@id":"https:\/\/acrimat.org.br\/portal\/uma-potencia-negligenciada\/","url":"https:\/\/acrimat.org.br\/portal\/uma-potencia-negligenciada\/","name":"Uma pot\u00eancia negligenciada - Acrimat","isPartOf":{"@id":"https:\/\/acrimat.org.br\/portal\/#website"},"primaryImageOfPage":{"@id":"https:\/\/acrimat.org.br\/portal\/uma-potencia-negligenciada\/#primaryimage"},"image":{"@id":"https:\/\/acrimat.org.br\/portal\/uma-potencia-negligenciada\/#primaryimage"},"thumbnailUrl":"https:\/\/acrimat.org.br\/portal\/wp-content\/uploads\/2017\/11\/buracos-em-estradas.jpg","datePublished":"2017-11-13T10:38:25+00:00","dateModified":"2017-11-13T12:39:48+00:00","breadcrumb":{"@id":"https:\/\/acrimat.org.br\/portal\/uma-potencia-negligenciada\/#breadcrumb"},"inLanguage":"pt-BR","potentialAction":[{"@type":"ReadAction","target":["https:\/\/acrimat.org.br\/portal\/uma-potencia-negligenciada\/"]}]},{"@type":"ImageObject","inLanguage":"pt-BR","@id":"https:\/\/acrimat.org.br\/portal\/uma-potencia-negligenciada\/#primaryimage","url":"https:\/\/acrimat.org.br\/portal\/wp-content\/uploads\/2017\/11\/buracos-em-estradas.jpg","contentUrl":"https:\/\/acrimat.org.br\/portal\/wp-content\/uploads\/2017\/11\/buracos-em-estradas.jpg","width":580,"height":387},{"@type":"BreadcrumbList","@id":"https:\/\/acrimat.org.br\/portal\/uma-potencia-negligenciada\/#breadcrumb","itemListElement":[{"@type":"ListItem","position":1,"name":"In\u00edcio","item":"https:\/\/acrimat.org.br\/portal\/"},{"@type":"ListItem","position":2,"name":"Uma pot\u00eancia negligenciada"}]},{"@type":"WebSite","@id":"https:\/\/acrimat.org.br\/portal\/#website","url":"https:\/\/acrimat.org.br\/portal\/","name":"Acrimat","description":"Associa\u00e7\u00e3o dos Criadores de Mato Grosso","publisher":{"@id":"https:\/\/acrimat.org.br\/portal\/#organization"},"potentialAction":[{"@type":"SearchAction","target":{"@type":"EntryPoint","urlTemplate":"https:\/\/acrimat.org.br\/portal\/?s={search_term_string}"},"query-input":{"@type":"PropertyValueSpecification","valueRequired":true,"valueName":"search_term_string"}}],"inLanguage":"pt-BR"},{"@type":"Organization","@id":"https:\/\/acrimat.org.br\/portal\/#organization","name":"Associa\u00e7\u00e3o dos Criadores de Mato Grosso","url":"https:\/\/acrimat.org.br\/portal\/","logo":{"@type":"ImageObject","inLanguage":"pt-BR","@id":"https:\/\/acrimat.org.br\/portal\/#\/schema\/logo\/image\/","url":"https:\/\/acrimat.org.br\/portal\/wp-content\/uploads\/2018\/03\/logo-peq-original.png","contentUrl":"https:\/\/acrimat.org.br\/portal\/wp-content\/uploads\/2018\/03\/logo-peq-original.png","width":174,"height":171,"caption":"Associa\u00e7\u00e3o dos Criadores de Mato Grosso"},"image":{"@id":"https:\/\/acrimat.org.br\/portal\/#\/schema\/logo\/image\/"}},{"@type":"Person","@id":"https:\/\/acrimat.org.br\/portal\/#\/schema\/person\/18df8bcf6890e924fe5d8b5afd2bec0f","name":"P\u00e9ricles C\u00e2ndido","image":{"@type":"ImageObject","inLanguage":"pt-BR","@id":"https:\/\/acrimat.org.br\/portal\/#\/schema\/person\/image\/","url":"https:\/\/secure.gravatar.com\/avatar\/33e2a2b971dc363ed2df53d0d3bfbd18?s=96&d=mm&r=g","contentUrl":"https:\/\/secure.gravatar.com\/avatar\/33e2a2b971dc363ed2df53d0d3bfbd18?s=96&d=mm&r=g","caption":"P\u00e9ricles C\u00e2ndido"},"sameAs":["ascom@acrimat.org.br"],"url":"https:\/\/acrimat.org.br\/portal\/author\/designergrafico\/"}]}},"_links":{"self":[{"href":"https:\/\/acrimat.org.br\/portal\/wp-json\/wp\/v2\/posts\/97984781","targetHints":{"allow":["GET"]}}],"collection":[{"href":"https:\/\/acrimat.org.br\/portal\/wp-json\/wp\/v2\/posts"}],"about":[{"href":"https:\/\/acrimat.org.br\/portal\/wp-json\/wp\/v2\/types\/post"}],"author":[{"embeddable":true,"href":"https:\/\/acrimat.org.br\/portal\/wp-json\/wp\/v2\/users\/11"}],"replies":[{"embeddable":true,"href":"https:\/\/acrimat.org.br\/portal\/wp-json\/wp\/v2\/comments?post=97984781"}],"version-history":[{"count":1,"href":"https:\/\/acrimat.org.br\/portal\/wp-json\/wp\/v2\/posts\/97984781\/revisions"}],"predecessor-version":[{"id":97984783,"href":"https:\/\/acrimat.org.br\/portal\/wp-json\/wp\/v2\/posts\/97984781\/revisions\/97984783"}],"wp:featuredmedia":[{"embeddable":true,"href":"https:\/\/acrimat.org.br\/portal\/wp-json\/wp\/v2\/media\/97984782"}],"wp:attachment":[{"href":"https:\/\/acrimat.org.br\/portal\/wp-json\/wp\/v2\/media?parent=97984781"}],"wp:term":[{"taxonomy":"category","embeddable":true,"href":"https:\/\/acrimat.org.br\/portal\/wp-json\/wp\/v2\/categories?post=97984781"},{"taxonomy":"post_tag","embeddable":true,"href":"https:\/\/acrimat.org.br\/portal\/wp-json\/wp\/v2\/tags?post=97984781"}],"curies":[{"name":"wp","href":"https:\/\/api.w.org\/{rel}","templated":true}]}}