{"id":97984831,"date":"2017-11-16T09:12:10","date_gmt":"2017-11-16T12:12:10","guid":{"rendered":"http:\/\/acrimat.org.br\/portal\/?p=97984831"},"modified":"2017-11-16T09:12:10","modified_gmt":"2017-11-16T12:12:10","slug":"perdas-com-logistica-somam-quase-r-4-bi-ao-ano-em-mt","status":"publish","type":"post","link":"https:\/\/acrimat.org.br\/portal\/perdas-com-logistica-somam-quase-r-4-bi-ao-ano-em-mt\/","title":{"rendered":"Perdas com log\u00edstica somam quase R$ 4 bi ao ano em MT"},"content":{"rendered":"<p>O estado de Mato Grosso perde por ano safra cerca de US$ 1,2 bilh\u00e3o devido \u00e0 falta de infraestrutura adequada para o escoamento da produ\u00e7\u00e3o pelos portos do Arco Norte. Isso corresponde a quase R$ 4 bilh\u00f5es jogados no ralo.<\/p>\n<p>A afirma\u00e7\u00e3o foi dada pelo consultor de log\u00edstica e infraestrutura da Confedera\u00e7\u00e3o para Agricultura e Pecu\u00e1ria do Brasil (CNA), Luiz Antonio Fayet, em entrevista especial para o Jornal o Estado de S. Paulo.<\/p>\n<p>Conforme o estudioso, hoje, um ter\u00e7o do pre\u00e7o da soja na m\u00e3o do consumidor \u00e9 custo log\u00edstico. Isso ocorre porque n\u00e3o existe infraestrutura adequada para garantir um fluxo maior do escoamento de gr\u00e3os pelos portos de Itacoatiara (AM), Itaqui (MA), Santar\u00e9m e Barcarena, no Par\u00e1, e Salvador (BA).<\/p>\n<p>Atualmente o custo m\u00e9dio para transportar uma tonelada de soja pelo Norte do pa\u00eds, custa 36% menos do que a tonelada enviada para os portos de Santos (SP) ou Paranagu\u00e1 (PR).<\/p>\n<p>Para um produtor de Sorriso enviar uma tonelada de gr\u00e3o para o Sul ou Sudeste ele precisa desembolsar aproximadamente US$ 126. J\u00e1 escoar a mesma carga por via terrestre at\u00e9 Miritituba (PA) e, de l\u00e1, por hidrovia at\u00e9 o Porto de Bel\u00e9m (PA) o valor cai para US$ 80.<\/p>\n<p>De acordo com estudo da CNA, grande parte do problema log\u00edstico est\u00e1 relacionado com a diminui\u00e7\u00e3o dos investimentos em infraestrutura de transportes. Na \u00faltima d\u00e9cada, os investimentos nesta \u00e1rea representaram somente 0,3% do Produto Interno Bruto (PIB). J\u00e1 outros pa\u00edses exportadores, como China, \u00cdndia e R\u00fassia, investiram, respectivamente, 10%, 8% e 7% do PIB no setor.<\/p>\n<p><strong>Problemas<\/strong><\/p>\n<p>Os entraves come\u00e7am nas estradas, que escoam cerca de 60% da produ\u00e7\u00e3o. \u201cNa compara\u00e7\u00e3o com outros modais, o setor rodovi\u00e1rio foi o que mais progrediu, evoluindo para o crit\u00e9rio de menor tarifa para as licita\u00e7\u00f5es\u201d, diz Fayet.<\/p>\n<p>Ele observa, por\u00e9m, que \u00e9 preciso melhorar o atual estado de conserva\u00e7\u00e3o das vias. \u201cA BR-163 que vai de Cuiab\u00e1 a Santar\u00e9m deveria estar pronta h\u00e1 dez anos. H\u00e1 muitos trechos sem pavimenta\u00e7\u00e3o.\u201d<\/p>\n<p>O LIVRE acompanhou no in\u00edcio deste ano o caos que se formou na BR-163, pr\u00f3ximo ao munic\u00edpio de Trair\u00e3o (PA), em que milhares de carretas ficaram paradas devido a um atoleiro que se formou em um dos trechos n\u00e3o pavimentados da via.<\/p>\n<p>Al\u00e9m dos problemas no modal rodovi\u00e1rio, Fayet cita na reportagem a concentra\u00e7\u00e3o de mercado na malha ferrovi\u00e1ria, o que resulta em elevadas tarifas e op\u00e7\u00f5es de servi\u00e7os reduzidas.<\/p>\n<p>Para o estudioso, a solu\u00e7\u00e3o para a log\u00edstica no pa\u00eds vir\u00e1 de um trabalho conjunto entre governo e empresas. Entretanto, al\u00e9m de rodovias, ferrovias e hidrovias, ele afirma que a capacidade dos portos do Arco Norte deve ser ampliada.<\/p>\n<p><strong>Superlota\u00e7\u00e3o<\/strong><\/p>\n<p>Em entrevista ao LIVRE, em julho, o consultor j\u00e1 havia alertado os produtores mato-grossense quanto a superlota\u00e7\u00e3o dos portos. &#8220;Mato Grosso precisar saber que o grande problema da produ\u00e7\u00e3o do estado \u00e9 porto. N\u00e3o adianta levar toda essa produ\u00e7\u00e3o at\u00e9 l\u00e1 se n\u00e3o tiver porto\u201d.<\/p>\n<p>Para ele, a sa\u00edda est\u00e1 sim no Norte do pa\u00eds. Conforme o Minist\u00e9rio da Agricultura (Mapa), a capacidade portu\u00e1ria (de embarque) desses portos alcan\u00e7a 40 milh\u00f5es de toneladas por ano.<\/p>\n<p>S\u00f3 entre janeiro e julho deste ano, 15,3 milh\u00f5es de toneladas de milho e soja, foram escoadas pelo Norte. At\u00e9 dezembro a expectativa do Mapa \u00e9 que 26 milh\u00f5es de toneladas passem por l\u00e1.<\/p>\n<p>Mas o estudioso alerta que, com t\u00e9rmino de importante obras de infraestrutura como a da BR-163 e nas pr\u00f3ximas d\u00e9cadas a t\u00e3o sonhada Ferrogr\u00e3o, faltar\u00e3o terminais para receber os gr\u00e3os. \u201cN\u00f3s precisamos de tr\u00eas ou quatro terminais como o de Outeiro que est\u00e1 parado com capacidade de escoar entre 10 a 15 milh\u00f5es de toneladas de gr\u00e3os\u201d, finaliza.<\/p>\n","protected":false},"excerpt":{"rendered":"<p>Conforme estudo, hoje um ter\u00e7o do pre\u00e7o da soja na m\u00e3o do consumidor \u00e9 custo log\u00edstico<\/p>\n","protected":false},"author":11,"featured_media":97984832,"comment_status":"closed","ping_status":"closed","sticky":false,"template":"","format":"standard","meta":{"footnotes":""},"categories":[6,1],"tags":[],"class_list":["post-97984831","post","type-post","status-publish","format-standard","has-post-thumbnail","hentry","category-destaque","category-noticia"],"yoast_head":"<!-- This site is optimized with the Yoast SEO plugin v24.8.1 - https:\/\/yoast.com\/wordpress\/plugins\/seo\/ -->\n<title>Perdas com log\u00edstica somam quase R$ 4 bi ao ano em MT - Acrimat<\/title>\n<meta name=\"robots\" content=\"index, follow, max-snippet:-1, max-image-preview:large, max-video-preview:-1\" \/>\n<link rel=\"canonical\" href=\"https:\/\/acrimat.org.br\/portal\/perdas-com-logistica-somam-quase-r-4-bi-ao-ano-em-mt\/\" \/>\n<meta property=\"og:locale\" content=\"pt_BR\" \/>\n<meta property=\"og:type\" content=\"article\" \/>\n<meta property=\"og:title\" content=\"Perdas com log\u00edstica somam quase R$ 4 bi ao ano em MT - Acrimat\" \/>\n<meta property=\"og:description\" content=\"Conforme estudo, hoje um ter\u00e7o do pre\u00e7o da soja na m\u00e3o do consumidor \u00e9 custo log\u00edstico\" \/>\n<meta property=\"og:url\" content=\"https:\/\/acrimat.org.br\/portal\/perdas-com-logistica-somam-quase-r-4-bi-ao-ano-em-mt\/\" \/>\n<meta property=\"og:site_name\" content=\"Acrimat\" \/>\n<meta property=\"article:published_time\" content=\"2017-11-16T12:12:10+00:00\" \/>\n<meta property=\"og:image\" content=\"https:\/\/acrimat.org.br\/portal\/wp-content\/uploads\/2017\/11\/220381ae8774c5e3dfad3e9e994867a6.jpg\" \/>\n\t<meta property=\"og:image:width\" content=\"1488\" \/>\n\t<meta property=\"og:image:height\" content=\"992\" \/>\n\t<meta property=\"og:image:type\" content=\"image\/jpeg\" \/>\n<meta name=\"author\" content=\"P\u00e9ricles C\u00e2ndido\" \/>\n<meta name=\"twitter:card\" content=\"summary_large_image\" \/>\n<meta name=\"twitter:label1\" content=\"Escrito por\" \/>\n\t<meta name=\"twitter:data1\" content=\"P\u00e9ricles C\u00e2ndido\" \/>\n\t<meta name=\"twitter:label2\" content=\"Est. tempo de leitura\" \/>\n\t<meta name=\"twitter:data2\" content=\"3 minutos\" \/>\n<script type=\"application\/ld+json\" class=\"yoast-schema-graph\">{\"@context\":\"https:\/\/schema.org\",\"@graph\":[{\"@type\":\"Article\",\"@id\":\"https:\/\/acrimat.org.br\/portal\/perdas-com-logistica-somam-quase-r-4-bi-ao-ano-em-mt\/#article\",\"isPartOf\":{\"@id\":\"https:\/\/acrimat.org.br\/portal\/perdas-com-logistica-somam-quase-r-4-bi-ao-ano-em-mt\/\"},\"author\":{\"name\":\"P\u00e9ricles C\u00e2ndido\",\"@id\":\"https:\/\/acrimat.org.br\/portal\/#\/schema\/person\/18df8bcf6890e924fe5d8b5afd2bec0f\"},\"headline\":\"Perdas com log\u00edstica somam quase R$ 4 bi ao ano em MT\",\"datePublished\":\"2017-11-16T12:12:10+00:00\",\"mainEntityOfPage\":{\"@id\":\"https:\/\/acrimat.org.br\/portal\/perdas-com-logistica-somam-quase-r-4-bi-ao-ano-em-mt\/\"},\"wordCount\":670,\"publisher\":{\"@id\":\"https:\/\/acrimat.org.br\/portal\/#organization\"},\"image\":{\"@id\":\"https:\/\/acrimat.org.br\/portal\/perdas-com-logistica-somam-quase-r-4-bi-ao-ano-em-mt\/#primaryimage\"},\"thumbnailUrl\":\"https:\/\/acrimat.org.br\/portal\/wp-content\/uploads\/2017\/11\/220381ae8774c5e3dfad3e9e994867a6.jpg\",\"articleSection\":[\"Destaques\",\"Not\u00edcias\"],\"inLanguage\":\"pt-BR\"},{\"@type\":\"WebPage\",\"@id\":\"https:\/\/acrimat.org.br\/portal\/perdas-com-logistica-somam-quase-r-4-bi-ao-ano-em-mt\/\",\"url\":\"https:\/\/acrimat.org.br\/portal\/perdas-com-logistica-somam-quase-r-4-bi-ao-ano-em-mt\/\",\"name\":\"Perdas com log\u00edstica somam quase R$ 4 bi ao ano em MT - Acrimat\",\"isPartOf\":{\"@id\":\"https:\/\/acrimat.org.br\/portal\/#website\"},\"primaryImageOfPage\":{\"@id\":\"https:\/\/acrimat.org.br\/portal\/perdas-com-logistica-somam-quase-r-4-bi-ao-ano-em-mt\/#primaryimage\"},\"image\":{\"@id\":\"https:\/\/acrimat.org.br\/portal\/perdas-com-logistica-somam-quase-r-4-bi-ao-ano-em-mt\/#primaryimage\"},\"thumbnailUrl\":\"https:\/\/acrimat.org.br\/portal\/wp-content\/uploads\/2017\/11\/220381ae8774c5e3dfad3e9e994867a6.jpg\",\"datePublished\":\"2017-11-16T12:12:10+00:00\",\"breadcrumb\":{\"@id\":\"https:\/\/acrimat.org.br\/portal\/perdas-com-logistica-somam-quase-r-4-bi-ao-ano-em-mt\/#breadcrumb\"},\"inLanguage\":\"pt-BR\",\"potentialAction\":[{\"@type\":\"ReadAction\",\"target\":[\"https:\/\/acrimat.org.br\/portal\/perdas-com-logistica-somam-quase-r-4-bi-ao-ano-em-mt\/\"]}]},{\"@type\":\"ImageObject\",\"inLanguage\":\"pt-BR\",\"@id\":\"https:\/\/acrimat.org.br\/portal\/perdas-com-logistica-somam-quase-r-4-bi-ao-ano-em-mt\/#primaryimage\",\"url\":\"https:\/\/acrimat.org.br\/portal\/wp-content\/uploads\/2017\/11\/220381ae8774c5e3dfad3e9e994867a6.jpg\",\"contentUrl\":\"https:\/\/acrimat.org.br\/portal\/wp-content\/uploads\/2017\/11\/220381ae8774c5e3dfad3e9e994867a6.jpg\",\"width\":1488,\"height\":992},{\"@type\":\"BreadcrumbList\",\"@id\":\"https:\/\/acrimat.org.br\/portal\/perdas-com-logistica-somam-quase-r-4-bi-ao-ano-em-mt\/#breadcrumb\",\"itemListElement\":[{\"@type\":\"ListItem\",\"position\":1,\"name\":\"In\u00edcio\",\"item\":\"https:\/\/acrimat.org.br\/portal\/\"},{\"@type\":\"ListItem\",\"position\":2,\"name\":\"Perdas com log\u00edstica somam quase R$ 4 bi ao ano em MT\"}]},{\"@type\":\"WebSite\",\"@id\":\"https:\/\/acrimat.org.br\/portal\/#website\",\"url\":\"https:\/\/acrimat.org.br\/portal\/\",\"name\":\"Acrimat\",\"description\":\"Associa\u00e7\u00e3o dos Criadores de Mato Grosso\",\"publisher\":{\"@id\":\"https:\/\/acrimat.org.br\/portal\/#organization\"},\"potentialAction\":[{\"@type\":\"SearchAction\",\"target\":{\"@type\":\"EntryPoint\",\"urlTemplate\":\"https:\/\/acrimat.org.br\/portal\/?s={search_term_string}\"},\"query-input\":{\"@type\":\"PropertyValueSpecification\",\"valueRequired\":true,\"valueName\":\"search_term_string\"}}],\"inLanguage\":\"pt-BR\"},{\"@type\":\"Organization\",\"@id\":\"https:\/\/acrimat.org.br\/portal\/#organization\",\"name\":\"Associa\u00e7\u00e3o dos Criadores de Mato Grosso\",\"url\":\"https:\/\/acrimat.org.br\/portal\/\",\"logo\":{\"@type\":\"ImageObject\",\"inLanguage\":\"pt-BR\",\"@id\":\"https:\/\/acrimat.org.br\/portal\/#\/schema\/logo\/image\/\",\"url\":\"https:\/\/acrimat.org.br\/portal\/wp-content\/uploads\/2018\/03\/logo-peq-original.png\",\"contentUrl\":\"https:\/\/acrimat.org.br\/portal\/wp-content\/uploads\/2018\/03\/logo-peq-original.png\",\"width\":174,\"height\":171,\"caption\":\"Associa\u00e7\u00e3o dos Criadores de Mato Grosso\"},\"image\":{\"@id\":\"https:\/\/acrimat.org.br\/portal\/#\/schema\/logo\/image\/\"}},{\"@type\":\"Person\",\"@id\":\"https:\/\/acrimat.org.br\/portal\/#\/schema\/person\/18df8bcf6890e924fe5d8b5afd2bec0f\",\"name\":\"P\u00e9ricles C\u00e2ndido\",\"image\":{\"@type\":\"ImageObject\",\"inLanguage\":\"pt-BR\",\"@id\":\"https:\/\/acrimat.org.br\/portal\/#\/schema\/person\/image\/\",\"url\":\"https:\/\/secure.gravatar.com\/avatar\/33e2a2b971dc363ed2df53d0d3bfbd18?s=96&d=mm&r=g\",\"contentUrl\":\"https:\/\/secure.gravatar.com\/avatar\/33e2a2b971dc363ed2df53d0d3bfbd18?s=96&d=mm&r=g\",\"caption\":\"P\u00e9ricles C\u00e2ndido\"},\"sameAs\":[\"ascom@acrimat.org.br\"],\"url\":\"https:\/\/acrimat.org.br\/portal\/author\/designergrafico\/\"}]}<\/script>\n<!-- \/ Yoast SEO plugin. -->","yoast_head_json":{"title":"Perdas com log\u00edstica somam quase R$ 4 bi ao ano em MT - Acrimat","robots":{"index":"index","follow":"follow","max-snippet":"max-snippet:-1","max-image-preview":"max-image-preview:large","max-video-preview":"max-video-preview:-1"},"canonical":"https:\/\/acrimat.org.br\/portal\/perdas-com-logistica-somam-quase-r-4-bi-ao-ano-em-mt\/","og_locale":"pt_BR","og_type":"article","og_title":"Perdas com log\u00edstica somam quase R$ 4 bi ao ano em MT - Acrimat","og_description":"Conforme estudo, hoje um ter\u00e7o do pre\u00e7o da soja na m\u00e3o do consumidor \u00e9 custo log\u00edstico","og_url":"https:\/\/acrimat.org.br\/portal\/perdas-com-logistica-somam-quase-r-4-bi-ao-ano-em-mt\/","og_site_name":"Acrimat","article_published_time":"2017-11-16T12:12:10+00:00","og_image":[{"width":1488,"height":992,"url":"https:\/\/acrimat.org.br\/portal\/wp-content\/uploads\/2017\/11\/220381ae8774c5e3dfad3e9e994867a6.jpg","type":"image\/jpeg"}],"author":"P\u00e9ricles C\u00e2ndido","twitter_card":"summary_large_image","twitter_misc":{"Escrito por":"P\u00e9ricles C\u00e2ndido","Est. tempo de leitura":"3 minutos"},"schema":{"@context":"https:\/\/schema.org","@graph":[{"@type":"Article","@id":"https:\/\/acrimat.org.br\/portal\/perdas-com-logistica-somam-quase-r-4-bi-ao-ano-em-mt\/#article","isPartOf":{"@id":"https:\/\/acrimat.org.br\/portal\/perdas-com-logistica-somam-quase-r-4-bi-ao-ano-em-mt\/"},"author":{"name":"P\u00e9ricles C\u00e2ndido","@id":"https:\/\/acrimat.org.br\/portal\/#\/schema\/person\/18df8bcf6890e924fe5d8b5afd2bec0f"},"headline":"Perdas com log\u00edstica somam quase R$ 4 bi ao ano em MT","datePublished":"2017-11-16T12:12:10+00:00","mainEntityOfPage":{"@id":"https:\/\/acrimat.org.br\/portal\/perdas-com-logistica-somam-quase-r-4-bi-ao-ano-em-mt\/"},"wordCount":670,"publisher":{"@id":"https:\/\/acrimat.org.br\/portal\/#organization"},"image":{"@id":"https:\/\/acrimat.org.br\/portal\/perdas-com-logistica-somam-quase-r-4-bi-ao-ano-em-mt\/#primaryimage"},"thumbnailUrl":"https:\/\/acrimat.org.br\/portal\/wp-content\/uploads\/2017\/11\/220381ae8774c5e3dfad3e9e994867a6.jpg","articleSection":["Destaques","Not\u00edcias"],"inLanguage":"pt-BR"},{"@type":"WebPage","@id":"https:\/\/acrimat.org.br\/portal\/perdas-com-logistica-somam-quase-r-4-bi-ao-ano-em-mt\/","url":"https:\/\/acrimat.org.br\/portal\/perdas-com-logistica-somam-quase-r-4-bi-ao-ano-em-mt\/","name":"Perdas com log\u00edstica somam quase R$ 4 bi ao ano em MT - Acrimat","isPartOf":{"@id":"https:\/\/acrimat.org.br\/portal\/#website"},"primaryImageOfPage":{"@id":"https:\/\/acrimat.org.br\/portal\/perdas-com-logistica-somam-quase-r-4-bi-ao-ano-em-mt\/#primaryimage"},"image":{"@id":"https:\/\/acrimat.org.br\/portal\/perdas-com-logistica-somam-quase-r-4-bi-ao-ano-em-mt\/#primaryimage"},"thumbnailUrl":"https:\/\/acrimat.org.br\/portal\/wp-content\/uploads\/2017\/11\/220381ae8774c5e3dfad3e9e994867a6.jpg","datePublished":"2017-11-16T12:12:10+00:00","breadcrumb":{"@id":"https:\/\/acrimat.org.br\/portal\/perdas-com-logistica-somam-quase-r-4-bi-ao-ano-em-mt\/#breadcrumb"},"inLanguage":"pt-BR","potentialAction":[{"@type":"ReadAction","target":["https:\/\/acrimat.org.br\/portal\/perdas-com-logistica-somam-quase-r-4-bi-ao-ano-em-mt\/"]}]},{"@type":"ImageObject","inLanguage":"pt-BR","@id":"https:\/\/acrimat.org.br\/portal\/perdas-com-logistica-somam-quase-r-4-bi-ao-ano-em-mt\/#primaryimage","url":"https:\/\/acrimat.org.br\/portal\/wp-content\/uploads\/2017\/11\/220381ae8774c5e3dfad3e9e994867a6.jpg","contentUrl":"https:\/\/acrimat.org.br\/portal\/wp-content\/uploads\/2017\/11\/220381ae8774c5e3dfad3e9e994867a6.jpg","width":1488,"height":992},{"@type":"BreadcrumbList","@id":"https:\/\/acrimat.org.br\/portal\/perdas-com-logistica-somam-quase-r-4-bi-ao-ano-em-mt\/#breadcrumb","itemListElement":[{"@type":"ListItem","position":1,"name":"In\u00edcio","item":"https:\/\/acrimat.org.br\/portal\/"},{"@type":"ListItem","position":2,"name":"Perdas com log\u00edstica somam quase R$ 4 bi ao ano em MT"}]},{"@type":"WebSite","@id":"https:\/\/acrimat.org.br\/portal\/#website","url":"https:\/\/acrimat.org.br\/portal\/","name":"Acrimat","description":"Associa\u00e7\u00e3o dos Criadores de Mato Grosso","publisher":{"@id":"https:\/\/acrimat.org.br\/portal\/#organization"},"potentialAction":[{"@type":"SearchAction","target":{"@type":"EntryPoint","urlTemplate":"https:\/\/acrimat.org.br\/portal\/?s={search_term_string}"},"query-input":{"@type":"PropertyValueSpecification","valueRequired":true,"valueName":"search_term_string"}}],"inLanguage":"pt-BR"},{"@type":"Organization","@id":"https:\/\/acrimat.org.br\/portal\/#organization","name":"Associa\u00e7\u00e3o dos Criadores de Mato Grosso","url":"https:\/\/acrimat.org.br\/portal\/","logo":{"@type":"ImageObject","inLanguage":"pt-BR","@id":"https:\/\/acrimat.org.br\/portal\/#\/schema\/logo\/image\/","url":"https:\/\/acrimat.org.br\/portal\/wp-content\/uploads\/2018\/03\/logo-peq-original.png","contentUrl":"https:\/\/acrimat.org.br\/portal\/wp-content\/uploads\/2018\/03\/logo-peq-original.png","width":174,"height":171,"caption":"Associa\u00e7\u00e3o dos Criadores de Mato Grosso"},"image":{"@id":"https:\/\/acrimat.org.br\/portal\/#\/schema\/logo\/image\/"}},{"@type":"Person","@id":"https:\/\/acrimat.org.br\/portal\/#\/schema\/person\/18df8bcf6890e924fe5d8b5afd2bec0f","name":"P\u00e9ricles C\u00e2ndido","image":{"@type":"ImageObject","inLanguage":"pt-BR","@id":"https:\/\/acrimat.org.br\/portal\/#\/schema\/person\/image\/","url":"https:\/\/secure.gravatar.com\/avatar\/33e2a2b971dc363ed2df53d0d3bfbd18?s=96&d=mm&r=g","contentUrl":"https:\/\/secure.gravatar.com\/avatar\/33e2a2b971dc363ed2df53d0d3bfbd18?s=96&d=mm&r=g","caption":"P\u00e9ricles C\u00e2ndido"},"sameAs":["ascom@acrimat.org.br"],"url":"https:\/\/acrimat.org.br\/portal\/author\/designergrafico\/"}]}},"_links":{"self":[{"href":"https:\/\/acrimat.org.br\/portal\/wp-json\/wp\/v2\/posts\/97984831","targetHints":{"allow":["GET"]}}],"collection":[{"href":"https:\/\/acrimat.org.br\/portal\/wp-json\/wp\/v2\/posts"}],"about":[{"href":"https:\/\/acrimat.org.br\/portal\/wp-json\/wp\/v2\/types\/post"}],"author":[{"embeddable":true,"href":"https:\/\/acrimat.org.br\/portal\/wp-json\/wp\/v2\/users\/11"}],"replies":[{"embeddable":true,"href":"https:\/\/acrimat.org.br\/portal\/wp-json\/wp\/v2\/comments?post=97984831"}],"version-history":[{"count":1,"href":"https:\/\/acrimat.org.br\/portal\/wp-json\/wp\/v2\/posts\/97984831\/revisions"}],"predecessor-version":[{"id":97984833,"href":"https:\/\/acrimat.org.br\/portal\/wp-json\/wp\/v2\/posts\/97984831\/revisions\/97984833"}],"wp:featuredmedia":[{"embeddable":true,"href":"https:\/\/acrimat.org.br\/portal\/wp-json\/wp\/v2\/media\/97984832"}],"wp:attachment":[{"href":"https:\/\/acrimat.org.br\/portal\/wp-json\/wp\/v2\/media?parent=97984831"}],"wp:term":[{"taxonomy":"category","embeddable":true,"href":"https:\/\/acrimat.org.br\/portal\/wp-json\/wp\/v2\/categories?post=97984831"},{"taxonomy":"post_tag","embeddable":true,"href":"https:\/\/acrimat.org.br\/portal\/wp-json\/wp\/v2\/tags?post=97984831"}],"curies":[{"name":"wp","href":"https:\/\/api.w.org\/{rel}","templated":true}]}}