{"id":97984839,"date":"2017-11-16T09:18:38","date_gmt":"2017-11-16T12:18:38","guid":{"rendered":"http:\/\/acrimat.org.br\/portal\/?p=97984839"},"modified":"2017-11-16T09:18:38","modified_gmt":"2017-11-16T12:18:38","slug":"garantia-de-abate-halal-deve-aumentar-exportacao-a-paises-muculmanos","status":"publish","type":"post","link":"https:\/\/acrimat.org.br\/portal\/garantia-de-abate-halal-deve-aumentar-exportacao-a-paises-muculmanos\/","title":{"rendered":"Garantia de abate halal deve aumentar exporta\u00e7\u00e3o a pa\u00edses mu\u00e7ulmanos"},"content":{"rendered":"<p>O Minist\u00e9rio da Agricultura, Pecu\u00e1ria e Abastecimento (Mapa) encaminhar\u00e1 \u00e0 Congrega\u00e7\u00e3o Fikh, entidade de jurisprud\u00eancia mu\u00e7ulmana, estudo que comprova a aplica\u00e7\u00e3o no Brasil do m\u00e9todo halal. A medida dever\u00e1 facilitar neg\u00f3cios e ampliar as exporta\u00e7\u00f5es brasileiras de carne de frangos e de bovinos para mais de 50 pa\u00edses que integram a congrega\u00e7\u00e3o.<\/p>\n<p>O ministro interino do Mapa, Eumar Novacki, comprometeu-se a enviar estudo realizado pela Embrapa e pela Universidade de S\u00e3o Paulo (USP) sobre abate que atende a princ\u00edpios religiosos desses pa\u00edses. Novacki recebeu comitiva integrada pelo secret\u00e1rio geral da Congrega\u00e7\u00e3o Fikh, Abdel Salam Al Abadi, pelo primeiro conselheiro da liga Mundial Mu\u00e7ulmana, Abdul Al Aziz Mohamad Al Souli, e pelo vice-presidente do Centro de Divulga\u00e7\u00e3o do Isl\u00e3 para a Am\u00e9rica Latina (Cdial Halal), Ali Ahmad Saifi.<\/p>\n<p>Em S\u00e3o Paulo, no fim de semana, a comitiva participou do primeiro congresso halal do Brasil. O questionamento ao ministro foi quanto \u00e0 confirma\u00e7\u00e3o formal da pr\u00e1tica de abate, em complemento a visitas t\u00e9cnicas j\u00e1 realizadas a empresas brasileiras exportadoras. Os mu\u00e7ulmanos fazem quest\u00e3o de informa\u00e7\u00f5es cient\u00edficas e oficiais de governo.<\/p>\n","protected":false},"excerpt":{"rendered":"<p>Ministro interino recebeu comitiva de religiosos que representam mais de 50 pa\u00edses<\/p>\n","protected":false},"author":11,"featured_media":97984840,"comment_status":"closed","ping_status":"closed","sticky":false,"template":"","format":"standard","meta":{"footnotes":""},"categories":[6,1],"tags":[],"class_list":["post-97984839","post","type-post","status-publish","format-standard","has-post-thumbnail","hentry","category-destaque","category-noticia"],"yoast_head":"<!-- This site is optimized with the Yoast SEO plugin v24.8.1 - https:\/\/yoast.com\/wordpress\/plugins\/seo\/ -->\n<title>Garantia de abate halal deve aumentar exporta\u00e7\u00e3o a pa\u00edses mu\u00e7ulmanos - Acrimat<\/title>\n<meta name=\"robots\" content=\"index, follow, max-snippet:-1, max-image-preview:large, max-video-preview:-1\" \/>\n<link rel=\"canonical\" href=\"https:\/\/acrimat.org.br\/portal\/garantia-de-abate-halal-deve-aumentar-exportacao-a-paises-muculmanos\/\" \/>\n<meta property=\"og:locale\" content=\"pt_BR\" \/>\n<meta property=\"og:type\" content=\"article\" \/>\n<meta property=\"og:title\" content=\"Garantia de abate halal deve aumentar exporta\u00e7\u00e3o a pa\u00edses mu\u00e7ulmanos - Acrimat\" \/>\n<meta property=\"og:description\" content=\"Ministro interino recebeu comitiva de religiosos que representam mais de 50 pa\u00edses\" \/>\n<meta property=\"og:url\" content=\"https:\/\/acrimat.org.br\/portal\/garantia-de-abate-halal-deve-aumentar-exportacao-a-paises-muculmanos\/\" \/>\n<meta property=\"og:site_name\" content=\"Acrimat\" \/>\n<meta property=\"article:published_time\" content=\"2017-11-16T12:18:38+00:00\" \/>\n<meta property=\"og:image\" content=\"https:\/\/acrimat.org.br\/portal\/wp-content\/uploads\/2017\/11\/exportacoes4-2.jpg\" \/>\n\t<meta property=\"og:image:width\" content=\"640\" \/>\n\t<meta property=\"og:image:height\" content=\"400\" \/>\n\t<meta property=\"og:image:type\" content=\"image\/jpeg\" \/>\n<meta name=\"author\" content=\"P\u00e9ricles C\u00e2ndido\" \/>\n<meta name=\"twitter:card\" content=\"summary_large_image\" \/>\n<meta name=\"twitter:label1\" content=\"Escrito por\" \/>\n\t<meta name=\"twitter:data1\" content=\"P\u00e9ricles C\u00e2ndido\" \/>\n\t<meta name=\"twitter:label2\" content=\"Est. tempo de leitura\" \/>\n\t<meta name=\"twitter:data2\" content=\"1 minuto\" \/>\n<script type=\"application\/ld+json\" class=\"yoast-schema-graph\">{\"@context\":\"https:\/\/schema.org\",\"@graph\":[{\"@type\":\"Article\",\"@id\":\"https:\/\/acrimat.org.br\/portal\/garantia-de-abate-halal-deve-aumentar-exportacao-a-paises-muculmanos\/#article\",\"isPartOf\":{\"@id\":\"https:\/\/acrimat.org.br\/portal\/garantia-de-abate-halal-deve-aumentar-exportacao-a-paises-muculmanos\/\"},\"author\":{\"name\":\"P\u00e9ricles C\u00e2ndido\",\"@id\":\"https:\/\/acrimat.org.br\/portal\/#\/schema\/person\/18df8bcf6890e924fe5d8b5afd2bec0f\"},\"headline\":\"Garantia de abate halal deve aumentar exporta\u00e7\u00e3o a pa\u00edses mu\u00e7ulmanos\",\"datePublished\":\"2017-11-16T12:18:38+00:00\",\"mainEntityOfPage\":{\"@id\":\"https:\/\/acrimat.org.br\/portal\/garantia-de-abate-halal-deve-aumentar-exportacao-a-paises-muculmanos\/\"},\"wordCount\":215,\"publisher\":{\"@id\":\"https:\/\/acrimat.org.br\/portal\/#organization\"},\"image\":{\"@id\":\"https:\/\/acrimat.org.br\/portal\/garantia-de-abate-halal-deve-aumentar-exportacao-a-paises-muculmanos\/#primaryimage\"},\"thumbnailUrl\":\"https:\/\/acrimat.org.br\/portal\/wp-content\/uploads\/2017\/11\/exportacoes4-2.jpg\",\"articleSection\":[\"Destaques\",\"Not\u00edcias\"],\"inLanguage\":\"pt-BR\"},{\"@type\":\"WebPage\",\"@id\":\"https:\/\/acrimat.org.br\/portal\/garantia-de-abate-halal-deve-aumentar-exportacao-a-paises-muculmanos\/\",\"url\":\"https:\/\/acrimat.org.br\/portal\/garantia-de-abate-halal-deve-aumentar-exportacao-a-paises-muculmanos\/\",\"name\":\"Garantia de abate halal deve aumentar exporta\u00e7\u00e3o a pa\u00edses mu\u00e7ulmanos - Acrimat\",\"isPartOf\":{\"@id\":\"https:\/\/acrimat.org.br\/portal\/#website\"},\"primaryImageOfPage\":{\"@id\":\"https:\/\/acrimat.org.br\/portal\/garantia-de-abate-halal-deve-aumentar-exportacao-a-paises-muculmanos\/#primaryimage\"},\"image\":{\"@id\":\"https:\/\/acrimat.org.br\/portal\/garantia-de-abate-halal-deve-aumentar-exportacao-a-paises-muculmanos\/#primaryimage\"},\"thumbnailUrl\":\"https:\/\/acrimat.org.br\/portal\/wp-content\/uploads\/2017\/11\/exportacoes4-2.jpg\",\"datePublished\":\"2017-11-16T12:18:38+00:00\",\"breadcrumb\":{\"@id\":\"https:\/\/acrimat.org.br\/portal\/garantia-de-abate-halal-deve-aumentar-exportacao-a-paises-muculmanos\/#breadcrumb\"},\"inLanguage\":\"pt-BR\",\"potentialAction\":[{\"@type\":\"ReadAction\",\"target\":[\"https:\/\/acrimat.org.br\/portal\/garantia-de-abate-halal-deve-aumentar-exportacao-a-paises-muculmanos\/\"]}]},{\"@type\":\"ImageObject\",\"inLanguage\":\"pt-BR\",\"@id\":\"https:\/\/acrimat.org.br\/portal\/garantia-de-abate-halal-deve-aumentar-exportacao-a-paises-muculmanos\/#primaryimage\",\"url\":\"https:\/\/acrimat.org.br\/portal\/wp-content\/uploads\/2017\/11\/exportacoes4-2.jpg\",\"contentUrl\":\"https:\/\/acrimat.org.br\/portal\/wp-content\/uploads\/2017\/11\/exportacoes4-2.jpg\",\"width\":640,\"height\":400},{\"@type\":\"BreadcrumbList\",\"@id\":\"https:\/\/acrimat.org.br\/portal\/garantia-de-abate-halal-deve-aumentar-exportacao-a-paises-muculmanos\/#breadcrumb\",\"itemListElement\":[{\"@type\":\"ListItem\",\"position\":1,\"name\":\"In\u00edcio\",\"item\":\"https:\/\/acrimat.org.br\/portal\/\"},{\"@type\":\"ListItem\",\"position\":2,\"name\":\"Garantia de abate halal deve aumentar exporta\u00e7\u00e3o a pa\u00edses mu\u00e7ulmanos\"}]},{\"@type\":\"WebSite\",\"@id\":\"https:\/\/acrimat.org.br\/portal\/#website\",\"url\":\"https:\/\/acrimat.org.br\/portal\/\",\"name\":\"Acrimat\",\"description\":\"Associa\u00e7\u00e3o dos Criadores de Mato Grosso\",\"publisher\":{\"@id\":\"https:\/\/acrimat.org.br\/portal\/#organization\"},\"potentialAction\":[{\"@type\":\"SearchAction\",\"target\":{\"@type\":\"EntryPoint\",\"urlTemplate\":\"https:\/\/acrimat.org.br\/portal\/?s={search_term_string}\"},\"query-input\":{\"@type\":\"PropertyValueSpecification\",\"valueRequired\":true,\"valueName\":\"search_term_string\"}}],\"inLanguage\":\"pt-BR\"},{\"@type\":\"Organization\",\"@id\":\"https:\/\/acrimat.org.br\/portal\/#organization\",\"name\":\"Associa\u00e7\u00e3o dos Criadores de Mato Grosso\",\"url\":\"https:\/\/acrimat.org.br\/portal\/\",\"logo\":{\"@type\":\"ImageObject\",\"inLanguage\":\"pt-BR\",\"@id\":\"https:\/\/acrimat.org.br\/portal\/#\/schema\/logo\/image\/\",\"url\":\"https:\/\/acrimat.org.br\/portal\/wp-content\/uploads\/2018\/03\/logo-peq-original.png\",\"contentUrl\":\"https:\/\/acrimat.org.br\/portal\/wp-content\/uploads\/2018\/03\/logo-peq-original.png\",\"width\":174,\"height\":171,\"caption\":\"Associa\u00e7\u00e3o dos Criadores de Mato Grosso\"},\"image\":{\"@id\":\"https:\/\/acrimat.org.br\/portal\/#\/schema\/logo\/image\/\"}},{\"@type\":\"Person\",\"@id\":\"https:\/\/acrimat.org.br\/portal\/#\/schema\/person\/18df8bcf6890e924fe5d8b5afd2bec0f\",\"name\":\"P\u00e9ricles C\u00e2ndido\",\"image\":{\"@type\":\"ImageObject\",\"inLanguage\":\"pt-BR\",\"@id\":\"https:\/\/acrimat.org.br\/portal\/#\/schema\/person\/image\/\",\"url\":\"https:\/\/secure.gravatar.com\/avatar\/33e2a2b971dc363ed2df53d0d3bfbd18?s=96&d=mm&r=g\",\"contentUrl\":\"https:\/\/secure.gravatar.com\/avatar\/33e2a2b971dc363ed2df53d0d3bfbd18?s=96&d=mm&r=g\",\"caption\":\"P\u00e9ricles C\u00e2ndido\"},\"sameAs\":[\"ascom@acrimat.org.br\"],\"url\":\"https:\/\/acrimat.org.br\/portal\/author\/designergrafico\/\"}]}<\/script>\n<!-- \/ Yoast SEO plugin. -->","yoast_head_json":{"title":"Garantia de abate halal deve aumentar exporta\u00e7\u00e3o a pa\u00edses mu\u00e7ulmanos - Acrimat","robots":{"index":"index","follow":"follow","max-snippet":"max-snippet:-1","max-image-preview":"max-image-preview:large","max-video-preview":"max-video-preview:-1"},"canonical":"https:\/\/acrimat.org.br\/portal\/garantia-de-abate-halal-deve-aumentar-exportacao-a-paises-muculmanos\/","og_locale":"pt_BR","og_type":"article","og_title":"Garantia de abate halal deve aumentar exporta\u00e7\u00e3o a pa\u00edses mu\u00e7ulmanos - Acrimat","og_description":"Ministro interino recebeu comitiva de religiosos que representam mais de 50 pa\u00edses","og_url":"https:\/\/acrimat.org.br\/portal\/garantia-de-abate-halal-deve-aumentar-exportacao-a-paises-muculmanos\/","og_site_name":"Acrimat","article_published_time":"2017-11-16T12:18:38+00:00","og_image":[{"width":640,"height":400,"url":"https:\/\/acrimat.org.br\/portal\/wp-content\/uploads\/2017\/11\/exportacoes4-2.jpg","type":"image\/jpeg"}],"author":"P\u00e9ricles C\u00e2ndido","twitter_card":"summary_large_image","twitter_misc":{"Escrito por":"P\u00e9ricles C\u00e2ndido","Est. tempo de leitura":"1 minuto"},"schema":{"@context":"https:\/\/schema.org","@graph":[{"@type":"Article","@id":"https:\/\/acrimat.org.br\/portal\/garantia-de-abate-halal-deve-aumentar-exportacao-a-paises-muculmanos\/#article","isPartOf":{"@id":"https:\/\/acrimat.org.br\/portal\/garantia-de-abate-halal-deve-aumentar-exportacao-a-paises-muculmanos\/"},"author":{"name":"P\u00e9ricles C\u00e2ndido","@id":"https:\/\/acrimat.org.br\/portal\/#\/schema\/person\/18df8bcf6890e924fe5d8b5afd2bec0f"},"headline":"Garantia de abate halal deve aumentar exporta\u00e7\u00e3o a pa\u00edses mu\u00e7ulmanos","datePublished":"2017-11-16T12:18:38+00:00","mainEntityOfPage":{"@id":"https:\/\/acrimat.org.br\/portal\/garantia-de-abate-halal-deve-aumentar-exportacao-a-paises-muculmanos\/"},"wordCount":215,"publisher":{"@id":"https:\/\/acrimat.org.br\/portal\/#organization"},"image":{"@id":"https:\/\/acrimat.org.br\/portal\/garantia-de-abate-halal-deve-aumentar-exportacao-a-paises-muculmanos\/#primaryimage"},"thumbnailUrl":"https:\/\/acrimat.org.br\/portal\/wp-content\/uploads\/2017\/11\/exportacoes4-2.jpg","articleSection":["Destaques","Not\u00edcias"],"inLanguage":"pt-BR"},{"@type":"WebPage","@id":"https:\/\/acrimat.org.br\/portal\/garantia-de-abate-halal-deve-aumentar-exportacao-a-paises-muculmanos\/","url":"https:\/\/acrimat.org.br\/portal\/garantia-de-abate-halal-deve-aumentar-exportacao-a-paises-muculmanos\/","name":"Garantia de abate halal deve aumentar exporta\u00e7\u00e3o a pa\u00edses mu\u00e7ulmanos - Acrimat","isPartOf":{"@id":"https:\/\/acrimat.org.br\/portal\/#website"},"primaryImageOfPage":{"@id":"https:\/\/acrimat.org.br\/portal\/garantia-de-abate-halal-deve-aumentar-exportacao-a-paises-muculmanos\/#primaryimage"},"image":{"@id":"https:\/\/acrimat.org.br\/portal\/garantia-de-abate-halal-deve-aumentar-exportacao-a-paises-muculmanos\/#primaryimage"},"thumbnailUrl":"https:\/\/acrimat.org.br\/portal\/wp-content\/uploads\/2017\/11\/exportacoes4-2.jpg","datePublished":"2017-11-16T12:18:38+00:00","breadcrumb":{"@id":"https:\/\/acrimat.org.br\/portal\/garantia-de-abate-halal-deve-aumentar-exportacao-a-paises-muculmanos\/#breadcrumb"},"inLanguage":"pt-BR","potentialAction":[{"@type":"ReadAction","target":["https:\/\/acrimat.org.br\/portal\/garantia-de-abate-halal-deve-aumentar-exportacao-a-paises-muculmanos\/"]}]},{"@type":"ImageObject","inLanguage":"pt-BR","@id":"https:\/\/acrimat.org.br\/portal\/garantia-de-abate-halal-deve-aumentar-exportacao-a-paises-muculmanos\/#primaryimage","url":"https:\/\/acrimat.org.br\/portal\/wp-content\/uploads\/2017\/11\/exportacoes4-2.jpg","contentUrl":"https:\/\/acrimat.org.br\/portal\/wp-content\/uploads\/2017\/11\/exportacoes4-2.jpg","width":640,"height":400},{"@type":"BreadcrumbList","@id":"https:\/\/acrimat.org.br\/portal\/garantia-de-abate-halal-deve-aumentar-exportacao-a-paises-muculmanos\/#breadcrumb","itemListElement":[{"@type":"ListItem","position":1,"name":"In\u00edcio","item":"https:\/\/acrimat.org.br\/portal\/"},{"@type":"ListItem","position":2,"name":"Garantia de abate halal deve aumentar exporta\u00e7\u00e3o a pa\u00edses mu\u00e7ulmanos"}]},{"@type":"WebSite","@id":"https:\/\/acrimat.org.br\/portal\/#website","url":"https:\/\/acrimat.org.br\/portal\/","name":"Acrimat","description":"Associa\u00e7\u00e3o dos Criadores de Mato Grosso","publisher":{"@id":"https:\/\/acrimat.org.br\/portal\/#organization"},"potentialAction":[{"@type":"SearchAction","target":{"@type":"EntryPoint","urlTemplate":"https:\/\/acrimat.org.br\/portal\/?s={search_term_string}"},"query-input":{"@type":"PropertyValueSpecification","valueRequired":true,"valueName":"search_term_string"}}],"inLanguage":"pt-BR"},{"@type":"Organization","@id":"https:\/\/acrimat.org.br\/portal\/#organization","name":"Associa\u00e7\u00e3o dos Criadores de Mato Grosso","url":"https:\/\/acrimat.org.br\/portal\/","logo":{"@type":"ImageObject","inLanguage":"pt-BR","@id":"https:\/\/acrimat.org.br\/portal\/#\/schema\/logo\/image\/","url":"https:\/\/acrimat.org.br\/portal\/wp-content\/uploads\/2018\/03\/logo-peq-original.png","contentUrl":"https:\/\/acrimat.org.br\/portal\/wp-content\/uploads\/2018\/03\/logo-peq-original.png","width":174,"height":171,"caption":"Associa\u00e7\u00e3o dos Criadores de Mato Grosso"},"image":{"@id":"https:\/\/acrimat.org.br\/portal\/#\/schema\/logo\/image\/"}},{"@type":"Person","@id":"https:\/\/acrimat.org.br\/portal\/#\/schema\/person\/18df8bcf6890e924fe5d8b5afd2bec0f","name":"P\u00e9ricles C\u00e2ndido","image":{"@type":"ImageObject","inLanguage":"pt-BR","@id":"https:\/\/acrimat.org.br\/portal\/#\/schema\/person\/image\/","url":"https:\/\/secure.gravatar.com\/avatar\/33e2a2b971dc363ed2df53d0d3bfbd18?s=96&d=mm&r=g","contentUrl":"https:\/\/secure.gravatar.com\/avatar\/33e2a2b971dc363ed2df53d0d3bfbd18?s=96&d=mm&r=g","caption":"P\u00e9ricles C\u00e2ndido"},"sameAs":["ascom@acrimat.org.br"],"url":"https:\/\/acrimat.org.br\/portal\/author\/designergrafico\/"}]}},"_links":{"self":[{"href":"https:\/\/acrimat.org.br\/portal\/wp-json\/wp\/v2\/posts\/97984839","targetHints":{"allow":["GET"]}}],"collection":[{"href":"https:\/\/acrimat.org.br\/portal\/wp-json\/wp\/v2\/posts"}],"about":[{"href":"https:\/\/acrimat.org.br\/portal\/wp-json\/wp\/v2\/types\/post"}],"author":[{"embeddable":true,"href":"https:\/\/acrimat.org.br\/portal\/wp-json\/wp\/v2\/users\/11"}],"replies":[{"embeddable":true,"href":"https:\/\/acrimat.org.br\/portal\/wp-json\/wp\/v2\/comments?post=97984839"}],"version-history":[{"count":1,"href":"https:\/\/acrimat.org.br\/portal\/wp-json\/wp\/v2\/posts\/97984839\/revisions"}],"predecessor-version":[{"id":97984841,"href":"https:\/\/acrimat.org.br\/portal\/wp-json\/wp\/v2\/posts\/97984839\/revisions\/97984841"}],"wp:featuredmedia":[{"embeddable":true,"href":"https:\/\/acrimat.org.br\/portal\/wp-json\/wp\/v2\/media\/97984840"}],"wp:attachment":[{"href":"https:\/\/acrimat.org.br\/portal\/wp-json\/wp\/v2\/media?parent=97984839"}],"wp:term":[{"taxonomy":"category","embeddable":true,"href":"https:\/\/acrimat.org.br\/portal\/wp-json\/wp\/v2\/categories?post=97984839"},{"taxonomy":"post_tag","embeddable":true,"href":"https:\/\/acrimat.org.br\/portal\/wp-json\/wp\/v2\/tags?post=97984839"}],"curies":[{"name":"wp","href":"https:\/\/api.w.org\/{rel}","templated":true}]}}