{"id":97984850,"date":"2017-11-17T08:51:59","date_gmt":"2017-11-17T11:51:59","guid":{"rendered":"http:\/\/acrimat.org.br\/portal\/?p=97984850"},"modified":"2017-11-17T08:51:59","modified_gmt":"2017-11-17T11:51:59","slug":"assocon-confinamento-deve-crescer-5-e-alcancar-32-milhoes-de-cabecas-em-2017","status":"publish","type":"post","link":"https:\/\/acrimat.org.br\/portal\/assocon-confinamento-deve-crescer-5-e-alcancar-32-milhoes-de-cabecas-em-2017\/","title":{"rendered":"Assocon: confinamento deve crescer 5% e alcan\u00e7ar 3,2 milh\u00f5es de cabe\u00e7as em 2017"},"content":{"rendered":"<p>A atividade de pecu\u00e1ria intensiva, o confinamento de gado, deve atingir 3,2 milh\u00f5es de cabe\u00e7as neste ano, o que significa um crescimento de 5% ante o registrado em 2016, afirmou, nesta quinta-feira, 16, o gerente executivo da Associa\u00e7\u00e3o Nacional de Pecu\u00e1ria Intensiva (Assocon), Bruno Andrade a jornalistas, nos bastidores do Intercorte \u2013 evento do setor realizado no per\u00edodo da manh\u00e3 em S\u00e3o Paulo. O levantamento da entidade \u00e9 baseado em 1.400 confinamentos do Pa\u00eds.<\/p>\n<p>Segundo Andrade, a turbul\u00eancia na pecu\u00e1ria nacional registrada no primeiro semestre deste ano \u2013 Opera\u00e7\u00e3o Carne Fraca, dela\u00e7\u00f5es da JBS, entre outros acontecimentos \u2013 fez com que cerca de 200 mil animais deixassem de serem terminados no cocho neste ano.<\/p>\n<p>A expectativa inicial da associa\u00e7\u00e3o era de um crescimento de 10%, ante 2016, com o impulso do baixo pre\u00e7o do milho, que \u00e9 o principal insumo na atividade. J\u00e1 para 2018, a associa\u00e7\u00e3o ainda n\u00e3o tem um n\u00famero projetado. Andrade afirma, no entanto, que a perspectiva de alta da cota\u00e7\u00e3o do gr\u00e3o, pode elevar os custos da atividade, embora, o valor dos animais de reposi\u00e7\u00e3o deva se manter baixo, \u201cainda interessante\u201d.<\/p>\n<p>Outro fator que tamb\u00e9m pode estimular a atividade no pr\u00f3ximo ano \u00e9 o aumento do consumo dom\u00e9stico de carne bovina que deve ser mais elevado do que no ano anterior, por causa da melhora do cen\u00e1rio macroecon\u00f4mico do Pa\u00eds. Andrade diz, ainda, que as exporta\u00e7\u00f5es de carne bovina devem continuar em alta.<\/p>\n","protected":false},"excerpt":{"rendered":"<p>O levantamento da entidade \u00e9 baseado em 1.400 confinamentos do Pa\u00eds<\/p>\n","protected":false},"author":11,"featured_media":97984851,"comment_status":"closed","ping_status":"closed","sticky":false,"template":"","format":"standard","meta":{"footnotes":""},"categories":[6,1],"tags":[],"class_list":["post-97984850","post","type-post","status-publish","format-standard","has-post-thumbnail","hentry","category-destaque","category-noticia"],"yoast_head":"<!-- This site is optimized with the Yoast SEO plugin v24.8.1 - https:\/\/yoast.com\/wordpress\/plugins\/seo\/ -->\n<title>Assocon: confinamento deve crescer 5% e alcan\u00e7ar 3,2 milh\u00f5es de cabe\u00e7as em 2017 - Acrimat<\/title>\n<meta name=\"robots\" content=\"index, follow, max-snippet:-1, max-image-preview:large, max-video-preview:-1\" \/>\n<link rel=\"canonical\" href=\"https:\/\/acrimat.org.br\/portal\/assocon-confinamento-deve-crescer-5-e-alcancar-32-milhoes-de-cabecas-em-2017\/\" \/>\n<meta property=\"og:locale\" content=\"pt_BR\" \/>\n<meta property=\"og:type\" content=\"article\" \/>\n<meta property=\"og:title\" content=\"Assocon: confinamento deve crescer 5% e alcan\u00e7ar 3,2 milh\u00f5es de cabe\u00e7as em 2017 - Acrimat\" \/>\n<meta property=\"og:description\" content=\"O levantamento da entidade \u00e9 baseado em 1.400 confinamentos do Pa\u00eds\" \/>\n<meta property=\"og:url\" content=\"https:\/\/acrimat.org.br\/portal\/assocon-confinamento-deve-crescer-5-e-alcancar-32-milhoes-de-cabecas-em-2017\/\" \/>\n<meta property=\"og:site_name\" content=\"Acrimat\" \/>\n<meta property=\"article:published_time\" content=\"2017-11-17T11:51:59+00:00\" \/>\n<meta property=\"og:image\" content=\"https:\/\/acrimat.org.br\/portal\/wp-content\/uploads\/2017\/11\/confinamento5.jpg\" \/>\n\t<meta property=\"og:image:width\" content=\"730\" \/>\n\t<meta property=\"og:image:height\" content=\"502\" \/>\n\t<meta property=\"og:image:type\" content=\"image\/jpeg\" \/>\n<meta name=\"author\" content=\"P\u00e9ricles C\u00e2ndido\" \/>\n<meta name=\"twitter:card\" content=\"summary_large_image\" \/>\n<meta name=\"twitter:label1\" content=\"Escrito por\" \/>\n\t<meta name=\"twitter:data1\" content=\"P\u00e9ricles C\u00e2ndido\" \/>\n\t<meta name=\"twitter:label2\" content=\"Est. tempo de leitura\" \/>\n\t<meta name=\"twitter:data2\" content=\"1 minuto\" \/>\n<script type=\"application\/ld+json\" class=\"yoast-schema-graph\">{\"@context\":\"https:\/\/schema.org\",\"@graph\":[{\"@type\":\"Article\",\"@id\":\"https:\/\/acrimat.org.br\/portal\/assocon-confinamento-deve-crescer-5-e-alcancar-32-milhoes-de-cabecas-em-2017\/#article\",\"isPartOf\":{\"@id\":\"https:\/\/acrimat.org.br\/portal\/assocon-confinamento-deve-crescer-5-e-alcancar-32-milhoes-de-cabecas-em-2017\/\"},\"author\":{\"name\":\"P\u00e9ricles C\u00e2ndido\",\"@id\":\"https:\/\/acrimat.org.br\/portal\/#\/schema\/person\/18df8bcf6890e924fe5d8b5afd2bec0f\"},\"headline\":\"Assocon: confinamento deve crescer 5% e alcan\u00e7ar 3,2 milh\u00f5es de cabe\u00e7as em 2017\",\"datePublished\":\"2017-11-17T11:51:59+00:00\",\"mainEntityOfPage\":{\"@id\":\"https:\/\/acrimat.org.br\/portal\/assocon-confinamento-deve-crescer-5-e-alcancar-32-milhoes-de-cabecas-em-2017\/\"},\"wordCount\":262,\"publisher\":{\"@id\":\"https:\/\/acrimat.org.br\/portal\/#organization\"},\"image\":{\"@id\":\"https:\/\/acrimat.org.br\/portal\/assocon-confinamento-deve-crescer-5-e-alcancar-32-milhoes-de-cabecas-em-2017\/#primaryimage\"},\"thumbnailUrl\":\"https:\/\/acrimat.org.br\/portal\/wp-content\/uploads\/2017\/11\/confinamento5.jpg\",\"articleSection\":[\"Destaques\",\"Not\u00edcias\"],\"inLanguage\":\"pt-BR\"},{\"@type\":\"WebPage\",\"@id\":\"https:\/\/acrimat.org.br\/portal\/assocon-confinamento-deve-crescer-5-e-alcancar-32-milhoes-de-cabecas-em-2017\/\",\"url\":\"https:\/\/acrimat.org.br\/portal\/assocon-confinamento-deve-crescer-5-e-alcancar-32-milhoes-de-cabecas-em-2017\/\",\"name\":\"Assocon: confinamento deve crescer 5% e alcan\u00e7ar 3,2 milh\u00f5es de cabe\u00e7as em 2017 - Acrimat\",\"isPartOf\":{\"@id\":\"https:\/\/acrimat.org.br\/portal\/#website\"},\"primaryImageOfPage\":{\"@id\":\"https:\/\/acrimat.org.br\/portal\/assocon-confinamento-deve-crescer-5-e-alcancar-32-milhoes-de-cabecas-em-2017\/#primaryimage\"},\"image\":{\"@id\":\"https:\/\/acrimat.org.br\/portal\/assocon-confinamento-deve-crescer-5-e-alcancar-32-milhoes-de-cabecas-em-2017\/#primaryimage\"},\"thumbnailUrl\":\"https:\/\/acrimat.org.br\/portal\/wp-content\/uploads\/2017\/11\/confinamento5.jpg\",\"datePublished\":\"2017-11-17T11:51:59+00:00\",\"breadcrumb\":{\"@id\":\"https:\/\/acrimat.org.br\/portal\/assocon-confinamento-deve-crescer-5-e-alcancar-32-milhoes-de-cabecas-em-2017\/#breadcrumb\"},\"inLanguage\":\"pt-BR\",\"potentialAction\":[{\"@type\":\"ReadAction\",\"target\":[\"https:\/\/acrimat.org.br\/portal\/assocon-confinamento-deve-crescer-5-e-alcancar-32-milhoes-de-cabecas-em-2017\/\"]}]},{\"@type\":\"ImageObject\",\"inLanguage\":\"pt-BR\",\"@id\":\"https:\/\/acrimat.org.br\/portal\/assocon-confinamento-deve-crescer-5-e-alcancar-32-milhoes-de-cabecas-em-2017\/#primaryimage\",\"url\":\"https:\/\/acrimat.org.br\/portal\/wp-content\/uploads\/2017\/11\/confinamento5.jpg\",\"contentUrl\":\"https:\/\/acrimat.org.br\/portal\/wp-content\/uploads\/2017\/11\/confinamento5.jpg\",\"width\":730,\"height\":502},{\"@type\":\"BreadcrumbList\",\"@id\":\"https:\/\/acrimat.org.br\/portal\/assocon-confinamento-deve-crescer-5-e-alcancar-32-milhoes-de-cabecas-em-2017\/#breadcrumb\",\"itemListElement\":[{\"@type\":\"ListItem\",\"position\":1,\"name\":\"In\u00edcio\",\"item\":\"https:\/\/acrimat.org.br\/portal\/\"},{\"@type\":\"ListItem\",\"position\":2,\"name\":\"Assocon: confinamento deve crescer 5% e alcan\u00e7ar 3,2 milh\u00f5es de cabe\u00e7as em 2017\"}]},{\"@type\":\"WebSite\",\"@id\":\"https:\/\/acrimat.org.br\/portal\/#website\",\"url\":\"https:\/\/acrimat.org.br\/portal\/\",\"name\":\"Acrimat\",\"description\":\"Associa\u00e7\u00e3o dos Criadores de Mato Grosso\",\"publisher\":{\"@id\":\"https:\/\/acrimat.org.br\/portal\/#organization\"},\"potentialAction\":[{\"@type\":\"SearchAction\",\"target\":{\"@type\":\"EntryPoint\",\"urlTemplate\":\"https:\/\/acrimat.org.br\/portal\/?s={search_term_string}\"},\"query-input\":{\"@type\":\"PropertyValueSpecification\",\"valueRequired\":true,\"valueName\":\"search_term_string\"}}],\"inLanguage\":\"pt-BR\"},{\"@type\":\"Organization\",\"@id\":\"https:\/\/acrimat.org.br\/portal\/#organization\",\"name\":\"Associa\u00e7\u00e3o dos Criadores de Mato Grosso\",\"url\":\"https:\/\/acrimat.org.br\/portal\/\",\"logo\":{\"@type\":\"ImageObject\",\"inLanguage\":\"pt-BR\",\"@id\":\"https:\/\/acrimat.org.br\/portal\/#\/schema\/logo\/image\/\",\"url\":\"https:\/\/acrimat.org.br\/portal\/wp-content\/uploads\/2018\/03\/logo-peq-original.png\",\"contentUrl\":\"https:\/\/acrimat.org.br\/portal\/wp-content\/uploads\/2018\/03\/logo-peq-original.png\",\"width\":174,\"height\":171,\"caption\":\"Associa\u00e7\u00e3o dos Criadores de Mato Grosso\"},\"image\":{\"@id\":\"https:\/\/acrimat.org.br\/portal\/#\/schema\/logo\/image\/\"}},{\"@type\":\"Person\",\"@id\":\"https:\/\/acrimat.org.br\/portal\/#\/schema\/person\/18df8bcf6890e924fe5d8b5afd2bec0f\",\"name\":\"P\u00e9ricles C\u00e2ndido\",\"image\":{\"@type\":\"ImageObject\",\"inLanguage\":\"pt-BR\",\"@id\":\"https:\/\/acrimat.org.br\/portal\/#\/schema\/person\/image\/\",\"url\":\"https:\/\/secure.gravatar.com\/avatar\/33e2a2b971dc363ed2df53d0d3bfbd18?s=96&d=mm&r=g\",\"contentUrl\":\"https:\/\/secure.gravatar.com\/avatar\/33e2a2b971dc363ed2df53d0d3bfbd18?s=96&d=mm&r=g\",\"caption\":\"P\u00e9ricles C\u00e2ndido\"},\"sameAs\":[\"ascom@acrimat.org.br\"],\"url\":\"https:\/\/acrimat.org.br\/portal\/author\/designergrafico\/\"}]}<\/script>\n<!-- \/ Yoast SEO plugin. -->","yoast_head_json":{"title":"Assocon: confinamento deve crescer 5% e alcan\u00e7ar 3,2 milh\u00f5es de cabe\u00e7as em 2017 - Acrimat","robots":{"index":"index","follow":"follow","max-snippet":"max-snippet:-1","max-image-preview":"max-image-preview:large","max-video-preview":"max-video-preview:-1"},"canonical":"https:\/\/acrimat.org.br\/portal\/assocon-confinamento-deve-crescer-5-e-alcancar-32-milhoes-de-cabecas-em-2017\/","og_locale":"pt_BR","og_type":"article","og_title":"Assocon: confinamento deve crescer 5% e alcan\u00e7ar 3,2 milh\u00f5es de cabe\u00e7as em 2017 - Acrimat","og_description":"O levantamento da entidade \u00e9 baseado em 1.400 confinamentos do Pa\u00eds","og_url":"https:\/\/acrimat.org.br\/portal\/assocon-confinamento-deve-crescer-5-e-alcancar-32-milhoes-de-cabecas-em-2017\/","og_site_name":"Acrimat","article_published_time":"2017-11-17T11:51:59+00:00","og_image":[{"width":730,"height":502,"url":"https:\/\/acrimat.org.br\/portal\/wp-content\/uploads\/2017\/11\/confinamento5.jpg","type":"image\/jpeg"}],"author":"P\u00e9ricles C\u00e2ndido","twitter_card":"summary_large_image","twitter_misc":{"Escrito por":"P\u00e9ricles C\u00e2ndido","Est. tempo de leitura":"1 minuto"},"schema":{"@context":"https:\/\/schema.org","@graph":[{"@type":"Article","@id":"https:\/\/acrimat.org.br\/portal\/assocon-confinamento-deve-crescer-5-e-alcancar-32-milhoes-de-cabecas-em-2017\/#article","isPartOf":{"@id":"https:\/\/acrimat.org.br\/portal\/assocon-confinamento-deve-crescer-5-e-alcancar-32-milhoes-de-cabecas-em-2017\/"},"author":{"name":"P\u00e9ricles C\u00e2ndido","@id":"https:\/\/acrimat.org.br\/portal\/#\/schema\/person\/18df8bcf6890e924fe5d8b5afd2bec0f"},"headline":"Assocon: confinamento deve crescer 5% e alcan\u00e7ar 3,2 milh\u00f5es de cabe\u00e7as em 2017","datePublished":"2017-11-17T11:51:59+00:00","mainEntityOfPage":{"@id":"https:\/\/acrimat.org.br\/portal\/assocon-confinamento-deve-crescer-5-e-alcancar-32-milhoes-de-cabecas-em-2017\/"},"wordCount":262,"publisher":{"@id":"https:\/\/acrimat.org.br\/portal\/#organization"},"image":{"@id":"https:\/\/acrimat.org.br\/portal\/assocon-confinamento-deve-crescer-5-e-alcancar-32-milhoes-de-cabecas-em-2017\/#primaryimage"},"thumbnailUrl":"https:\/\/acrimat.org.br\/portal\/wp-content\/uploads\/2017\/11\/confinamento5.jpg","articleSection":["Destaques","Not\u00edcias"],"inLanguage":"pt-BR"},{"@type":"WebPage","@id":"https:\/\/acrimat.org.br\/portal\/assocon-confinamento-deve-crescer-5-e-alcancar-32-milhoes-de-cabecas-em-2017\/","url":"https:\/\/acrimat.org.br\/portal\/assocon-confinamento-deve-crescer-5-e-alcancar-32-milhoes-de-cabecas-em-2017\/","name":"Assocon: confinamento deve crescer 5% e alcan\u00e7ar 3,2 milh\u00f5es de cabe\u00e7as em 2017 - Acrimat","isPartOf":{"@id":"https:\/\/acrimat.org.br\/portal\/#website"},"primaryImageOfPage":{"@id":"https:\/\/acrimat.org.br\/portal\/assocon-confinamento-deve-crescer-5-e-alcancar-32-milhoes-de-cabecas-em-2017\/#primaryimage"},"image":{"@id":"https:\/\/acrimat.org.br\/portal\/assocon-confinamento-deve-crescer-5-e-alcancar-32-milhoes-de-cabecas-em-2017\/#primaryimage"},"thumbnailUrl":"https:\/\/acrimat.org.br\/portal\/wp-content\/uploads\/2017\/11\/confinamento5.jpg","datePublished":"2017-11-17T11:51:59+00:00","breadcrumb":{"@id":"https:\/\/acrimat.org.br\/portal\/assocon-confinamento-deve-crescer-5-e-alcancar-32-milhoes-de-cabecas-em-2017\/#breadcrumb"},"inLanguage":"pt-BR","potentialAction":[{"@type":"ReadAction","target":["https:\/\/acrimat.org.br\/portal\/assocon-confinamento-deve-crescer-5-e-alcancar-32-milhoes-de-cabecas-em-2017\/"]}]},{"@type":"ImageObject","inLanguage":"pt-BR","@id":"https:\/\/acrimat.org.br\/portal\/assocon-confinamento-deve-crescer-5-e-alcancar-32-milhoes-de-cabecas-em-2017\/#primaryimage","url":"https:\/\/acrimat.org.br\/portal\/wp-content\/uploads\/2017\/11\/confinamento5.jpg","contentUrl":"https:\/\/acrimat.org.br\/portal\/wp-content\/uploads\/2017\/11\/confinamento5.jpg","width":730,"height":502},{"@type":"BreadcrumbList","@id":"https:\/\/acrimat.org.br\/portal\/assocon-confinamento-deve-crescer-5-e-alcancar-32-milhoes-de-cabecas-em-2017\/#breadcrumb","itemListElement":[{"@type":"ListItem","position":1,"name":"In\u00edcio","item":"https:\/\/acrimat.org.br\/portal\/"},{"@type":"ListItem","position":2,"name":"Assocon: confinamento deve crescer 5% e alcan\u00e7ar 3,2 milh\u00f5es de cabe\u00e7as em 2017"}]},{"@type":"WebSite","@id":"https:\/\/acrimat.org.br\/portal\/#website","url":"https:\/\/acrimat.org.br\/portal\/","name":"Acrimat","description":"Associa\u00e7\u00e3o dos Criadores de Mato Grosso","publisher":{"@id":"https:\/\/acrimat.org.br\/portal\/#organization"},"potentialAction":[{"@type":"SearchAction","target":{"@type":"EntryPoint","urlTemplate":"https:\/\/acrimat.org.br\/portal\/?s={search_term_string}"},"query-input":{"@type":"PropertyValueSpecification","valueRequired":true,"valueName":"search_term_string"}}],"inLanguage":"pt-BR"},{"@type":"Organization","@id":"https:\/\/acrimat.org.br\/portal\/#organization","name":"Associa\u00e7\u00e3o dos Criadores de Mato Grosso","url":"https:\/\/acrimat.org.br\/portal\/","logo":{"@type":"ImageObject","inLanguage":"pt-BR","@id":"https:\/\/acrimat.org.br\/portal\/#\/schema\/logo\/image\/","url":"https:\/\/acrimat.org.br\/portal\/wp-content\/uploads\/2018\/03\/logo-peq-original.png","contentUrl":"https:\/\/acrimat.org.br\/portal\/wp-content\/uploads\/2018\/03\/logo-peq-original.png","width":174,"height":171,"caption":"Associa\u00e7\u00e3o dos Criadores de Mato Grosso"},"image":{"@id":"https:\/\/acrimat.org.br\/portal\/#\/schema\/logo\/image\/"}},{"@type":"Person","@id":"https:\/\/acrimat.org.br\/portal\/#\/schema\/person\/18df8bcf6890e924fe5d8b5afd2bec0f","name":"P\u00e9ricles C\u00e2ndido","image":{"@type":"ImageObject","inLanguage":"pt-BR","@id":"https:\/\/acrimat.org.br\/portal\/#\/schema\/person\/image\/","url":"https:\/\/secure.gravatar.com\/avatar\/33e2a2b971dc363ed2df53d0d3bfbd18?s=96&d=mm&r=g","contentUrl":"https:\/\/secure.gravatar.com\/avatar\/33e2a2b971dc363ed2df53d0d3bfbd18?s=96&d=mm&r=g","caption":"P\u00e9ricles C\u00e2ndido"},"sameAs":["ascom@acrimat.org.br"],"url":"https:\/\/acrimat.org.br\/portal\/author\/designergrafico\/"}]}},"_links":{"self":[{"href":"https:\/\/acrimat.org.br\/portal\/wp-json\/wp\/v2\/posts\/97984850","targetHints":{"allow":["GET"]}}],"collection":[{"href":"https:\/\/acrimat.org.br\/portal\/wp-json\/wp\/v2\/posts"}],"about":[{"href":"https:\/\/acrimat.org.br\/portal\/wp-json\/wp\/v2\/types\/post"}],"author":[{"embeddable":true,"href":"https:\/\/acrimat.org.br\/portal\/wp-json\/wp\/v2\/users\/11"}],"replies":[{"embeddable":true,"href":"https:\/\/acrimat.org.br\/portal\/wp-json\/wp\/v2\/comments?post=97984850"}],"version-history":[{"count":1,"href":"https:\/\/acrimat.org.br\/portal\/wp-json\/wp\/v2\/posts\/97984850\/revisions"}],"predecessor-version":[{"id":97984852,"href":"https:\/\/acrimat.org.br\/portal\/wp-json\/wp\/v2\/posts\/97984850\/revisions\/97984852"}],"wp:featuredmedia":[{"embeddable":true,"href":"https:\/\/acrimat.org.br\/portal\/wp-json\/wp\/v2\/media\/97984851"}],"wp:attachment":[{"href":"https:\/\/acrimat.org.br\/portal\/wp-json\/wp\/v2\/media?parent=97984850"}],"wp:term":[{"taxonomy":"category","embeddable":true,"href":"https:\/\/acrimat.org.br\/portal\/wp-json\/wp\/v2\/categories?post=97984850"},{"taxonomy":"post_tag","embeddable":true,"href":"https:\/\/acrimat.org.br\/portal\/wp-json\/wp\/v2\/tags?post=97984850"}],"curies":[{"name":"wp","href":"https:\/\/api.w.org\/{rel}","templated":true}]}}