{"id":97984853,"date":"2017-11-17T08:53:04","date_gmt":"2017-11-17T11:53:04","guid":{"rendered":"http:\/\/acrimat.org.br\/portal\/?p=97984853"},"modified":"2017-11-17T08:53:04","modified_gmt":"2017-11-17T11:53:04","slug":"sicredi-centro-norte-registra-aumento-de-172-nas-contratacoes","status":"publish","type":"post","link":"https:\/\/acrimat.org.br\/portal\/sicredi-centro-norte-registra-aumento-de-172-nas-contratacoes\/","title":{"rendered":"Sicredi Centro Norte registra aumento de 17,2% nas contrata\u00e7\u00f5es"},"content":{"rendered":"<p>Nos primeiros tr\u00eas meses do Plano Safra 2017\/2018 foram liberados R$ 754,121 milh\u00f5es para custeio, investimento e comercializa\u00e7\u00e3o nos estados de Mato Grosso, Par\u00e1, Rond\u00f4nia e Acre<\/p>\n<p>As contrata\u00e7\u00f5es de cr\u00e9dito rural no Sicredi Centro Norte cresceram 17,2% nos tr\u00eas primeiros meses do Plano Safra 2017\/2018 (julho a setembro), em rela\u00e7\u00e3o ao mesmo per\u00edodo da safra 2016\/2017. Este ano, as contrata\u00e7\u00f5es atingem R$ 754,121 milh\u00f5es, para custeio, investimento e comercializa\u00e7\u00e3o, contra R$ 643,046 milh\u00f5es no ano passado, um acr\u00e9scimo de R$ 111,075 milh\u00f5es. O n\u00famero de contratos teve leve aumento, de 1%, passando de 3.314 para 3.342 de um ano para outro.<\/p>\n<p>O montante emprestado no 1\u00ba trimestre do ano-safra equivale a 32% do or\u00e7amento dispon\u00edvel para o cr\u00e9dito rural na regi\u00e3o Centro Norte, que abrange os estados de Mato Grosso, Par\u00e1, Rond\u00f4nia e Acre, de R$ 2,363 bilh\u00f5es neste Plano Safra. Estratificando os dados, o maior volume de recursos emprestados at\u00e9 agora foi direcionado ao custeio das lavouras, somando R$ 595,626 milh\u00f5es nesta safra, o que representa 79% do total liberado no per\u00edodo. O valor contratado de julho a setembro deste ano est\u00e1 10,6% maior que o registrado no ciclo passado, que neste mesmo per\u00edodo havia liberado R$ 538,115 milh\u00f5es para esta finalidade.<\/p>\n<p>De acordo com dados do Sicredi na regi\u00e3o Centro Norte, os recursos contratados para investimento somaram R$ 145,699 milh\u00f5es, avan\u00e7o de 43% sobre os R$ 101,935 milh\u00f5es na safra passada. Para a comercializa\u00e7\u00e3o, a evolu\u00e7\u00e3o \u00e9 mais significativa, com aumento de 327%, passando de R$ 2,995 milh\u00f5es na temporada 2016\/2017 para R$ 12,795 milh\u00f5es na atual.<\/p>\n<p>Os n\u00fameros registrados nos tr\u00eas primeiros meses do Plano Safra s\u00e3o avaliados positivamente pelo presidente do Sicredi Centro Norte, Jo\u00e3o Spenthof. \u201cRepresenta o tamanho do comprometimento que a institui\u00e7\u00e3o financeira cooperativa tem com a agricultura. Somos parceiros dos produtores rurais, independentemente do porte, sejam eles da agricultura familiar, pequenos, m\u00e9dios ou grandes produtores. O Sicredi apoia a agropecu\u00e1ria na nossa regi\u00e3o e no pa\u00eds\u201d.<\/p>\n<p>Spenthof ressalta que no Sicredi, os produtores rurais recebem atendimento que vai al\u00e9m da concess\u00e3o do cr\u00e9dito. \u201cNossos associados s\u00e3o orientados. Temos consultores que avaliam junto com eles as suas reais necessidades, para que a contrata\u00e7\u00e3o tenha o \u00eaxito esperado e gere renda, contribuindo desta forma com o desenvolvimento do nosso associado e da regi\u00e3o onde ele atua\u201d, frisa o presidente.<\/p>\n<p>Contrata\u00e7\u00f5es por porte<\/p>\n<p>A agricultura empresarial ficou com a maior fatia das contrata\u00e7\u00f5es de cr\u00e9dito rural no 1\u00ba trimestre do Plano Safra, ao somar R$ 704,969 milh\u00f5es, do total de R$ 754,121 milh\u00f5es. Na compara\u00e7\u00e3o com o mesmo per\u00edodo da safra passada, quando foram liberados R$ 598,429 milh\u00f5es, o avan\u00e7o \u00e9 de 17,8%. Quem est\u00e1 na lista de produtores que acessaram cr\u00e9dito rural via Sicredi nesta safra \u00e9 Jo\u00e3o Liberali, 51. Ele \u00e9 a quarta gera\u00e7\u00e3o de uma fam\u00edlia de produtores rurais e cultiva soja e milho em Paragominas, no Par\u00e1. Desde 2009, quando se associou ao Sicredi, contrata cr\u00e9dito para custear a lavoura de 1.600 hectares. Este ano contratou R$ 500 mil para compra de sementes, fertilizantes, pagamento de funcion\u00e1rios e outros custos do in\u00edcio da safra. No ano passado, contratou cr\u00e9dito para investimento, com o qual comprou dois tratores para ajudar no cultivo dos gr\u00e3os.<\/p>\n<p>Diferentemente de Mato Grosso, onde o plantio da soja inicia logo ap\u00f3s o vazio sanit\u00e1rio, em 15 de setembro, no Par\u00e1, a semeadura come\u00e7a no fim do ano. \u201cContratei o cr\u00e9dito para custeio e agora est\u00e1 tudo pronto. A terra est\u00e1 preparada. S\u00f3 estou aguardando as primeiras chuvas para iniciar o plantio\u201d, afirma ao contar que no ano passado cada hectare plantado rendeu 60 sacas (de 60 kg cada).<\/p>\n<p>J\u00e1 o pecuarista Olavo Francelino de Rezende, 48, mora em Acrel\u00e2ndia, no Acre. Na cidade, o Sicredi inaugurou uma ag\u00eancia em maio deste ano e Olavo foi logo se associar. Paulista de nascimento est\u00e1 no Acre h\u00e1 14 anos, onde foi investir na pecu\u00e1ria. \u201cCompro e vendo gado, al\u00e9m de fazer cria e recria. Este ano contratei recursos junto ao Sicredi para investir na aquisi\u00e7\u00e3o de novos animais. Ao todo ser\u00e3o compradas 297 cabe\u00e7as e metade deste n\u00famero j\u00e1 foi adquirida\u201d.<\/p>\n<p>Segundo Rezende, a pecu\u00e1ria \u00e9 desenvolvida em 330 hectares da propriedade e outros 15 hectares s\u00e3o destinados \u00e0s lavouras de milho e banana. Ao analisar o ano, o pecuarista afirma que 2017 foi at\u00edpico, com eventos que afetaram diretamente a pecu\u00e1ria e a cota\u00e7\u00e3o do boi. \u201cMas, n\u00e3o podemos desanimar. Fazemos a nossa parte e investimos na atividade. Trabalhamos para que ela se desenvolva e nos d\u00ea retorno\u201d.<\/p>\n<p>A import\u00e2ncia de ter orienta\u00e7\u00e3o para a atividade \u00e9 lembrada pelo produtor rural em S\u00e3o Miguel do Guapor\u00e9 (RO), Ferdinando Pagnocello, que destaca o cooperativismo de cr\u00e9dito e a parceria com o Sicredi para o crescimento dos neg\u00f3cios. \u201cMeu pai j\u00e1 era associado no Paran\u00e1 e quando viemos para Rond\u00f4nia, h\u00e1 cinco anos, nos associamos e passamos a ter todo apoio e orienta\u00e7\u00e3o para melhor desenvolver a agricultura. O Estado tem um grande potencial, com terras boas e planas, prop\u00edcias para a atividade agr\u00edcola\u201d, ressalta ao comentar que sendo associado do Sicredi tem mais chance de sucesso \u201cporque a institui\u00e7\u00e3o financeira cooperativa est\u00e1 sempre do lado do produtor rural, com atendimento exclusivo e orienta\u00e7\u00f5es preciosas\u201d.<\/p>\n<p>A agricultura familiar tamb\u00e9m tem um papel importante no desenvolvimento do setor agropecu\u00e1rio. Na regi\u00e3o Centro Norte, do total liberado pelo Sicredi, de R$ 754,121 milh\u00f5es, os agricultores familiares contrataram R$ 49,152 milh\u00f5es este ano, incremento de 10,1% sobre os R$ 44,617 milh\u00f5es do mesmo per\u00edodo da safra passada. Os pequenos produtores acessaram mais recursos para custeio, com R$ 38,828 milh\u00f5es, alta de 15,3% sobre os R$ 33,664 milh\u00f5es registrados em 2016. Para o investimento foram liberados R$ 10,323 milh\u00f5es este ano.<\/p>\n<p>Representando este p\u00fablico, Alecio Cesar Peleti produz soja e milho h\u00e1 25 anos em Santa Rita do Trivelato, em Mato Grosso, em uma \u00e1rea de 80 hectares. Est\u00e1 aguardando a an\u00e1lise de uma nova proposta para financiar a corre\u00e7\u00e3o do solo.\u00a0 \u201cAno passado contratei custeio. A safra foi boa, as vendas tamb\u00e9m. Consegui reservar uma parte da renda para comprar um ve\u00edculo\u201d, conta orgulhoso ao adiantar que este ano trabalha para que as contas se fechem no azul novamente e sobre dinheiro para novos investimentos na propriedade.<\/p>\n<p>Outro exemplo \u00e9 o pecuarista Vilson Carlos Pereira, de Ju\u00edna, tamb\u00e9m em Mato Grosso, que contratou recursos do Pronaf Mais Alimentos via Sicredi. Ele destaca os juros mais baixos desta opera\u00e7\u00e3o como atrativos. \u201cA burocracia nesta linha de cr\u00e9dito tamb\u00e9m \u00e9 menor, o que \u00e9 importante para n\u00f3s pecuaristas. Com esse apoio no cr\u00e9dito, temos mais chance de ter renda na atividade\u201d.<\/p>\n","protected":false},"excerpt":{"rendered":"<p>Nos primeiros tr\u00eas meses do Plano Safra 2017\/2018 foram liberados R$ 754,121 milh\u00f5es para custeio, investimento e comercializa\u00e7\u00e3o nos estados de Mato Grosso, Par\u00e1, Rond\u00f4nia e Acre<\/p>\n","protected":false},"author":11,"featured_media":97984854,"comment_status":"closed","ping_status":"closed","sticky":false,"template":"","format":"standard","meta":{"footnotes":""},"categories":[6,1],"tags":[],"class_list":["post-97984853","post","type-post","status-publish","format-standard","has-post-thumbnail","hentry","category-destaque","category-noticia"],"yoast_head":"<!-- This site is optimized with the Yoast SEO plugin v24.8.1 - https:\/\/yoast.com\/wordpress\/plugins\/seo\/ -->\n<title>Sicredi Centro Norte registra aumento de 17,2% nas contrata\u00e7\u00f5es - Acrimat<\/title>\n<meta name=\"robots\" content=\"index, follow, max-snippet:-1, max-image-preview:large, max-video-preview:-1\" \/>\n<link rel=\"canonical\" href=\"https:\/\/acrimat.org.br\/portal\/sicredi-centro-norte-registra-aumento-de-172-nas-contratacoes\/\" \/>\n<meta property=\"og:locale\" content=\"pt_BR\" \/>\n<meta property=\"og:type\" content=\"article\" \/>\n<meta property=\"og:title\" content=\"Sicredi Centro Norte registra aumento de 17,2% nas contrata\u00e7\u00f5es - Acrimat\" \/>\n<meta property=\"og:description\" content=\"Nos primeiros tr\u00eas meses do Plano Safra 2017\/2018 foram liberados R$ 754,121 milh\u00f5es para custeio, investimento e comercializa\u00e7\u00e3o nos estados de Mato Grosso, Par\u00e1, Rond\u00f4nia e Acre\" \/>\n<meta property=\"og:url\" content=\"https:\/\/acrimat.org.br\/portal\/sicredi-centro-norte-registra-aumento-de-172-nas-contratacoes\/\" \/>\n<meta property=\"og:site_name\" content=\"Acrimat\" \/>\n<meta property=\"article:published_time\" content=\"2017-11-17T11:53:04+00:00\" \/>\n<meta property=\"og:image\" content=\"https:\/\/acrimat.org.br\/portal\/wp-content\/uploads\/2017\/11\/897-pastagem.jpg\" \/>\n\t<meta property=\"og:image:width\" content=\"640\" \/>\n\t<meta property=\"og:image:height\" content=\"480\" \/>\n\t<meta property=\"og:image:type\" content=\"image\/jpeg\" \/>\n<meta name=\"author\" content=\"P\u00e9ricles C\u00e2ndido\" \/>\n<meta name=\"twitter:card\" content=\"summary_large_image\" \/>\n<meta name=\"twitter:label1\" content=\"Escrito por\" \/>\n\t<meta name=\"twitter:data1\" content=\"P\u00e9ricles C\u00e2ndido\" \/>\n\t<meta name=\"twitter:label2\" content=\"Est. tempo de leitura\" \/>\n\t<meta name=\"twitter:data2\" content=\"6 minutos\" \/>\n<script type=\"application\/ld+json\" class=\"yoast-schema-graph\">{\"@context\":\"https:\/\/schema.org\",\"@graph\":[{\"@type\":\"Article\",\"@id\":\"https:\/\/acrimat.org.br\/portal\/sicredi-centro-norte-registra-aumento-de-172-nas-contratacoes\/#article\",\"isPartOf\":{\"@id\":\"https:\/\/acrimat.org.br\/portal\/sicredi-centro-norte-registra-aumento-de-172-nas-contratacoes\/\"},\"author\":{\"name\":\"P\u00e9ricles C\u00e2ndido\",\"@id\":\"https:\/\/acrimat.org.br\/portal\/#\/schema\/person\/18df8bcf6890e924fe5d8b5afd2bec0f\"},\"headline\":\"Sicredi Centro Norte registra aumento de 17,2% nas contrata\u00e7\u00f5es\",\"datePublished\":\"2017-11-17T11:53:04+00:00\",\"mainEntityOfPage\":{\"@id\":\"https:\/\/acrimat.org.br\/portal\/sicredi-centro-norte-registra-aumento-de-172-nas-contratacoes\/\"},\"wordCount\":1160,\"publisher\":{\"@id\":\"https:\/\/acrimat.org.br\/portal\/#organization\"},\"image\":{\"@id\":\"https:\/\/acrimat.org.br\/portal\/sicredi-centro-norte-registra-aumento-de-172-nas-contratacoes\/#primaryimage\"},\"thumbnailUrl\":\"https:\/\/acrimat.org.br\/portal\/wp-content\/uploads\/2017\/11\/897-pastagem.jpg\",\"articleSection\":[\"Destaques\",\"Not\u00edcias\"],\"inLanguage\":\"pt-BR\"},{\"@type\":\"WebPage\",\"@id\":\"https:\/\/acrimat.org.br\/portal\/sicredi-centro-norte-registra-aumento-de-172-nas-contratacoes\/\",\"url\":\"https:\/\/acrimat.org.br\/portal\/sicredi-centro-norte-registra-aumento-de-172-nas-contratacoes\/\",\"name\":\"Sicredi Centro Norte registra aumento de 17,2% nas contrata\u00e7\u00f5es - Acrimat\",\"isPartOf\":{\"@id\":\"https:\/\/acrimat.org.br\/portal\/#website\"},\"primaryImageOfPage\":{\"@id\":\"https:\/\/acrimat.org.br\/portal\/sicredi-centro-norte-registra-aumento-de-172-nas-contratacoes\/#primaryimage\"},\"image\":{\"@id\":\"https:\/\/acrimat.org.br\/portal\/sicredi-centro-norte-registra-aumento-de-172-nas-contratacoes\/#primaryimage\"},\"thumbnailUrl\":\"https:\/\/acrimat.org.br\/portal\/wp-content\/uploads\/2017\/11\/897-pastagem.jpg\",\"datePublished\":\"2017-11-17T11:53:04+00:00\",\"breadcrumb\":{\"@id\":\"https:\/\/acrimat.org.br\/portal\/sicredi-centro-norte-registra-aumento-de-172-nas-contratacoes\/#breadcrumb\"},\"inLanguage\":\"pt-BR\",\"potentialAction\":[{\"@type\":\"ReadAction\",\"target\":[\"https:\/\/acrimat.org.br\/portal\/sicredi-centro-norte-registra-aumento-de-172-nas-contratacoes\/\"]}]},{\"@type\":\"ImageObject\",\"inLanguage\":\"pt-BR\",\"@id\":\"https:\/\/acrimat.org.br\/portal\/sicredi-centro-norte-registra-aumento-de-172-nas-contratacoes\/#primaryimage\",\"url\":\"https:\/\/acrimat.org.br\/portal\/wp-content\/uploads\/2017\/11\/897-pastagem.jpg\",\"contentUrl\":\"https:\/\/acrimat.org.br\/portal\/wp-content\/uploads\/2017\/11\/897-pastagem.jpg\",\"width\":640,\"height\":480},{\"@type\":\"BreadcrumbList\",\"@id\":\"https:\/\/acrimat.org.br\/portal\/sicredi-centro-norte-registra-aumento-de-172-nas-contratacoes\/#breadcrumb\",\"itemListElement\":[{\"@type\":\"ListItem\",\"position\":1,\"name\":\"In\u00edcio\",\"item\":\"https:\/\/acrimat.org.br\/portal\/\"},{\"@type\":\"ListItem\",\"position\":2,\"name\":\"Sicredi Centro Norte registra aumento de 17,2% nas contrata\u00e7\u00f5es\"}]},{\"@type\":\"WebSite\",\"@id\":\"https:\/\/acrimat.org.br\/portal\/#website\",\"url\":\"https:\/\/acrimat.org.br\/portal\/\",\"name\":\"Acrimat\",\"description\":\"Associa\u00e7\u00e3o dos Criadores de Mato Grosso\",\"publisher\":{\"@id\":\"https:\/\/acrimat.org.br\/portal\/#organization\"},\"potentialAction\":[{\"@type\":\"SearchAction\",\"target\":{\"@type\":\"EntryPoint\",\"urlTemplate\":\"https:\/\/acrimat.org.br\/portal\/?s={search_term_string}\"},\"query-input\":{\"@type\":\"PropertyValueSpecification\",\"valueRequired\":true,\"valueName\":\"search_term_string\"}}],\"inLanguage\":\"pt-BR\"},{\"@type\":\"Organization\",\"@id\":\"https:\/\/acrimat.org.br\/portal\/#organization\",\"name\":\"Associa\u00e7\u00e3o dos Criadores de Mato Grosso\",\"url\":\"https:\/\/acrimat.org.br\/portal\/\",\"logo\":{\"@type\":\"ImageObject\",\"inLanguage\":\"pt-BR\",\"@id\":\"https:\/\/acrimat.org.br\/portal\/#\/schema\/logo\/image\/\",\"url\":\"https:\/\/acrimat.org.br\/portal\/wp-content\/uploads\/2018\/03\/logo-peq-original.png\",\"contentUrl\":\"https:\/\/acrimat.org.br\/portal\/wp-content\/uploads\/2018\/03\/logo-peq-original.png\",\"width\":174,\"height\":171,\"caption\":\"Associa\u00e7\u00e3o dos Criadores de Mato Grosso\"},\"image\":{\"@id\":\"https:\/\/acrimat.org.br\/portal\/#\/schema\/logo\/image\/\"}},{\"@type\":\"Person\",\"@id\":\"https:\/\/acrimat.org.br\/portal\/#\/schema\/person\/18df8bcf6890e924fe5d8b5afd2bec0f\",\"name\":\"P\u00e9ricles C\u00e2ndido\",\"image\":{\"@type\":\"ImageObject\",\"inLanguage\":\"pt-BR\",\"@id\":\"https:\/\/acrimat.org.br\/portal\/#\/schema\/person\/image\/\",\"url\":\"https:\/\/secure.gravatar.com\/avatar\/33e2a2b971dc363ed2df53d0d3bfbd18?s=96&d=mm&r=g\",\"contentUrl\":\"https:\/\/secure.gravatar.com\/avatar\/33e2a2b971dc363ed2df53d0d3bfbd18?s=96&d=mm&r=g\",\"caption\":\"P\u00e9ricles C\u00e2ndido\"},\"sameAs\":[\"ascom@acrimat.org.br\"],\"url\":\"https:\/\/acrimat.org.br\/portal\/author\/designergrafico\/\"}]}<\/script>\n<!-- \/ Yoast SEO plugin. -->","yoast_head_json":{"title":"Sicredi Centro Norte registra aumento de 17,2% nas contrata\u00e7\u00f5es - Acrimat","robots":{"index":"index","follow":"follow","max-snippet":"max-snippet:-1","max-image-preview":"max-image-preview:large","max-video-preview":"max-video-preview:-1"},"canonical":"https:\/\/acrimat.org.br\/portal\/sicredi-centro-norte-registra-aumento-de-172-nas-contratacoes\/","og_locale":"pt_BR","og_type":"article","og_title":"Sicredi Centro Norte registra aumento de 17,2% nas contrata\u00e7\u00f5es - Acrimat","og_description":"Nos primeiros tr\u00eas meses do Plano Safra 2017\/2018 foram liberados R$ 754,121 milh\u00f5es para custeio, investimento e comercializa\u00e7\u00e3o nos estados de Mato Grosso, Par\u00e1, Rond\u00f4nia e Acre","og_url":"https:\/\/acrimat.org.br\/portal\/sicredi-centro-norte-registra-aumento-de-172-nas-contratacoes\/","og_site_name":"Acrimat","article_published_time":"2017-11-17T11:53:04+00:00","og_image":[{"width":640,"height":480,"url":"https:\/\/acrimat.org.br\/portal\/wp-content\/uploads\/2017\/11\/897-pastagem.jpg","type":"image\/jpeg"}],"author":"P\u00e9ricles C\u00e2ndido","twitter_card":"summary_large_image","twitter_misc":{"Escrito por":"P\u00e9ricles C\u00e2ndido","Est. tempo de leitura":"6 minutos"},"schema":{"@context":"https:\/\/schema.org","@graph":[{"@type":"Article","@id":"https:\/\/acrimat.org.br\/portal\/sicredi-centro-norte-registra-aumento-de-172-nas-contratacoes\/#article","isPartOf":{"@id":"https:\/\/acrimat.org.br\/portal\/sicredi-centro-norte-registra-aumento-de-172-nas-contratacoes\/"},"author":{"name":"P\u00e9ricles C\u00e2ndido","@id":"https:\/\/acrimat.org.br\/portal\/#\/schema\/person\/18df8bcf6890e924fe5d8b5afd2bec0f"},"headline":"Sicredi Centro Norte registra aumento de 17,2% nas contrata\u00e7\u00f5es","datePublished":"2017-11-17T11:53:04+00:00","mainEntityOfPage":{"@id":"https:\/\/acrimat.org.br\/portal\/sicredi-centro-norte-registra-aumento-de-172-nas-contratacoes\/"},"wordCount":1160,"publisher":{"@id":"https:\/\/acrimat.org.br\/portal\/#organization"},"image":{"@id":"https:\/\/acrimat.org.br\/portal\/sicredi-centro-norte-registra-aumento-de-172-nas-contratacoes\/#primaryimage"},"thumbnailUrl":"https:\/\/acrimat.org.br\/portal\/wp-content\/uploads\/2017\/11\/897-pastagem.jpg","articleSection":["Destaques","Not\u00edcias"],"inLanguage":"pt-BR"},{"@type":"WebPage","@id":"https:\/\/acrimat.org.br\/portal\/sicredi-centro-norte-registra-aumento-de-172-nas-contratacoes\/","url":"https:\/\/acrimat.org.br\/portal\/sicredi-centro-norte-registra-aumento-de-172-nas-contratacoes\/","name":"Sicredi Centro Norte registra aumento de 17,2% nas contrata\u00e7\u00f5es - Acrimat","isPartOf":{"@id":"https:\/\/acrimat.org.br\/portal\/#website"},"primaryImageOfPage":{"@id":"https:\/\/acrimat.org.br\/portal\/sicredi-centro-norte-registra-aumento-de-172-nas-contratacoes\/#primaryimage"},"image":{"@id":"https:\/\/acrimat.org.br\/portal\/sicredi-centro-norte-registra-aumento-de-172-nas-contratacoes\/#primaryimage"},"thumbnailUrl":"https:\/\/acrimat.org.br\/portal\/wp-content\/uploads\/2017\/11\/897-pastagem.jpg","datePublished":"2017-11-17T11:53:04+00:00","breadcrumb":{"@id":"https:\/\/acrimat.org.br\/portal\/sicredi-centro-norte-registra-aumento-de-172-nas-contratacoes\/#breadcrumb"},"inLanguage":"pt-BR","potentialAction":[{"@type":"ReadAction","target":["https:\/\/acrimat.org.br\/portal\/sicredi-centro-norte-registra-aumento-de-172-nas-contratacoes\/"]}]},{"@type":"ImageObject","inLanguage":"pt-BR","@id":"https:\/\/acrimat.org.br\/portal\/sicredi-centro-norte-registra-aumento-de-172-nas-contratacoes\/#primaryimage","url":"https:\/\/acrimat.org.br\/portal\/wp-content\/uploads\/2017\/11\/897-pastagem.jpg","contentUrl":"https:\/\/acrimat.org.br\/portal\/wp-content\/uploads\/2017\/11\/897-pastagem.jpg","width":640,"height":480},{"@type":"BreadcrumbList","@id":"https:\/\/acrimat.org.br\/portal\/sicredi-centro-norte-registra-aumento-de-172-nas-contratacoes\/#breadcrumb","itemListElement":[{"@type":"ListItem","position":1,"name":"In\u00edcio","item":"https:\/\/acrimat.org.br\/portal\/"},{"@type":"ListItem","position":2,"name":"Sicredi Centro Norte registra aumento de 17,2% nas contrata\u00e7\u00f5es"}]},{"@type":"WebSite","@id":"https:\/\/acrimat.org.br\/portal\/#website","url":"https:\/\/acrimat.org.br\/portal\/","name":"Acrimat","description":"Associa\u00e7\u00e3o dos Criadores de Mato Grosso","publisher":{"@id":"https:\/\/acrimat.org.br\/portal\/#organization"},"potentialAction":[{"@type":"SearchAction","target":{"@type":"EntryPoint","urlTemplate":"https:\/\/acrimat.org.br\/portal\/?s={search_term_string}"},"query-input":{"@type":"PropertyValueSpecification","valueRequired":true,"valueName":"search_term_string"}}],"inLanguage":"pt-BR"},{"@type":"Organization","@id":"https:\/\/acrimat.org.br\/portal\/#organization","name":"Associa\u00e7\u00e3o dos Criadores de Mato Grosso","url":"https:\/\/acrimat.org.br\/portal\/","logo":{"@type":"ImageObject","inLanguage":"pt-BR","@id":"https:\/\/acrimat.org.br\/portal\/#\/schema\/logo\/image\/","url":"https:\/\/acrimat.org.br\/portal\/wp-content\/uploads\/2018\/03\/logo-peq-original.png","contentUrl":"https:\/\/acrimat.org.br\/portal\/wp-content\/uploads\/2018\/03\/logo-peq-original.png","width":174,"height":171,"caption":"Associa\u00e7\u00e3o dos Criadores de Mato Grosso"},"image":{"@id":"https:\/\/acrimat.org.br\/portal\/#\/schema\/logo\/image\/"}},{"@type":"Person","@id":"https:\/\/acrimat.org.br\/portal\/#\/schema\/person\/18df8bcf6890e924fe5d8b5afd2bec0f","name":"P\u00e9ricles C\u00e2ndido","image":{"@type":"ImageObject","inLanguage":"pt-BR","@id":"https:\/\/acrimat.org.br\/portal\/#\/schema\/person\/image\/","url":"https:\/\/secure.gravatar.com\/avatar\/33e2a2b971dc363ed2df53d0d3bfbd18?s=96&d=mm&r=g","contentUrl":"https:\/\/secure.gravatar.com\/avatar\/33e2a2b971dc363ed2df53d0d3bfbd18?s=96&d=mm&r=g","caption":"P\u00e9ricles C\u00e2ndido"},"sameAs":["ascom@acrimat.org.br"],"url":"https:\/\/acrimat.org.br\/portal\/author\/designergrafico\/"}]}},"_links":{"self":[{"href":"https:\/\/acrimat.org.br\/portal\/wp-json\/wp\/v2\/posts\/97984853","targetHints":{"allow":["GET"]}}],"collection":[{"href":"https:\/\/acrimat.org.br\/portal\/wp-json\/wp\/v2\/posts"}],"about":[{"href":"https:\/\/acrimat.org.br\/portal\/wp-json\/wp\/v2\/types\/post"}],"author":[{"embeddable":true,"href":"https:\/\/acrimat.org.br\/portal\/wp-json\/wp\/v2\/users\/11"}],"replies":[{"embeddable":true,"href":"https:\/\/acrimat.org.br\/portal\/wp-json\/wp\/v2\/comments?post=97984853"}],"version-history":[{"count":1,"href":"https:\/\/acrimat.org.br\/portal\/wp-json\/wp\/v2\/posts\/97984853\/revisions"}],"predecessor-version":[{"id":97984855,"href":"https:\/\/acrimat.org.br\/portal\/wp-json\/wp\/v2\/posts\/97984853\/revisions\/97984855"}],"wp:featuredmedia":[{"embeddable":true,"href":"https:\/\/acrimat.org.br\/portal\/wp-json\/wp\/v2\/media\/97984854"}],"wp:attachment":[{"href":"https:\/\/acrimat.org.br\/portal\/wp-json\/wp\/v2\/media?parent=97984853"}],"wp:term":[{"taxonomy":"category","embeddable":true,"href":"https:\/\/acrimat.org.br\/portal\/wp-json\/wp\/v2\/categories?post=97984853"},{"taxonomy":"post_tag","embeddable":true,"href":"https:\/\/acrimat.org.br\/portal\/wp-json\/wp\/v2\/tags?post=97984853"}],"curies":[{"name":"wp","href":"https:\/\/api.w.org\/{rel}","templated":true}]}}