{"id":97984864,"date":"2017-11-17T09:02:10","date_gmt":"2017-11-17T12:02:10","guid":{"rendered":"http:\/\/acrimat.org.br\/portal\/?p=97984864"},"modified":"2017-11-17T09:03:00","modified_gmt":"2017-11-17T12:03:00","slug":"produzir-carne-sustentavel-e-um-caminho-sem-volta-afirma-pesquisador-em-evento-de-10-anos-do-gtps","status":"publish","type":"post","link":"https:\/\/acrimat.org.br\/portal\/produzir-carne-sustentavel-e-um-caminho-sem-volta-afirma-pesquisador-em-evento-de-10-anos-do-gtps\/","title":{"rendered":"Produzir carne sustent\u00e1vel \u00e9 um caminho sem volta, afirma pesquisador"},"content":{"rendered":"<p>O futuro da pecu\u00e1ria brasileira, os impactos da crise vivenciada pelo setor no in\u00edcio deste ano e organiza\u00e7\u00e3o da cadeia de valor, foram temas discutidos no painel \u201cDesafios da pecu\u00e1ria brasileira e desenvolvimento sustent\u00e1vel\u201d, durante evento em comemora\u00e7\u00e3o aos 10 anos do GTPS (Grupo de Trabalho da Pecu\u00e1ria Sustent\u00e1vel). O evento ocorre na etapa paulista da Intercorte 2017.<\/p>\n<p>Participaram da mesa redonda o pesquisador do Centro de Pesquisas Econ\u00f4micas da Escola Superior de Agricultura Luiz de Queiroz (Cepea\/Esalq), S\u00e9rgio De Zen, Luis Cornacchioni, da Associa\u00e7\u00e3o Brasileira do Agroneg\u00f3cio (ABAG), Cleber Soares, da Embrapa e Coriolano Xavier, do N\u00facleo de Estudos do Agroneg\u00f3cio da Escola Superior de Propaganda e Marketing.<\/p>\n<p>Durante o debate, os palestrantes discutiram os impactos da crise vivenciada pela pecu\u00e1ria no in\u00edcio neste ano, em especial a imagem da carne brasileira no mercado internacional e a import\u00e2ncia do relacionamento entre os elos da cadeia. &#8220;O setor vem em um processo de amadurecimento e consist\u00eancia nos \u00faltimos 20 anos e que precisa ser separado dos problemas deste ano&#8221;, lembrou o pesquisador S\u00e9rgio De Zen.<\/p>\n<p>Segundo ele, o futuro da pecu\u00e1ria brasileira \u00e9 promissor e o envolvimento da sustentabilidade \u00e9 um caminho sem volta. &#8220;A pecu\u00e1ria \u00e9 um projeto de investimento. Nos \u00faltimos anos, por exemplo, o incremento da produtividade e o encurtamento no tempo de abate comprovam os avan\u00e7os da cadeia de valor&#8221;, diz.<\/p>\n<p>Desde 2000, a produ\u00e7\u00e3o pecu\u00e1ria apresentou decr\u00e9scimo de 12 a 15% na utiliza\u00e7\u00e3o de \u00e1rea de pastagem, enquanto o incremento de produtividade chegou a 230%. &#8220;Isso refor\u00e7a a import\u00e2ncia da ado\u00e7\u00e3o de tecnologia na pecu\u00e1ria, que tamb\u00e9m fortalece as discuss\u00f5es sobre sustentabilidade na cadeia de valor&#8221;, destacou Cleber Soares.<\/p>\n<p>Para ele, atualmente, o principal gargalo do setor ainda \u00e9 a organiza\u00e7\u00e3o da cadeia na busca pelo desenvolvimento sustent\u00e1vel, tornando &#8220;o GTPS \u00e9 um instrumento fundamental nesse processo&#8221;.<\/p>\n<p>O Grupo de Trabalho surgiu em 2007 como a primeira mesa redonda criada para discutir a produ\u00e7\u00e3o de carne sustent\u00e1vel. O GTPS re\u00fane representantes de todos os elos da cadeia de valor da pecu\u00e1ria bovina no Brasil. Est\u00e3o representados o setor produtivo, as ind\u00fastrias frigor\u00edficas, empresas de insumos e servi\u00e7os, institui\u00e7\u00f5es financeiras, varejos e entidades da sociedade civil.<\/p>\n<p>Esse tipo de organiza\u00e7\u00e3o \u00e9 fundamental para que todos os setores tenham conhecimento e possam ponderar sobre as melhores medidas adequadas para o avan\u00e7o da pecu\u00e1ria sustent\u00e1vel. &#8220;Precisamos vender melhor nosso produto, temos um dos C\u00f3digos Florestais mais modernos e produtores engajados em produzir com responsabilidade&#8221;, ressalta Luis Cornacchioni, da Abag.<\/p>\n<p>A hist\u00f3ria de 10 anos do GTPS comprova que &#8220;conseguimos produzir e avan\u00e7ar com a pecu\u00e1ria de forma consciente&#8221;, refor\u00e7ou o presidente da Associa\u00e7\u00e3o, Ruy Fachini Filho.<\/p>\n<p>O evento \u201cGTPS 10 Anos\u201d \u00e9 uma realiza\u00e7\u00e3o do GTPS com patroc\u00ednio do WWF Brasil, Santander, AgroTools, Serasa Experian, Elanco, Sindicato Rural de Campo Grande (MS), Federa\u00e7\u00e3o de Agricultura do Mato Grosso do Sul (FAMASUL), Arcos Dorados, Norvida, Acrimat, Wessel e Novilho Precoce.<\/p>\n<p><strong>Sobre o GTPS<\/strong><\/p>\n<p>Em formato de Mesa Redonda, o Grupo de Trabalho da Pecu\u00e1ria Sustent\u00e1vel (GTPS) \u00e9 a primeira associa\u00e7\u00e3o mundial sobre pr\u00e1ticas sustent\u00e1veis na cadeia da carne bovina e refer\u00eancia para pa\u00edses como Argentina, Uruguai, M\u00e9xico e Austr\u00e1lia. O GTPS, formado por representantes de diferentes segmentos que integram a cadeia de valor da pecu\u00e1ria bovina no Brasil, tem como miss\u00e3o promover o desenvolvimento da pecu\u00e1ria sustent\u00e1vel por meio da articula\u00e7\u00e3o da cadeia, melhoria cont\u00ednua e dissemina\u00e7\u00e3o de informa\u00e7\u00e3o.<\/p>\n","protected":false},"excerpt":{"rendered":"<p>A import\u00e2ncia da organiza\u00e7\u00e3o da cadeia de valor para produ\u00e7\u00e3o da carne sustent\u00e1vel foi debatida em painel<\/p>\n","protected":false},"author":11,"featured_media":97984865,"comment_status":"closed","ping_status":"closed","sticky":false,"template":"","format":"standard","meta":{"footnotes":""},"categories":[6,1],"tags":[],"class_list":["post-97984864","post","type-post","status-publish","format-standard","has-post-thumbnail","hentry","category-destaque","category-noticia"],"yoast_head":"<!-- This site is optimized with the Yoast SEO plugin v24.8.1 - https:\/\/yoast.com\/wordpress\/plugins\/seo\/ -->\n<title>Produzir carne sustent\u00e1vel \u00e9 um caminho sem volta, afirma pesquisador - Acrimat<\/title>\n<meta name=\"robots\" content=\"index, follow, max-snippet:-1, max-image-preview:large, max-video-preview:-1\" \/>\n<link rel=\"canonical\" href=\"https:\/\/acrimat.org.br\/portal\/produzir-carne-sustentavel-e-um-caminho-sem-volta-afirma-pesquisador-em-evento-de-10-anos-do-gtps\/\" \/>\n<meta property=\"og:locale\" content=\"pt_BR\" \/>\n<meta property=\"og:type\" content=\"article\" \/>\n<meta property=\"og:title\" content=\"Produzir carne sustent\u00e1vel \u00e9 um caminho sem volta, afirma pesquisador - Acrimat\" \/>\n<meta property=\"og:description\" content=\"A import\u00e2ncia da organiza\u00e7\u00e3o da cadeia de valor para produ\u00e7\u00e3o da carne sustent\u00e1vel foi debatida em painel\" \/>\n<meta property=\"og:url\" content=\"https:\/\/acrimat.org.br\/portal\/produzir-carne-sustentavel-e-um-caminho-sem-volta-afirma-pesquisador-em-evento-de-10-anos-do-gtps\/\" \/>\n<meta property=\"og:site_name\" content=\"Acrimat\" \/>\n<meta property=\"article:published_time\" content=\"2017-11-17T12:02:10+00:00\" \/>\n<meta property=\"article:modified_time\" content=\"2017-11-17T12:03:00+00:00\" \/>\n<meta property=\"og:image\" content=\"https:\/\/acrimat.org.br\/portal\/wp-content\/uploads\/2017\/11\/ilpf-embrapa-2.jpg\" \/>\n\t<meta property=\"og:image:width\" content=\"640\" \/>\n\t<meta property=\"og:image:height\" content=\"427\" \/>\n\t<meta property=\"og:image:type\" content=\"image\/jpeg\" \/>\n<meta name=\"author\" content=\"P\u00e9ricles C\u00e2ndido\" \/>\n<meta name=\"twitter:card\" content=\"summary_large_image\" \/>\n<meta name=\"twitter:label1\" content=\"Escrito por\" \/>\n\t<meta name=\"twitter:data1\" content=\"P\u00e9ricles C\u00e2ndido\" \/>\n\t<meta name=\"twitter:label2\" content=\"Est. tempo de leitura\" \/>\n\t<meta name=\"twitter:data2\" content=\"3 minutos\" \/>\n<script type=\"application\/ld+json\" class=\"yoast-schema-graph\">{\"@context\":\"https:\/\/schema.org\",\"@graph\":[{\"@type\":\"Article\",\"@id\":\"https:\/\/acrimat.org.br\/portal\/produzir-carne-sustentavel-e-um-caminho-sem-volta-afirma-pesquisador-em-evento-de-10-anos-do-gtps\/#article\",\"isPartOf\":{\"@id\":\"https:\/\/acrimat.org.br\/portal\/produzir-carne-sustentavel-e-um-caminho-sem-volta-afirma-pesquisador-em-evento-de-10-anos-do-gtps\/\"},\"author\":{\"name\":\"P\u00e9ricles C\u00e2ndido\",\"@id\":\"https:\/\/acrimat.org.br\/portal\/#\/schema\/person\/18df8bcf6890e924fe5d8b5afd2bec0f\"},\"headline\":\"Produzir carne sustent\u00e1vel \u00e9 um caminho sem volta, afirma pesquisador\",\"datePublished\":\"2017-11-17T12:02:10+00:00\",\"dateModified\":\"2017-11-17T12:03:00+00:00\",\"mainEntityOfPage\":{\"@id\":\"https:\/\/acrimat.org.br\/portal\/produzir-carne-sustentavel-e-um-caminho-sem-volta-afirma-pesquisador-em-evento-de-10-anos-do-gtps\/\"},\"wordCount\":626,\"publisher\":{\"@id\":\"https:\/\/acrimat.org.br\/portal\/#organization\"},\"image\":{\"@id\":\"https:\/\/acrimat.org.br\/portal\/produzir-carne-sustentavel-e-um-caminho-sem-volta-afirma-pesquisador-em-evento-de-10-anos-do-gtps\/#primaryimage\"},\"thumbnailUrl\":\"https:\/\/acrimat.org.br\/portal\/wp-content\/uploads\/2017\/11\/ilpf-embrapa-2.jpg\",\"articleSection\":[\"Destaques\",\"Not\u00edcias\"],\"inLanguage\":\"pt-BR\"},{\"@type\":\"WebPage\",\"@id\":\"https:\/\/acrimat.org.br\/portal\/produzir-carne-sustentavel-e-um-caminho-sem-volta-afirma-pesquisador-em-evento-de-10-anos-do-gtps\/\",\"url\":\"https:\/\/acrimat.org.br\/portal\/produzir-carne-sustentavel-e-um-caminho-sem-volta-afirma-pesquisador-em-evento-de-10-anos-do-gtps\/\",\"name\":\"Produzir carne sustent\u00e1vel \u00e9 um caminho sem volta, afirma pesquisador - Acrimat\",\"isPartOf\":{\"@id\":\"https:\/\/acrimat.org.br\/portal\/#website\"},\"primaryImageOfPage\":{\"@id\":\"https:\/\/acrimat.org.br\/portal\/produzir-carne-sustentavel-e-um-caminho-sem-volta-afirma-pesquisador-em-evento-de-10-anos-do-gtps\/#primaryimage\"},\"image\":{\"@id\":\"https:\/\/acrimat.org.br\/portal\/produzir-carne-sustentavel-e-um-caminho-sem-volta-afirma-pesquisador-em-evento-de-10-anos-do-gtps\/#primaryimage\"},\"thumbnailUrl\":\"https:\/\/acrimat.org.br\/portal\/wp-content\/uploads\/2017\/11\/ilpf-embrapa-2.jpg\",\"datePublished\":\"2017-11-17T12:02:10+00:00\",\"dateModified\":\"2017-11-17T12:03:00+00:00\",\"breadcrumb\":{\"@id\":\"https:\/\/acrimat.org.br\/portal\/produzir-carne-sustentavel-e-um-caminho-sem-volta-afirma-pesquisador-em-evento-de-10-anos-do-gtps\/#breadcrumb\"},\"inLanguage\":\"pt-BR\",\"potentialAction\":[{\"@type\":\"ReadAction\",\"target\":[\"https:\/\/acrimat.org.br\/portal\/produzir-carne-sustentavel-e-um-caminho-sem-volta-afirma-pesquisador-em-evento-de-10-anos-do-gtps\/\"]}]},{\"@type\":\"ImageObject\",\"inLanguage\":\"pt-BR\",\"@id\":\"https:\/\/acrimat.org.br\/portal\/produzir-carne-sustentavel-e-um-caminho-sem-volta-afirma-pesquisador-em-evento-de-10-anos-do-gtps\/#primaryimage\",\"url\":\"https:\/\/acrimat.org.br\/portal\/wp-content\/uploads\/2017\/11\/ilpf-embrapa-2.jpg\",\"contentUrl\":\"https:\/\/acrimat.org.br\/portal\/wp-content\/uploads\/2017\/11\/ilpf-embrapa-2.jpg\",\"width\":640,\"height\":427,\"caption\":\"URT com iLPF em Nova Cana\u00e3 do Norte (MT)\"},{\"@type\":\"BreadcrumbList\",\"@id\":\"https:\/\/acrimat.org.br\/portal\/produzir-carne-sustentavel-e-um-caminho-sem-volta-afirma-pesquisador-em-evento-de-10-anos-do-gtps\/#breadcrumb\",\"itemListElement\":[{\"@type\":\"ListItem\",\"position\":1,\"name\":\"In\u00edcio\",\"item\":\"https:\/\/acrimat.org.br\/portal\/\"},{\"@type\":\"ListItem\",\"position\":2,\"name\":\"Produzir carne sustent\u00e1vel \u00e9 um caminho sem volta, afirma pesquisador\"}]},{\"@type\":\"WebSite\",\"@id\":\"https:\/\/acrimat.org.br\/portal\/#website\",\"url\":\"https:\/\/acrimat.org.br\/portal\/\",\"name\":\"Acrimat\",\"description\":\"Associa\u00e7\u00e3o dos Criadores de Mato Grosso\",\"publisher\":{\"@id\":\"https:\/\/acrimat.org.br\/portal\/#organization\"},\"potentialAction\":[{\"@type\":\"SearchAction\",\"target\":{\"@type\":\"EntryPoint\",\"urlTemplate\":\"https:\/\/acrimat.org.br\/portal\/?s={search_term_string}\"},\"query-input\":{\"@type\":\"PropertyValueSpecification\",\"valueRequired\":true,\"valueName\":\"search_term_string\"}}],\"inLanguage\":\"pt-BR\"},{\"@type\":\"Organization\",\"@id\":\"https:\/\/acrimat.org.br\/portal\/#organization\",\"name\":\"Associa\u00e7\u00e3o dos Criadores de Mato Grosso\",\"url\":\"https:\/\/acrimat.org.br\/portal\/\",\"logo\":{\"@type\":\"ImageObject\",\"inLanguage\":\"pt-BR\",\"@id\":\"https:\/\/acrimat.org.br\/portal\/#\/schema\/logo\/image\/\",\"url\":\"https:\/\/acrimat.org.br\/portal\/wp-content\/uploads\/2018\/03\/logo-peq-original.png\",\"contentUrl\":\"https:\/\/acrimat.org.br\/portal\/wp-content\/uploads\/2018\/03\/logo-peq-original.png\",\"width\":174,\"height\":171,\"caption\":\"Associa\u00e7\u00e3o dos Criadores de Mato Grosso\"},\"image\":{\"@id\":\"https:\/\/acrimat.org.br\/portal\/#\/schema\/logo\/image\/\"}},{\"@type\":\"Person\",\"@id\":\"https:\/\/acrimat.org.br\/portal\/#\/schema\/person\/18df8bcf6890e924fe5d8b5afd2bec0f\",\"name\":\"P\u00e9ricles C\u00e2ndido\",\"image\":{\"@type\":\"ImageObject\",\"inLanguage\":\"pt-BR\",\"@id\":\"https:\/\/acrimat.org.br\/portal\/#\/schema\/person\/image\/\",\"url\":\"https:\/\/secure.gravatar.com\/avatar\/33e2a2b971dc363ed2df53d0d3bfbd18?s=96&d=mm&r=g\",\"contentUrl\":\"https:\/\/secure.gravatar.com\/avatar\/33e2a2b971dc363ed2df53d0d3bfbd18?s=96&d=mm&r=g\",\"caption\":\"P\u00e9ricles C\u00e2ndido\"},\"sameAs\":[\"ascom@acrimat.org.br\"],\"url\":\"https:\/\/acrimat.org.br\/portal\/author\/designergrafico\/\"}]}<\/script>\n<!-- \/ Yoast SEO plugin. -->","yoast_head_json":{"title":"Produzir carne sustent\u00e1vel \u00e9 um caminho sem volta, afirma pesquisador - Acrimat","robots":{"index":"index","follow":"follow","max-snippet":"max-snippet:-1","max-image-preview":"max-image-preview:large","max-video-preview":"max-video-preview:-1"},"canonical":"https:\/\/acrimat.org.br\/portal\/produzir-carne-sustentavel-e-um-caminho-sem-volta-afirma-pesquisador-em-evento-de-10-anos-do-gtps\/","og_locale":"pt_BR","og_type":"article","og_title":"Produzir carne sustent\u00e1vel \u00e9 um caminho sem volta, afirma pesquisador - Acrimat","og_description":"A import\u00e2ncia da organiza\u00e7\u00e3o da cadeia de valor para produ\u00e7\u00e3o da carne sustent\u00e1vel foi debatida em painel","og_url":"https:\/\/acrimat.org.br\/portal\/produzir-carne-sustentavel-e-um-caminho-sem-volta-afirma-pesquisador-em-evento-de-10-anos-do-gtps\/","og_site_name":"Acrimat","article_published_time":"2017-11-17T12:02:10+00:00","article_modified_time":"2017-11-17T12:03:00+00:00","og_image":[{"width":640,"height":427,"url":"https:\/\/acrimat.org.br\/portal\/wp-content\/uploads\/2017\/11\/ilpf-embrapa-2.jpg","type":"image\/jpeg"}],"author":"P\u00e9ricles C\u00e2ndido","twitter_card":"summary_large_image","twitter_misc":{"Escrito por":"P\u00e9ricles C\u00e2ndido","Est. tempo de leitura":"3 minutos"},"schema":{"@context":"https:\/\/schema.org","@graph":[{"@type":"Article","@id":"https:\/\/acrimat.org.br\/portal\/produzir-carne-sustentavel-e-um-caminho-sem-volta-afirma-pesquisador-em-evento-de-10-anos-do-gtps\/#article","isPartOf":{"@id":"https:\/\/acrimat.org.br\/portal\/produzir-carne-sustentavel-e-um-caminho-sem-volta-afirma-pesquisador-em-evento-de-10-anos-do-gtps\/"},"author":{"name":"P\u00e9ricles C\u00e2ndido","@id":"https:\/\/acrimat.org.br\/portal\/#\/schema\/person\/18df8bcf6890e924fe5d8b5afd2bec0f"},"headline":"Produzir carne sustent\u00e1vel \u00e9 um caminho sem volta, afirma pesquisador","datePublished":"2017-11-17T12:02:10+00:00","dateModified":"2017-11-17T12:03:00+00:00","mainEntityOfPage":{"@id":"https:\/\/acrimat.org.br\/portal\/produzir-carne-sustentavel-e-um-caminho-sem-volta-afirma-pesquisador-em-evento-de-10-anos-do-gtps\/"},"wordCount":626,"publisher":{"@id":"https:\/\/acrimat.org.br\/portal\/#organization"},"image":{"@id":"https:\/\/acrimat.org.br\/portal\/produzir-carne-sustentavel-e-um-caminho-sem-volta-afirma-pesquisador-em-evento-de-10-anos-do-gtps\/#primaryimage"},"thumbnailUrl":"https:\/\/acrimat.org.br\/portal\/wp-content\/uploads\/2017\/11\/ilpf-embrapa-2.jpg","articleSection":["Destaques","Not\u00edcias"],"inLanguage":"pt-BR"},{"@type":"WebPage","@id":"https:\/\/acrimat.org.br\/portal\/produzir-carne-sustentavel-e-um-caminho-sem-volta-afirma-pesquisador-em-evento-de-10-anos-do-gtps\/","url":"https:\/\/acrimat.org.br\/portal\/produzir-carne-sustentavel-e-um-caminho-sem-volta-afirma-pesquisador-em-evento-de-10-anos-do-gtps\/","name":"Produzir carne sustent\u00e1vel \u00e9 um caminho sem volta, afirma pesquisador - Acrimat","isPartOf":{"@id":"https:\/\/acrimat.org.br\/portal\/#website"},"primaryImageOfPage":{"@id":"https:\/\/acrimat.org.br\/portal\/produzir-carne-sustentavel-e-um-caminho-sem-volta-afirma-pesquisador-em-evento-de-10-anos-do-gtps\/#primaryimage"},"image":{"@id":"https:\/\/acrimat.org.br\/portal\/produzir-carne-sustentavel-e-um-caminho-sem-volta-afirma-pesquisador-em-evento-de-10-anos-do-gtps\/#primaryimage"},"thumbnailUrl":"https:\/\/acrimat.org.br\/portal\/wp-content\/uploads\/2017\/11\/ilpf-embrapa-2.jpg","datePublished":"2017-11-17T12:02:10+00:00","dateModified":"2017-11-17T12:03:00+00:00","breadcrumb":{"@id":"https:\/\/acrimat.org.br\/portal\/produzir-carne-sustentavel-e-um-caminho-sem-volta-afirma-pesquisador-em-evento-de-10-anos-do-gtps\/#breadcrumb"},"inLanguage":"pt-BR","potentialAction":[{"@type":"ReadAction","target":["https:\/\/acrimat.org.br\/portal\/produzir-carne-sustentavel-e-um-caminho-sem-volta-afirma-pesquisador-em-evento-de-10-anos-do-gtps\/"]}]},{"@type":"ImageObject","inLanguage":"pt-BR","@id":"https:\/\/acrimat.org.br\/portal\/produzir-carne-sustentavel-e-um-caminho-sem-volta-afirma-pesquisador-em-evento-de-10-anos-do-gtps\/#primaryimage","url":"https:\/\/acrimat.org.br\/portal\/wp-content\/uploads\/2017\/11\/ilpf-embrapa-2.jpg","contentUrl":"https:\/\/acrimat.org.br\/portal\/wp-content\/uploads\/2017\/11\/ilpf-embrapa-2.jpg","width":640,"height":427,"caption":"URT com iLPF em Nova Cana\u00e3 do Norte (MT)"},{"@type":"BreadcrumbList","@id":"https:\/\/acrimat.org.br\/portal\/produzir-carne-sustentavel-e-um-caminho-sem-volta-afirma-pesquisador-em-evento-de-10-anos-do-gtps\/#breadcrumb","itemListElement":[{"@type":"ListItem","position":1,"name":"In\u00edcio","item":"https:\/\/acrimat.org.br\/portal\/"},{"@type":"ListItem","position":2,"name":"Produzir carne sustent\u00e1vel \u00e9 um caminho sem volta, afirma pesquisador"}]},{"@type":"WebSite","@id":"https:\/\/acrimat.org.br\/portal\/#website","url":"https:\/\/acrimat.org.br\/portal\/","name":"Acrimat","description":"Associa\u00e7\u00e3o dos Criadores de Mato Grosso","publisher":{"@id":"https:\/\/acrimat.org.br\/portal\/#organization"},"potentialAction":[{"@type":"SearchAction","target":{"@type":"EntryPoint","urlTemplate":"https:\/\/acrimat.org.br\/portal\/?s={search_term_string}"},"query-input":{"@type":"PropertyValueSpecification","valueRequired":true,"valueName":"search_term_string"}}],"inLanguage":"pt-BR"},{"@type":"Organization","@id":"https:\/\/acrimat.org.br\/portal\/#organization","name":"Associa\u00e7\u00e3o dos Criadores de Mato Grosso","url":"https:\/\/acrimat.org.br\/portal\/","logo":{"@type":"ImageObject","inLanguage":"pt-BR","@id":"https:\/\/acrimat.org.br\/portal\/#\/schema\/logo\/image\/","url":"https:\/\/acrimat.org.br\/portal\/wp-content\/uploads\/2018\/03\/logo-peq-original.png","contentUrl":"https:\/\/acrimat.org.br\/portal\/wp-content\/uploads\/2018\/03\/logo-peq-original.png","width":174,"height":171,"caption":"Associa\u00e7\u00e3o dos Criadores de Mato Grosso"},"image":{"@id":"https:\/\/acrimat.org.br\/portal\/#\/schema\/logo\/image\/"}},{"@type":"Person","@id":"https:\/\/acrimat.org.br\/portal\/#\/schema\/person\/18df8bcf6890e924fe5d8b5afd2bec0f","name":"P\u00e9ricles C\u00e2ndido","image":{"@type":"ImageObject","inLanguage":"pt-BR","@id":"https:\/\/acrimat.org.br\/portal\/#\/schema\/person\/image\/","url":"https:\/\/secure.gravatar.com\/avatar\/33e2a2b971dc363ed2df53d0d3bfbd18?s=96&d=mm&r=g","contentUrl":"https:\/\/secure.gravatar.com\/avatar\/33e2a2b971dc363ed2df53d0d3bfbd18?s=96&d=mm&r=g","caption":"P\u00e9ricles C\u00e2ndido"},"sameAs":["ascom@acrimat.org.br"],"url":"https:\/\/acrimat.org.br\/portal\/author\/designergrafico\/"}]}},"_links":{"self":[{"href":"https:\/\/acrimat.org.br\/portal\/wp-json\/wp\/v2\/posts\/97984864","targetHints":{"allow":["GET"]}}],"collection":[{"href":"https:\/\/acrimat.org.br\/portal\/wp-json\/wp\/v2\/posts"}],"about":[{"href":"https:\/\/acrimat.org.br\/portal\/wp-json\/wp\/v2\/types\/post"}],"author":[{"embeddable":true,"href":"https:\/\/acrimat.org.br\/portal\/wp-json\/wp\/v2\/users\/11"}],"replies":[{"embeddable":true,"href":"https:\/\/acrimat.org.br\/portal\/wp-json\/wp\/v2\/comments?post=97984864"}],"version-history":[{"count":2,"href":"https:\/\/acrimat.org.br\/portal\/wp-json\/wp\/v2\/posts\/97984864\/revisions"}],"predecessor-version":[{"id":97984867,"href":"https:\/\/acrimat.org.br\/portal\/wp-json\/wp\/v2\/posts\/97984864\/revisions\/97984867"}],"wp:featuredmedia":[{"embeddable":true,"href":"https:\/\/acrimat.org.br\/portal\/wp-json\/wp\/v2\/media\/97984865"}],"wp:attachment":[{"href":"https:\/\/acrimat.org.br\/portal\/wp-json\/wp\/v2\/media?parent=97984864"}],"wp:term":[{"taxonomy":"category","embeddable":true,"href":"https:\/\/acrimat.org.br\/portal\/wp-json\/wp\/v2\/categories?post=97984864"},{"taxonomy":"post_tag","embeddable":true,"href":"https:\/\/acrimat.org.br\/portal\/wp-json\/wp\/v2\/tags?post=97984864"}],"curies":[{"name":"wp","href":"https:\/\/api.w.org\/{rel}","templated":true}]}}