{"id":97984893,"date":"2017-11-21T09:48:54","date_gmt":"2017-11-21T12:48:54","guid":{"rendered":"http:\/\/acrimat.org.br\/portal\/?p=97984893"},"modified":"2017-11-21T09:48:54","modified_gmt":"2017-11-21T12:48:54","slug":"setor-aposta-na-melhora-da-demanda-interna","status":"publish","type":"post","link":"https:\/\/acrimat.org.br\/portal\/setor-aposta-na-melhora-da-demanda-interna\/","title":{"rendered":"Setor aposta na melhora da demanda interna"},"content":{"rendered":"<p>Estoques ajustados, expectativa de demanda firme por carne bovina no mercado externo e perspectiva de incremento das vendas internas devem proporcionar um ano favor\u00e1vel para a ind\u00fastria de carnes em 2018, projetam especialistas. Para a cota\u00e7\u00e3o da arroba, a estimativa \u00e9 de estabilidade.<\/p>\n<p>&#8220;H\u00e1 uma grande aposta na retomada da demanda do mercado interno, com um crescimento do Produto Interno Bruto (PIB) estimado em at\u00e9 2% para o ano que vem, o que seria um cen\u00e1rio positivo para o setor&#8221;, avalia o superintendente do Instituto Mato-Grossense de Economia Agropecu\u00e1ria (IMEA), Daniel Latorraca Ferreira.<\/p>\n<p>O cen\u00e1rio foi debatido no Encontro de Analistas da Scot Consultoria, em S\u00e3o Paulo, na sexta-feira (17).<\/p>\n<p>Segundo Ferreira, esse aumento de demanda poder\u00e1 manter a arroba estabilizada em rela\u00e7\u00e3o aos patamares atuais, mesmo considerando a perspectiva de uma oferta maior de animais para abate no ano que vem. &#8220;Em Mato Grosso, por exemplo, temos mais plantas abatendo bovinos e a expectativa \u00e9 de que outras unidades reabram, o que deve manter a cota\u00e7\u00e3o firme&#8221;, projeta Ferreira.<\/p>\n<p>Para o propriet\u00e1rio da Scot Consultoria, Alcides Torres, o fato de 2018 ser um ano eleitoral favorece o aumento do consumo em geral &#8211; o que inclui carnes &#8211; perspectiva compartilhada pelo analista Leandro Bovo. &#8220;Tradicionalmente, ano de elei\u00e7\u00e3o tem demanda 25% maior de carne, em m\u00e9dia.&#8221;<\/p>\n<p>No entanto, o pesquisador do Centro de Estudos Avan\u00e7ados em Economia Aplicada (Cepea), S\u00e9rgio De Zen, alerta que, ao contr\u00e1rio de anos anteriores, o atual presidente n\u00e3o est\u00e1 envolvido na corrida eleitoral. &#8220;[Michel Temer] \u00e9 impopular e n\u00e3o deve lan\u00e7ar candidato, ent\u00e3o a gente n\u00e3o deve esperar esse choque de demanda no Brasil. Vamos depender mais do mercado externo para que as perspectivas de um ano positivo se concretizem&#8221;, avalia o pesquisador do Cepea. &#8220;Mas se houver alguma crise de confian\u00e7a l\u00e1 fora em rela\u00e7\u00e3o \u00e0 carne brasileira, n\u00f3s vamos para o buraco&#8221;, destacou De Zen.<\/p>\n<p>Para o analista Ivan Wedekin, o cen\u00e1rio para a pecu\u00e1ria no pr\u00f3ximo ano depender\u00e1 mais da oferta de animais para abate do que mudan\u00e7as no ritmo da demanda. &#8220;O retorno ao consumo de carnes n\u00e3o deve ser a prioridade do brasileiro, embora eu acredite que as vendas no mercado interno dever\u00e3o avan\u00e7ar&#8221;, observa.<\/p>\n<p>Nesse sentido, a expectativa do analista da Scot Consultoria, Alex Lopes, \u00e9 de uma maior oferta de bezerros e de um maior abate de f\u00eameas no ano que vem, especialmente no primeiro trimestre, com o descarte de f\u00eameas e a entrada dos animais de confinamento.<\/p>\n<p>Ainda assim, conforme o s\u00f3cio-consultor da MB Agro, Alexandre Mendon\u00e7a de Barros, a perspectiva \u00e9 otimista para o setor em 2018. &#8220;A gente j\u00e1 detecta um cen\u00e1rio macroecon\u00f4mico mais positivo neste fim de ano em rela\u00e7\u00e3o ao mesmo per\u00edodo do ano passado e ao come\u00e7o de 2017&#8221;, pondera. &#8220;A intensidade da recupera\u00e7\u00e3o da carne vermelha pode ser mais lenta que de outros tipos, mas ela vir\u00e1&#8221;, assegurou.<\/p>\n<p>Para De Zen, o pecuarista deve ter cautela e evitar correr riscos em 2018. &#8220;\u00c9 fundamental que o produtor n\u00e3o tome decis\u00f5es precipitadas.&#8221;<\/p>\n<p><strong>Qualidade<\/strong><\/p>\n<p>Na avalia\u00e7\u00e3o de De Zen, o mercado de carne bovina passa por uma transforma\u00e7\u00e3o no Brasil. &#8220;O consumo da carne commodity caiu, mas a de maior qualidade n\u00e3o&#8221;, argumenta o analista.<\/p>\n<p>O CEO do Frigol, Luciano Pascon, concorda. &#8220;Essa mudan\u00e7a \u00e9 not\u00f3ria. No ano passado, 90% da nossa produ\u00e7\u00e3o era de carne commodity. Hoje, esse produto representa 65% do total&#8221;, afirmou.<\/p>\n<p>Para ele, o avan\u00e7o da produ\u00e7\u00e3o de carne de maior qualidade impulsionar\u00e1 o consumo. &#8220;A partir do momento em que se oferece um produto melhor ao consumidor, ele tende a consumir mais, mesmo com pre\u00e7o mais elevado.&#8221;<\/p>\n<p>A companhia anunciou na semana passada o arrendamento de unidade de abate em Cachoeira Alta, Goi\u00e1s, que pertence ao Rodopa, ampliando a capacidade de abate para 60 mil cabe\u00e7as por m\u00eas e o faturamento para algo pr\u00f3ximo de R$ 2 bilh\u00f5es no ano que vem. &#8220;N\u00f3s avaliamos e buscamos outras oportunidades para 2018&#8221;, destacou o CEO.<\/p>\n","protected":false},"excerpt":{"rendered":"<p>Apesar da expectativa de maior oferta de animais no pr\u00f3ximo ano, analistas estimam um 2018 positivo para a ind\u00fastria de carnes amparados no mercado dom\u00e9stico e exporta\u00e7\u00f5es aquecidos<\/p>\n","protected":false},"author":11,"featured_media":97984894,"comment_status":"closed","ping_status":"closed","sticky":false,"template":"","format":"standard","meta":{"footnotes":""},"categories":[6,1],"tags":[],"class_list":["post-97984893","post","type-post","status-publish","format-standard","has-post-thumbnail","hentry","category-destaque","category-noticia"],"yoast_head":"<!-- This site is optimized with the Yoast SEO plugin v24.8.1 - https:\/\/yoast.com\/wordpress\/plugins\/seo\/ -->\n<title>Setor aposta na melhora da demanda interna - Acrimat<\/title>\n<meta name=\"robots\" content=\"index, follow, max-snippet:-1, max-image-preview:large, max-video-preview:-1\" \/>\n<link rel=\"canonical\" href=\"https:\/\/acrimat.org.br\/portal\/setor-aposta-na-melhora-da-demanda-interna\/\" \/>\n<meta property=\"og:locale\" content=\"pt_BR\" \/>\n<meta property=\"og:type\" content=\"article\" \/>\n<meta property=\"og:title\" content=\"Setor aposta na melhora da demanda interna - Acrimat\" \/>\n<meta property=\"og:description\" content=\"Apesar da expectativa de maior oferta de animais no pr\u00f3ximo ano, analistas estimam um 2018 positivo para a ind\u00fastria de carnes amparados no mercado dom\u00e9stico e exporta\u00e7\u00f5es aquecidos\" \/>\n<meta property=\"og:url\" content=\"https:\/\/acrimat.org.br\/portal\/setor-aposta-na-melhora-da-demanda-interna\/\" \/>\n<meta property=\"og:site_name\" content=\"Acrimat\" \/>\n<meta property=\"article:published_time\" content=\"2017-11-21T12:48:54+00:00\" \/>\n<meta property=\"og:image\" content=\"https:\/\/acrimat.org.br\/portal\/wp-content\/uploads\/2017\/11\/frigorifico2.jpg\" \/>\n\t<meta property=\"og:image:width\" content=\"720\" \/>\n\t<meta property=\"og:image:height\" content=\"495\" \/>\n\t<meta property=\"og:image:type\" content=\"image\/jpeg\" \/>\n<meta name=\"author\" content=\"P\u00e9ricles C\u00e2ndido\" \/>\n<meta name=\"twitter:card\" content=\"summary_large_image\" \/>\n<meta name=\"twitter:label1\" content=\"Escrito por\" \/>\n\t<meta name=\"twitter:data1\" content=\"P\u00e9ricles C\u00e2ndido\" \/>\n\t<meta name=\"twitter:label2\" content=\"Est. tempo de leitura\" \/>\n\t<meta name=\"twitter:data2\" content=\"3 minutos\" \/>\n<script type=\"application\/ld+json\" class=\"yoast-schema-graph\">{\"@context\":\"https:\/\/schema.org\",\"@graph\":[{\"@type\":\"Article\",\"@id\":\"https:\/\/acrimat.org.br\/portal\/setor-aposta-na-melhora-da-demanda-interna\/#article\",\"isPartOf\":{\"@id\":\"https:\/\/acrimat.org.br\/portal\/setor-aposta-na-melhora-da-demanda-interna\/\"},\"author\":{\"name\":\"P\u00e9ricles C\u00e2ndido\",\"@id\":\"https:\/\/acrimat.org.br\/portal\/#\/schema\/person\/18df8bcf6890e924fe5d8b5afd2bec0f\"},\"headline\":\"Setor aposta na melhora da demanda interna\",\"datePublished\":\"2017-11-21T12:48:54+00:00\",\"mainEntityOfPage\":{\"@id\":\"https:\/\/acrimat.org.br\/portal\/setor-aposta-na-melhora-da-demanda-interna\/\"},\"wordCount\":699,\"publisher\":{\"@id\":\"https:\/\/acrimat.org.br\/portal\/#organization\"},\"image\":{\"@id\":\"https:\/\/acrimat.org.br\/portal\/setor-aposta-na-melhora-da-demanda-interna\/#primaryimage\"},\"thumbnailUrl\":\"https:\/\/acrimat.org.br\/portal\/wp-content\/uploads\/2017\/11\/frigorifico2.jpg\",\"articleSection\":[\"Destaques\",\"Not\u00edcias\"],\"inLanguage\":\"pt-BR\"},{\"@type\":\"WebPage\",\"@id\":\"https:\/\/acrimat.org.br\/portal\/setor-aposta-na-melhora-da-demanda-interna\/\",\"url\":\"https:\/\/acrimat.org.br\/portal\/setor-aposta-na-melhora-da-demanda-interna\/\",\"name\":\"Setor aposta na melhora da demanda interna - Acrimat\",\"isPartOf\":{\"@id\":\"https:\/\/acrimat.org.br\/portal\/#website\"},\"primaryImageOfPage\":{\"@id\":\"https:\/\/acrimat.org.br\/portal\/setor-aposta-na-melhora-da-demanda-interna\/#primaryimage\"},\"image\":{\"@id\":\"https:\/\/acrimat.org.br\/portal\/setor-aposta-na-melhora-da-demanda-interna\/#primaryimage\"},\"thumbnailUrl\":\"https:\/\/acrimat.org.br\/portal\/wp-content\/uploads\/2017\/11\/frigorifico2.jpg\",\"datePublished\":\"2017-11-21T12:48:54+00:00\",\"breadcrumb\":{\"@id\":\"https:\/\/acrimat.org.br\/portal\/setor-aposta-na-melhora-da-demanda-interna\/#breadcrumb\"},\"inLanguage\":\"pt-BR\",\"potentialAction\":[{\"@type\":\"ReadAction\",\"target\":[\"https:\/\/acrimat.org.br\/portal\/setor-aposta-na-melhora-da-demanda-interna\/\"]}]},{\"@type\":\"ImageObject\",\"inLanguage\":\"pt-BR\",\"@id\":\"https:\/\/acrimat.org.br\/portal\/setor-aposta-na-melhora-da-demanda-interna\/#primaryimage\",\"url\":\"https:\/\/acrimat.org.br\/portal\/wp-content\/uploads\/2017\/11\/frigorifico2.jpg\",\"contentUrl\":\"https:\/\/acrimat.org.br\/portal\/wp-content\/uploads\/2017\/11\/frigorifico2.jpg\",\"width\":720,\"height\":495},{\"@type\":\"BreadcrumbList\",\"@id\":\"https:\/\/acrimat.org.br\/portal\/setor-aposta-na-melhora-da-demanda-interna\/#breadcrumb\",\"itemListElement\":[{\"@type\":\"ListItem\",\"position\":1,\"name\":\"In\u00edcio\",\"item\":\"https:\/\/acrimat.org.br\/portal\/\"},{\"@type\":\"ListItem\",\"position\":2,\"name\":\"Setor aposta na melhora da demanda interna\"}]},{\"@type\":\"WebSite\",\"@id\":\"https:\/\/acrimat.org.br\/portal\/#website\",\"url\":\"https:\/\/acrimat.org.br\/portal\/\",\"name\":\"Acrimat\",\"description\":\"Associa\u00e7\u00e3o dos Criadores de Mato Grosso\",\"publisher\":{\"@id\":\"https:\/\/acrimat.org.br\/portal\/#organization\"},\"potentialAction\":[{\"@type\":\"SearchAction\",\"target\":{\"@type\":\"EntryPoint\",\"urlTemplate\":\"https:\/\/acrimat.org.br\/portal\/?s={search_term_string}\"},\"query-input\":{\"@type\":\"PropertyValueSpecification\",\"valueRequired\":true,\"valueName\":\"search_term_string\"}}],\"inLanguage\":\"pt-BR\"},{\"@type\":\"Organization\",\"@id\":\"https:\/\/acrimat.org.br\/portal\/#organization\",\"name\":\"Associa\u00e7\u00e3o dos Criadores de Mato Grosso\",\"url\":\"https:\/\/acrimat.org.br\/portal\/\",\"logo\":{\"@type\":\"ImageObject\",\"inLanguage\":\"pt-BR\",\"@id\":\"https:\/\/acrimat.org.br\/portal\/#\/schema\/logo\/image\/\",\"url\":\"https:\/\/acrimat.org.br\/portal\/wp-content\/uploads\/2018\/03\/logo-peq-original.png\",\"contentUrl\":\"https:\/\/acrimat.org.br\/portal\/wp-content\/uploads\/2018\/03\/logo-peq-original.png\",\"width\":174,\"height\":171,\"caption\":\"Associa\u00e7\u00e3o dos Criadores de Mato Grosso\"},\"image\":{\"@id\":\"https:\/\/acrimat.org.br\/portal\/#\/schema\/logo\/image\/\"}},{\"@type\":\"Person\",\"@id\":\"https:\/\/acrimat.org.br\/portal\/#\/schema\/person\/18df8bcf6890e924fe5d8b5afd2bec0f\",\"name\":\"P\u00e9ricles C\u00e2ndido\",\"image\":{\"@type\":\"ImageObject\",\"inLanguage\":\"pt-BR\",\"@id\":\"https:\/\/acrimat.org.br\/portal\/#\/schema\/person\/image\/\",\"url\":\"https:\/\/secure.gravatar.com\/avatar\/33e2a2b971dc363ed2df53d0d3bfbd18?s=96&d=mm&r=g\",\"contentUrl\":\"https:\/\/secure.gravatar.com\/avatar\/33e2a2b971dc363ed2df53d0d3bfbd18?s=96&d=mm&r=g\",\"caption\":\"P\u00e9ricles C\u00e2ndido\"},\"sameAs\":[\"ascom@acrimat.org.br\"],\"url\":\"https:\/\/acrimat.org.br\/portal\/author\/designergrafico\/\"}]}<\/script>\n<!-- \/ Yoast SEO plugin. -->","yoast_head_json":{"title":"Setor aposta na melhora da demanda interna - Acrimat","robots":{"index":"index","follow":"follow","max-snippet":"max-snippet:-1","max-image-preview":"max-image-preview:large","max-video-preview":"max-video-preview:-1"},"canonical":"https:\/\/acrimat.org.br\/portal\/setor-aposta-na-melhora-da-demanda-interna\/","og_locale":"pt_BR","og_type":"article","og_title":"Setor aposta na melhora da demanda interna - Acrimat","og_description":"Apesar da expectativa de maior oferta de animais no pr\u00f3ximo ano, analistas estimam um 2018 positivo para a ind\u00fastria de carnes amparados no mercado dom\u00e9stico e exporta\u00e7\u00f5es aquecidos","og_url":"https:\/\/acrimat.org.br\/portal\/setor-aposta-na-melhora-da-demanda-interna\/","og_site_name":"Acrimat","article_published_time":"2017-11-21T12:48:54+00:00","og_image":[{"width":720,"height":495,"url":"https:\/\/acrimat.org.br\/portal\/wp-content\/uploads\/2017\/11\/frigorifico2.jpg","type":"image\/jpeg"}],"author":"P\u00e9ricles C\u00e2ndido","twitter_card":"summary_large_image","twitter_misc":{"Escrito por":"P\u00e9ricles C\u00e2ndido","Est. tempo de leitura":"3 minutos"},"schema":{"@context":"https:\/\/schema.org","@graph":[{"@type":"Article","@id":"https:\/\/acrimat.org.br\/portal\/setor-aposta-na-melhora-da-demanda-interna\/#article","isPartOf":{"@id":"https:\/\/acrimat.org.br\/portal\/setor-aposta-na-melhora-da-demanda-interna\/"},"author":{"name":"P\u00e9ricles C\u00e2ndido","@id":"https:\/\/acrimat.org.br\/portal\/#\/schema\/person\/18df8bcf6890e924fe5d8b5afd2bec0f"},"headline":"Setor aposta na melhora da demanda interna","datePublished":"2017-11-21T12:48:54+00:00","mainEntityOfPage":{"@id":"https:\/\/acrimat.org.br\/portal\/setor-aposta-na-melhora-da-demanda-interna\/"},"wordCount":699,"publisher":{"@id":"https:\/\/acrimat.org.br\/portal\/#organization"},"image":{"@id":"https:\/\/acrimat.org.br\/portal\/setor-aposta-na-melhora-da-demanda-interna\/#primaryimage"},"thumbnailUrl":"https:\/\/acrimat.org.br\/portal\/wp-content\/uploads\/2017\/11\/frigorifico2.jpg","articleSection":["Destaques","Not\u00edcias"],"inLanguage":"pt-BR"},{"@type":"WebPage","@id":"https:\/\/acrimat.org.br\/portal\/setor-aposta-na-melhora-da-demanda-interna\/","url":"https:\/\/acrimat.org.br\/portal\/setor-aposta-na-melhora-da-demanda-interna\/","name":"Setor aposta na melhora da demanda interna - Acrimat","isPartOf":{"@id":"https:\/\/acrimat.org.br\/portal\/#website"},"primaryImageOfPage":{"@id":"https:\/\/acrimat.org.br\/portal\/setor-aposta-na-melhora-da-demanda-interna\/#primaryimage"},"image":{"@id":"https:\/\/acrimat.org.br\/portal\/setor-aposta-na-melhora-da-demanda-interna\/#primaryimage"},"thumbnailUrl":"https:\/\/acrimat.org.br\/portal\/wp-content\/uploads\/2017\/11\/frigorifico2.jpg","datePublished":"2017-11-21T12:48:54+00:00","breadcrumb":{"@id":"https:\/\/acrimat.org.br\/portal\/setor-aposta-na-melhora-da-demanda-interna\/#breadcrumb"},"inLanguage":"pt-BR","potentialAction":[{"@type":"ReadAction","target":["https:\/\/acrimat.org.br\/portal\/setor-aposta-na-melhora-da-demanda-interna\/"]}]},{"@type":"ImageObject","inLanguage":"pt-BR","@id":"https:\/\/acrimat.org.br\/portal\/setor-aposta-na-melhora-da-demanda-interna\/#primaryimage","url":"https:\/\/acrimat.org.br\/portal\/wp-content\/uploads\/2017\/11\/frigorifico2.jpg","contentUrl":"https:\/\/acrimat.org.br\/portal\/wp-content\/uploads\/2017\/11\/frigorifico2.jpg","width":720,"height":495},{"@type":"BreadcrumbList","@id":"https:\/\/acrimat.org.br\/portal\/setor-aposta-na-melhora-da-demanda-interna\/#breadcrumb","itemListElement":[{"@type":"ListItem","position":1,"name":"In\u00edcio","item":"https:\/\/acrimat.org.br\/portal\/"},{"@type":"ListItem","position":2,"name":"Setor aposta na melhora da demanda interna"}]},{"@type":"WebSite","@id":"https:\/\/acrimat.org.br\/portal\/#website","url":"https:\/\/acrimat.org.br\/portal\/","name":"Acrimat","description":"Associa\u00e7\u00e3o dos Criadores de Mato Grosso","publisher":{"@id":"https:\/\/acrimat.org.br\/portal\/#organization"},"potentialAction":[{"@type":"SearchAction","target":{"@type":"EntryPoint","urlTemplate":"https:\/\/acrimat.org.br\/portal\/?s={search_term_string}"},"query-input":{"@type":"PropertyValueSpecification","valueRequired":true,"valueName":"search_term_string"}}],"inLanguage":"pt-BR"},{"@type":"Organization","@id":"https:\/\/acrimat.org.br\/portal\/#organization","name":"Associa\u00e7\u00e3o dos Criadores de Mato Grosso","url":"https:\/\/acrimat.org.br\/portal\/","logo":{"@type":"ImageObject","inLanguage":"pt-BR","@id":"https:\/\/acrimat.org.br\/portal\/#\/schema\/logo\/image\/","url":"https:\/\/acrimat.org.br\/portal\/wp-content\/uploads\/2018\/03\/logo-peq-original.png","contentUrl":"https:\/\/acrimat.org.br\/portal\/wp-content\/uploads\/2018\/03\/logo-peq-original.png","width":174,"height":171,"caption":"Associa\u00e7\u00e3o dos Criadores de Mato Grosso"},"image":{"@id":"https:\/\/acrimat.org.br\/portal\/#\/schema\/logo\/image\/"}},{"@type":"Person","@id":"https:\/\/acrimat.org.br\/portal\/#\/schema\/person\/18df8bcf6890e924fe5d8b5afd2bec0f","name":"P\u00e9ricles C\u00e2ndido","image":{"@type":"ImageObject","inLanguage":"pt-BR","@id":"https:\/\/acrimat.org.br\/portal\/#\/schema\/person\/image\/","url":"https:\/\/secure.gravatar.com\/avatar\/33e2a2b971dc363ed2df53d0d3bfbd18?s=96&d=mm&r=g","contentUrl":"https:\/\/secure.gravatar.com\/avatar\/33e2a2b971dc363ed2df53d0d3bfbd18?s=96&d=mm&r=g","caption":"P\u00e9ricles C\u00e2ndido"},"sameAs":["ascom@acrimat.org.br"],"url":"https:\/\/acrimat.org.br\/portal\/author\/designergrafico\/"}]}},"_links":{"self":[{"href":"https:\/\/acrimat.org.br\/portal\/wp-json\/wp\/v2\/posts\/97984893","targetHints":{"allow":["GET"]}}],"collection":[{"href":"https:\/\/acrimat.org.br\/portal\/wp-json\/wp\/v2\/posts"}],"about":[{"href":"https:\/\/acrimat.org.br\/portal\/wp-json\/wp\/v2\/types\/post"}],"author":[{"embeddable":true,"href":"https:\/\/acrimat.org.br\/portal\/wp-json\/wp\/v2\/users\/11"}],"replies":[{"embeddable":true,"href":"https:\/\/acrimat.org.br\/portal\/wp-json\/wp\/v2\/comments?post=97984893"}],"version-history":[{"count":1,"href":"https:\/\/acrimat.org.br\/portal\/wp-json\/wp\/v2\/posts\/97984893\/revisions"}],"predecessor-version":[{"id":97984895,"href":"https:\/\/acrimat.org.br\/portal\/wp-json\/wp\/v2\/posts\/97984893\/revisions\/97984895"}],"wp:featuredmedia":[{"embeddable":true,"href":"https:\/\/acrimat.org.br\/portal\/wp-json\/wp\/v2\/media\/97984894"}],"wp:attachment":[{"href":"https:\/\/acrimat.org.br\/portal\/wp-json\/wp\/v2\/media?parent=97984893"}],"wp:term":[{"taxonomy":"category","embeddable":true,"href":"https:\/\/acrimat.org.br\/portal\/wp-json\/wp\/v2\/categories?post=97984893"},{"taxonomy":"post_tag","embeddable":true,"href":"https:\/\/acrimat.org.br\/portal\/wp-json\/wp\/v2\/tags?post=97984893"}],"curies":[{"name":"wp","href":"https:\/\/api.w.org\/{rel}","templated":true}]}}