{"id":97984896,"date":"2017-11-21T09:51:09","date_gmt":"2017-11-21T12:51:09","guid":{"rendered":"http:\/\/acrimat.org.br\/portal\/?p=97984896"},"modified":"2017-11-21T09:51:09","modified_gmt":"2017-11-21T12:51:09","slug":"confinamento-no-brasil-deve-crescer-5-em-2017","status":"publish","type":"post","link":"https:\/\/acrimat.org.br\/portal\/confinamento-no-brasil-deve-crescer-5-em-2017\/","title":{"rendered":"Confinamento no Brasil deve crescer 5% em 2017"},"content":{"rendered":"<p>O confinamento no Brasil em 2017 dever\u00e1 ter um crescimento de 5%, passando de 3,1 milh\u00f5es de cabe\u00e7as para 3,2 milh\u00f5es de cabe\u00e7a. As informa\u00e7\u00f5es foram divulgadas pela Associa\u00e7\u00e3o Nacional da Pecu\u00e1ria Intensiva (Assocon) nesta quinta-feira, 16.<\/p>\n<p>O gerente-executivo da entidade, Bruno de Jesus Andrade, ressalta que at\u00e9 o m\u00eas mar\u00e7o, quando iniciaram uma s\u00e9rie de eventos que abalaram o setor, como Opera\u00e7\u00e3o Carne Fraca, dela\u00e7\u00f5es da JBS, entre outros, a entidade projetava um crescimento de 10% nos confinamentos.<\/p>\n<p>&#8220;Podemos dizer que em torno de 200 mil animais acabaram deixando de ser confinados, pois o pre\u00e7o da arroba caiu demais. Mesmo com um custo de produ\u00e7\u00e3o mais acess\u00edvel, com a queda no pre\u00e7o do milho, o pecuarista ficou sem refer\u00eancia do que poderia acontecer&#8221;, afirmou<\/p>\n<p>Ele destacou ainda que o setor de carne bovina deve fechar o ano com bons resultados nas exporta\u00e7\u00f5es, buscando uma recupera\u00e7\u00e3o ap\u00f3s um primeiro semestre bastante ruim. &#8220;Houve uma recupera\u00e7\u00e3o nos \u00faltimos meses e, para 2018, a tend\u00eancia \u00e9 de uma continuidade desse movimento&#8221;, sinaliza.<\/p>\n<p>Segundo Andrade, muito embora haja expectativa de uma alta na cota\u00e7\u00e3o do milho, por conta da redu\u00e7\u00e3o na primeira safra, o que pode elevar os custos da atividade e trazer algum impacto, o valor dos animais de reposi\u00e7\u00e3o deve se manter baixo, ainda sendo interessante para o incremento dos confinamentos.<\/p>\n<p>&#8220;Outro fator que tamb\u00e9m pode estimular a atividade no pr\u00f3ximo ano \u00e9 o aumento do consumo dom\u00e9stico de carne bovina, por conta da melhor do cen\u00e1rio econ\u00f4mico do pa\u00eds&#8221;, conclui.<\/p>\n","protected":false},"excerpt":{"rendered":"<p>Confinamento no Brasil em 2017 dever\u00e1 ter um crescimento de 5%, passando de 3,1 milh\u00f5es de cabe\u00e7as para 3,2 milh\u00f5es de cabe\u00e7a<\/p>\n","protected":false},"author":11,"featured_media":97984897,"comment_status":"closed","ping_status":"closed","sticky":false,"template":"","format":"standard","meta":{"footnotes":""},"categories":[6,1],"tags":[],"class_list":["post-97984896","post","type-post","status-publish","format-standard","has-post-thumbnail","hentry","category-destaque","category-noticia"],"yoast_head":"<!-- This site is optimized with the Yoast SEO plugin v24.8.1 - https:\/\/yoast.com\/wordpress\/plugins\/seo\/ -->\n<title>Confinamento no Brasil deve crescer 5% em 2017 - Acrimat<\/title>\n<meta name=\"robots\" content=\"index, follow, max-snippet:-1, max-image-preview:large, max-video-preview:-1\" \/>\n<link rel=\"canonical\" href=\"https:\/\/acrimat.org.br\/portal\/confinamento-no-brasil-deve-crescer-5-em-2017\/\" \/>\n<meta property=\"og:locale\" content=\"pt_BR\" \/>\n<meta property=\"og:type\" content=\"article\" \/>\n<meta property=\"og:title\" content=\"Confinamento no Brasil deve crescer 5% em 2017 - Acrimat\" \/>\n<meta property=\"og:description\" content=\"Confinamento no Brasil em 2017 dever\u00e1 ter um crescimento de 5%, passando de 3,1 milh\u00f5es de cabe\u00e7as para 3,2 milh\u00f5es de cabe\u00e7a\" \/>\n<meta property=\"og:url\" content=\"https:\/\/acrimat.org.br\/portal\/confinamento-no-brasil-deve-crescer-5-em-2017\/\" \/>\n<meta property=\"og:site_name\" content=\"Acrimat\" \/>\n<meta property=\"article:published_time\" content=\"2017-11-21T12:51:09+00:00\" \/>\n<meta property=\"og:image\" content=\"https:\/\/acrimat.org.br\/portal\/wp-content\/uploads\/2017\/11\/confinamento.jpg\" \/>\n\t<meta property=\"og:image:width\" content=\"470\" \/>\n\t<meta property=\"og:image:height\" content=\"353\" \/>\n\t<meta property=\"og:image:type\" content=\"image\/jpeg\" \/>\n<meta name=\"author\" content=\"P\u00e9ricles C\u00e2ndido\" \/>\n<meta name=\"twitter:card\" content=\"summary_large_image\" \/>\n<meta name=\"twitter:label1\" content=\"Escrito por\" \/>\n\t<meta name=\"twitter:data1\" content=\"P\u00e9ricles C\u00e2ndido\" \/>\n\t<meta name=\"twitter:label2\" content=\"Est. tempo de leitura\" \/>\n\t<meta name=\"twitter:data2\" content=\"1 minuto\" \/>\n<script type=\"application\/ld+json\" class=\"yoast-schema-graph\">{\"@context\":\"https:\/\/schema.org\",\"@graph\":[{\"@type\":\"Article\",\"@id\":\"https:\/\/acrimat.org.br\/portal\/confinamento-no-brasil-deve-crescer-5-em-2017\/#article\",\"isPartOf\":{\"@id\":\"https:\/\/acrimat.org.br\/portal\/confinamento-no-brasil-deve-crescer-5-em-2017\/\"},\"author\":{\"name\":\"P\u00e9ricles C\u00e2ndido\",\"@id\":\"https:\/\/acrimat.org.br\/portal\/#\/schema\/person\/18df8bcf6890e924fe5d8b5afd2bec0f\"},\"headline\":\"Confinamento no Brasil deve crescer 5% em 2017\",\"datePublished\":\"2017-11-21T12:51:09+00:00\",\"mainEntityOfPage\":{\"@id\":\"https:\/\/acrimat.org.br\/portal\/confinamento-no-brasil-deve-crescer-5-em-2017\/\"},\"wordCount\":277,\"publisher\":{\"@id\":\"https:\/\/acrimat.org.br\/portal\/#organization\"},\"image\":{\"@id\":\"https:\/\/acrimat.org.br\/portal\/confinamento-no-brasil-deve-crescer-5-em-2017\/#primaryimage\"},\"thumbnailUrl\":\"https:\/\/acrimat.org.br\/portal\/wp-content\/uploads\/2017\/11\/confinamento.jpg\",\"articleSection\":[\"Destaques\",\"Not\u00edcias\"],\"inLanguage\":\"pt-BR\"},{\"@type\":\"WebPage\",\"@id\":\"https:\/\/acrimat.org.br\/portal\/confinamento-no-brasil-deve-crescer-5-em-2017\/\",\"url\":\"https:\/\/acrimat.org.br\/portal\/confinamento-no-brasil-deve-crescer-5-em-2017\/\",\"name\":\"Confinamento no Brasil deve crescer 5% em 2017 - Acrimat\",\"isPartOf\":{\"@id\":\"https:\/\/acrimat.org.br\/portal\/#website\"},\"primaryImageOfPage\":{\"@id\":\"https:\/\/acrimat.org.br\/portal\/confinamento-no-brasil-deve-crescer-5-em-2017\/#primaryimage\"},\"image\":{\"@id\":\"https:\/\/acrimat.org.br\/portal\/confinamento-no-brasil-deve-crescer-5-em-2017\/#primaryimage\"},\"thumbnailUrl\":\"https:\/\/acrimat.org.br\/portal\/wp-content\/uploads\/2017\/11\/confinamento.jpg\",\"datePublished\":\"2017-11-21T12:51:09+00:00\",\"breadcrumb\":{\"@id\":\"https:\/\/acrimat.org.br\/portal\/confinamento-no-brasil-deve-crescer-5-em-2017\/#breadcrumb\"},\"inLanguage\":\"pt-BR\",\"potentialAction\":[{\"@type\":\"ReadAction\",\"target\":[\"https:\/\/acrimat.org.br\/portal\/confinamento-no-brasil-deve-crescer-5-em-2017\/\"]}]},{\"@type\":\"ImageObject\",\"inLanguage\":\"pt-BR\",\"@id\":\"https:\/\/acrimat.org.br\/portal\/confinamento-no-brasil-deve-crescer-5-em-2017\/#primaryimage\",\"url\":\"https:\/\/acrimat.org.br\/portal\/wp-content\/uploads\/2017\/11\/confinamento.jpg\",\"contentUrl\":\"https:\/\/acrimat.org.br\/portal\/wp-content\/uploads\/2017\/11\/confinamento.jpg\",\"width\":470,\"height\":353},{\"@type\":\"BreadcrumbList\",\"@id\":\"https:\/\/acrimat.org.br\/portal\/confinamento-no-brasil-deve-crescer-5-em-2017\/#breadcrumb\",\"itemListElement\":[{\"@type\":\"ListItem\",\"position\":1,\"name\":\"In\u00edcio\",\"item\":\"https:\/\/acrimat.org.br\/portal\/\"},{\"@type\":\"ListItem\",\"position\":2,\"name\":\"Confinamento no Brasil deve crescer 5% em 2017\"}]},{\"@type\":\"WebSite\",\"@id\":\"https:\/\/acrimat.org.br\/portal\/#website\",\"url\":\"https:\/\/acrimat.org.br\/portal\/\",\"name\":\"Acrimat\",\"description\":\"Associa\u00e7\u00e3o dos Criadores de Mato Grosso\",\"publisher\":{\"@id\":\"https:\/\/acrimat.org.br\/portal\/#organization\"},\"potentialAction\":[{\"@type\":\"SearchAction\",\"target\":{\"@type\":\"EntryPoint\",\"urlTemplate\":\"https:\/\/acrimat.org.br\/portal\/?s={search_term_string}\"},\"query-input\":{\"@type\":\"PropertyValueSpecification\",\"valueRequired\":true,\"valueName\":\"search_term_string\"}}],\"inLanguage\":\"pt-BR\"},{\"@type\":\"Organization\",\"@id\":\"https:\/\/acrimat.org.br\/portal\/#organization\",\"name\":\"Associa\u00e7\u00e3o dos Criadores de Mato Grosso\",\"url\":\"https:\/\/acrimat.org.br\/portal\/\",\"logo\":{\"@type\":\"ImageObject\",\"inLanguage\":\"pt-BR\",\"@id\":\"https:\/\/acrimat.org.br\/portal\/#\/schema\/logo\/image\/\",\"url\":\"https:\/\/acrimat.org.br\/portal\/wp-content\/uploads\/2018\/03\/logo-peq-original.png\",\"contentUrl\":\"https:\/\/acrimat.org.br\/portal\/wp-content\/uploads\/2018\/03\/logo-peq-original.png\",\"width\":174,\"height\":171,\"caption\":\"Associa\u00e7\u00e3o dos Criadores de Mato Grosso\"},\"image\":{\"@id\":\"https:\/\/acrimat.org.br\/portal\/#\/schema\/logo\/image\/\"}},{\"@type\":\"Person\",\"@id\":\"https:\/\/acrimat.org.br\/portal\/#\/schema\/person\/18df8bcf6890e924fe5d8b5afd2bec0f\",\"name\":\"P\u00e9ricles C\u00e2ndido\",\"image\":{\"@type\":\"ImageObject\",\"inLanguage\":\"pt-BR\",\"@id\":\"https:\/\/acrimat.org.br\/portal\/#\/schema\/person\/image\/\",\"url\":\"https:\/\/secure.gravatar.com\/avatar\/33e2a2b971dc363ed2df53d0d3bfbd18?s=96&d=mm&r=g\",\"contentUrl\":\"https:\/\/secure.gravatar.com\/avatar\/33e2a2b971dc363ed2df53d0d3bfbd18?s=96&d=mm&r=g\",\"caption\":\"P\u00e9ricles C\u00e2ndido\"},\"sameAs\":[\"ascom@acrimat.org.br\"],\"url\":\"https:\/\/acrimat.org.br\/portal\/author\/designergrafico\/\"}]}<\/script>\n<!-- \/ Yoast SEO plugin. -->","yoast_head_json":{"title":"Confinamento no Brasil deve crescer 5% em 2017 - Acrimat","robots":{"index":"index","follow":"follow","max-snippet":"max-snippet:-1","max-image-preview":"max-image-preview:large","max-video-preview":"max-video-preview:-1"},"canonical":"https:\/\/acrimat.org.br\/portal\/confinamento-no-brasil-deve-crescer-5-em-2017\/","og_locale":"pt_BR","og_type":"article","og_title":"Confinamento no Brasil deve crescer 5% em 2017 - Acrimat","og_description":"Confinamento no Brasil em 2017 dever\u00e1 ter um crescimento de 5%, passando de 3,1 milh\u00f5es de cabe\u00e7as para 3,2 milh\u00f5es de cabe\u00e7a","og_url":"https:\/\/acrimat.org.br\/portal\/confinamento-no-brasil-deve-crescer-5-em-2017\/","og_site_name":"Acrimat","article_published_time":"2017-11-21T12:51:09+00:00","og_image":[{"width":470,"height":353,"url":"https:\/\/acrimat.org.br\/portal\/wp-content\/uploads\/2017\/11\/confinamento.jpg","type":"image\/jpeg"}],"author":"P\u00e9ricles C\u00e2ndido","twitter_card":"summary_large_image","twitter_misc":{"Escrito por":"P\u00e9ricles C\u00e2ndido","Est. tempo de leitura":"1 minuto"},"schema":{"@context":"https:\/\/schema.org","@graph":[{"@type":"Article","@id":"https:\/\/acrimat.org.br\/portal\/confinamento-no-brasil-deve-crescer-5-em-2017\/#article","isPartOf":{"@id":"https:\/\/acrimat.org.br\/portal\/confinamento-no-brasil-deve-crescer-5-em-2017\/"},"author":{"name":"P\u00e9ricles C\u00e2ndido","@id":"https:\/\/acrimat.org.br\/portal\/#\/schema\/person\/18df8bcf6890e924fe5d8b5afd2bec0f"},"headline":"Confinamento no Brasil deve crescer 5% em 2017","datePublished":"2017-11-21T12:51:09+00:00","mainEntityOfPage":{"@id":"https:\/\/acrimat.org.br\/portal\/confinamento-no-brasil-deve-crescer-5-em-2017\/"},"wordCount":277,"publisher":{"@id":"https:\/\/acrimat.org.br\/portal\/#organization"},"image":{"@id":"https:\/\/acrimat.org.br\/portal\/confinamento-no-brasil-deve-crescer-5-em-2017\/#primaryimage"},"thumbnailUrl":"https:\/\/acrimat.org.br\/portal\/wp-content\/uploads\/2017\/11\/confinamento.jpg","articleSection":["Destaques","Not\u00edcias"],"inLanguage":"pt-BR"},{"@type":"WebPage","@id":"https:\/\/acrimat.org.br\/portal\/confinamento-no-brasil-deve-crescer-5-em-2017\/","url":"https:\/\/acrimat.org.br\/portal\/confinamento-no-brasil-deve-crescer-5-em-2017\/","name":"Confinamento no Brasil deve crescer 5% em 2017 - Acrimat","isPartOf":{"@id":"https:\/\/acrimat.org.br\/portal\/#website"},"primaryImageOfPage":{"@id":"https:\/\/acrimat.org.br\/portal\/confinamento-no-brasil-deve-crescer-5-em-2017\/#primaryimage"},"image":{"@id":"https:\/\/acrimat.org.br\/portal\/confinamento-no-brasil-deve-crescer-5-em-2017\/#primaryimage"},"thumbnailUrl":"https:\/\/acrimat.org.br\/portal\/wp-content\/uploads\/2017\/11\/confinamento.jpg","datePublished":"2017-11-21T12:51:09+00:00","breadcrumb":{"@id":"https:\/\/acrimat.org.br\/portal\/confinamento-no-brasil-deve-crescer-5-em-2017\/#breadcrumb"},"inLanguage":"pt-BR","potentialAction":[{"@type":"ReadAction","target":["https:\/\/acrimat.org.br\/portal\/confinamento-no-brasil-deve-crescer-5-em-2017\/"]}]},{"@type":"ImageObject","inLanguage":"pt-BR","@id":"https:\/\/acrimat.org.br\/portal\/confinamento-no-brasil-deve-crescer-5-em-2017\/#primaryimage","url":"https:\/\/acrimat.org.br\/portal\/wp-content\/uploads\/2017\/11\/confinamento.jpg","contentUrl":"https:\/\/acrimat.org.br\/portal\/wp-content\/uploads\/2017\/11\/confinamento.jpg","width":470,"height":353},{"@type":"BreadcrumbList","@id":"https:\/\/acrimat.org.br\/portal\/confinamento-no-brasil-deve-crescer-5-em-2017\/#breadcrumb","itemListElement":[{"@type":"ListItem","position":1,"name":"In\u00edcio","item":"https:\/\/acrimat.org.br\/portal\/"},{"@type":"ListItem","position":2,"name":"Confinamento no Brasil deve crescer 5% em 2017"}]},{"@type":"WebSite","@id":"https:\/\/acrimat.org.br\/portal\/#website","url":"https:\/\/acrimat.org.br\/portal\/","name":"Acrimat","description":"Associa\u00e7\u00e3o dos Criadores de Mato Grosso","publisher":{"@id":"https:\/\/acrimat.org.br\/portal\/#organization"},"potentialAction":[{"@type":"SearchAction","target":{"@type":"EntryPoint","urlTemplate":"https:\/\/acrimat.org.br\/portal\/?s={search_term_string}"},"query-input":{"@type":"PropertyValueSpecification","valueRequired":true,"valueName":"search_term_string"}}],"inLanguage":"pt-BR"},{"@type":"Organization","@id":"https:\/\/acrimat.org.br\/portal\/#organization","name":"Associa\u00e7\u00e3o dos Criadores de Mato Grosso","url":"https:\/\/acrimat.org.br\/portal\/","logo":{"@type":"ImageObject","inLanguage":"pt-BR","@id":"https:\/\/acrimat.org.br\/portal\/#\/schema\/logo\/image\/","url":"https:\/\/acrimat.org.br\/portal\/wp-content\/uploads\/2018\/03\/logo-peq-original.png","contentUrl":"https:\/\/acrimat.org.br\/portal\/wp-content\/uploads\/2018\/03\/logo-peq-original.png","width":174,"height":171,"caption":"Associa\u00e7\u00e3o dos Criadores de Mato Grosso"},"image":{"@id":"https:\/\/acrimat.org.br\/portal\/#\/schema\/logo\/image\/"}},{"@type":"Person","@id":"https:\/\/acrimat.org.br\/portal\/#\/schema\/person\/18df8bcf6890e924fe5d8b5afd2bec0f","name":"P\u00e9ricles C\u00e2ndido","image":{"@type":"ImageObject","inLanguage":"pt-BR","@id":"https:\/\/acrimat.org.br\/portal\/#\/schema\/person\/image\/","url":"https:\/\/secure.gravatar.com\/avatar\/33e2a2b971dc363ed2df53d0d3bfbd18?s=96&d=mm&r=g","contentUrl":"https:\/\/secure.gravatar.com\/avatar\/33e2a2b971dc363ed2df53d0d3bfbd18?s=96&d=mm&r=g","caption":"P\u00e9ricles C\u00e2ndido"},"sameAs":["ascom@acrimat.org.br"],"url":"https:\/\/acrimat.org.br\/portal\/author\/designergrafico\/"}]}},"_links":{"self":[{"href":"https:\/\/acrimat.org.br\/portal\/wp-json\/wp\/v2\/posts\/97984896","targetHints":{"allow":["GET"]}}],"collection":[{"href":"https:\/\/acrimat.org.br\/portal\/wp-json\/wp\/v2\/posts"}],"about":[{"href":"https:\/\/acrimat.org.br\/portal\/wp-json\/wp\/v2\/types\/post"}],"author":[{"embeddable":true,"href":"https:\/\/acrimat.org.br\/portal\/wp-json\/wp\/v2\/users\/11"}],"replies":[{"embeddable":true,"href":"https:\/\/acrimat.org.br\/portal\/wp-json\/wp\/v2\/comments?post=97984896"}],"version-history":[{"count":1,"href":"https:\/\/acrimat.org.br\/portal\/wp-json\/wp\/v2\/posts\/97984896\/revisions"}],"predecessor-version":[{"id":97984898,"href":"https:\/\/acrimat.org.br\/portal\/wp-json\/wp\/v2\/posts\/97984896\/revisions\/97984898"}],"wp:featuredmedia":[{"embeddable":true,"href":"https:\/\/acrimat.org.br\/portal\/wp-json\/wp\/v2\/media\/97984897"}],"wp:attachment":[{"href":"https:\/\/acrimat.org.br\/portal\/wp-json\/wp\/v2\/media?parent=97984896"}],"wp:term":[{"taxonomy":"category","embeddable":true,"href":"https:\/\/acrimat.org.br\/portal\/wp-json\/wp\/v2\/categories?post=97984896"},{"taxonomy":"post_tag","embeddable":true,"href":"https:\/\/acrimat.org.br\/portal\/wp-json\/wp\/v2\/tags?post=97984896"}],"curies":[{"name":"wp","href":"https:\/\/api.w.org\/{rel}","templated":true}]}}