{"id":97984913,"date":"2017-11-22T08:20:37","date_gmt":"2017-11-22T11:20:37","guid":{"rendered":"http:\/\/acrimat.org.br\/portal\/?p=97984913"},"modified":"2017-11-22T08:35:56","modified_gmt":"2017-11-22T11:35:56","slug":"br-163-obras-serao-retomadas-com-reprogramacao-de-investimentos","status":"publish","type":"post","link":"https:\/\/acrimat.org.br\/portal\/br-163-obras-serao-retomadas-com-reprogramacao-de-investimentos\/","title":{"rendered":"BR-163: Obras ser\u00e3o retomadas com reprograma\u00e7\u00e3o de investimentos"},"content":{"rendered":"<p>A garantia foi dada pelo ministro dos Transportes, Maur\u00edcio Quintella, durante mesa redonda da Comiss\u00e3o de Agricultura, Pecu\u00e1ria, Abastecimento e Desenvolvimento Rural realizada na cidade de Sinop nesta ter\u00e7a-feira (21). O debate foi requerido pelo deputado federal Nilson Leit\u00e3o (PSDB\/MT) insatisfeito com o ritmo de trabalho de concession\u00e1ria Rota do Oeste, respons\u00e1vel por 850 km da rodovia federal que \u00e9 o principal corredor de escoamento da produ\u00e7\u00e3o mato-grossense.<\/p>\n<p>A empresa que \u00e9 um dos bra\u00e7os da Odebrecht, assumiu a concess\u00e3o da rodovia no primeiro semestre de 2014 com o compromisso de investir R$ 6,8 bilh\u00f5es ao longo dos 30 anos da concess\u00e3o. Pouco mais da metade do recurso, R$ 3,9 bi, deveriam ser investidos nos primeiros cinco anos. At\u00e9 agora, no entanto, o investimento chegou a R$ 1,7 bi, incluindo a recupera\u00e7\u00e3o de parte da malha vi\u00e1ria e a duplica\u00e7\u00e3o de 117 km na regi\u00e3o Sul do estado.<\/p>\n<p>Segundo a concession\u00e1ria o investimento n\u00e3o foi maior porque ficou dependente de financiamento do BNDES. O banco estatal deixou de investir cerca de 70% dos recursos previstos para obras de infraestrutura por conta da Opera\u00e7\u00e3o Lava Jato que investiga corrup\u00e7\u00e3o envolvendo executivos das empreiteiras e pol\u00edticos, em troca de benef\u00edcios em contratos de obras p\u00fablicas.<\/p>\n<p>O atraso no cronograma de obras j\u00e1 rendeu \u00e0 Rota do Oeste um procedimento administrativo e multas no \u00e2mbito da Agencia Nacional de Transportes Terrestres (ANTT). Segundo o diretor-geral do \u00f3rg\u00e3o, Jorge Bastos, a empresa j\u00e1 foi chamada a dar as explica\u00e7\u00f5es sobre as inconformidades contratuais e apresentar uma sa\u00edda, como a troca do controle societ\u00e1rio, por exemplo, ou solu\u00e7\u00e3o alternativa, que garanta a empresa o acesso a recursos para continuidade das obras.<\/p>\n<p>O ministro Maur\u00edcio Quintella lembrou que ao assumir o minist\u00e9rio encontrou um quadro de total desiquil\u00edbrio, com obras paralisadas e as concession\u00e1rias reclamando de dificuldades financeiras. A sa\u00edda, segundo ele, deve ser a MP 800 que estabelece as diretrizes para repactua\u00e7\u00e3o dos contratos e a reprograma\u00e7\u00e3o de investimentos em concess\u00f5es rodovi\u00e1rias.<\/p>\n<p>\u201cA concess\u00e3o da BR-163 \u00e9 a melhor concess\u00e3o do Brasil, pelo seu potencial de tr\u00e1fego e agr\u00edcola. O di\u00e1logo com a concession\u00e1ria j\u00e1 foi retomado e esperamos que num curto prazo a situa\u00e7\u00e3o seja normalizada e os investimentos sejam retomados&#8221;, disse Quintella, ressaltando que a Rota do Oeste j\u00e1 demonstrou interesse em fazer a reprograma\u00e7\u00e3o de investimentos.<\/p>\n<p>A Portaria n\u00ba 945 publicada pelo minist\u00e9rio dos Transportes na \u00faltima sexta-feira (17) no Di\u00e1rio Oficial da Uni\u00e3o, apresenta os termos e as condi\u00e7\u00f5es que a Ag\u00eancia Nacional de Transportes Terrestres (ANTT) deve ter para a condu\u00e7\u00e3o dos processos de reprograma\u00e7\u00e3o de investimentos em concess\u00f5es rodovi\u00e1rias federais.<\/p>\n<p>O deputado federal Nilson Leit\u00e3o lembrou o pedido de suspens\u00e3o da cobran\u00e7a de ped\u00e1gio e disse esperar que a medida extrema n\u00e3o seja necess\u00e1ria. \u201cA reclama\u00e7\u00e3o de quem paga esse ped\u00e1gio \u00e9 muito grande porque n\u00e3o v\u00ea o resultado do trabalho, mas a boa not\u00edcia que o ministro nos deu \u00e9 que algo ser\u00e1 feito. N\u00e3o podemos continuar a pagar aquilo que n\u00e3o tem obra. Espero que n\u00e3o chegue at\u00e9 l\u00e1. Espero que o problema seja corrigido antes da suspens\u00e3o do ped\u00e1gio, que pode ser feita por liminar. A atua\u00e7\u00e3o e a atitude do ministro podem resolver todo esse problema e \u00e9 por isso que ele esteve aqui conosco\u201d, disse o parlamentar.<\/p>\n<p>Ainda durante o debate a prefeita de Sinop, Rosana Martinelli, entregou ao ministro um estudo t\u00e9cnico indicando a necessidade e os locais de constru\u00e7\u00e3o de viadutos e travessias, al\u00e9m da continuidade da duplica\u00e7\u00e3o da BR entre o parque de exposi\u00e7\u00f5es e o Camping Clube, e a ilumina\u00e7\u00e3o do trecho.<\/p>\n","protected":false},"excerpt":{"rendered":"<p>Promessa foi feita pelo Ministro dos Transportes, Maur\u00edcio Quintella, nesta ter\u00e7a (21) durante mesa redonda em Sinop<\/p>\n","protected":false},"author":11,"featured_media":97984914,"comment_status":"closed","ping_status":"closed","sticky":false,"template":"","format":"standard","meta":{"footnotes":""},"categories":[6,1],"tags":[],"class_list":["post-97984913","post","type-post","status-publish","format-standard","has-post-thumbnail","hentry","category-destaque","category-noticia"],"yoast_head":"<!-- This site is optimized with the Yoast SEO plugin v24.8.1 - https:\/\/yoast.com\/wordpress\/plugins\/seo\/ -->\n<title>BR-163: Obras ser\u00e3o retomadas com reprograma\u00e7\u00e3o de investimentos - Acrimat<\/title>\n<meta name=\"robots\" content=\"index, follow, max-snippet:-1, max-image-preview:large, max-video-preview:-1\" \/>\n<link rel=\"canonical\" href=\"https:\/\/acrimat.org.br\/portal\/br-163-obras-serao-retomadas-com-reprogramacao-de-investimentos\/\" \/>\n<meta property=\"og:locale\" content=\"pt_BR\" \/>\n<meta property=\"og:type\" content=\"article\" \/>\n<meta property=\"og:title\" content=\"BR-163: Obras ser\u00e3o retomadas com reprograma\u00e7\u00e3o de investimentos - Acrimat\" \/>\n<meta property=\"og:description\" content=\"Promessa foi feita pelo Ministro dos Transportes, Maur\u00edcio Quintella, nesta ter\u00e7a (21) durante mesa redonda em Sinop\" \/>\n<meta property=\"og:url\" content=\"https:\/\/acrimat.org.br\/portal\/br-163-obras-serao-retomadas-com-reprogramacao-de-investimentos\/\" \/>\n<meta property=\"og:site_name\" content=\"Acrimat\" \/>\n<meta property=\"article:published_time\" content=\"2017-11-22T11:20:37+00:00\" \/>\n<meta property=\"article:modified_time\" content=\"2017-11-22T11:35:56+00:00\" \/>\n<meta property=\"og:image\" content=\"https:\/\/acrimat.org.br\/portal\/wp-content\/uploads\/2017\/11\/df8b74c61718c01fb74d6d4369564df6.jpg\" \/>\n\t<meta property=\"og:image:width\" content=\"225\" \/>\n\t<meta property=\"og:image:height\" content=\"150\" \/>\n\t<meta property=\"og:image:type\" content=\"image\/jpeg\" \/>\n<meta name=\"author\" content=\"P\u00e9ricles C\u00e2ndido\" \/>\n<meta name=\"twitter:card\" content=\"summary_large_image\" \/>\n<meta name=\"twitter:label1\" content=\"Escrito por\" \/>\n\t<meta name=\"twitter:data1\" content=\"P\u00e9ricles C\u00e2ndido\" \/>\n\t<meta name=\"twitter:label2\" content=\"Est. tempo de leitura\" \/>\n\t<meta name=\"twitter:data2\" content=\"3 minutos\" \/>\n<script type=\"application\/ld+json\" class=\"yoast-schema-graph\">{\"@context\":\"https:\/\/schema.org\",\"@graph\":[{\"@type\":\"Article\",\"@id\":\"https:\/\/acrimat.org.br\/portal\/br-163-obras-serao-retomadas-com-reprogramacao-de-investimentos\/#article\",\"isPartOf\":{\"@id\":\"https:\/\/acrimat.org.br\/portal\/br-163-obras-serao-retomadas-com-reprogramacao-de-investimentos\/\"},\"author\":{\"name\":\"P\u00e9ricles C\u00e2ndido\",\"@id\":\"https:\/\/acrimat.org.br\/portal\/#\/schema\/person\/18df8bcf6890e924fe5d8b5afd2bec0f\"},\"headline\":\"BR-163: Obras ser\u00e3o retomadas com reprograma\u00e7\u00e3o de investimentos\",\"datePublished\":\"2017-11-22T11:20:37+00:00\",\"dateModified\":\"2017-11-22T11:35:56+00:00\",\"mainEntityOfPage\":{\"@id\":\"https:\/\/acrimat.org.br\/portal\/br-163-obras-serao-retomadas-com-reprogramacao-de-investimentos\/\"},\"wordCount\":660,\"publisher\":{\"@id\":\"https:\/\/acrimat.org.br\/portal\/#organization\"},\"image\":{\"@id\":\"https:\/\/acrimat.org.br\/portal\/br-163-obras-serao-retomadas-com-reprogramacao-de-investimentos\/#primaryimage\"},\"thumbnailUrl\":\"https:\/\/acrimat.org.br\/portal\/wp-content\/uploads\/2017\/11\/df8b74c61718c01fb74d6d4369564df6.jpg\",\"articleSection\":[\"Destaques\",\"Not\u00edcias\"],\"inLanguage\":\"pt-BR\"},{\"@type\":\"WebPage\",\"@id\":\"https:\/\/acrimat.org.br\/portal\/br-163-obras-serao-retomadas-com-reprogramacao-de-investimentos\/\",\"url\":\"https:\/\/acrimat.org.br\/portal\/br-163-obras-serao-retomadas-com-reprogramacao-de-investimentos\/\",\"name\":\"BR-163: Obras ser\u00e3o retomadas com reprograma\u00e7\u00e3o de investimentos - Acrimat\",\"isPartOf\":{\"@id\":\"https:\/\/acrimat.org.br\/portal\/#website\"},\"primaryImageOfPage\":{\"@id\":\"https:\/\/acrimat.org.br\/portal\/br-163-obras-serao-retomadas-com-reprogramacao-de-investimentos\/#primaryimage\"},\"image\":{\"@id\":\"https:\/\/acrimat.org.br\/portal\/br-163-obras-serao-retomadas-com-reprogramacao-de-investimentos\/#primaryimage\"},\"thumbnailUrl\":\"https:\/\/acrimat.org.br\/portal\/wp-content\/uploads\/2017\/11\/df8b74c61718c01fb74d6d4369564df6.jpg\",\"datePublished\":\"2017-11-22T11:20:37+00:00\",\"dateModified\":\"2017-11-22T11:35:56+00:00\",\"breadcrumb\":{\"@id\":\"https:\/\/acrimat.org.br\/portal\/br-163-obras-serao-retomadas-com-reprogramacao-de-investimentos\/#breadcrumb\"},\"inLanguage\":\"pt-BR\",\"potentialAction\":[{\"@type\":\"ReadAction\",\"target\":[\"https:\/\/acrimat.org.br\/portal\/br-163-obras-serao-retomadas-com-reprogramacao-de-investimentos\/\"]}]},{\"@type\":\"ImageObject\",\"inLanguage\":\"pt-BR\",\"@id\":\"https:\/\/acrimat.org.br\/portal\/br-163-obras-serao-retomadas-com-reprogramacao-de-investimentos\/#primaryimage\",\"url\":\"https:\/\/acrimat.org.br\/portal\/wp-content\/uploads\/2017\/11\/df8b74c61718c01fb74d6d4369564df6.jpg\",\"contentUrl\":\"https:\/\/acrimat.org.br\/portal\/wp-content\/uploads\/2017\/11\/df8b74c61718c01fb74d6d4369564df6.jpg\",\"width\":225,\"height\":150},{\"@type\":\"BreadcrumbList\",\"@id\":\"https:\/\/acrimat.org.br\/portal\/br-163-obras-serao-retomadas-com-reprogramacao-de-investimentos\/#breadcrumb\",\"itemListElement\":[{\"@type\":\"ListItem\",\"position\":1,\"name\":\"In\u00edcio\",\"item\":\"https:\/\/acrimat.org.br\/portal\/\"},{\"@type\":\"ListItem\",\"position\":2,\"name\":\"BR-163: Obras ser\u00e3o retomadas com reprograma\u00e7\u00e3o de investimentos\"}]},{\"@type\":\"WebSite\",\"@id\":\"https:\/\/acrimat.org.br\/portal\/#website\",\"url\":\"https:\/\/acrimat.org.br\/portal\/\",\"name\":\"Acrimat\",\"description\":\"Associa\u00e7\u00e3o dos Criadores de Mato Grosso\",\"publisher\":{\"@id\":\"https:\/\/acrimat.org.br\/portal\/#organization\"},\"potentialAction\":[{\"@type\":\"SearchAction\",\"target\":{\"@type\":\"EntryPoint\",\"urlTemplate\":\"https:\/\/acrimat.org.br\/portal\/?s={search_term_string}\"},\"query-input\":{\"@type\":\"PropertyValueSpecification\",\"valueRequired\":true,\"valueName\":\"search_term_string\"}}],\"inLanguage\":\"pt-BR\"},{\"@type\":\"Organization\",\"@id\":\"https:\/\/acrimat.org.br\/portal\/#organization\",\"name\":\"Associa\u00e7\u00e3o dos Criadores de Mato Grosso\",\"url\":\"https:\/\/acrimat.org.br\/portal\/\",\"logo\":{\"@type\":\"ImageObject\",\"inLanguage\":\"pt-BR\",\"@id\":\"https:\/\/acrimat.org.br\/portal\/#\/schema\/logo\/image\/\",\"url\":\"https:\/\/acrimat.org.br\/portal\/wp-content\/uploads\/2018\/03\/logo-peq-original.png\",\"contentUrl\":\"https:\/\/acrimat.org.br\/portal\/wp-content\/uploads\/2018\/03\/logo-peq-original.png\",\"width\":174,\"height\":171,\"caption\":\"Associa\u00e7\u00e3o dos Criadores de Mato Grosso\"},\"image\":{\"@id\":\"https:\/\/acrimat.org.br\/portal\/#\/schema\/logo\/image\/\"}},{\"@type\":\"Person\",\"@id\":\"https:\/\/acrimat.org.br\/portal\/#\/schema\/person\/18df8bcf6890e924fe5d8b5afd2bec0f\",\"name\":\"P\u00e9ricles C\u00e2ndido\",\"image\":{\"@type\":\"ImageObject\",\"inLanguage\":\"pt-BR\",\"@id\":\"https:\/\/acrimat.org.br\/portal\/#\/schema\/person\/image\/\",\"url\":\"https:\/\/secure.gravatar.com\/avatar\/33e2a2b971dc363ed2df53d0d3bfbd18?s=96&d=mm&r=g\",\"contentUrl\":\"https:\/\/secure.gravatar.com\/avatar\/33e2a2b971dc363ed2df53d0d3bfbd18?s=96&d=mm&r=g\",\"caption\":\"P\u00e9ricles C\u00e2ndido\"},\"sameAs\":[\"ascom@acrimat.org.br\"],\"url\":\"https:\/\/acrimat.org.br\/portal\/author\/designergrafico\/\"}]}<\/script>\n<!-- \/ Yoast SEO plugin. -->","yoast_head_json":{"title":"BR-163: Obras ser\u00e3o retomadas com reprograma\u00e7\u00e3o de investimentos - Acrimat","robots":{"index":"index","follow":"follow","max-snippet":"max-snippet:-1","max-image-preview":"max-image-preview:large","max-video-preview":"max-video-preview:-1"},"canonical":"https:\/\/acrimat.org.br\/portal\/br-163-obras-serao-retomadas-com-reprogramacao-de-investimentos\/","og_locale":"pt_BR","og_type":"article","og_title":"BR-163: Obras ser\u00e3o retomadas com reprograma\u00e7\u00e3o de investimentos - Acrimat","og_description":"Promessa foi feita pelo Ministro dos Transportes, Maur\u00edcio Quintella, nesta ter\u00e7a (21) durante mesa redonda em Sinop","og_url":"https:\/\/acrimat.org.br\/portal\/br-163-obras-serao-retomadas-com-reprogramacao-de-investimentos\/","og_site_name":"Acrimat","article_published_time":"2017-11-22T11:20:37+00:00","article_modified_time":"2017-11-22T11:35:56+00:00","og_image":[{"width":225,"height":150,"url":"https:\/\/acrimat.org.br\/portal\/wp-content\/uploads\/2017\/11\/df8b74c61718c01fb74d6d4369564df6.jpg","type":"image\/jpeg"}],"author":"P\u00e9ricles C\u00e2ndido","twitter_card":"summary_large_image","twitter_misc":{"Escrito por":"P\u00e9ricles C\u00e2ndido","Est. tempo de leitura":"3 minutos"},"schema":{"@context":"https:\/\/schema.org","@graph":[{"@type":"Article","@id":"https:\/\/acrimat.org.br\/portal\/br-163-obras-serao-retomadas-com-reprogramacao-de-investimentos\/#article","isPartOf":{"@id":"https:\/\/acrimat.org.br\/portal\/br-163-obras-serao-retomadas-com-reprogramacao-de-investimentos\/"},"author":{"name":"P\u00e9ricles C\u00e2ndido","@id":"https:\/\/acrimat.org.br\/portal\/#\/schema\/person\/18df8bcf6890e924fe5d8b5afd2bec0f"},"headline":"BR-163: Obras ser\u00e3o retomadas com reprograma\u00e7\u00e3o de investimentos","datePublished":"2017-11-22T11:20:37+00:00","dateModified":"2017-11-22T11:35:56+00:00","mainEntityOfPage":{"@id":"https:\/\/acrimat.org.br\/portal\/br-163-obras-serao-retomadas-com-reprogramacao-de-investimentos\/"},"wordCount":660,"publisher":{"@id":"https:\/\/acrimat.org.br\/portal\/#organization"},"image":{"@id":"https:\/\/acrimat.org.br\/portal\/br-163-obras-serao-retomadas-com-reprogramacao-de-investimentos\/#primaryimage"},"thumbnailUrl":"https:\/\/acrimat.org.br\/portal\/wp-content\/uploads\/2017\/11\/df8b74c61718c01fb74d6d4369564df6.jpg","articleSection":["Destaques","Not\u00edcias"],"inLanguage":"pt-BR"},{"@type":"WebPage","@id":"https:\/\/acrimat.org.br\/portal\/br-163-obras-serao-retomadas-com-reprogramacao-de-investimentos\/","url":"https:\/\/acrimat.org.br\/portal\/br-163-obras-serao-retomadas-com-reprogramacao-de-investimentos\/","name":"BR-163: Obras ser\u00e3o retomadas com reprograma\u00e7\u00e3o de investimentos - Acrimat","isPartOf":{"@id":"https:\/\/acrimat.org.br\/portal\/#website"},"primaryImageOfPage":{"@id":"https:\/\/acrimat.org.br\/portal\/br-163-obras-serao-retomadas-com-reprogramacao-de-investimentos\/#primaryimage"},"image":{"@id":"https:\/\/acrimat.org.br\/portal\/br-163-obras-serao-retomadas-com-reprogramacao-de-investimentos\/#primaryimage"},"thumbnailUrl":"https:\/\/acrimat.org.br\/portal\/wp-content\/uploads\/2017\/11\/df8b74c61718c01fb74d6d4369564df6.jpg","datePublished":"2017-11-22T11:20:37+00:00","dateModified":"2017-11-22T11:35:56+00:00","breadcrumb":{"@id":"https:\/\/acrimat.org.br\/portal\/br-163-obras-serao-retomadas-com-reprogramacao-de-investimentos\/#breadcrumb"},"inLanguage":"pt-BR","potentialAction":[{"@type":"ReadAction","target":["https:\/\/acrimat.org.br\/portal\/br-163-obras-serao-retomadas-com-reprogramacao-de-investimentos\/"]}]},{"@type":"ImageObject","inLanguage":"pt-BR","@id":"https:\/\/acrimat.org.br\/portal\/br-163-obras-serao-retomadas-com-reprogramacao-de-investimentos\/#primaryimage","url":"https:\/\/acrimat.org.br\/portal\/wp-content\/uploads\/2017\/11\/df8b74c61718c01fb74d6d4369564df6.jpg","contentUrl":"https:\/\/acrimat.org.br\/portal\/wp-content\/uploads\/2017\/11\/df8b74c61718c01fb74d6d4369564df6.jpg","width":225,"height":150},{"@type":"BreadcrumbList","@id":"https:\/\/acrimat.org.br\/portal\/br-163-obras-serao-retomadas-com-reprogramacao-de-investimentos\/#breadcrumb","itemListElement":[{"@type":"ListItem","position":1,"name":"In\u00edcio","item":"https:\/\/acrimat.org.br\/portal\/"},{"@type":"ListItem","position":2,"name":"BR-163: Obras ser\u00e3o retomadas com reprograma\u00e7\u00e3o de investimentos"}]},{"@type":"WebSite","@id":"https:\/\/acrimat.org.br\/portal\/#website","url":"https:\/\/acrimat.org.br\/portal\/","name":"Acrimat","description":"Associa\u00e7\u00e3o dos Criadores de Mato Grosso","publisher":{"@id":"https:\/\/acrimat.org.br\/portal\/#organization"},"potentialAction":[{"@type":"SearchAction","target":{"@type":"EntryPoint","urlTemplate":"https:\/\/acrimat.org.br\/portal\/?s={search_term_string}"},"query-input":{"@type":"PropertyValueSpecification","valueRequired":true,"valueName":"search_term_string"}}],"inLanguage":"pt-BR"},{"@type":"Organization","@id":"https:\/\/acrimat.org.br\/portal\/#organization","name":"Associa\u00e7\u00e3o dos Criadores de Mato Grosso","url":"https:\/\/acrimat.org.br\/portal\/","logo":{"@type":"ImageObject","inLanguage":"pt-BR","@id":"https:\/\/acrimat.org.br\/portal\/#\/schema\/logo\/image\/","url":"https:\/\/acrimat.org.br\/portal\/wp-content\/uploads\/2018\/03\/logo-peq-original.png","contentUrl":"https:\/\/acrimat.org.br\/portal\/wp-content\/uploads\/2018\/03\/logo-peq-original.png","width":174,"height":171,"caption":"Associa\u00e7\u00e3o dos Criadores de Mato Grosso"},"image":{"@id":"https:\/\/acrimat.org.br\/portal\/#\/schema\/logo\/image\/"}},{"@type":"Person","@id":"https:\/\/acrimat.org.br\/portal\/#\/schema\/person\/18df8bcf6890e924fe5d8b5afd2bec0f","name":"P\u00e9ricles C\u00e2ndido","image":{"@type":"ImageObject","inLanguage":"pt-BR","@id":"https:\/\/acrimat.org.br\/portal\/#\/schema\/person\/image\/","url":"https:\/\/secure.gravatar.com\/avatar\/33e2a2b971dc363ed2df53d0d3bfbd18?s=96&d=mm&r=g","contentUrl":"https:\/\/secure.gravatar.com\/avatar\/33e2a2b971dc363ed2df53d0d3bfbd18?s=96&d=mm&r=g","caption":"P\u00e9ricles C\u00e2ndido"},"sameAs":["ascom@acrimat.org.br"],"url":"https:\/\/acrimat.org.br\/portal\/author\/designergrafico\/"}]}},"_links":{"self":[{"href":"https:\/\/acrimat.org.br\/portal\/wp-json\/wp\/v2\/posts\/97984913","targetHints":{"allow":["GET"]}}],"collection":[{"href":"https:\/\/acrimat.org.br\/portal\/wp-json\/wp\/v2\/posts"}],"about":[{"href":"https:\/\/acrimat.org.br\/portal\/wp-json\/wp\/v2\/types\/post"}],"author":[{"embeddable":true,"href":"https:\/\/acrimat.org.br\/portal\/wp-json\/wp\/v2\/users\/11"}],"replies":[{"embeddable":true,"href":"https:\/\/acrimat.org.br\/portal\/wp-json\/wp\/v2\/comments?post=97984913"}],"version-history":[{"count":1,"href":"https:\/\/acrimat.org.br\/portal\/wp-json\/wp\/v2\/posts\/97984913\/revisions"}],"predecessor-version":[{"id":97984915,"href":"https:\/\/acrimat.org.br\/portal\/wp-json\/wp\/v2\/posts\/97984913\/revisions\/97984915"}],"wp:featuredmedia":[{"embeddable":true,"href":"https:\/\/acrimat.org.br\/portal\/wp-json\/wp\/v2\/media\/97984914"}],"wp:attachment":[{"href":"https:\/\/acrimat.org.br\/portal\/wp-json\/wp\/v2\/media?parent=97984913"}],"wp:term":[{"taxonomy":"category","embeddable":true,"href":"https:\/\/acrimat.org.br\/portal\/wp-json\/wp\/v2\/categories?post=97984913"},{"taxonomy":"post_tag","embeddable":true,"href":"https:\/\/acrimat.org.br\/portal\/wp-json\/wp\/v2\/tags?post=97984913"}],"curies":[{"name":"wp","href":"https:\/\/api.w.org\/{rel}","templated":true}]}}