{"id":97984919,"date":"2017-11-22T08:38:22","date_gmt":"2017-11-22T11:38:22","guid":{"rendered":"http:\/\/acrimat.org.br\/portal\/?p=97984919"},"modified":"2017-11-22T08:40:05","modified_gmt":"2017-11-22T11:40:05","slug":"abiec-espera-reversao-rapida-de-suspensao-russa-a-carne-bovina-brasileira","status":"publish","type":"post","link":"https:\/\/acrimat.org.br\/portal\/abiec-espera-reversao-rapida-de-suspensao-russa-a-carne-bovina-brasileira\/","title":{"rendered":"Abiec espera revers\u00e3o r\u00e1pida de suspens\u00e3o russa \u00e0 carne bovina brasileira"},"content":{"rendered":"<p>O presidente da Associa\u00e7\u00e3o Brasileira das Ind\u00fastrias Exportadoras de Carnes (Abiec), Antonio Camardelli, disse esperar que seja revertida rapidamente a suspens\u00e3o, pela R\u00fassia, das compras de carne bovina brasileira. Ele afirmou que a produ\u00e7\u00e3o de carne bovina est\u00e1 livre da racptopamina. \u201cA \u00faltima notifica\u00e7\u00e3o que recebemos sobre a subst\u00e2ncia foi em 2013\u201d, afirmou ao Broadcast Agro, servi\u00e7o de not\u00edcias em tempo real do Grupo Estado.<\/p>\n<p>De acordo com Camardelli, a subst\u00e2ncia \u2013 apontada pela R\u00fassia como um dos motivos para o embargo \u2013 n\u00e3o \u00e9 usada no Brasil na produ\u00e7\u00e3o de carne bovina, diferentemente do que acontece na suinocultura. Por isso, acredita que o imbr\u00f3glio seja rapidamente resolvido. \u201cMesmo n\u00e3o sendo utilizada na bovinocultura efetuamos an\u00e1lises regularmente para detectar a presen\u00e7a da subst\u00e2ncia\u201d, afirmou.<\/p>\n<p>Camardelli acredita que, mesmo se o embargo for mantido, o efeito para as exporta\u00e7\u00f5es de carne bovina deve ser pequeno, j\u00e1 que, segundo ele, tradicionalmente nesta \u00e9poca do ano os russos reduzem as importa\u00e7\u00f5es devido ao congelamento dos portos locais.<\/p>\n<p>De acordo com ele, os embarques para o pa\u00eds em novembro devem manter ao ritmo do ano. \u201cAt\u00e9 o dia 12, embarcamos 6 mil toneladas \u201c, afirmou.<\/p>\n<p>Em 2017, o Brasil embarcou, por m\u00eas, uma m\u00e9dia de 12 mil toneladas de carne bovina in natura para os russos.<\/p>\n","protected":false},"excerpt":{"rendered":"<p>Camardelli acredita que, mesmo se o embargo for mantido, o efeito para as exporta\u00e7\u00f5es de carne bovina deve ser pequeno<\/p>\n","protected":false},"author":11,"featured_media":97984922,"comment_status":"closed","ping_status":"closed","sticky":false,"template":"","format":"standard","meta":{"footnotes":""},"categories":[6,1],"tags":[],"class_list":["post-97984919","post","type-post","status-publish","format-standard","has-post-thumbnail","hentry","category-destaque","category-noticia"],"yoast_head":"<!-- This site is optimized with the Yoast SEO plugin v24.8.1 - https:\/\/yoast.com\/wordpress\/plugins\/seo\/ -->\n<title>Abiec espera revers\u00e3o r\u00e1pida de suspens\u00e3o russa \u00e0 carne bovina brasileira - Acrimat<\/title>\n<meta name=\"robots\" content=\"index, follow, max-snippet:-1, max-image-preview:large, max-video-preview:-1\" \/>\n<link rel=\"canonical\" href=\"https:\/\/acrimat.org.br\/portal\/abiec-espera-reversao-rapida-de-suspensao-russa-a-carne-bovina-brasileira\/\" \/>\n<meta property=\"og:locale\" content=\"pt_BR\" \/>\n<meta property=\"og:type\" content=\"article\" \/>\n<meta property=\"og:title\" content=\"Abiec espera revers\u00e3o r\u00e1pida de suspens\u00e3o russa \u00e0 carne bovina brasileira - Acrimat\" \/>\n<meta property=\"og:description\" content=\"Camardelli acredita que, mesmo se o embargo for mantido, o efeito para as exporta\u00e7\u00f5es de carne bovina deve ser pequeno\" \/>\n<meta property=\"og:url\" content=\"https:\/\/acrimat.org.br\/portal\/abiec-espera-reversao-rapida-de-suspensao-russa-a-carne-bovina-brasileira\/\" \/>\n<meta property=\"og:site_name\" content=\"Acrimat\" \/>\n<meta property=\"article:published_time\" content=\"2017-11-22T11:38:22+00:00\" \/>\n<meta property=\"article:modified_time\" content=\"2017-11-22T11:40:05+00:00\" \/>\n<meta property=\"og:image\" content=\"https:\/\/acrimat.org.br\/portal\/wp-content\/uploads\/2017\/11\/frigorifico4-1.jpg\" \/>\n\t<meta property=\"og:image:width\" content=\"640\" \/>\n\t<meta property=\"og:image:height\" content=\"440\" \/>\n\t<meta property=\"og:image:type\" content=\"image\/jpeg\" \/>\n<meta name=\"author\" content=\"P\u00e9ricles C\u00e2ndido\" \/>\n<meta name=\"twitter:card\" content=\"summary_large_image\" \/>\n<meta name=\"twitter:label1\" content=\"Escrito por\" \/>\n\t<meta name=\"twitter:data1\" content=\"P\u00e9ricles C\u00e2ndido\" \/>\n\t<meta name=\"twitter:label2\" content=\"Est. tempo de leitura\" \/>\n\t<meta name=\"twitter:data2\" content=\"1 minuto\" \/>\n<script type=\"application\/ld+json\" class=\"yoast-schema-graph\">{\"@context\":\"https:\/\/schema.org\",\"@graph\":[{\"@type\":\"Article\",\"@id\":\"https:\/\/acrimat.org.br\/portal\/abiec-espera-reversao-rapida-de-suspensao-russa-a-carne-bovina-brasileira\/#article\",\"isPartOf\":{\"@id\":\"https:\/\/acrimat.org.br\/portal\/abiec-espera-reversao-rapida-de-suspensao-russa-a-carne-bovina-brasileira\/\"},\"author\":{\"name\":\"P\u00e9ricles C\u00e2ndido\",\"@id\":\"https:\/\/acrimat.org.br\/portal\/#\/schema\/person\/18df8bcf6890e924fe5d8b5afd2bec0f\"},\"headline\":\"Abiec espera revers\u00e3o r\u00e1pida de suspens\u00e3o russa \u00e0 carne bovina brasileira\",\"datePublished\":\"2017-11-22T11:38:22+00:00\",\"dateModified\":\"2017-11-22T11:40:05+00:00\",\"mainEntityOfPage\":{\"@id\":\"https:\/\/acrimat.org.br\/portal\/abiec-espera-reversao-rapida-de-suspensao-russa-a-carne-bovina-brasileira\/\"},\"wordCount\":239,\"publisher\":{\"@id\":\"https:\/\/acrimat.org.br\/portal\/#organization\"},\"image\":{\"@id\":\"https:\/\/acrimat.org.br\/portal\/abiec-espera-reversao-rapida-de-suspensao-russa-a-carne-bovina-brasileira\/#primaryimage\"},\"thumbnailUrl\":\"https:\/\/acrimat.org.br\/portal\/wp-content\/uploads\/2017\/11\/frigorifico4-1.jpg\",\"articleSection\":[\"Destaques\",\"Not\u00edcias\"],\"inLanguage\":\"pt-BR\"},{\"@type\":\"WebPage\",\"@id\":\"https:\/\/acrimat.org.br\/portal\/abiec-espera-reversao-rapida-de-suspensao-russa-a-carne-bovina-brasileira\/\",\"url\":\"https:\/\/acrimat.org.br\/portal\/abiec-espera-reversao-rapida-de-suspensao-russa-a-carne-bovina-brasileira\/\",\"name\":\"Abiec espera revers\u00e3o r\u00e1pida de suspens\u00e3o russa \u00e0 carne bovina brasileira - Acrimat\",\"isPartOf\":{\"@id\":\"https:\/\/acrimat.org.br\/portal\/#website\"},\"primaryImageOfPage\":{\"@id\":\"https:\/\/acrimat.org.br\/portal\/abiec-espera-reversao-rapida-de-suspensao-russa-a-carne-bovina-brasileira\/#primaryimage\"},\"image\":{\"@id\":\"https:\/\/acrimat.org.br\/portal\/abiec-espera-reversao-rapida-de-suspensao-russa-a-carne-bovina-brasileira\/#primaryimage\"},\"thumbnailUrl\":\"https:\/\/acrimat.org.br\/portal\/wp-content\/uploads\/2017\/11\/frigorifico4-1.jpg\",\"datePublished\":\"2017-11-22T11:38:22+00:00\",\"dateModified\":\"2017-11-22T11:40:05+00:00\",\"breadcrumb\":{\"@id\":\"https:\/\/acrimat.org.br\/portal\/abiec-espera-reversao-rapida-de-suspensao-russa-a-carne-bovina-brasileira\/#breadcrumb\"},\"inLanguage\":\"pt-BR\",\"potentialAction\":[{\"@type\":\"ReadAction\",\"target\":[\"https:\/\/acrimat.org.br\/portal\/abiec-espera-reversao-rapida-de-suspensao-russa-a-carne-bovina-brasileira\/\"]}]},{\"@type\":\"ImageObject\",\"inLanguage\":\"pt-BR\",\"@id\":\"https:\/\/acrimat.org.br\/portal\/abiec-espera-reversao-rapida-de-suspensao-russa-a-carne-bovina-brasileira\/#primaryimage\",\"url\":\"https:\/\/acrimat.org.br\/portal\/wp-content\/uploads\/2017\/11\/frigorifico4-1.jpg\",\"contentUrl\":\"https:\/\/acrimat.org.br\/portal\/wp-content\/uploads\/2017\/11\/frigorifico4-1.jpg\",\"width\":640,\"height\":440},{\"@type\":\"BreadcrumbList\",\"@id\":\"https:\/\/acrimat.org.br\/portal\/abiec-espera-reversao-rapida-de-suspensao-russa-a-carne-bovina-brasileira\/#breadcrumb\",\"itemListElement\":[{\"@type\":\"ListItem\",\"position\":1,\"name\":\"In\u00edcio\",\"item\":\"https:\/\/acrimat.org.br\/portal\/\"},{\"@type\":\"ListItem\",\"position\":2,\"name\":\"Abiec espera revers\u00e3o r\u00e1pida de suspens\u00e3o russa \u00e0 carne bovina brasileira\"}]},{\"@type\":\"WebSite\",\"@id\":\"https:\/\/acrimat.org.br\/portal\/#website\",\"url\":\"https:\/\/acrimat.org.br\/portal\/\",\"name\":\"Acrimat\",\"description\":\"Associa\u00e7\u00e3o dos Criadores de Mato Grosso\",\"publisher\":{\"@id\":\"https:\/\/acrimat.org.br\/portal\/#organization\"},\"potentialAction\":[{\"@type\":\"SearchAction\",\"target\":{\"@type\":\"EntryPoint\",\"urlTemplate\":\"https:\/\/acrimat.org.br\/portal\/?s={search_term_string}\"},\"query-input\":{\"@type\":\"PropertyValueSpecification\",\"valueRequired\":true,\"valueName\":\"search_term_string\"}}],\"inLanguage\":\"pt-BR\"},{\"@type\":\"Organization\",\"@id\":\"https:\/\/acrimat.org.br\/portal\/#organization\",\"name\":\"Associa\u00e7\u00e3o dos Criadores de Mato Grosso\",\"url\":\"https:\/\/acrimat.org.br\/portal\/\",\"logo\":{\"@type\":\"ImageObject\",\"inLanguage\":\"pt-BR\",\"@id\":\"https:\/\/acrimat.org.br\/portal\/#\/schema\/logo\/image\/\",\"url\":\"https:\/\/acrimat.org.br\/portal\/wp-content\/uploads\/2018\/03\/logo-peq-original.png\",\"contentUrl\":\"https:\/\/acrimat.org.br\/portal\/wp-content\/uploads\/2018\/03\/logo-peq-original.png\",\"width\":174,\"height\":171,\"caption\":\"Associa\u00e7\u00e3o dos Criadores de Mato Grosso\"},\"image\":{\"@id\":\"https:\/\/acrimat.org.br\/portal\/#\/schema\/logo\/image\/\"}},{\"@type\":\"Person\",\"@id\":\"https:\/\/acrimat.org.br\/portal\/#\/schema\/person\/18df8bcf6890e924fe5d8b5afd2bec0f\",\"name\":\"P\u00e9ricles C\u00e2ndido\",\"image\":{\"@type\":\"ImageObject\",\"inLanguage\":\"pt-BR\",\"@id\":\"https:\/\/acrimat.org.br\/portal\/#\/schema\/person\/image\/\",\"url\":\"https:\/\/secure.gravatar.com\/avatar\/33e2a2b971dc363ed2df53d0d3bfbd18?s=96&d=mm&r=g\",\"contentUrl\":\"https:\/\/secure.gravatar.com\/avatar\/33e2a2b971dc363ed2df53d0d3bfbd18?s=96&d=mm&r=g\",\"caption\":\"P\u00e9ricles C\u00e2ndido\"},\"sameAs\":[\"ascom@acrimat.org.br\"],\"url\":\"https:\/\/acrimat.org.br\/portal\/author\/designergrafico\/\"}]}<\/script>\n<!-- \/ Yoast SEO plugin. -->","yoast_head_json":{"title":"Abiec espera revers\u00e3o r\u00e1pida de suspens\u00e3o russa \u00e0 carne bovina brasileira - Acrimat","robots":{"index":"index","follow":"follow","max-snippet":"max-snippet:-1","max-image-preview":"max-image-preview:large","max-video-preview":"max-video-preview:-1"},"canonical":"https:\/\/acrimat.org.br\/portal\/abiec-espera-reversao-rapida-de-suspensao-russa-a-carne-bovina-brasileira\/","og_locale":"pt_BR","og_type":"article","og_title":"Abiec espera revers\u00e3o r\u00e1pida de suspens\u00e3o russa \u00e0 carne bovina brasileira - Acrimat","og_description":"Camardelli acredita que, mesmo se o embargo for mantido, o efeito para as exporta\u00e7\u00f5es de carne bovina deve ser pequeno","og_url":"https:\/\/acrimat.org.br\/portal\/abiec-espera-reversao-rapida-de-suspensao-russa-a-carne-bovina-brasileira\/","og_site_name":"Acrimat","article_published_time":"2017-11-22T11:38:22+00:00","article_modified_time":"2017-11-22T11:40:05+00:00","og_image":[{"width":640,"height":440,"url":"https:\/\/acrimat.org.br\/portal\/wp-content\/uploads\/2017\/11\/frigorifico4-1.jpg","type":"image\/jpeg"}],"author":"P\u00e9ricles C\u00e2ndido","twitter_card":"summary_large_image","twitter_misc":{"Escrito por":"P\u00e9ricles C\u00e2ndido","Est. tempo de leitura":"1 minuto"},"schema":{"@context":"https:\/\/schema.org","@graph":[{"@type":"Article","@id":"https:\/\/acrimat.org.br\/portal\/abiec-espera-reversao-rapida-de-suspensao-russa-a-carne-bovina-brasileira\/#article","isPartOf":{"@id":"https:\/\/acrimat.org.br\/portal\/abiec-espera-reversao-rapida-de-suspensao-russa-a-carne-bovina-brasileira\/"},"author":{"name":"P\u00e9ricles C\u00e2ndido","@id":"https:\/\/acrimat.org.br\/portal\/#\/schema\/person\/18df8bcf6890e924fe5d8b5afd2bec0f"},"headline":"Abiec espera revers\u00e3o r\u00e1pida de suspens\u00e3o russa \u00e0 carne bovina brasileira","datePublished":"2017-11-22T11:38:22+00:00","dateModified":"2017-11-22T11:40:05+00:00","mainEntityOfPage":{"@id":"https:\/\/acrimat.org.br\/portal\/abiec-espera-reversao-rapida-de-suspensao-russa-a-carne-bovina-brasileira\/"},"wordCount":239,"publisher":{"@id":"https:\/\/acrimat.org.br\/portal\/#organization"},"image":{"@id":"https:\/\/acrimat.org.br\/portal\/abiec-espera-reversao-rapida-de-suspensao-russa-a-carne-bovina-brasileira\/#primaryimage"},"thumbnailUrl":"https:\/\/acrimat.org.br\/portal\/wp-content\/uploads\/2017\/11\/frigorifico4-1.jpg","articleSection":["Destaques","Not\u00edcias"],"inLanguage":"pt-BR"},{"@type":"WebPage","@id":"https:\/\/acrimat.org.br\/portal\/abiec-espera-reversao-rapida-de-suspensao-russa-a-carne-bovina-brasileira\/","url":"https:\/\/acrimat.org.br\/portal\/abiec-espera-reversao-rapida-de-suspensao-russa-a-carne-bovina-brasileira\/","name":"Abiec espera revers\u00e3o r\u00e1pida de suspens\u00e3o russa \u00e0 carne bovina brasileira - Acrimat","isPartOf":{"@id":"https:\/\/acrimat.org.br\/portal\/#website"},"primaryImageOfPage":{"@id":"https:\/\/acrimat.org.br\/portal\/abiec-espera-reversao-rapida-de-suspensao-russa-a-carne-bovina-brasileira\/#primaryimage"},"image":{"@id":"https:\/\/acrimat.org.br\/portal\/abiec-espera-reversao-rapida-de-suspensao-russa-a-carne-bovina-brasileira\/#primaryimage"},"thumbnailUrl":"https:\/\/acrimat.org.br\/portal\/wp-content\/uploads\/2017\/11\/frigorifico4-1.jpg","datePublished":"2017-11-22T11:38:22+00:00","dateModified":"2017-11-22T11:40:05+00:00","breadcrumb":{"@id":"https:\/\/acrimat.org.br\/portal\/abiec-espera-reversao-rapida-de-suspensao-russa-a-carne-bovina-brasileira\/#breadcrumb"},"inLanguage":"pt-BR","potentialAction":[{"@type":"ReadAction","target":["https:\/\/acrimat.org.br\/portal\/abiec-espera-reversao-rapida-de-suspensao-russa-a-carne-bovina-brasileira\/"]}]},{"@type":"ImageObject","inLanguage":"pt-BR","@id":"https:\/\/acrimat.org.br\/portal\/abiec-espera-reversao-rapida-de-suspensao-russa-a-carne-bovina-brasileira\/#primaryimage","url":"https:\/\/acrimat.org.br\/portal\/wp-content\/uploads\/2017\/11\/frigorifico4-1.jpg","contentUrl":"https:\/\/acrimat.org.br\/portal\/wp-content\/uploads\/2017\/11\/frigorifico4-1.jpg","width":640,"height":440},{"@type":"BreadcrumbList","@id":"https:\/\/acrimat.org.br\/portal\/abiec-espera-reversao-rapida-de-suspensao-russa-a-carne-bovina-brasileira\/#breadcrumb","itemListElement":[{"@type":"ListItem","position":1,"name":"In\u00edcio","item":"https:\/\/acrimat.org.br\/portal\/"},{"@type":"ListItem","position":2,"name":"Abiec espera revers\u00e3o r\u00e1pida de suspens\u00e3o russa \u00e0 carne bovina brasileira"}]},{"@type":"WebSite","@id":"https:\/\/acrimat.org.br\/portal\/#website","url":"https:\/\/acrimat.org.br\/portal\/","name":"Acrimat","description":"Associa\u00e7\u00e3o dos Criadores de Mato Grosso","publisher":{"@id":"https:\/\/acrimat.org.br\/portal\/#organization"},"potentialAction":[{"@type":"SearchAction","target":{"@type":"EntryPoint","urlTemplate":"https:\/\/acrimat.org.br\/portal\/?s={search_term_string}"},"query-input":{"@type":"PropertyValueSpecification","valueRequired":true,"valueName":"search_term_string"}}],"inLanguage":"pt-BR"},{"@type":"Organization","@id":"https:\/\/acrimat.org.br\/portal\/#organization","name":"Associa\u00e7\u00e3o dos Criadores de Mato Grosso","url":"https:\/\/acrimat.org.br\/portal\/","logo":{"@type":"ImageObject","inLanguage":"pt-BR","@id":"https:\/\/acrimat.org.br\/portal\/#\/schema\/logo\/image\/","url":"https:\/\/acrimat.org.br\/portal\/wp-content\/uploads\/2018\/03\/logo-peq-original.png","contentUrl":"https:\/\/acrimat.org.br\/portal\/wp-content\/uploads\/2018\/03\/logo-peq-original.png","width":174,"height":171,"caption":"Associa\u00e7\u00e3o dos Criadores de Mato Grosso"},"image":{"@id":"https:\/\/acrimat.org.br\/portal\/#\/schema\/logo\/image\/"}},{"@type":"Person","@id":"https:\/\/acrimat.org.br\/portal\/#\/schema\/person\/18df8bcf6890e924fe5d8b5afd2bec0f","name":"P\u00e9ricles C\u00e2ndido","image":{"@type":"ImageObject","inLanguage":"pt-BR","@id":"https:\/\/acrimat.org.br\/portal\/#\/schema\/person\/image\/","url":"https:\/\/secure.gravatar.com\/avatar\/33e2a2b971dc363ed2df53d0d3bfbd18?s=96&d=mm&r=g","contentUrl":"https:\/\/secure.gravatar.com\/avatar\/33e2a2b971dc363ed2df53d0d3bfbd18?s=96&d=mm&r=g","caption":"P\u00e9ricles C\u00e2ndido"},"sameAs":["ascom@acrimat.org.br"],"url":"https:\/\/acrimat.org.br\/portal\/author\/designergrafico\/"}]}},"_links":{"self":[{"href":"https:\/\/acrimat.org.br\/portal\/wp-json\/wp\/v2\/posts\/97984919","targetHints":{"allow":["GET"]}}],"collection":[{"href":"https:\/\/acrimat.org.br\/portal\/wp-json\/wp\/v2\/posts"}],"about":[{"href":"https:\/\/acrimat.org.br\/portal\/wp-json\/wp\/v2\/types\/post"}],"author":[{"embeddable":true,"href":"https:\/\/acrimat.org.br\/portal\/wp-json\/wp\/v2\/users\/11"}],"replies":[{"embeddable":true,"href":"https:\/\/acrimat.org.br\/portal\/wp-json\/wp\/v2\/comments?post=97984919"}],"version-history":[{"count":1,"href":"https:\/\/acrimat.org.br\/portal\/wp-json\/wp\/v2\/posts\/97984919\/revisions"}],"predecessor-version":[{"id":97984921,"href":"https:\/\/acrimat.org.br\/portal\/wp-json\/wp\/v2\/posts\/97984919\/revisions\/97984921"}],"wp:featuredmedia":[{"embeddable":true,"href":"https:\/\/acrimat.org.br\/portal\/wp-json\/wp\/v2\/media\/97984922"}],"wp:attachment":[{"href":"https:\/\/acrimat.org.br\/portal\/wp-json\/wp\/v2\/media?parent=97984919"}],"wp:term":[{"taxonomy":"category","embeddable":true,"href":"https:\/\/acrimat.org.br\/portal\/wp-json\/wp\/v2\/categories?post=97984919"},{"taxonomy":"post_tag","embeddable":true,"href":"https:\/\/acrimat.org.br\/portal\/wp-json\/wp\/v2\/tags?post=97984919"}],"curies":[{"name":"wp","href":"https:\/\/api.w.org\/{rel}","templated":true}]}}