{"id":97984929,"date":"2017-11-23T08:07:55","date_gmt":"2017-11-23T11:07:55","guid":{"rendered":"http:\/\/acrimat.org.br\/portal\/?p=97984929"},"modified":"2017-11-23T08:07:55","modified_gmt":"2017-11-23T11:07:55","slug":"indice-de-confianca-do-agronegocio-sobe-67-pontos-no-3o-trimestre","status":"publish","type":"post","link":"https:\/\/acrimat.org.br\/portal\/indice-de-confianca-do-agronegocio-sobe-67-pontos-no-3o-trimestre\/","title":{"rendered":"\u00cdndice de confian\u00e7a do agroneg\u00f3cio sobe 6,7 pontos no 3\u00ba trimestre"},"content":{"rendered":"<p>Medido pela Organiza\u00e7\u00e3o das Cooperativas Brasileiras (OCB) e pelo Departamento do Agroneg\u00f3cio (Deagro) da Federa\u00e7\u00e3o das Ind\u00fastrias do Estado de S\u00e3o Paulo (Fiesp), o \u00cdndice de Confian\u00e7a do Agroneg\u00f3cio (IC Agro) subiu 6,7 pontos no 3\u00ba trimestre deste ano em rela\u00e7\u00e3o ao 2\u00ba trimestre, ficando em 99,1 pontos.<\/p>\n<p>A not\u00edcia indica uma melhora significativa das expectativas, embora o entusiasmo ainda n\u00e3o tenha retornado aos n\u00edveis de 2016, quando no mesmo per\u00edodo registrou 106,3 pontos. De acordo com a metodologia do estudo, uma pontua\u00e7\u00e3o acima de 100 pontos corresponde a otimismo e abaixo disso indica baixo grau de confian\u00e7a.<\/p>\n<p>Algumas incertezas que pairavam sobre o setor ao longo do ano foram amenizadas. \u201cAt\u00e9 a pesquisa atual as vendas de defensivos e fertilizantes avan\u00e7aram pouco, uma vez que muitos produtores mantiveram uma postura mais cautelosa, adiando as aquisi\u00e7\u00f5es dos insumos, diante dos baixos pre\u00e7os das principais commodities agr\u00edcolas, como a soja e o milho. \u00c0 medida em que o plantio da safra de ver\u00e3o se aproximou, por\u00e9m, as negocia\u00e7\u00f5es voltaram a ocorrer, o que justifica a melhora da percep\u00e7\u00e3o das ind\u00fastrias de insumos\u201d, aponta o gerente do Deagro da Fiesp, Antonio Carlos Costa.<\/p>\n<p>A ind\u00fastria antes da porteira (insumos agropecu\u00e1rios) somou 104,8 pontos, alta de 11 pontos ante o trimestre imediatamente anterior. Para a ind\u00fastria depois da porteira (como as de alimentos e tradings), houve avan\u00e7o de 5,8 pontos, para 102,7 pontos, ante o \u00faltimo levantamento.<\/p>\n<p>O resultado mostra que essas empresas retornaram a um patamar de otimismo moderado, muito pr\u00f3ximo ao registrado em 2016. \u201cA an\u00e1lise do resultado mostra que, embora as condi\u00e7\u00f5es do mercado brasileiro ainda n\u00e3o sejam ideais, a continuidade do processo de ajuste econ\u00f4mico segue inspirando confian\u00e7a, lembrando que este setor \u00e9 um dos mais diretamente beneficiados em um cen\u00e1rio de acelera\u00e7\u00e3o da recupera\u00e7\u00e3o do poder de compra do consumidor, como \u00e9 esperado para 2018\u201d, avalia Costa.<\/p>\n<p>J\u00e1 para o produtor agropecu\u00e1rio, o avan\u00e7o foi de 5,9 pontos em rela\u00e7\u00e3o ao trimestre anterior, para 93,2 pontos. Ainda que pelo terceiro levantamento consecutivo o indicador permane\u00e7a abaixo dos 100 pontos, a recupera\u00e7\u00e3o n\u00e3o deixa de ser uma boa not\u00edcia. \u201cOs resultados mostram que a confian\u00e7a aumentou mais entre os pecuaristas do que entre os produtores agr\u00edcolas, depois de atingir o menor n\u00edvel da s\u00e9rie hist\u00f3rica\u201d, diz M\u00e1rcio Lopes de Freitas, presidente da Organiza\u00e7\u00e3o das Cooperativas Brasileiras (OCB).<\/p>\n<p>Por fim, os pecuaristas formam o grupo que mais ganhou confian\u00e7a no trimestre. Seu indicador subiu 14 pontos, chegando a 94,2 pontos. Depois de registrar no 2\u00ba trimestre o patamar mais baixo da s\u00e9rie hist\u00f3rica (80,2 pontos), o indicador mostrou recupera\u00e7\u00e3o, embora esteja ainda abaixo dos 100 pontos.<\/p>\n<p>Vale destacar que no trimestre passado, os horizontes no mercado de carnes eram muito incertos. \u201cO setor ainda sofria as consequ\u00eancias da Opera\u00e7\u00e3o Carne Fraca e pairavam muitas d\u00favidas ap\u00f3s a dela\u00e7\u00e3o da JBS, em maio desse ano. A melhora nos pre\u00e7os do boi ajudou a melhorar o \u00e2nimo dos pecuaristas\u201d, completa Costa, da Fiesp.<\/p>\n","protected":false},"excerpt":{"rendered":"<p>Incertezas que pairavam pelo setor ao longo do ano foram amenizadas<\/p>\n","protected":false},"author":11,"featured_media":97984930,"comment_status":"closed","ping_status":"closed","sticky":false,"template":"","format":"standard","meta":{"footnotes":""},"categories":[6,1],"tags":[],"class_list":["post-97984929","post","type-post","status-publish","format-standard","has-post-thumbnail","hentry","category-destaque","category-noticia"],"yoast_head":"<!-- This site is optimized with the Yoast SEO plugin v24.8.1 - https:\/\/yoast.com\/wordpress\/plugins\/seo\/ -->\n<title>\u00cdndice de confian\u00e7a do agroneg\u00f3cio sobe 6,7 pontos no 3\u00ba trimestre - Acrimat<\/title>\n<meta name=\"robots\" content=\"index, follow, max-snippet:-1, max-image-preview:large, max-video-preview:-1\" \/>\n<link rel=\"canonical\" href=\"https:\/\/acrimat.org.br\/portal\/indice-de-confianca-do-agronegocio-sobe-67-pontos-no-3o-trimestre\/\" \/>\n<meta property=\"og:locale\" content=\"pt_BR\" \/>\n<meta property=\"og:type\" content=\"article\" \/>\n<meta property=\"og:title\" content=\"\u00cdndice de confian\u00e7a do agroneg\u00f3cio sobe 6,7 pontos no 3\u00ba trimestre - Acrimat\" \/>\n<meta property=\"og:description\" content=\"Incertezas que pairavam pelo setor ao longo do ano foram amenizadas\" \/>\n<meta property=\"og:url\" content=\"https:\/\/acrimat.org.br\/portal\/indice-de-confianca-do-agronegocio-sobe-67-pontos-no-3o-trimestre\/\" \/>\n<meta property=\"og:site_name\" content=\"Acrimat\" \/>\n<meta property=\"article:published_time\" content=\"2017-11-23T11:07:55+00:00\" \/>\n<meta property=\"og:image\" content=\"https:\/\/acrimat.org.br\/portal\/wp-content\/uploads\/2017\/11\/futuro-do-agronegocio-crise_repr.jpg\" \/>\n\t<meta property=\"og:image:width\" content=\"1200\" \/>\n\t<meta property=\"og:image:height\" content=\"500\" \/>\n\t<meta property=\"og:image:type\" content=\"image\/jpeg\" \/>\n<meta name=\"author\" content=\"P\u00e9ricles C\u00e2ndido\" \/>\n<meta name=\"twitter:card\" content=\"summary_large_image\" \/>\n<meta name=\"twitter:label1\" content=\"Escrito por\" \/>\n\t<meta name=\"twitter:data1\" content=\"P\u00e9ricles C\u00e2ndido\" \/>\n\t<meta name=\"twitter:label2\" content=\"Est. tempo de leitura\" \/>\n\t<meta name=\"twitter:data2\" content=\"3 minutos\" \/>\n<script type=\"application\/ld+json\" class=\"yoast-schema-graph\">{\"@context\":\"https:\/\/schema.org\",\"@graph\":[{\"@type\":\"Article\",\"@id\":\"https:\/\/acrimat.org.br\/portal\/indice-de-confianca-do-agronegocio-sobe-67-pontos-no-3o-trimestre\/#article\",\"isPartOf\":{\"@id\":\"https:\/\/acrimat.org.br\/portal\/indice-de-confianca-do-agronegocio-sobe-67-pontos-no-3o-trimestre\/\"},\"author\":{\"name\":\"P\u00e9ricles C\u00e2ndido\",\"@id\":\"https:\/\/acrimat.org.br\/portal\/#\/schema\/person\/18df8bcf6890e924fe5d8b5afd2bec0f\"},\"headline\":\"\u00cdndice de confian\u00e7a do agroneg\u00f3cio sobe 6,7 pontos no 3\u00ba trimestre\",\"datePublished\":\"2017-11-23T11:07:55+00:00\",\"mainEntityOfPage\":{\"@id\":\"https:\/\/acrimat.org.br\/portal\/indice-de-confianca-do-agronegocio-sobe-67-pontos-no-3o-trimestre\/\"},\"wordCount\":538,\"publisher\":{\"@id\":\"https:\/\/acrimat.org.br\/portal\/#organization\"},\"image\":{\"@id\":\"https:\/\/acrimat.org.br\/portal\/indice-de-confianca-do-agronegocio-sobe-67-pontos-no-3o-trimestre\/#primaryimage\"},\"thumbnailUrl\":\"https:\/\/acrimat.org.br\/portal\/wp-content\/uploads\/2017\/11\/futuro-do-agronegocio-crise_repr.jpg\",\"articleSection\":[\"Destaques\",\"Not\u00edcias\"],\"inLanguage\":\"pt-BR\"},{\"@type\":\"WebPage\",\"@id\":\"https:\/\/acrimat.org.br\/portal\/indice-de-confianca-do-agronegocio-sobe-67-pontos-no-3o-trimestre\/\",\"url\":\"https:\/\/acrimat.org.br\/portal\/indice-de-confianca-do-agronegocio-sobe-67-pontos-no-3o-trimestre\/\",\"name\":\"\u00cdndice de confian\u00e7a do agroneg\u00f3cio sobe 6,7 pontos no 3\u00ba trimestre - Acrimat\",\"isPartOf\":{\"@id\":\"https:\/\/acrimat.org.br\/portal\/#website\"},\"primaryImageOfPage\":{\"@id\":\"https:\/\/acrimat.org.br\/portal\/indice-de-confianca-do-agronegocio-sobe-67-pontos-no-3o-trimestre\/#primaryimage\"},\"image\":{\"@id\":\"https:\/\/acrimat.org.br\/portal\/indice-de-confianca-do-agronegocio-sobe-67-pontos-no-3o-trimestre\/#primaryimage\"},\"thumbnailUrl\":\"https:\/\/acrimat.org.br\/portal\/wp-content\/uploads\/2017\/11\/futuro-do-agronegocio-crise_repr.jpg\",\"datePublished\":\"2017-11-23T11:07:55+00:00\",\"breadcrumb\":{\"@id\":\"https:\/\/acrimat.org.br\/portal\/indice-de-confianca-do-agronegocio-sobe-67-pontos-no-3o-trimestre\/#breadcrumb\"},\"inLanguage\":\"pt-BR\",\"potentialAction\":[{\"@type\":\"ReadAction\",\"target\":[\"https:\/\/acrimat.org.br\/portal\/indice-de-confianca-do-agronegocio-sobe-67-pontos-no-3o-trimestre\/\"]}]},{\"@type\":\"ImageObject\",\"inLanguage\":\"pt-BR\",\"@id\":\"https:\/\/acrimat.org.br\/portal\/indice-de-confianca-do-agronegocio-sobe-67-pontos-no-3o-trimestre\/#primaryimage\",\"url\":\"https:\/\/acrimat.org.br\/portal\/wp-content\/uploads\/2017\/11\/futuro-do-agronegocio-crise_repr.jpg\",\"contentUrl\":\"https:\/\/acrimat.org.br\/portal\/wp-content\/uploads\/2017\/11\/futuro-do-agronegocio-crise_repr.jpg\",\"width\":1200,\"height\":500},{\"@type\":\"BreadcrumbList\",\"@id\":\"https:\/\/acrimat.org.br\/portal\/indice-de-confianca-do-agronegocio-sobe-67-pontos-no-3o-trimestre\/#breadcrumb\",\"itemListElement\":[{\"@type\":\"ListItem\",\"position\":1,\"name\":\"In\u00edcio\",\"item\":\"https:\/\/acrimat.org.br\/portal\/\"},{\"@type\":\"ListItem\",\"position\":2,\"name\":\"\u00cdndice de confian\u00e7a do agroneg\u00f3cio sobe 6,7 pontos no 3\u00ba trimestre\"}]},{\"@type\":\"WebSite\",\"@id\":\"https:\/\/acrimat.org.br\/portal\/#website\",\"url\":\"https:\/\/acrimat.org.br\/portal\/\",\"name\":\"Acrimat\",\"description\":\"Associa\u00e7\u00e3o dos Criadores de Mato Grosso\",\"publisher\":{\"@id\":\"https:\/\/acrimat.org.br\/portal\/#organization\"},\"potentialAction\":[{\"@type\":\"SearchAction\",\"target\":{\"@type\":\"EntryPoint\",\"urlTemplate\":\"https:\/\/acrimat.org.br\/portal\/?s={search_term_string}\"},\"query-input\":{\"@type\":\"PropertyValueSpecification\",\"valueRequired\":true,\"valueName\":\"search_term_string\"}}],\"inLanguage\":\"pt-BR\"},{\"@type\":\"Organization\",\"@id\":\"https:\/\/acrimat.org.br\/portal\/#organization\",\"name\":\"Associa\u00e7\u00e3o dos Criadores de Mato Grosso\",\"url\":\"https:\/\/acrimat.org.br\/portal\/\",\"logo\":{\"@type\":\"ImageObject\",\"inLanguage\":\"pt-BR\",\"@id\":\"https:\/\/acrimat.org.br\/portal\/#\/schema\/logo\/image\/\",\"url\":\"https:\/\/acrimat.org.br\/portal\/wp-content\/uploads\/2018\/03\/logo-peq-original.png\",\"contentUrl\":\"https:\/\/acrimat.org.br\/portal\/wp-content\/uploads\/2018\/03\/logo-peq-original.png\",\"width\":174,\"height\":171,\"caption\":\"Associa\u00e7\u00e3o dos Criadores de Mato Grosso\"},\"image\":{\"@id\":\"https:\/\/acrimat.org.br\/portal\/#\/schema\/logo\/image\/\"}},{\"@type\":\"Person\",\"@id\":\"https:\/\/acrimat.org.br\/portal\/#\/schema\/person\/18df8bcf6890e924fe5d8b5afd2bec0f\",\"name\":\"P\u00e9ricles C\u00e2ndido\",\"image\":{\"@type\":\"ImageObject\",\"inLanguage\":\"pt-BR\",\"@id\":\"https:\/\/acrimat.org.br\/portal\/#\/schema\/person\/image\/\",\"url\":\"https:\/\/secure.gravatar.com\/avatar\/33e2a2b971dc363ed2df53d0d3bfbd18?s=96&d=mm&r=g\",\"contentUrl\":\"https:\/\/secure.gravatar.com\/avatar\/33e2a2b971dc363ed2df53d0d3bfbd18?s=96&d=mm&r=g\",\"caption\":\"P\u00e9ricles C\u00e2ndido\"},\"sameAs\":[\"ascom@acrimat.org.br\"],\"url\":\"https:\/\/acrimat.org.br\/portal\/author\/designergrafico\/\"}]}<\/script>\n<!-- \/ Yoast SEO plugin. -->","yoast_head_json":{"title":"\u00cdndice de confian\u00e7a do agroneg\u00f3cio sobe 6,7 pontos no 3\u00ba trimestre - Acrimat","robots":{"index":"index","follow":"follow","max-snippet":"max-snippet:-1","max-image-preview":"max-image-preview:large","max-video-preview":"max-video-preview:-1"},"canonical":"https:\/\/acrimat.org.br\/portal\/indice-de-confianca-do-agronegocio-sobe-67-pontos-no-3o-trimestre\/","og_locale":"pt_BR","og_type":"article","og_title":"\u00cdndice de confian\u00e7a do agroneg\u00f3cio sobe 6,7 pontos no 3\u00ba trimestre - Acrimat","og_description":"Incertezas que pairavam pelo setor ao longo do ano foram amenizadas","og_url":"https:\/\/acrimat.org.br\/portal\/indice-de-confianca-do-agronegocio-sobe-67-pontos-no-3o-trimestre\/","og_site_name":"Acrimat","article_published_time":"2017-11-23T11:07:55+00:00","og_image":[{"width":1200,"height":500,"url":"https:\/\/acrimat.org.br\/portal\/wp-content\/uploads\/2017\/11\/futuro-do-agronegocio-crise_repr.jpg","type":"image\/jpeg"}],"author":"P\u00e9ricles C\u00e2ndido","twitter_card":"summary_large_image","twitter_misc":{"Escrito por":"P\u00e9ricles C\u00e2ndido","Est. tempo de leitura":"3 minutos"},"schema":{"@context":"https:\/\/schema.org","@graph":[{"@type":"Article","@id":"https:\/\/acrimat.org.br\/portal\/indice-de-confianca-do-agronegocio-sobe-67-pontos-no-3o-trimestre\/#article","isPartOf":{"@id":"https:\/\/acrimat.org.br\/portal\/indice-de-confianca-do-agronegocio-sobe-67-pontos-no-3o-trimestre\/"},"author":{"name":"P\u00e9ricles C\u00e2ndido","@id":"https:\/\/acrimat.org.br\/portal\/#\/schema\/person\/18df8bcf6890e924fe5d8b5afd2bec0f"},"headline":"\u00cdndice de confian\u00e7a do agroneg\u00f3cio sobe 6,7 pontos no 3\u00ba trimestre","datePublished":"2017-11-23T11:07:55+00:00","mainEntityOfPage":{"@id":"https:\/\/acrimat.org.br\/portal\/indice-de-confianca-do-agronegocio-sobe-67-pontos-no-3o-trimestre\/"},"wordCount":538,"publisher":{"@id":"https:\/\/acrimat.org.br\/portal\/#organization"},"image":{"@id":"https:\/\/acrimat.org.br\/portal\/indice-de-confianca-do-agronegocio-sobe-67-pontos-no-3o-trimestre\/#primaryimage"},"thumbnailUrl":"https:\/\/acrimat.org.br\/portal\/wp-content\/uploads\/2017\/11\/futuro-do-agronegocio-crise_repr.jpg","articleSection":["Destaques","Not\u00edcias"],"inLanguage":"pt-BR"},{"@type":"WebPage","@id":"https:\/\/acrimat.org.br\/portal\/indice-de-confianca-do-agronegocio-sobe-67-pontos-no-3o-trimestre\/","url":"https:\/\/acrimat.org.br\/portal\/indice-de-confianca-do-agronegocio-sobe-67-pontos-no-3o-trimestre\/","name":"\u00cdndice de confian\u00e7a do agroneg\u00f3cio sobe 6,7 pontos no 3\u00ba trimestre - Acrimat","isPartOf":{"@id":"https:\/\/acrimat.org.br\/portal\/#website"},"primaryImageOfPage":{"@id":"https:\/\/acrimat.org.br\/portal\/indice-de-confianca-do-agronegocio-sobe-67-pontos-no-3o-trimestre\/#primaryimage"},"image":{"@id":"https:\/\/acrimat.org.br\/portal\/indice-de-confianca-do-agronegocio-sobe-67-pontos-no-3o-trimestre\/#primaryimage"},"thumbnailUrl":"https:\/\/acrimat.org.br\/portal\/wp-content\/uploads\/2017\/11\/futuro-do-agronegocio-crise_repr.jpg","datePublished":"2017-11-23T11:07:55+00:00","breadcrumb":{"@id":"https:\/\/acrimat.org.br\/portal\/indice-de-confianca-do-agronegocio-sobe-67-pontos-no-3o-trimestre\/#breadcrumb"},"inLanguage":"pt-BR","potentialAction":[{"@type":"ReadAction","target":["https:\/\/acrimat.org.br\/portal\/indice-de-confianca-do-agronegocio-sobe-67-pontos-no-3o-trimestre\/"]}]},{"@type":"ImageObject","inLanguage":"pt-BR","@id":"https:\/\/acrimat.org.br\/portal\/indice-de-confianca-do-agronegocio-sobe-67-pontos-no-3o-trimestre\/#primaryimage","url":"https:\/\/acrimat.org.br\/portal\/wp-content\/uploads\/2017\/11\/futuro-do-agronegocio-crise_repr.jpg","contentUrl":"https:\/\/acrimat.org.br\/portal\/wp-content\/uploads\/2017\/11\/futuro-do-agronegocio-crise_repr.jpg","width":1200,"height":500},{"@type":"BreadcrumbList","@id":"https:\/\/acrimat.org.br\/portal\/indice-de-confianca-do-agronegocio-sobe-67-pontos-no-3o-trimestre\/#breadcrumb","itemListElement":[{"@type":"ListItem","position":1,"name":"In\u00edcio","item":"https:\/\/acrimat.org.br\/portal\/"},{"@type":"ListItem","position":2,"name":"\u00cdndice de confian\u00e7a do agroneg\u00f3cio sobe 6,7 pontos no 3\u00ba trimestre"}]},{"@type":"WebSite","@id":"https:\/\/acrimat.org.br\/portal\/#website","url":"https:\/\/acrimat.org.br\/portal\/","name":"Acrimat","description":"Associa\u00e7\u00e3o dos Criadores de Mato Grosso","publisher":{"@id":"https:\/\/acrimat.org.br\/portal\/#organization"},"potentialAction":[{"@type":"SearchAction","target":{"@type":"EntryPoint","urlTemplate":"https:\/\/acrimat.org.br\/portal\/?s={search_term_string}"},"query-input":{"@type":"PropertyValueSpecification","valueRequired":true,"valueName":"search_term_string"}}],"inLanguage":"pt-BR"},{"@type":"Organization","@id":"https:\/\/acrimat.org.br\/portal\/#organization","name":"Associa\u00e7\u00e3o dos Criadores de Mato Grosso","url":"https:\/\/acrimat.org.br\/portal\/","logo":{"@type":"ImageObject","inLanguage":"pt-BR","@id":"https:\/\/acrimat.org.br\/portal\/#\/schema\/logo\/image\/","url":"https:\/\/acrimat.org.br\/portal\/wp-content\/uploads\/2018\/03\/logo-peq-original.png","contentUrl":"https:\/\/acrimat.org.br\/portal\/wp-content\/uploads\/2018\/03\/logo-peq-original.png","width":174,"height":171,"caption":"Associa\u00e7\u00e3o dos Criadores de Mato Grosso"},"image":{"@id":"https:\/\/acrimat.org.br\/portal\/#\/schema\/logo\/image\/"}},{"@type":"Person","@id":"https:\/\/acrimat.org.br\/portal\/#\/schema\/person\/18df8bcf6890e924fe5d8b5afd2bec0f","name":"P\u00e9ricles C\u00e2ndido","image":{"@type":"ImageObject","inLanguage":"pt-BR","@id":"https:\/\/acrimat.org.br\/portal\/#\/schema\/person\/image\/","url":"https:\/\/secure.gravatar.com\/avatar\/33e2a2b971dc363ed2df53d0d3bfbd18?s=96&d=mm&r=g","contentUrl":"https:\/\/secure.gravatar.com\/avatar\/33e2a2b971dc363ed2df53d0d3bfbd18?s=96&d=mm&r=g","caption":"P\u00e9ricles C\u00e2ndido"},"sameAs":["ascom@acrimat.org.br"],"url":"https:\/\/acrimat.org.br\/portal\/author\/designergrafico\/"}]}},"_links":{"self":[{"href":"https:\/\/acrimat.org.br\/portal\/wp-json\/wp\/v2\/posts\/97984929","targetHints":{"allow":["GET"]}}],"collection":[{"href":"https:\/\/acrimat.org.br\/portal\/wp-json\/wp\/v2\/posts"}],"about":[{"href":"https:\/\/acrimat.org.br\/portal\/wp-json\/wp\/v2\/types\/post"}],"author":[{"embeddable":true,"href":"https:\/\/acrimat.org.br\/portal\/wp-json\/wp\/v2\/users\/11"}],"replies":[{"embeddable":true,"href":"https:\/\/acrimat.org.br\/portal\/wp-json\/wp\/v2\/comments?post=97984929"}],"version-history":[{"count":1,"href":"https:\/\/acrimat.org.br\/portal\/wp-json\/wp\/v2\/posts\/97984929\/revisions"}],"predecessor-version":[{"id":97984931,"href":"https:\/\/acrimat.org.br\/portal\/wp-json\/wp\/v2\/posts\/97984929\/revisions\/97984931"}],"wp:featuredmedia":[{"embeddable":true,"href":"https:\/\/acrimat.org.br\/portal\/wp-json\/wp\/v2\/media\/97984930"}],"wp:attachment":[{"href":"https:\/\/acrimat.org.br\/portal\/wp-json\/wp\/v2\/media?parent=97984929"}],"wp:term":[{"taxonomy":"category","embeddable":true,"href":"https:\/\/acrimat.org.br\/portal\/wp-json\/wp\/v2\/categories?post=97984929"},{"taxonomy":"post_tag","embeddable":true,"href":"https:\/\/acrimat.org.br\/portal\/wp-json\/wp\/v2\/tags?post=97984929"}],"curies":[{"name":"wp","href":"https:\/\/api.w.org\/{rel}","templated":true}]}}