{"id":97984935,"date":"2017-11-23T08:09:46","date_gmt":"2017-11-23T11:09:46","guid":{"rendered":"http:\/\/acrimat.org.br\/portal\/?p=97984935"},"modified":"2017-11-24T09:20:08","modified_gmt":"2017-11-24T12:20:08","slug":"indea-promove-reuniao-do-comite-consultivo-sobre-brucelose-de-mt","status":"publish","type":"post","link":"https:\/\/acrimat.org.br\/portal\/indea-promove-reuniao-do-comite-consultivo-sobre-brucelose-de-mt\/","title":{"rendered":"Indea promove reuni\u00e3o do Comit\u00ea Consultivo sobre Brucelose de MT"},"content":{"rendered":"<p>O Instituto de Defesa Agropecu\u00e1ria de Mato Grosso promoveu nos dias 17 e 18 deste m\u00eas, na sede da Superintend\u00eancia Federal de Agricultura, a 3\u00aa Reuni\u00e3o do Comit\u00ea Consultivo sobre Brucelose Bovina.<\/p>\n<p>O evento contou com a participa\u00e7\u00e3o de m\u00e9dicos veterin\u00e1rios da iniciativa privada de diversas regi\u00f5es do estado e outras entidades como o Minist\u00e9rio da Agricultura, Pecu\u00e1ria e Abastecimento (Mapa), a Associa\u00e7\u00e3o dos Criadores de Mato Grosso (Acrimat), a Federa\u00e7\u00e3o da Agricultura e Pecu\u00e1ria do Estado de Mato Grosso (Famato), a Universidade Federal de Mato Grosso e outros.<\/p>\n<p>O objetivo da reuni\u00e3o foi que os especialistas das diversas entidades possam apresentar um pouco dos seus conhecimentos, trocar experi\u00eancias e prospectar novos cen\u00e1rios futuros em rela\u00e7\u00e3o ao Programa.<\/p>\n<p>Para o presidente do Indea\/MT, Guilherme Nolasco, a iniciativa \u00e9 importante para fortalecer toda a cadeia envolvida no tocante ao Programa Nacional de Controle e Erradica\u00e7\u00e3o da Brucelose de Mato Grosso garantindo mais sanidade ao rebanho mato-grossense. \u201cA import\u00e2ncia desta reuni\u00e3o do Comit\u00ea est\u00e1 em, justamente, o poder p\u00fablico estadual convocar v\u00e1rios atores do segmento para que, em conjunto, possam construir uma nova legisla\u00e7\u00e3o sanit\u00e1ria de combate a brucelose em todo Mato Grosso\u201d, conta Nolasco.<\/p>\n<p>Na programa\u00e7\u00e3o do encontro aconteceu a apresenta\u00e7\u00e3o da an\u00e1lise econ\u00f4mica do Programa Nacional de Controle e Erradica\u00e7\u00e3o da Brucelose de Mato Grosso, tamb\u00e9m foi discutido detalhes sobre as altera\u00e7\u00f5es da legisla\u00e7\u00e3o do Programa e, para fechar foi montado um plano de a\u00e7\u00e3o de melhorias que ser\u00e1 apresentado ao Fundo Emergencial de Sa\u00fade Animal de Mato Grosso (Fesa) e demais integrantes da cadeia produtiva do estado.<\/p>\n","protected":false},"excerpt":{"rendered":"<p>O Instituto de Defesa Agropecu\u00e1ria de Mato Grosso promoveu nos dias 17 e 18 deste m\u00eas, na sede da Superintend\u00eancia Federal de Agricultura, a 3\u00aa Reuni\u00e3o do Comit\u00ea Consultivo sobre Brucelose Bovina<\/p>\n","protected":false},"author":11,"featured_media":97984936,"comment_status":"closed","ping_status":"closed","sticky":false,"template":"","format":"standard","meta":{"footnotes":""},"categories":[6,1],"tags":[],"class_list":["post-97984935","post","type-post","status-publish","format-standard","has-post-thumbnail","hentry","category-destaque","category-noticia"],"yoast_head":"<!-- This site is optimized with the Yoast SEO plugin v24.8.1 - https:\/\/yoast.com\/wordpress\/plugins\/seo\/ -->\n<title>Indea promove reuni\u00e3o do Comit\u00ea Consultivo sobre Brucelose de MT - Acrimat<\/title>\n<meta name=\"robots\" content=\"index, follow, max-snippet:-1, max-image-preview:large, max-video-preview:-1\" \/>\n<link rel=\"canonical\" href=\"https:\/\/acrimat.org.br\/portal\/indea-promove-reuniao-do-comite-consultivo-sobre-brucelose-de-mt\/\" \/>\n<meta property=\"og:locale\" content=\"pt_BR\" \/>\n<meta property=\"og:type\" content=\"article\" \/>\n<meta property=\"og:title\" content=\"Indea promove reuni\u00e3o do Comit\u00ea Consultivo sobre Brucelose de MT - Acrimat\" \/>\n<meta property=\"og:description\" content=\"O Instituto de Defesa Agropecu\u00e1ria de Mato Grosso promoveu nos dias 17 e 18 deste m\u00eas, na sede da Superintend\u00eancia Federal de Agricultura, a 3\u00aa Reuni\u00e3o do Comit\u00ea Consultivo sobre Brucelose Bovina\" \/>\n<meta property=\"og:url\" content=\"https:\/\/acrimat.org.br\/portal\/indea-promove-reuniao-do-comite-consultivo-sobre-brucelose-de-mt\/\" \/>\n<meta property=\"og:site_name\" content=\"Acrimat\" \/>\n<meta property=\"article:published_time\" content=\"2017-11-23T11:09:46+00:00\" \/>\n<meta property=\"article:modified_time\" content=\"2017-11-24T12:20:08+00:00\" \/>\n<meta property=\"og:image\" content=\"https:\/\/acrimat.org.br\/portal\/wp-content\/uploads\/2017\/11\/5946199-1.jpg\" \/>\n\t<meta property=\"og:image:width\" content=\"730\" \/>\n\t<meta property=\"og:image:height\" content=\"502\" \/>\n\t<meta property=\"og:image:type\" content=\"image\/jpeg\" \/>\n<meta name=\"author\" content=\"P\u00e9ricles C\u00e2ndido\" \/>\n<meta name=\"twitter:card\" content=\"summary_large_image\" \/>\n<meta name=\"twitter:label1\" content=\"Escrito por\" \/>\n\t<meta name=\"twitter:data1\" content=\"P\u00e9ricles C\u00e2ndido\" \/>\n\t<meta name=\"twitter:label2\" content=\"Est. tempo de leitura\" \/>\n\t<meta name=\"twitter:data2\" content=\"1 minuto\" \/>\n<script type=\"application\/ld+json\" class=\"yoast-schema-graph\">{\"@context\":\"https:\/\/schema.org\",\"@graph\":[{\"@type\":\"Article\",\"@id\":\"https:\/\/acrimat.org.br\/portal\/indea-promove-reuniao-do-comite-consultivo-sobre-brucelose-de-mt\/#article\",\"isPartOf\":{\"@id\":\"https:\/\/acrimat.org.br\/portal\/indea-promove-reuniao-do-comite-consultivo-sobre-brucelose-de-mt\/\"},\"author\":{\"name\":\"P\u00e9ricles C\u00e2ndido\",\"@id\":\"https:\/\/acrimat.org.br\/portal\/#\/schema\/person\/18df8bcf6890e924fe5d8b5afd2bec0f\"},\"headline\":\"Indea promove reuni\u00e3o do Comit\u00ea Consultivo sobre Brucelose de MT\",\"datePublished\":\"2017-11-23T11:09:46+00:00\",\"dateModified\":\"2017-11-24T12:20:08+00:00\",\"mainEntityOfPage\":{\"@id\":\"https:\/\/acrimat.org.br\/portal\/indea-promove-reuniao-do-comite-consultivo-sobre-brucelose-de-mt\/\"},\"wordCount\":300,\"publisher\":{\"@id\":\"https:\/\/acrimat.org.br\/portal\/#organization\"},\"image\":{\"@id\":\"https:\/\/acrimat.org.br\/portal\/indea-promove-reuniao-do-comite-consultivo-sobre-brucelose-de-mt\/#primaryimage\"},\"thumbnailUrl\":\"https:\/\/acrimat.org.br\/portal\/wp-content\/uploads\/2017\/11\/5946199-1.jpg\",\"articleSection\":[\"Destaques\",\"Not\u00edcias\"],\"inLanguage\":\"pt-BR\"},{\"@type\":\"WebPage\",\"@id\":\"https:\/\/acrimat.org.br\/portal\/indea-promove-reuniao-do-comite-consultivo-sobre-brucelose-de-mt\/\",\"url\":\"https:\/\/acrimat.org.br\/portal\/indea-promove-reuniao-do-comite-consultivo-sobre-brucelose-de-mt\/\",\"name\":\"Indea promove reuni\u00e3o do Comit\u00ea Consultivo sobre Brucelose de MT - Acrimat\",\"isPartOf\":{\"@id\":\"https:\/\/acrimat.org.br\/portal\/#website\"},\"primaryImageOfPage\":{\"@id\":\"https:\/\/acrimat.org.br\/portal\/indea-promove-reuniao-do-comite-consultivo-sobre-brucelose-de-mt\/#primaryimage\"},\"image\":{\"@id\":\"https:\/\/acrimat.org.br\/portal\/indea-promove-reuniao-do-comite-consultivo-sobre-brucelose-de-mt\/#primaryimage\"},\"thumbnailUrl\":\"https:\/\/acrimat.org.br\/portal\/wp-content\/uploads\/2017\/11\/5946199-1.jpg\",\"datePublished\":\"2017-11-23T11:09:46+00:00\",\"dateModified\":\"2017-11-24T12:20:08+00:00\",\"breadcrumb\":{\"@id\":\"https:\/\/acrimat.org.br\/portal\/indea-promove-reuniao-do-comite-consultivo-sobre-brucelose-de-mt\/#breadcrumb\"},\"inLanguage\":\"pt-BR\",\"potentialAction\":[{\"@type\":\"ReadAction\",\"target\":[\"https:\/\/acrimat.org.br\/portal\/indea-promove-reuniao-do-comite-consultivo-sobre-brucelose-de-mt\/\"]}]},{\"@type\":\"ImageObject\",\"inLanguage\":\"pt-BR\",\"@id\":\"https:\/\/acrimat.org.br\/portal\/indea-promove-reuniao-do-comite-consultivo-sobre-brucelose-de-mt\/#primaryimage\",\"url\":\"https:\/\/acrimat.org.br\/portal\/wp-content\/uploads\/2017\/11\/5946199-1.jpg\",\"contentUrl\":\"https:\/\/acrimat.org.br\/portal\/wp-content\/uploads\/2017\/11\/5946199-1.jpg\",\"width\":730,\"height\":502},{\"@type\":\"BreadcrumbList\",\"@id\":\"https:\/\/acrimat.org.br\/portal\/indea-promove-reuniao-do-comite-consultivo-sobre-brucelose-de-mt\/#breadcrumb\",\"itemListElement\":[{\"@type\":\"ListItem\",\"position\":1,\"name\":\"In\u00edcio\",\"item\":\"https:\/\/acrimat.org.br\/portal\/\"},{\"@type\":\"ListItem\",\"position\":2,\"name\":\"Indea promove reuni\u00e3o do Comit\u00ea Consultivo sobre Brucelose de MT\"}]},{\"@type\":\"WebSite\",\"@id\":\"https:\/\/acrimat.org.br\/portal\/#website\",\"url\":\"https:\/\/acrimat.org.br\/portal\/\",\"name\":\"Acrimat\",\"description\":\"Associa\u00e7\u00e3o dos Criadores de Mato Grosso\",\"publisher\":{\"@id\":\"https:\/\/acrimat.org.br\/portal\/#organization\"},\"potentialAction\":[{\"@type\":\"SearchAction\",\"target\":{\"@type\":\"EntryPoint\",\"urlTemplate\":\"https:\/\/acrimat.org.br\/portal\/?s={search_term_string}\"},\"query-input\":{\"@type\":\"PropertyValueSpecification\",\"valueRequired\":true,\"valueName\":\"search_term_string\"}}],\"inLanguage\":\"pt-BR\"},{\"@type\":\"Organization\",\"@id\":\"https:\/\/acrimat.org.br\/portal\/#organization\",\"name\":\"Associa\u00e7\u00e3o dos Criadores de Mato Grosso\",\"url\":\"https:\/\/acrimat.org.br\/portal\/\",\"logo\":{\"@type\":\"ImageObject\",\"inLanguage\":\"pt-BR\",\"@id\":\"https:\/\/acrimat.org.br\/portal\/#\/schema\/logo\/image\/\",\"url\":\"https:\/\/acrimat.org.br\/portal\/wp-content\/uploads\/2018\/03\/logo-peq-original.png\",\"contentUrl\":\"https:\/\/acrimat.org.br\/portal\/wp-content\/uploads\/2018\/03\/logo-peq-original.png\",\"width\":174,\"height\":171,\"caption\":\"Associa\u00e7\u00e3o dos Criadores de Mato Grosso\"},\"image\":{\"@id\":\"https:\/\/acrimat.org.br\/portal\/#\/schema\/logo\/image\/\"}},{\"@type\":\"Person\",\"@id\":\"https:\/\/acrimat.org.br\/portal\/#\/schema\/person\/18df8bcf6890e924fe5d8b5afd2bec0f\",\"name\":\"P\u00e9ricles C\u00e2ndido\",\"image\":{\"@type\":\"ImageObject\",\"inLanguage\":\"pt-BR\",\"@id\":\"https:\/\/acrimat.org.br\/portal\/#\/schema\/person\/image\/\",\"url\":\"https:\/\/secure.gravatar.com\/avatar\/33e2a2b971dc363ed2df53d0d3bfbd18?s=96&d=mm&r=g\",\"contentUrl\":\"https:\/\/secure.gravatar.com\/avatar\/33e2a2b971dc363ed2df53d0d3bfbd18?s=96&d=mm&r=g\",\"caption\":\"P\u00e9ricles C\u00e2ndido\"},\"sameAs\":[\"ascom@acrimat.org.br\"],\"url\":\"https:\/\/acrimat.org.br\/portal\/author\/designergrafico\/\"}]}<\/script>\n<!-- \/ Yoast SEO plugin. -->","yoast_head_json":{"title":"Indea promove reuni\u00e3o do Comit\u00ea Consultivo sobre Brucelose de MT - Acrimat","robots":{"index":"index","follow":"follow","max-snippet":"max-snippet:-1","max-image-preview":"max-image-preview:large","max-video-preview":"max-video-preview:-1"},"canonical":"https:\/\/acrimat.org.br\/portal\/indea-promove-reuniao-do-comite-consultivo-sobre-brucelose-de-mt\/","og_locale":"pt_BR","og_type":"article","og_title":"Indea promove reuni\u00e3o do Comit\u00ea Consultivo sobre Brucelose de MT - Acrimat","og_description":"O Instituto de Defesa Agropecu\u00e1ria de Mato Grosso promoveu nos dias 17 e 18 deste m\u00eas, na sede da Superintend\u00eancia Federal de Agricultura, a 3\u00aa Reuni\u00e3o do Comit\u00ea Consultivo sobre Brucelose Bovina","og_url":"https:\/\/acrimat.org.br\/portal\/indea-promove-reuniao-do-comite-consultivo-sobre-brucelose-de-mt\/","og_site_name":"Acrimat","article_published_time":"2017-11-23T11:09:46+00:00","article_modified_time":"2017-11-24T12:20:08+00:00","og_image":[{"width":730,"height":502,"url":"https:\/\/acrimat.org.br\/portal\/wp-content\/uploads\/2017\/11\/5946199-1.jpg","type":"image\/jpeg"}],"author":"P\u00e9ricles C\u00e2ndido","twitter_card":"summary_large_image","twitter_misc":{"Escrito por":"P\u00e9ricles C\u00e2ndido","Est. tempo de leitura":"1 minuto"},"schema":{"@context":"https:\/\/schema.org","@graph":[{"@type":"Article","@id":"https:\/\/acrimat.org.br\/portal\/indea-promove-reuniao-do-comite-consultivo-sobre-brucelose-de-mt\/#article","isPartOf":{"@id":"https:\/\/acrimat.org.br\/portal\/indea-promove-reuniao-do-comite-consultivo-sobre-brucelose-de-mt\/"},"author":{"name":"P\u00e9ricles C\u00e2ndido","@id":"https:\/\/acrimat.org.br\/portal\/#\/schema\/person\/18df8bcf6890e924fe5d8b5afd2bec0f"},"headline":"Indea promove reuni\u00e3o do Comit\u00ea Consultivo sobre Brucelose de MT","datePublished":"2017-11-23T11:09:46+00:00","dateModified":"2017-11-24T12:20:08+00:00","mainEntityOfPage":{"@id":"https:\/\/acrimat.org.br\/portal\/indea-promove-reuniao-do-comite-consultivo-sobre-brucelose-de-mt\/"},"wordCount":300,"publisher":{"@id":"https:\/\/acrimat.org.br\/portal\/#organization"},"image":{"@id":"https:\/\/acrimat.org.br\/portal\/indea-promove-reuniao-do-comite-consultivo-sobre-brucelose-de-mt\/#primaryimage"},"thumbnailUrl":"https:\/\/acrimat.org.br\/portal\/wp-content\/uploads\/2017\/11\/5946199-1.jpg","articleSection":["Destaques","Not\u00edcias"],"inLanguage":"pt-BR"},{"@type":"WebPage","@id":"https:\/\/acrimat.org.br\/portal\/indea-promove-reuniao-do-comite-consultivo-sobre-brucelose-de-mt\/","url":"https:\/\/acrimat.org.br\/portal\/indea-promove-reuniao-do-comite-consultivo-sobre-brucelose-de-mt\/","name":"Indea promove reuni\u00e3o do Comit\u00ea Consultivo sobre Brucelose de MT - Acrimat","isPartOf":{"@id":"https:\/\/acrimat.org.br\/portal\/#website"},"primaryImageOfPage":{"@id":"https:\/\/acrimat.org.br\/portal\/indea-promove-reuniao-do-comite-consultivo-sobre-brucelose-de-mt\/#primaryimage"},"image":{"@id":"https:\/\/acrimat.org.br\/portal\/indea-promove-reuniao-do-comite-consultivo-sobre-brucelose-de-mt\/#primaryimage"},"thumbnailUrl":"https:\/\/acrimat.org.br\/portal\/wp-content\/uploads\/2017\/11\/5946199-1.jpg","datePublished":"2017-11-23T11:09:46+00:00","dateModified":"2017-11-24T12:20:08+00:00","breadcrumb":{"@id":"https:\/\/acrimat.org.br\/portal\/indea-promove-reuniao-do-comite-consultivo-sobre-brucelose-de-mt\/#breadcrumb"},"inLanguage":"pt-BR","potentialAction":[{"@type":"ReadAction","target":["https:\/\/acrimat.org.br\/portal\/indea-promove-reuniao-do-comite-consultivo-sobre-brucelose-de-mt\/"]}]},{"@type":"ImageObject","inLanguage":"pt-BR","@id":"https:\/\/acrimat.org.br\/portal\/indea-promove-reuniao-do-comite-consultivo-sobre-brucelose-de-mt\/#primaryimage","url":"https:\/\/acrimat.org.br\/portal\/wp-content\/uploads\/2017\/11\/5946199-1.jpg","contentUrl":"https:\/\/acrimat.org.br\/portal\/wp-content\/uploads\/2017\/11\/5946199-1.jpg","width":730,"height":502},{"@type":"BreadcrumbList","@id":"https:\/\/acrimat.org.br\/portal\/indea-promove-reuniao-do-comite-consultivo-sobre-brucelose-de-mt\/#breadcrumb","itemListElement":[{"@type":"ListItem","position":1,"name":"In\u00edcio","item":"https:\/\/acrimat.org.br\/portal\/"},{"@type":"ListItem","position":2,"name":"Indea promove reuni\u00e3o do Comit\u00ea Consultivo sobre Brucelose de MT"}]},{"@type":"WebSite","@id":"https:\/\/acrimat.org.br\/portal\/#website","url":"https:\/\/acrimat.org.br\/portal\/","name":"Acrimat","description":"Associa\u00e7\u00e3o dos Criadores de Mato Grosso","publisher":{"@id":"https:\/\/acrimat.org.br\/portal\/#organization"},"potentialAction":[{"@type":"SearchAction","target":{"@type":"EntryPoint","urlTemplate":"https:\/\/acrimat.org.br\/portal\/?s={search_term_string}"},"query-input":{"@type":"PropertyValueSpecification","valueRequired":true,"valueName":"search_term_string"}}],"inLanguage":"pt-BR"},{"@type":"Organization","@id":"https:\/\/acrimat.org.br\/portal\/#organization","name":"Associa\u00e7\u00e3o dos Criadores de Mato Grosso","url":"https:\/\/acrimat.org.br\/portal\/","logo":{"@type":"ImageObject","inLanguage":"pt-BR","@id":"https:\/\/acrimat.org.br\/portal\/#\/schema\/logo\/image\/","url":"https:\/\/acrimat.org.br\/portal\/wp-content\/uploads\/2018\/03\/logo-peq-original.png","contentUrl":"https:\/\/acrimat.org.br\/portal\/wp-content\/uploads\/2018\/03\/logo-peq-original.png","width":174,"height":171,"caption":"Associa\u00e7\u00e3o dos Criadores de Mato Grosso"},"image":{"@id":"https:\/\/acrimat.org.br\/portal\/#\/schema\/logo\/image\/"}},{"@type":"Person","@id":"https:\/\/acrimat.org.br\/portal\/#\/schema\/person\/18df8bcf6890e924fe5d8b5afd2bec0f","name":"P\u00e9ricles C\u00e2ndido","image":{"@type":"ImageObject","inLanguage":"pt-BR","@id":"https:\/\/acrimat.org.br\/portal\/#\/schema\/person\/image\/","url":"https:\/\/secure.gravatar.com\/avatar\/33e2a2b971dc363ed2df53d0d3bfbd18?s=96&d=mm&r=g","contentUrl":"https:\/\/secure.gravatar.com\/avatar\/33e2a2b971dc363ed2df53d0d3bfbd18?s=96&d=mm&r=g","caption":"P\u00e9ricles C\u00e2ndido"},"sameAs":["ascom@acrimat.org.br"],"url":"https:\/\/acrimat.org.br\/portal\/author\/designergrafico\/"}]}},"_links":{"self":[{"href":"https:\/\/acrimat.org.br\/portal\/wp-json\/wp\/v2\/posts\/97984935","targetHints":{"allow":["GET"]}}],"collection":[{"href":"https:\/\/acrimat.org.br\/portal\/wp-json\/wp\/v2\/posts"}],"about":[{"href":"https:\/\/acrimat.org.br\/portal\/wp-json\/wp\/v2\/types\/post"}],"author":[{"embeddable":true,"href":"https:\/\/acrimat.org.br\/portal\/wp-json\/wp\/v2\/users\/11"}],"replies":[{"embeddable":true,"href":"https:\/\/acrimat.org.br\/portal\/wp-json\/wp\/v2\/comments?post=97984935"}],"version-history":[{"count":2,"href":"https:\/\/acrimat.org.br\/portal\/wp-json\/wp\/v2\/posts\/97984935\/revisions"}],"predecessor-version":[{"id":97984996,"href":"https:\/\/acrimat.org.br\/portal\/wp-json\/wp\/v2\/posts\/97984935\/revisions\/97984996"}],"wp:featuredmedia":[{"embeddable":true,"href":"https:\/\/acrimat.org.br\/portal\/wp-json\/wp\/v2\/media\/97984936"}],"wp:attachment":[{"href":"https:\/\/acrimat.org.br\/portal\/wp-json\/wp\/v2\/media?parent=97984935"}],"wp:term":[{"taxonomy":"category","embeddable":true,"href":"https:\/\/acrimat.org.br\/portal\/wp-json\/wp\/v2\/categories?post=97984935"},{"taxonomy":"post_tag","embeddable":true,"href":"https:\/\/acrimat.org.br\/portal\/wp-json\/wp\/v2\/tags?post=97984935"}],"curies":[{"name":"wp","href":"https:\/\/api.w.org\/{rel}","templated":true}]}}