{"id":97984981,"date":"2017-11-24T09:00:45","date_gmt":"2017-11-24T12:00:45","guid":{"rendered":"http:\/\/acrimat.org.br\/portal\/?p=97984981"},"modified":"2017-11-24T09:10:14","modified_gmt":"2017-11-24T12:10:14","slug":"intercorte-sao-paulo-se-firma-como-o-principal-encontro-anual-da-pecuaria-brasileira","status":"publish","type":"post","link":"https:\/\/acrimat.org.br\/portal\/intercorte-sao-paulo-se-firma-como-o-principal-encontro-anual-da-pecuaria-brasileira\/","title":{"rendered":"InterCorte S\u00e3o Paulo se firma como o principal encontro anual da pecu\u00e1ria brasileira"},"content":{"rendered":"<p>A InterCorte S\u00e3o Paulo, realizada de 15 a 17 de novembro, no WTC Events Center, se firmou como o principal evento da cadeia produtiva da carne bovina brasileira. Mais de 2.100 pessoas de 17 estados passaram pelos tr\u00eas dias de InterCorte e participaram das cerca de 40 horas de conte\u00fado oferecidas em dois audit\u00f3rios e um espa\u00e7o degusta\u00e7\u00e3o, com a contribui\u00e7\u00e3o de 94 palestrantes e debatedores, al\u00e9m de conferir as novidades tecnol\u00f3gicas apresentadas pelas 41 empresas e institui\u00e7\u00f5es que estiveram na feira de neg\u00f3cios.<\/p>\n<p>\u201cTodos os elos da cadeia produtiva da carne estiveram representados na InterCorte, o que nos d\u00e1 a certeza de dever cumprido ao proporcionar a plataforma de an\u00e1lises sobre a pecu\u00e1ria e de discuss\u00f5es sobre o rumo da atividade, inclusive com resultados que ultrapassam os limites do evento\u201d, analisa Carla Tuccilio, diretora do Terraviva Eventos, que realiza a InterCorte.<\/p>\n<p>Ela se refere \u00e0 discuss\u00e3o sobre o FUNRURAL ocorrida na manh\u00e3 do dia 17 com o advogado tributarista Marcos Melo, que resultou num manifesto entregue nesta ter\u00e7a (21) ao presidente da Rep\u00fablica, Michel Temer, ao presidente do Senado, Eun\u00edcio Oliveira e outros senadores e deputados, solicitando a devolu\u00e7\u00e3o da Medida Provis\u00f3ria N\u00ba 793\/17 ao Executivo para altera\u00e7\u00f5es especialmente no que diz respeito \u00e0 cobran\u00e7a retroativa. O movimento, intitulado \u201cUni\u00e3o dos Pecuaristas Brasileiros\u201d, nasceu a partir do encontro realizado na InterCorte e vem sendo liderado pelos produtores Mauro L\u00facio Costa, do Par\u00e1, e Maur\u00edcio Velloso, de Goi\u00e1s, representando 24 entidades pecu\u00e1rias do Pa\u00eds.<\/p>\n<p><strong>Caminhos da Gen\u00e9tica<\/strong><\/p>\n<p>Uma das novidades da InterCorte foi o painel \u201cCaminhos da Gen\u00e9tica\u201d, um desdobramento do projeto \u201cCaminho do Boi\u201d, iniciativa criada para que os visitantes simulem o trajeto realizado pelo animal de corte, desde a fazenda at\u00e9 o varejo. O Caminho do Boi j\u00e1 foi montado em eventos, como a Feicorte, Agrishow e InterCorte, e conta com diversas esta\u00e7\u00f5es que mostram cada etapa do processo de produ\u00e7\u00e3o de uma carne de qualidade, como gen\u00e9tica, sustentabilidade, sistemas produtivos, bem-estar animal, infraestrutura e manejo, pesquisa, inova\u00e7\u00e3o e conhecimento, gest\u00e3o, sanidade, ind\u00fastria, associativismo, mercado e carne. Para que cada desses aspectos seja aprofundado e discutido, cada edi\u00e7\u00e3o da InterCorte S\u00e3o Paulo ter\u00e1 um dia dedicado a uma esta\u00e7\u00e3o do Caminho do Boi, come\u00e7ando pela gen\u00e9tica.<\/p>\n<p>No primeiro dia da InterCorte mais de 30 debatedores discutiram em seis blocos os diversos aspectos que influenciam a gen\u00e9tica bovina como estrat\u00e9gia para a pecu\u00e1ria. Temas como as aplica\u00e7\u00f5es pr\u00e1ticas do melhoramento gen\u00e9tico, o impacto no uso de animais melhoradores selecionados em testes de desempenho e efici\u00eancia alimentar, a utiliza\u00e7\u00e3o da gen\u00f4mica no campo, produtividade, lucratividade e sustentabilidade na utiliza\u00e7\u00e3o de animais melhorados e reprodu\u00e7\u00e3o foram o norte para os debates e apresenta\u00e7\u00f5es, que mostraram aos presentes a import\u00e2ncia estrat\u00e9gica e a influ\u00eancia de uma boa escolha gen\u00e9tica na qualidade da carne a ser comercializada.<\/p>\n<p><strong>Congresso APPS<\/strong><\/p>\n<p>O congresso \u201cCaminhos para a Pecu\u00e1ria Sustent\u00e1vel\u201d, promovido pela Associa\u00e7\u00e3o dos Profissionais da Pecu\u00e1ria Sustent\u00e1vel (APPS), foi realizado na tarde do primeiro dia da InterCorte, tratando de temas como bem-estar animal, nutri\u00e7\u00e3o, pastagem, melhoramento gen\u00e9tico e reprodu\u00e7\u00e3o, e sanidade.<\/p>\n<p><strong>Papel das redes sociais para a pecu\u00e1ria<\/strong><\/p>\n<p>Os l\u00edderes dos principais grupos de Whatsapp da pecu\u00e1ria e de redes sociais se reuniram pela primeira vez na InterCorte e trocaram experi\u00eancias sobre o papel dessas ferramentas de comunica\u00e7\u00e3o para o amadurecimento do setor. Participaram do painel representantes dos grupos Pastagem Sustent\u00e1vel, GPB (Grupo Pecu\u00e1ria Brasil), Tratto Consultoria, Pasto On Line, Beef Radar, GPB Rosa, NFA \u2013 N\u00facleo Feminino do Agroneg\u00f3cio e Agro Mulher.<\/p>\n<p><strong>10 anos de GTPS<\/strong><\/p>\n<p>A InterCorte tamb\u00e9m foi palco do evento em comemora\u00e7\u00e3o aos 10 anos do GTPS \u2013 Grupo de Trabalho da Pecu\u00e1ria Sustent\u00e1vel, que tratou da import\u00e2ncia da articula\u00e7\u00e3o das cadeias de valor para o desenvolvimento sustent\u00e1vel. Uma programa\u00e7\u00e3o especial de debates e palestras discutiu os avan\u00e7os da pecu\u00e1ria na \u00faltima d\u00e9cada, o futuro e novos desafios, inclusive a democratiza\u00e7\u00e3o do acesso \u00e0s ferramentas de conformidade socioambiental.<\/p>\n<p>\u201cO encontro foi muito produtivo. Contamos com a casa cheia e conseguimos atingir nosso objetivo que \u00e9 trabalhar a melhoria cont\u00ednua dentro da cadeia de valor da carne. O GTPS existe porque a cadeia est\u00e1 junto, trabalhando em conjunto visando melhorar a produ\u00e7\u00e3o e preservar os recursos naturais, de uma forma sustent\u00e1vel, para manter esses recursos para as pr\u00f3ximas gera\u00e7\u00f5es\u201d, destaca Ruy Fachini Filho, presidente do GTPS.<\/p>\n<p><strong>Workshop BeefPoint Gest\u00e3o do Lucro<\/strong><\/p>\n<p>No dia segundo dia da InterCorte foi realizado o Workshop BeefPoint Gest\u00e3o do Lucro na Pecu\u00e1ria de Corte, com palestras, estudos de caso e discuss\u00f5es sobre como medir e aumentar a lucratividade da fazenda. Durante todo o dia, seis palestrantes compartilharam seus conhecimentos sobre lucro e foram apresentados seis estudos de caso focados no tema. O valor arrecadado com a realiza\u00e7\u00e3o do evento foi revertido para o Hospital de C\u00e2ncer de Barretos.<\/p>\n<p><strong>Encerramento Circuito InterCorte<\/strong><\/p>\n<p>A manh\u00e3 do \u00faltimo dia foi marcada pelo painel \u201cBrasil InterCorte \u2013 Os caminhos da pecu\u00e1ria para 2018\u201d, que reuniu representantes de diferentes elos do setor para um debate sobre temas que foram destaque durante as etapas do Circuito InterCorte, al\u00e9m das expectativas para 2018.<\/p>\n<p>Desde a sua cria\u00e7\u00e3o em 2012, a InterCorte j\u00e1 contou com a participa\u00e7\u00e3o de mais de 27 mil pessoas, a maior parte pecuaristas, em eventos que percorrem algumas das principais regi\u00f5es pecu\u00e1rias do Pa\u00eds para levar informa\u00e7\u00e3o, conhecimento e tecnologia. Em 2017, o evento passou por Cuiab\u00e1 (MT) em mar\u00e7o, Ji-Paran\u00e1 (RO) e Campo Grande (MS) em julho, Aragua\u00edna (TO) em outubro, encerrando em S\u00e3o Paulo (SP). Com o tema principal \u201cEntender para Atender\u201d, o Circuito InterCorte 2017 teve a participa\u00e7\u00e3o de 6 mil pessoas, a maior parte pecuaristas.<\/p>\n<p>O pesquisador Thiago Carvalho, do Centro de Estudos Avan\u00e7ados em Economia Aplicada \u2013 Cepea-ESALQ\/USP, destacou o papel do Brasil como um grande player mundial quanto \u00e0 produ\u00e7\u00e3o e comercializa\u00e7\u00e3o de carne. \u201cTemos uma vis\u00e3o otimista para o mercado em 2018. O Brasil est\u00e1 em evid\u00eancia no cen\u00e1rio mundial, com muito espa\u00e7o ainda para crescimento na comercializa\u00e7\u00e3o de carne bovina. O grande desafio do setor para conquistarmos novos mercados \u00e9 o planejamento e a gest\u00e3o nas propriedades para garantir maior lucratividade e produtividade\u201d, afirma.<\/p>\n<p>Dentro do tema central do Circuito deste ano \u2013 \u201cEntender para Atender\u201d, a cria foi um dos assuntos que fizeram parte dos debates entre os participantes das cinco etapas, fator que foi um ponto positivo do evento, de acordo com o m\u00e9dico veterin\u00e1rio e propriet\u00e1rio da empresa Firmasa de Tecnologia para Pecu\u00e1ria, Luciano Penteado da Silva. \u201cA cria \u00e9, sem d\u00favida, uma das etapas mais importantes do processo de produ\u00e7\u00e3o, pois \u00e9 a base da cadeia, mas ainda pouco valorizada pelos produtores. Dar destaque a esse aspecto foi muito positivo, pois levou informa\u00e7\u00f5es e conhecimento aos produtores de diversas regi\u00f5es, enfatizando a import\u00e2ncia no investimento e tecnifica\u00e7\u00e3o\u201d, destaca Penteado.<\/p>\n<p>O cen\u00e1rio pol\u00edtico atual tamb\u00e9m foi destaque durante o painel, quando os participantes ressaltaram a import\u00e2ncia de um setor unido e de l\u00edderes que representem a pecu\u00e1ria e seus interesses. \u201cO setor precisa de uma estrat\u00e9gia e de representantes pol\u00edticos que nos ajudem a defender as demandas da cadeia junto aos governantes. Temos bons exemplos em andamento, mas que seguem desconectados. Precisamos nos unir e caminharmos juntos para que haja uma lideran\u00e7a institucional forte que auxilie no desenvolvimento do setor\u201d, aponta o Diretor-Executivo ACRIMAT, Luciano Vacari.<\/p>\n<p>\u201cSem d\u00favida, 2017 foi um ano muito dif\u00edcil para a pecu\u00e1ria brasileira, mas tamb\u00e9m foi um per\u00edodo de muito aprendizado. Epis\u00f3dios como o da Carne Fraca nos deram a oportunidade de sermos auditados por diversos pa\u00edses do mundo e, com isso, comprovamos a qualidade do nosso produto. Esperamos um 2018 um cen\u00e1rio menos perturbado, mas com mais \u00e2nimo e com o desafio de ampliarmos nossa presen\u00e7a no mercado externo\u201d, salienta o presidente da Est\u00e2ncia Bahia Leil\u00f5es, Mauricio Tonh\u00e1, dando a vis\u00e3o da comercializa\u00e7\u00e3o.<\/p>\n<p>Para o presidente da Fazen, Vasco Oliveira Neto, a pecu\u00e1ria est\u00e1 iniciando um processo de mudan\u00e7a, que ser\u00e1 transformacional para positivo. \u201cTemos que conseguir levar a tecnologia para o produtor junto com servi\u00e7o, o que transformar\u00e1 a maneira que gerenciamos o nosso neg\u00f3cio, que compramos os nossos insumos e que vendemos o nosso gado. Seja no cen\u00e1rio externo do Brasil ou no interno da nossa pecu\u00e1ria, vejo muita coisa positiva acontecendo nos pr\u00f3ximos 10, 15 anos\u201d, acredita o CEO da startup.<\/p>\n<p><strong>Painel internacional<\/strong><\/p>\n<p>No \u00faltimo dia do evento, a InterCorte teve um painel internacional dedicado \u00e0 an\u00e1lise do mercado global e apresenta\u00e7\u00e3o de um panorama com os desafios e oportunidades do mercado mundial de carnes.<\/p>\n<p>O painel foi aberto com uma palestra sobre os desafios no com\u00e9rcio global de carne bovina, ministrada por Alberto Bicca, representante da Ag\u00eancia Brasileira de Promo\u00e7\u00e3o de Exporta\u00e7\u00f5es e Investimentos (APEX), seguida pelo analista do Rabobank Brasil, Adolfo Fontes, que apresentou dados sobre o consumo mundial de prote\u00edna animal. Na sequ\u00eancia, um debate moderado pelo consultor Internacional de Governos e Empresas, Francisco Vila, sobre como organizar os mercados para atendimento do com\u00e9rcio mundial de carne bovina teve a participa\u00e7\u00e3o de M\u00e1rcio Caparroz, representando a Internacional Beef Alliance (IAB), Bruno de Jesus Andrade, representando a Associa\u00e7\u00e3o Nacional dos Confinadores (ASSOCON), Dennis Laycraft, em nome da Canadian Cattlemen\u2019s Association \u2013 CCA, Francisco Manzi, pela ACRIMAT, Helder H\u00f6fing, representando a Sociedade Rural Brasileira e Cristian Lohbauer, doutor em Ci\u00eancia Pol\u00edtica pela USP.<\/p>\n<p><strong>Programa\u00e7\u00e3o t\u00e9cnica<\/strong><\/p>\n<p>Al\u00e9m dos pain\u00e9is, a InterCorte teve palestras oferecidas por empresas e institui\u00e7\u00f5es que trataram de temas, como cruzamento industrial, gen\u00f4mica, economia da pecu\u00e1ria, pastagens, drones, transforma\u00e7\u00e3o digital e pecu\u00e1ria de precis\u00e3o.<\/p>\n<p><strong>Espa\u00e7o Degusta\u00e7\u00e3o e Beef Week<\/strong><\/p>\n<p>Todos os dias, os participantes da InterCorte podiam degustar diversos cortes de carne bovina no Espa\u00e7o Degusta\u00e7\u00e3o #SomosdaCarne.<\/p>\n<p>Enquanto o setor produtivo estava reunido no WTC para discutir melhorias, o consumidor foi convidado a conferir o resultado desse trabalho na Angus Beef Week em 17 restaurantes e duas lojas de carne da capital paulista, que ofereceram ao consumidor pratos especiais com cortes de animais Angus.<\/p>\n<p><strong>Feira de Neg\u00f3cios<\/strong><\/p>\n<p>A edi\u00e7\u00e3o da InterCorte em S\u00e3o Paulo teve ainda uma feira de neg\u00f3cios com a participa\u00e7\u00e3o de empresas de refer\u00eancia na pecu\u00e1ria, que apresentaram no evento suas inova\u00e7\u00f5es tecnol\u00f3gicas para tornar a pecu\u00e1ria cada vez mais produtiva e rent\u00e1vel. Participaram da InterCorte S\u00e3o Paulo as empresas Ourofino, AgroMarip\u00e1, Cargill-Nutron, Matsuda, Biog\u00e9nesis Bag\u00f3, GTPS, ACRIMAT, Instituto de Zootecnia \u2013 IZ, Beckhauser, Mundial Bens, SBC Certificadora, Trouw Nutrition, Brutale, Toledo, Casale, CRI Gen\u00e9tica, Deltagen, Wolf Seeds, Rubber Tank, ORO AGRI, ABCT \u2013 Associa\u00e7\u00e3o Brasileira dos Criadores de Tabapu\u00e3, Illumina, Multibovinos, Minerthal, Balan\u00e7as A\u00e7ores, Est\u00e2ncia Bahia, ABCB Senepol, Agrozootec, USP, Prodap, Panucci Pr\u00e9 Moldados, Allflex, Exacta Balan\u00e7as, ANCP, Coimma, Horus Aeronaves, CV Mocho, Firmasa \/ Pec 4.0, Associa\u00e7\u00e3o Brasileira de Criadores das Ra\u00e7as Simental \u2013 Simbrasil, Associa\u00e7\u00e3o Brasileira de Criadores Bonsmara e ABS Pecplan.<\/p>\n<p>O evento teve tamb\u00e9m o Emp\u00f3rio Beef Week, com a presen\u00e7a das empresas Pratico de Gar\u00e7a, Pardinho Artesanal, Leiteria Santa Paula, Est\u00e2ncia Silvania, Fazenda Santa Luzia, Caf\u00e9 Pieta e Parrilha SA.<\/p>\n<p><strong>Edi\u00e7\u00e3o 2018<\/strong><\/p>\n<p>A edi\u00e7\u00e3o de 2018 da InterCorte ter\u00e1 in\u00edcio em Cuiab\u00e1 (MT), nos dias 12 e 13 de abril, finalizando com o Festival Braseiro, no dia 14. A InterCorte S\u00e3o Paulo ser\u00e1 nos dias 21, 22 e 23 de novembro de 2018, no WTC Events Center e as demais etapas ser\u00e3o divulgadas em breve.<\/p>\n<p><strong>Sobre a InterCorte<\/strong><\/p>\n<p>Com realiza\u00e7\u00e3o do Terraviva Eventos, a InterCorte tem a curadoria de conte\u00fado da ASSOCON e GTPS. A InterCorte e a Beef Week fazem parte do \u201cIntegrar para Crescer\u201d, plataforma de comunica\u00e7\u00e3o que envolve eventos e a\u00e7\u00f5es com o intuito de disseminar informa\u00e7\u00e3o de qualidade, reverberando os temas e discuss\u00f5es relevantes ao setor em um programa semanal de mesmo nome, que vai ao ar aos domingos pelo Canal Terraviva, do Grupo Bandeirantes de Comunica\u00e7\u00e3o. O Caminho do Boi, Dia do Produtor, manifesto #SomosdaCarne e Interconf fazem parte da plataforma.<\/p>\n","protected":false},"excerpt":{"rendered":"<p>A InterCorte S\u00e3o Paulo, realizada de 15 a 17 de novembro, no WTC Events Center, se firmou como o principal evento da cadeia produtiva da carne bovina brasileira<\/p>\n","protected":false},"author":11,"featured_media":97984982,"comment_status":"closed","ping_status":"closed","sticky":false,"template":"","format":"standard","meta":{"footnotes":""},"categories":[6,1],"tags":[],"class_list":["post-97984981","post","type-post","status-publish","format-standard","has-post-thumbnail","hentry","category-destaque","category-noticia"],"yoast_head":"<!-- This site is optimized with the Yoast SEO plugin v24.8.1 - https:\/\/yoast.com\/wordpress\/plugins\/seo\/ -->\n<title>InterCorte S\u00e3o Paulo se firma como o principal encontro anual da pecu\u00e1ria brasileira - Acrimat<\/title>\n<meta name=\"robots\" content=\"index, follow, max-snippet:-1, max-image-preview:large, max-video-preview:-1\" \/>\n<link rel=\"canonical\" href=\"https:\/\/acrimat.org.br\/portal\/intercorte-sao-paulo-se-firma-como-o-principal-encontro-anual-da-pecuaria-brasileira\/\" \/>\n<meta property=\"og:locale\" content=\"pt_BR\" \/>\n<meta property=\"og:type\" content=\"article\" \/>\n<meta property=\"og:title\" content=\"InterCorte S\u00e3o Paulo se firma como o principal encontro anual da pecu\u00e1ria brasileira - Acrimat\" \/>\n<meta property=\"og:description\" content=\"A InterCorte S\u00e3o Paulo, realizada de 15 a 17 de novembro, no WTC Events Center, se firmou como o principal evento da cadeia produtiva da carne bovina brasileira\" \/>\n<meta property=\"og:url\" content=\"https:\/\/acrimat.org.br\/portal\/intercorte-sao-paulo-se-firma-como-o-principal-encontro-anual-da-pecuaria-brasileira\/\" \/>\n<meta property=\"og:site_name\" content=\"Acrimat\" \/>\n<meta property=\"article:published_time\" content=\"2017-11-24T12:00:45+00:00\" \/>\n<meta property=\"article:modified_time\" content=\"2017-11-24T12:10:14+00:00\" \/>\n<meta property=\"og:image\" content=\"https:\/\/acrimat.org.br\/portal\/wp-content\/uploads\/2017\/11\/imagem_release_1135472_medium.jpg\" \/>\n\t<meta property=\"og:image:width\" content=\"300\" \/>\n\t<meta property=\"og:image:height\" content=\"200\" \/>\n\t<meta property=\"og:image:type\" content=\"image\/jpeg\" \/>\n<meta name=\"author\" content=\"P\u00e9ricles C\u00e2ndido\" \/>\n<meta name=\"twitter:card\" content=\"summary_large_image\" \/>\n<meta name=\"twitter:label1\" content=\"Escrito por\" \/>\n\t<meta name=\"twitter:data1\" content=\"P\u00e9ricles C\u00e2ndido\" \/>\n\t<meta name=\"twitter:label2\" content=\"Est. tempo de leitura\" \/>\n\t<meta name=\"twitter:data2\" content=\"11 minutos\" \/>\n<script type=\"application\/ld+json\" class=\"yoast-schema-graph\">{\"@context\":\"https:\/\/schema.org\",\"@graph\":[{\"@type\":\"Article\",\"@id\":\"https:\/\/acrimat.org.br\/portal\/intercorte-sao-paulo-se-firma-como-o-principal-encontro-anual-da-pecuaria-brasileira\/#article\",\"isPartOf\":{\"@id\":\"https:\/\/acrimat.org.br\/portal\/intercorte-sao-paulo-se-firma-como-o-principal-encontro-anual-da-pecuaria-brasileira\/\"},\"author\":{\"name\":\"P\u00e9ricles C\u00e2ndido\",\"@id\":\"https:\/\/acrimat.org.br\/portal\/#\/schema\/person\/18df8bcf6890e924fe5d8b5afd2bec0f\"},\"headline\":\"InterCorte S\u00e3o Paulo se firma como o principal encontro anual da pecu\u00e1ria brasileira\",\"datePublished\":\"2017-11-24T12:00:45+00:00\",\"dateModified\":\"2017-11-24T12:10:14+00:00\",\"mainEntityOfPage\":{\"@id\":\"https:\/\/acrimat.org.br\/portal\/intercorte-sao-paulo-se-firma-como-o-principal-encontro-anual-da-pecuaria-brasileira\/\"},\"wordCount\":2133,\"publisher\":{\"@id\":\"https:\/\/acrimat.org.br\/portal\/#organization\"},\"image\":{\"@id\":\"https:\/\/acrimat.org.br\/portal\/intercorte-sao-paulo-se-firma-como-o-principal-encontro-anual-da-pecuaria-brasileira\/#primaryimage\"},\"thumbnailUrl\":\"https:\/\/acrimat.org.br\/portal\/wp-content\/uploads\/2017\/11\/imagem_release_1135472_medium.jpg\",\"articleSection\":[\"Destaques\",\"Not\u00edcias\"],\"inLanguage\":\"pt-BR\"},{\"@type\":\"WebPage\",\"@id\":\"https:\/\/acrimat.org.br\/portal\/intercorte-sao-paulo-se-firma-como-o-principal-encontro-anual-da-pecuaria-brasileira\/\",\"url\":\"https:\/\/acrimat.org.br\/portal\/intercorte-sao-paulo-se-firma-como-o-principal-encontro-anual-da-pecuaria-brasileira\/\",\"name\":\"InterCorte S\u00e3o Paulo se firma como o principal encontro anual da pecu\u00e1ria brasileira - Acrimat\",\"isPartOf\":{\"@id\":\"https:\/\/acrimat.org.br\/portal\/#website\"},\"primaryImageOfPage\":{\"@id\":\"https:\/\/acrimat.org.br\/portal\/intercorte-sao-paulo-se-firma-como-o-principal-encontro-anual-da-pecuaria-brasileira\/#primaryimage\"},\"image\":{\"@id\":\"https:\/\/acrimat.org.br\/portal\/intercorte-sao-paulo-se-firma-como-o-principal-encontro-anual-da-pecuaria-brasileira\/#primaryimage\"},\"thumbnailUrl\":\"https:\/\/acrimat.org.br\/portal\/wp-content\/uploads\/2017\/11\/imagem_release_1135472_medium.jpg\",\"datePublished\":\"2017-11-24T12:00:45+00:00\",\"dateModified\":\"2017-11-24T12:10:14+00:00\",\"breadcrumb\":{\"@id\":\"https:\/\/acrimat.org.br\/portal\/intercorte-sao-paulo-se-firma-como-o-principal-encontro-anual-da-pecuaria-brasileira\/#breadcrumb\"},\"inLanguage\":\"pt-BR\",\"potentialAction\":[{\"@type\":\"ReadAction\",\"target\":[\"https:\/\/acrimat.org.br\/portal\/intercorte-sao-paulo-se-firma-como-o-principal-encontro-anual-da-pecuaria-brasileira\/\"]}]},{\"@type\":\"ImageObject\",\"inLanguage\":\"pt-BR\",\"@id\":\"https:\/\/acrimat.org.br\/portal\/intercorte-sao-paulo-se-firma-como-o-principal-encontro-anual-da-pecuaria-brasileira\/#primaryimage\",\"url\":\"https:\/\/acrimat.org.br\/portal\/wp-content\/uploads\/2017\/11\/imagem_release_1135472_medium.jpg\",\"contentUrl\":\"https:\/\/acrimat.org.br\/portal\/wp-content\/uploads\/2017\/11\/imagem_release_1135472_medium.jpg\",\"width\":300,\"height\":200},{\"@type\":\"BreadcrumbList\",\"@id\":\"https:\/\/acrimat.org.br\/portal\/intercorte-sao-paulo-se-firma-como-o-principal-encontro-anual-da-pecuaria-brasileira\/#breadcrumb\",\"itemListElement\":[{\"@type\":\"ListItem\",\"position\":1,\"name\":\"In\u00edcio\",\"item\":\"https:\/\/acrimat.org.br\/portal\/\"},{\"@type\":\"ListItem\",\"position\":2,\"name\":\"InterCorte S\u00e3o Paulo se firma como o principal encontro anual da pecu\u00e1ria brasileira\"}]},{\"@type\":\"WebSite\",\"@id\":\"https:\/\/acrimat.org.br\/portal\/#website\",\"url\":\"https:\/\/acrimat.org.br\/portal\/\",\"name\":\"Acrimat\",\"description\":\"Associa\u00e7\u00e3o dos Criadores de Mato Grosso\",\"publisher\":{\"@id\":\"https:\/\/acrimat.org.br\/portal\/#organization\"},\"potentialAction\":[{\"@type\":\"SearchAction\",\"target\":{\"@type\":\"EntryPoint\",\"urlTemplate\":\"https:\/\/acrimat.org.br\/portal\/?s={search_term_string}\"},\"query-input\":{\"@type\":\"PropertyValueSpecification\",\"valueRequired\":true,\"valueName\":\"search_term_string\"}}],\"inLanguage\":\"pt-BR\"},{\"@type\":\"Organization\",\"@id\":\"https:\/\/acrimat.org.br\/portal\/#organization\",\"name\":\"Associa\u00e7\u00e3o dos Criadores de Mato Grosso\",\"url\":\"https:\/\/acrimat.org.br\/portal\/\",\"logo\":{\"@type\":\"ImageObject\",\"inLanguage\":\"pt-BR\",\"@id\":\"https:\/\/acrimat.org.br\/portal\/#\/schema\/logo\/image\/\",\"url\":\"https:\/\/acrimat.org.br\/portal\/wp-content\/uploads\/2018\/03\/logo-peq-original.png\",\"contentUrl\":\"https:\/\/acrimat.org.br\/portal\/wp-content\/uploads\/2018\/03\/logo-peq-original.png\",\"width\":174,\"height\":171,\"caption\":\"Associa\u00e7\u00e3o dos Criadores de Mato Grosso\"},\"image\":{\"@id\":\"https:\/\/acrimat.org.br\/portal\/#\/schema\/logo\/image\/\"}},{\"@type\":\"Person\",\"@id\":\"https:\/\/acrimat.org.br\/portal\/#\/schema\/person\/18df8bcf6890e924fe5d8b5afd2bec0f\",\"name\":\"P\u00e9ricles C\u00e2ndido\",\"image\":{\"@type\":\"ImageObject\",\"inLanguage\":\"pt-BR\",\"@id\":\"https:\/\/acrimat.org.br\/portal\/#\/schema\/person\/image\/\",\"url\":\"https:\/\/secure.gravatar.com\/avatar\/33e2a2b971dc363ed2df53d0d3bfbd18?s=96&d=mm&r=g\",\"contentUrl\":\"https:\/\/secure.gravatar.com\/avatar\/33e2a2b971dc363ed2df53d0d3bfbd18?s=96&d=mm&r=g\",\"caption\":\"P\u00e9ricles C\u00e2ndido\"},\"sameAs\":[\"ascom@acrimat.org.br\"],\"url\":\"https:\/\/acrimat.org.br\/portal\/author\/designergrafico\/\"}]}<\/script>\n<!-- \/ Yoast SEO plugin. -->","yoast_head_json":{"title":"InterCorte S\u00e3o Paulo se firma como o principal encontro anual da pecu\u00e1ria brasileira - Acrimat","robots":{"index":"index","follow":"follow","max-snippet":"max-snippet:-1","max-image-preview":"max-image-preview:large","max-video-preview":"max-video-preview:-1"},"canonical":"https:\/\/acrimat.org.br\/portal\/intercorte-sao-paulo-se-firma-como-o-principal-encontro-anual-da-pecuaria-brasileira\/","og_locale":"pt_BR","og_type":"article","og_title":"InterCorte S\u00e3o Paulo se firma como o principal encontro anual da pecu\u00e1ria brasileira - Acrimat","og_description":"A InterCorte S\u00e3o Paulo, realizada de 15 a 17 de novembro, no WTC Events Center, se firmou como o principal evento da cadeia produtiva da carne bovina brasileira","og_url":"https:\/\/acrimat.org.br\/portal\/intercorte-sao-paulo-se-firma-como-o-principal-encontro-anual-da-pecuaria-brasileira\/","og_site_name":"Acrimat","article_published_time":"2017-11-24T12:00:45+00:00","article_modified_time":"2017-11-24T12:10:14+00:00","og_image":[{"width":300,"height":200,"url":"https:\/\/acrimat.org.br\/portal\/wp-content\/uploads\/2017\/11\/imagem_release_1135472_medium.jpg","type":"image\/jpeg"}],"author":"P\u00e9ricles C\u00e2ndido","twitter_card":"summary_large_image","twitter_misc":{"Escrito por":"P\u00e9ricles C\u00e2ndido","Est. tempo de leitura":"11 minutos"},"schema":{"@context":"https:\/\/schema.org","@graph":[{"@type":"Article","@id":"https:\/\/acrimat.org.br\/portal\/intercorte-sao-paulo-se-firma-como-o-principal-encontro-anual-da-pecuaria-brasileira\/#article","isPartOf":{"@id":"https:\/\/acrimat.org.br\/portal\/intercorte-sao-paulo-se-firma-como-o-principal-encontro-anual-da-pecuaria-brasileira\/"},"author":{"name":"P\u00e9ricles C\u00e2ndido","@id":"https:\/\/acrimat.org.br\/portal\/#\/schema\/person\/18df8bcf6890e924fe5d8b5afd2bec0f"},"headline":"InterCorte S\u00e3o Paulo se firma como o principal encontro anual da pecu\u00e1ria brasileira","datePublished":"2017-11-24T12:00:45+00:00","dateModified":"2017-11-24T12:10:14+00:00","mainEntityOfPage":{"@id":"https:\/\/acrimat.org.br\/portal\/intercorte-sao-paulo-se-firma-como-o-principal-encontro-anual-da-pecuaria-brasileira\/"},"wordCount":2133,"publisher":{"@id":"https:\/\/acrimat.org.br\/portal\/#organization"},"image":{"@id":"https:\/\/acrimat.org.br\/portal\/intercorte-sao-paulo-se-firma-como-o-principal-encontro-anual-da-pecuaria-brasileira\/#primaryimage"},"thumbnailUrl":"https:\/\/acrimat.org.br\/portal\/wp-content\/uploads\/2017\/11\/imagem_release_1135472_medium.jpg","articleSection":["Destaques","Not\u00edcias"],"inLanguage":"pt-BR"},{"@type":"WebPage","@id":"https:\/\/acrimat.org.br\/portal\/intercorte-sao-paulo-se-firma-como-o-principal-encontro-anual-da-pecuaria-brasileira\/","url":"https:\/\/acrimat.org.br\/portal\/intercorte-sao-paulo-se-firma-como-o-principal-encontro-anual-da-pecuaria-brasileira\/","name":"InterCorte S\u00e3o Paulo se firma como o principal encontro anual da pecu\u00e1ria brasileira - Acrimat","isPartOf":{"@id":"https:\/\/acrimat.org.br\/portal\/#website"},"primaryImageOfPage":{"@id":"https:\/\/acrimat.org.br\/portal\/intercorte-sao-paulo-se-firma-como-o-principal-encontro-anual-da-pecuaria-brasileira\/#primaryimage"},"image":{"@id":"https:\/\/acrimat.org.br\/portal\/intercorte-sao-paulo-se-firma-como-o-principal-encontro-anual-da-pecuaria-brasileira\/#primaryimage"},"thumbnailUrl":"https:\/\/acrimat.org.br\/portal\/wp-content\/uploads\/2017\/11\/imagem_release_1135472_medium.jpg","datePublished":"2017-11-24T12:00:45+00:00","dateModified":"2017-11-24T12:10:14+00:00","breadcrumb":{"@id":"https:\/\/acrimat.org.br\/portal\/intercorte-sao-paulo-se-firma-como-o-principal-encontro-anual-da-pecuaria-brasileira\/#breadcrumb"},"inLanguage":"pt-BR","potentialAction":[{"@type":"ReadAction","target":["https:\/\/acrimat.org.br\/portal\/intercorte-sao-paulo-se-firma-como-o-principal-encontro-anual-da-pecuaria-brasileira\/"]}]},{"@type":"ImageObject","inLanguage":"pt-BR","@id":"https:\/\/acrimat.org.br\/portal\/intercorte-sao-paulo-se-firma-como-o-principal-encontro-anual-da-pecuaria-brasileira\/#primaryimage","url":"https:\/\/acrimat.org.br\/portal\/wp-content\/uploads\/2017\/11\/imagem_release_1135472_medium.jpg","contentUrl":"https:\/\/acrimat.org.br\/portal\/wp-content\/uploads\/2017\/11\/imagem_release_1135472_medium.jpg","width":300,"height":200},{"@type":"BreadcrumbList","@id":"https:\/\/acrimat.org.br\/portal\/intercorte-sao-paulo-se-firma-como-o-principal-encontro-anual-da-pecuaria-brasileira\/#breadcrumb","itemListElement":[{"@type":"ListItem","position":1,"name":"In\u00edcio","item":"https:\/\/acrimat.org.br\/portal\/"},{"@type":"ListItem","position":2,"name":"InterCorte S\u00e3o Paulo se firma como o principal encontro anual da pecu\u00e1ria brasileira"}]},{"@type":"WebSite","@id":"https:\/\/acrimat.org.br\/portal\/#website","url":"https:\/\/acrimat.org.br\/portal\/","name":"Acrimat","description":"Associa\u00e7\u00e3o dos Criadores de Mato Grosso","publisher":{"@id":"https:\/\/acrimat.org.br\/portal\/#organization"},"potentialAction":[{"@type":"SearchAction","target":{"@type":"EntryPoint","urlTemplate":"https:\/\/acrimat.org.br\/portal\/?s={search_term_string}"},"query-input":{"@type":"PropertyValueSpecification","valueRequired":true,"valueName":"search_term_string"}}],"inLanguage":"pt-BR"},{"@type":"Organization","@id":"https:\/\/acrimat.org.br\/portal\/#organization","name":"Associa\u00e7\u00e3o dos Criadores de Mato Grosso","url":"https:\/\/acrimat.org.br\/portal\/","logo":{"@type":"ImageObject","inLanguage":"pt-BR","@id":"https:\/\/acrimat.org.br\/portal\/#\/schema\/logo\/image\/","url":"https:\/\/acrimat.org.br\/portal\/wp-content\/uploads\/2018\/03\/logo-peq-original.png","contentUrl":"https:\/\/acrimat.org.br\/portal\/wp-content\/uploads\/2018\/03\/logo-peq-original.png","width":174,"height":171,"caption":"Associa\u00e7\u00e3o dos Criadores de Mato Grosso"},"image":{"@id":"https:\/\/acrimat.org.br\/portal\/#\/schema\/logo\/image\/"}},{"@type":"Person","@id":"https:\/\/acrimat.org.br\/portal\/#\/schema\/person\/18df8bcf6890e924fe5d8b5afd2bec0f","name":"P\u00e9ricles C\u00e2ndido","image":{"@type":"ImageObject","inLanguage":"pt-BR","@id":"https:\/\/acrimat.org.br\/portal\/#\/schema\/person\/image\/","url":"https:\/\/secure.gravatar.com\/avatar\/33e2a2b971dc363ed2df53d0d3bfbd18?s=96&d=mm&r=g","contentUrl":"https:\/\/secure.gravatar.com\/avatar\/33e2a2b971dc363ed2df53d0d3bfbd18?s=96&d=mm&r=g","caption":"P\u00e9ricles C\u00e2ndido"},"sameAs":["ascom@acrimat.org.br"],"url":"https:\/\/acrimat.org.br\/portal\/author\/designergrafico\/"}]}},"_links":{"self":[{"href":"https:\/\/acrimat.org.br\/portal\/wp-json\/wp\/v2\/posts\/97984981","targetHints":{"allow":["GET"]}}],"collection":[{"href":"https:\/\/acrimat.org.br\/portal\/wp-json\/wp\/v2\/posts"}],"about":[{"href":"https:\/\/acrimat.org.br\/portal\/wp-json\/wp\/v2\/types\/post"}],"author":[{"embeddable":true,"href":"https:\/\/acrimat.org.br\/portal\/wp-json\/wp\/v2\/users\/11"}],"replies":[{"embeddable":true,"href":"https:\/\/acrimat.org.br\/portal\/wp-json\/wp\/v2\/comments?post=97984981"}],"version-history":[{"count":2,"href":"https:\/\/acrimat.org.br\/portal\/wp-json\/wp\/v2\/posts\/97984981\/revisions"}],"predecessor-version":[{"id":97984994,"href":"https:\/\/acrimat.org.br\/portal\/wp-json\/wp\/v2\/posts\/97984981\/revisions\/97984994"}],"wp:featuredmedia":[{"embeddable":true,"href":"https:\/\/acrimat.org.br\/portal\/wp-json\/wp\/v2\/media\/97984982"}],"wp:attachment":[{"href":"https:\/\/acrimat.org.br\/portal\/wp-json\/wp\/v2\/media?parent=97984981"}],"wp:term":[{"taxonomy":"category","embeddable":true,"href":"https:\/\/acrimat.org.br\/portal\/wp-json\/wp\/v2\/categories?post=97984981"},{"taxonomy":"post_tag","embeddable":true,"href":"https:\/\/acrimat.org.br\/portal\/wp-json\/wp\/v2\/tags?post=97984981"}],"curies":[{"name":"wp","href":"https:\/\/api.w.org\/{rel}","templated":true}]}}