{"id":97984984,"date":"2017-11-24T09:02:13","date_gmt":"2017-11-24T12:02:13","guid":{"rendered":"http:\/\/acrimat.org.br\/portal\/?p=97984984"},"modified":"2017-11-24T09:02:13","modified_gmt":"2017-11-24T12:02:13","slug":"presidente-do-bndes-fala-de-empreendedorismo-em-mato-grosso","status":"publish","type":"post","link":"https:\/\/acrimat.org.br\/portal\/presidente-do-bndes-fala-de-empreendedorismo-em-mato-grosso\/","title":{"rendered":"Presidente do BNDES fala de empreendedorismo em Mato Grosso"},"content":{"rendered":"<p>O F\u00f3rum Agro MT, formado por entidades ligadas ao agroneg\u00f3cio de Mato Grosso, recebeu na noite de quarta-feira (22\/11) o presidente do BNDES, Paulo Rabello de Castro. Ele falou sobre empreendedorismo e destacou a import\u00e2ncia do agroneg\u00f3cio e da ind\u00fastria para o desenvolvimento econ\u00f4mico do estado e do pa\u00eds.<\/p>\n<p>Segundo Rabello, a solu\u00e7\u00e3o do Brasil est\u00e1 nos empreendedores. &#8220;Eu n\u00e3o uso o empreendedorismo como um conceito e uma palavra abstrata, pois prefiro falar nas pessoas, empreendedores e empreendedoras, que realmente levantam cedo, t\u00eam uma ideia, perseguem essa ideia, financiam a ideia, \u00e0s vezes no BNDES, e v\u00e3o dormir pensando na ideia. \u00c9 isso o que vai tirar o Brasil do atoleiro. Continuemos assim, pois tudo o que deu certo foi por que algu\u00e9m levantou cedo e pensou em empreender em Mato Grosso&#8221;, afirmou.<\/p>\n<p>Na vis\u00e3o de Rabello, o agroneg\u00f3cio de Mato Grosso hoje \u00e9 um ter\u00e7o do que ser\u00e1 no futuro. &#8220;Se derem para Mato Grosso a log\u00edstica que lhe est\u00e1 faltando, o estado ser\u00e1 tr\u00eas vezes o que \u00e9 hoje em mat\u00e9ria de produ\u00e7\u00e3o, inclusive, de produtividade que j\u00e1 \u00e9 muito boa&#8221;, destacou, apontando que \u00e9 fundamental o incentivo ao desenvolvimento das ind\u00fastrias para acompanhar o crescimento do estado.<\/p>\n<p>O vice-presidente da Famato, Francisco de Castro, abordou a import\u00e2ncia do F\u00f3rum Agro MT para o setor produtivo. O F\u00f3rum \u00e9 formado pelas entidades: Federa\u00e7\u00e3o de Agricultura e Pecu\u00e1ria de Mato Grosso (Famato), Associa\u00e7\u00e3o Mato-grossense dos Produtores de Algod\u00e3o (Ampa), Associa\u00e7\u00e3o dos Produtores de Soja e Milho (Aprosoja), Associa\u00e7\u00e3o dos Criadores (Acrimat), Associa\u00e7\u00e3o dos Criadores de Su\u00edno (Acrismat) e Associa\u00e7\u00e3o dos Produtores de Semente (Aprosmat).<\/p>\n<p>O fortalecimento das associa\u00e7\u00f5es fez com que toda a classe tivesse representantes a altura para discutir os problemas e as solu\u00e7\u00f5es da agricultura e da pecu\u00e1ria, tanto em \u00e2mbito estadual quanto nacional. O F\u00f3rum Agro \u00e9 para que as negocia\u00e7\u00f5es e delibera\u00e7\u00f5es sejam feitas com todos juntos para dar celeridade \u00e0s solu\u00e7\u00f5es dos problemas do setor&#8221;, explicou Francisco.<\/p>\n<p>O presidente do Sindicato Rural de Cuiab\u00e1, Jorge Pires, que colaborou na organiza\u00e7\u00e3o do evento, destacou a for\u00e7a do setor produtivo: &#8220;Nosso estado \u00e9 l\u00edder de produ\u00e7\u00e3o no Agro. Temos escala, qualidade e investimos em produtividade. A mobiliza\u00e7\u00e3o de hoje, com todas as entidades que representam o setor recebendo Paulo, mostra a for\u00e7a e a import\u00e2ncia de que os investimentos do BNDES sejam intensificados em Mato Grosso&#8221;.<\/p>\n<p>O governador do Estado, Pedro Taques, tamb\u00e9m participou da abertura do evento e informou que um dos artigos da Proposta de Emenda Constitucional (PEC) n\u00ba 10\/2017, a PEC do Teto de Gastos, aprovada na quarta-feira (22\/11) na Assembleia Legislativa, foi feito em homenagem ao Paulo Rabello. Trata-se da efici\u00eancia do Estado, que deve ser menos atrapalhador e mais eficiente.<\/p>\n<p>Tamb\u00e9m participaram do evento os diretores da Famato Vilmondes Tomain e Jos\u00e9 Luiz Fidelis, lideran\u00e7as de outras entidades que fazem parte do F\u00f3rum Agro, produtores rurais, lideran\u00e7as do setor da ind\u00fastria de Mato Grosso e demais autoridades p\u00fablicas.<\/p>\n<p><strong>Homenagem &#8211;<\/strong> Durante o evento, Paulo Rabello de Castro recebeu das m\u00e3os da presidente da Associa\u00e7\u00e3o das Empresas do Distrito Industrial (AEDIC), Margareth Buzetti, uma placa e um quadro de reconhecimento por seu trabalho desenvolvido no Instituto Maria Stella, uma Organiza\u00e7\u00e3o de Sociedade Civil de Interesse P\u00fablico (Oscip) de Mato Grosso.<\/p>\n<p>O Instituto foi fundado por Paulo em 2000 e tem o nome de sua av\u00f3. \u00c9 uma das primeiras Oscips de Mato Grosso criada para dar cursos de inform\u00e1tica para crian\u00e7as e jovens da regi\u00e3o do Pedra 90, em Cuiab\u00e1-MT. Formou mais de tr\u00eas mil jovens em Inform\u00e1tica. Atualmente, o Instituto atua em projetos de esportes e leitura em uma escola municipal e em projetos na \u00e1rea da sa\u00fade tamb\u00e9m.<\/p>\n","protected":false},"excerpt":{"rendered":"<p>Ele tamb\u00e9m destacou a import\u00e2ncia do agroneg\u00f3cio e da ind\u00fastria para o desenvolvimento econ\u00f4mico do pa\u00eds<\/p>\n","protected":false},"author":11,"featured_media":97984985,"comment_status":"closed","ping_status":"closed","sticky":false,"template":"","format":"standard","meta":{"footnotes":""},"categories":[6,1],"tags":[],"class_list":["post-97984984","post","type-post","status-publish","format-standard","has-post-thumbnail","hentry","category-destaque","category-noticia"],"yoast_head":"<!-- This site is optimized with the Yoast SEO plugin v24.8.1 - https:\/\/yoast.com\/wordpress\/plugins\/seo\/ -->\n<title>Presidente do BNDES fala de empreendedorismo em Mato Grosso - Acrimat<\/title>\n<meta name=\"robots\" content=\"index, follow, max-snippet:-1, max-image-preview:large, max-video-preview:-1\" \/>\n<link rel=\"canonical\" href=\"https:\/\/acrimat.org.br\/portal\/presidente-do-bndes-fala-de-empreendedorismo-em-mato-grosso\/\" \/>\n<meta property=\"og:locale\" content=\"pt_BR\" \/>\n<meta property=\"og:type\" content=\"article\" \/>\n<meta property=\"og:title\" content=\"Presidente do BNDES fala de empreendedorismo em Mato Grosso - Acrimat\" \/>\n<meta property=\"og:description\" content=\"Ele tamb\u00e9m destacou a import\u00e2ncia do agroneg\u00f3cio e da ind\u00fastria para o desenvolvimento econ\u00f4mico do pa\u00eds\" \/>\n<meta property=\"og:url\" content=\"https:\/\/acrimat.org.br\/portal\/presidente-do-bndes-fala-de-empreendedorismo-em-mato-grosso\/\" \/>\n<meta property=\"og:site_name\" content=\"Acrimat\" \/>\n<meta property=\"article:published_time\" content=\"2017-11-24T12:02:13+00:00\" \/>\n<meta property=\"og:image\" content=\"https:\/\/acrimat.org.br\/portal\/wp-content\/uploads\/2017\/11\/c7fe470223a3416ac1d539888ea3cf6d.jpg\" \/>\n\t<meta property=\"og:image:width\" content=\"1280\" \/>\n\t<meta property=\"og:image:height\" content=\"853\" \/>\n\t<meta property=\"og:image:type\" content=\"image\/jpeg\" \/>\n<meta name=\"author\" content=\"P\u00e9ricles C\u00e2ndido\" \/>\n<meta name=\"twitter:card\" content=\"summary_large_image\" \/>\n<meta name=\"twitter:label1\" content=\"Escrito por\" \/>\n\t<meta name=\"twitter:data1\" content=\"P\u00e9ricles C\u00e2ndido\" \/>\n\t<meta name=\"twitter:label2\" content=\"Est. tempo de leitura\" \/>\n\t<meta name=\"twitter:data2\" content=\"3 minutos\" \/>\n<script type=\"application\/ld+json\" class=\"yoast-schema-graph\">{\"@context\":\"https:\/\/schema.org\",\"@graph\":[{\"@type\":\"Article\",\"@id\":\"https:\/\/acrimat.org.br\/portal\/presidente-do-bndes-fala-de-empreendedorismo-em-mato-grosso\/#article\",\"isPartOf\":{\"@id\":\"https:\/\/acrimat.org.br\/portal\/presidente-do-bndes-fala-de-empreendedorismo-em-mato-grosso\/\"},\"author\":{\"name\":\"P\u00e9ricles C\u00e2ndido\",\"@id\":\"https:\/\/acrimat.org.br\/portal\/#\/schema\/person\/18df8bcf6890e924fe5d8b5afd2bec0f\"},\"headline\":\"Presidente do BNDES fala de empreendedorismo em Mato Grosso\",\"datePublished\":\"2017-11-24T12:02:13+00:00\",\"mainEntityOfPage\":{\"@id\":\"https:\/\/acrimat.org.br\/portal\/presidente-do-bndes-fala-de-empreendedorismo-em-mato-grosso\/\"},\"wordCount\":669,\"publisher\":{\"@id\":\"https:\/\/acrimat.org.br\/portal\/#organization\"},\"image\":{\"@id\":\"https:\/\/acrimat.org.br\/portal\/presidente-do-bndes-fala-de-empreendedorismo-em-mato-grosso\/#primaryimage\"},\"thumbnailUrl\":\"https:\/\/acrimat.org.br\/portal\/wp-content\/uploads\/2017\/11\/c7fe470223a3416ac1d539888ea3cf6d.jpg\",\"articleSection\":[\"Destaques\",\"Not\u00edcias\"],\"inLanguage\":\"pt-BR\"},{\"@type\":\"WebPage\",\"@id\":\"https:\/\/acrimat.org.br\/portal\/presidente-do-bndes-fala-de-empreendedorismo-em-mato-grosso\/\",\"url\":\"https:\/\/acrimat.org.br\/portal\/presidente-do-bndes-fala-de-empreendedorismo-em-mato-grosso\/\",\"name\":\"Presidente do BNDES fala de empreendedorismo em Mato Grosso - Acrimat\",\"isPartOf\":{\"@id\":\"https:\/\/acrimat.org.br\/portal\/#website\"},\"primaryImageOfPage\":{\"@id\":\"https:\/\/acrimat.org.br\/portal\/presidente-do-bndes-fala-de-empreendedorismo-em-mato-grosso\/#primaryimage\"},\"image\":{\"@id\":\"https:\/\/acrimat.org.br\/portal\/presidente-do-bndes-fala-de-empreendedorismo-em-mato-grosso\/#primaryimage\"},\"thumbnailUrl\":\"https:\/\/acrimat.org.br\/portal\/wp-content\/uploads\/2017\/11\/c7fe470223a3416ac1d539888ea3cf6d.jpg\",\"datePublished\":\"2017-11-24T12:02:13+00:00\",\"breadcrumb\":{\"@id\":\"https:\/\/acrimat.org.br\/portal\/presidente-do-bndes-fala-de-empreendedorismo-em-mato-grosso\/#breadcrumb\"},\"inLanguage\":\"pt-BR\",\"potentialAction\":[{\"@type\":\"ReadAction\",\"target\":[\"https:\/\/acrimat.org.br\/portal\/presidente-do-bndes-fala-de-empreendedorismo-em-mato-grosso\/\"]}]},{\"@type\":\"ImageObject\",\"inLanguage\":\"pt-BR\",\"@id\":\"https:\/\/acrimat.org.br\/portal\/presidente-do-bndes-fala-de-empreendedorismo-em-mato-grosso\/#primaryimage\",\"url\":\"https:\/\/acrimat.org.br\/portal\/wp-content\/uploads\/2017\/11\/c7fe470223a3416ac1d539888ea3cf6d.jpg\",\"contentUrl\":\"https:\/\/acrimat.org.br\/portal\/wp-content\/uploads\/2017\/11\/c7fe470223a3416ac1d539888ea3cf6d.jpg\",\"width\":1280,\"height\":853},{\"@type\":\"BreadcrumbList\",\"@id\":\"https:\/\/acrimat.org.br\/portal\/presidente-do-bndes-fala-de-empreendedorismo-em-mato-grosso\/#breadcrumb\",\"itemListElement\":[{\"@type\":\"ListItem\",\"position\":1,\"name\":\"In\u00edcio\",\"item\":\"https:\/\/acrimat.org.br\/portal\/\"},{\"@type\":\"ListItem\",\"position\":2,\"name\":\"Presidente do BNDES fala de empreendedorismo em Mato Grosso\"}]},{\"@type\":\"WebSite\",\"@id\":\"https:\/\/acrimat.org.br\/portal\/#website\",\"url\":\"https:\/\/acrimat.org.br\/portal\/\",\"name\":\"Acrimat\",\"description\":\"Associa\u00e7\u00e3o dos Criadores de Mato Grosso\",\"publisher\":{\"@id\":\"https:\/\/acrimat.org.br\/portal\/#organization\"},\"potentialAction\":[{\"@type\":\"SearchAction\",\"target\":{\"@type\":\"EntryPoint\",\"urlTemplate\":\"https:\/\/acrimat.org.br\/portal\/?s={search_term_string}\"},\"query-input\":{\"@type\":\"PropertyValueSpecification\",\"valueRequired\":true,\"valueName\":\"search_term_string\"}}],\"inLanguage\":\"pt-BR\"},{\"@type\":\"Organization\",\"@id\":\"https:\/\/acrimat.org.br\/portal\/#organization\",\"name\":\"Associa\u00e7\u00e3o dos Criadores de Mato Grosso\",\"url\":\"https:\/\/acrimat.org.br\/portal\/\",\"logo\":{\"@type\":\"ImageObject\",\"inLanguage\":\"pt-BR\",\"@id\":\"https:\/\/acrimat.org.br\/portal\/#\/schema\/logo\/image\/\",\"url\":\"https:\/\/acrimat.org.br\/portal\/wp-content\/uploads\/2018\/03\/logo-peq-original.png\",\"contentUrl\":\"https:\/\/acrimat.org.br\/portal\/wp-content\/uploads\/2018\/03\/logo-peq-original.png\",\"width\":174,\"height\":171,\"caption\":\"Associa\u00e7\u00e3o dos Criadores de Mato Grosso\"},\"image\":{\"@id\":\"https:\/\/acrimat.org.br\/portal\/#\/schema\/logo\/image\/\"}},{\"@type\":\"Person\",\"@id\":\"https:\/\/acrimat.org.br\/portal\/#\/schema\/person\/18df8bcf6890e924fe5d8b5afd2bec0f\",\"name\":\"P\u00e9ricles C\u00e2ndido\",\"image\":{\"@type\":\"ImageObject\",\"inLanguage\":\"pt-BR\",\"@id\":\"https:\/\/acrimat.org.br\/portal\/#\/schema\/person\/image\/\",\"url\":\"https:\/\/secure.gravatar.com\/avatar\/33e2a2b971dc363ed2df53d0d3bfbd18?s=96&d=mm&r=g\",\"contentUrl\":\"https:\/\/secure.gravatar.com\/avatar\/33e2a2b971dc363ed2df53d0d3bfbd18?s=96&d=mm&r=g\",\"caption\":\"P\u00e9ricles C\u00e2ndido\"},\"sameAs\":[\"ascom@acrimat.org.br\"],\"url\":\"https:\/\/acrimat.org.br\/portal\/author\/designergrafico\/\"}]}<\/script>\n<!-- \/ Yoast SEO plugin. -->","yoast_head_json":{"title":"Presidente do BNDES fala de empreendedorismo em Mato Grosso - Acrimat","robots":{"index":"index","follow":"follow","max-snippet":"max-snippet:-1","max-image-preview":"max-image-preview:large","max-video-preview":"max-video-preview:-1"},"canonical":"https:\/\/acrimat.org.br\/portal\/presidente-do-bndes-fala-de-empreendedorismo-em-mato-grosso\/","og_locale":"pt_BR","og_type":"article","og_title":"Presidente do BNDES fala de empreendedorismo em Mato Grosso - Acrimat","og_description":"Ele tamb\u00e9m destacou a import\u00e2ncia do agroneg\u00f3cio e da ind\u00fastria para o desenvolvimento econ\u00f4mico do pa\u00eds","og_url":"https:\/\/acrimat.org.br\/portal\/presidente-do-bndes-fala-de-empreendedorismo-em-mato-grosso\/","og_site_name":"Acrimat","article_published_time":"2017-11-24T12:02:13+00:00","og_image":[{"width":1280,"height":853,"url":"https:\/\/acrimat.org.br\/portal\/wp-content\/uploads\/2017\/11\/c7fe470223a3416ac1d539888ea3cf6d.jpg","type":"image\/jpeg"}],"author":"P\u00e9ricles C\u00e2ndido","twitter_card":"summary_large_image","twitter_misc":{"Escrito por":"P\u00e9ricles C\u00e2ndido","Est. tempo de leitura":"3 minutos"},"schema":{"@context":"https:\/\/schema.org","@graph":[{"@type":"Article","@id":"https:\/\/acrimat.org.br\/portal\/presidente-do-bndes-fala-de-empreendedorismo-em-mato-grosso\/#article","isPartOf":{"@id":"https:\/\/acrimat.org.br\/portal\/presidente-do-bndes-fala-de-empreendedorismo-em-mato-grosso\/"},"author":{"name":"P\u00e9ricles C\u00e2ndido","@id":"https:\/\/acrimat.org.br\/portal\/#\/schema\/person\/18df8bcf6890e924fe5d8b5afd2bec0f"},"headline":"Presidente do BNDES fala de empreendedorismo em Mato Grosso","datePublished":"2017-11-24T12:02:13+00:00","mainEntityOfPage":{"@id":"https:\/\/acrimat.org.br\/portal\/presidente-do-bndes-fala-de-empreendedorismo-em-mato-grosso\/"},"wordCount":669,"publisher":{"@id":"https:\/\/acrimat.org.br\/portal\/#organization"},"image":{"@id":"https:\/\/acrimat.org.br\/portal\/presidente-do-bndes-fala-de-empreendedorismo-em-mato-grosso\/#primaryimage"},"thumbnailUrl":"https:\/\/acrimat.org.br\/portal\/wp-content\/uploads\/2017\/11\/c7fe470223a3416ac1d539888ea3cf6d.jpg","articleSection":["Destaques","Not\u00edcias"],"inLanguage":"pt-BR"},{"@type":"WebPage","@id":"https:\/\/acrimat.org.br\/portal\/presidente-do-bndes-fala-de-empreendedorismo-em-mato-grosso\/","url":"https:\/\/acrimat.org.br\/portal\/presidente-do-bndes-fala-de-empreendedorismo-em-mato-grosso\/","name":"Presidente do BNDES fala de empreendedorismo em Mato Grosso - Acrimat","isPartOf":{"@id":"https:\/\/acrimat.org.br\/portal\/#website"},"primaryImageOfPage":{"@id":"https:\/\/acrimat.org.br\/portal\/presidente-do-bndes-fala-de-empreendedorismo-em-mato-grosso\/#primaryimage"},"image":{"@id":"https:\/\/acrimat.org.br\/portal\/presidente-do-bndes-fala-de-empreendedorismo-em-mato-grosso\/#primaryimage"},"thumbnailUrl":"https:\/\/acrimat.org.br\/portal\/wp-content\/uploads\/2017\/11\/c7fe470223a3416ac1d539888ea3cf6d.jpg","datePublished":"2017-11-24T12:02:13+00:00","breadcrumb":{"@id":"https:\/\/acrimat.org.br\/portal\/presidente-do-bndes-fala-de-empreendedorismo-em-mato-grosso\/#breadcrumb"},"inLanguage":"pt-BR","potentialAction":[{"@type":"ReadAction","target":["https:\/\/acrimat.org.br\/portal\/presidente-do-bndes-fala-de-empreendedorismo-em-mato-grosso\/"]}]},{"@type":"ImageObject","inLanguage":"pt-BR","@id":"https:\/\/acrimat.org.br\/portal\/presidente-do-bndes-fala-de-empreendedorismo-em-mato-grosso\/#primaryimage","url":"https:\/\/acrimat.org.br\/portal\/wp-content\/uploads\/2017\/11\/c7fe470223a3416ac1d539888ea3cf6d.jpg","contentUrl":"https:\/\/acrimat.org.br\/portal\/wp-content\/uploads\/2017\/11\/c7fe470223a3416ac1d539888ea3cf6d.jpg","width":1280,"height":853},{"@type":"BreadcrumbList","@id":"https:\/\/acrimat.org.br\/portal\/presidente-do-bndes-fala-de-empreendedorismo-em-mato-grosso\/#breadcrumb","itemListElement":[{"@type":"ListItem","position":1,"name":"In\u00edcio","item":"https:\/\/acrimat.org.br\/portal\/"},{"@type":"ListItem","position":2,"name":"Presidente do BNDES fala de empreendedorismo em Mato Grosso"}]},{"@type":"WebSite","@id":"https:\/\/acrimat.org.br\/portal\/#website","url":"https:\/\/acrimat.org.br\/portal\/","name":"Acrimat","description":"Associa\u00e7\u00e3o dos Criadores de Mato Grosso","publisher":{"@id":"https:\/\/acrimat.org.br\/portal\/#organization"},"potentialAction":[{"@type":"SearchAction","target":{"@type":"EntryPoint","urlTemplate":"https:\/\/acrimat.org.br\/portal\/?s={search_term_string}"},"query-input":{"@type":"PropertyValueSpecification","valueRequired":true,"valueName":"search_term_string"}}],"inLanguage":"pt-BR"},{"@type":"Organization","@id":"https:\/\/acrimat.org.br\/portal\/#organization","name":"Associa\u00e7\u00e3o dos Criadores de Mato Grosso","url":"https:\/\/acrimat.org.br\/portal\/","logo":{"@type":"ImageObject","inLanguage":"pt-BR","@id":"https:\/\/acrimat.org.br\/portal\/#\/schema\/logo\/image\/","url":"https:\/\/acrimat.org.br\/portal\/wp-content\/uploads\/2018\/03\/logo-peq-original.png","contentUrl":"https:\/\/acrimat.org.br\/portal\/wp-content\/uploads\/2018\/03\/logo-peq-original.png","width":174,"height":171,"caption":"Associa\u00e7\u00e3o dos Criadores de Mato Grosso"},"image":{"@id":"https:\/\/acrimat.org.br\/portal\/#\/schema\/logo\/image\/"}},{"@type":"Person","@id":"https:\/\/acrimat.org.br\/portal\/#\/schema\/person\/18df8bcf6890e924fe5d8b5afd2bec0f","name":"P\u00e9ricles C\u00e2ndido","image":{"@type":"ImageObject","inLanguage":"pt-BR","@id":"https:\/\/acrimat.org.br\/portal\/#\/schema\/person\/image\/","url":"https:\/\/secure.gravatar.com\/avatar\/33e2a2b971dc363ed2df53d0d3bfbd18?s=96&d=mm&r=g","contentUrl":"https:\/\/secure.gravatar.com\/avatar\/33e2a2b971dc363ed2df53d0d3bfbd18?s=96&d=mm&r=g","caption":"P\u00e9ricles C\u00e2ndido"},"sameAs":["ascom@acrimat.org.br"],"url":"https:\/\/acrimat.org.br\/portal\/author\/designergrafico\/"}]}},"_links":{"self":[{"href":"https:\/\/acrimat.org.br\/portal\/wp-json\/wp\/v2\/posts\/97984984","targetHints":{"allow":["GET"]}}],"collection":[{"href":"https:\/\/acrimat.org.br\/portal\/wp-json\/wp\/v2\/posts"}],"about":[{"href":"https:\/\/acrimat.org.br\/portal\/wp-json\/wp\/v2\/types\/post"}],"author":[{"embeddable":true,"href":"https:\/\/acrimat.org.br\/portal\/wp-json\/wp\/v2\/users\/11"}],"replies":[{"embeddable":true,"href":"https:\/\/acrimat.org.br\/portal\/wp-json\/wp\/v2\/comments?post=97984984"}],"version-history":[{"count":1,"href":"https:\/\/acrimat.org.br\/portal\/wp-json\/wp\/v2\/posts\/97984984\/revisions"}],"predecessor-version":[{"id":97984986,"href":"https:\/\/acrimat.org.br\/portal\/wp-json\/wp\/v2\/posts\/97984984\/revisions\/97984986"}],"wp:featuredmedia":[{"embeddable":true,"href":"https:\/\/acrimat.org.br\/portal\/wp-json\/wp\/v2\/media\/97984985"}],"wp:attachment":[{"href":"https:\/\/acrimat.org.br\/portal\/wp-json\/wp\/v2\/media?parent=97984984"}],"wp:term":[{"taxonomy":"category","embeddable":true,"href":"https:\/\/acrimat.org.br\/portal\/wp-json\/wp\/v2\/categories?post=97984984"},{"taxonomy":"post_tag","embeddable":true,"href":"https:\/\/acrimat.org.br\/portal\/wp-json\/wp\/v2\/tags?post=97984984"}],"curies":[{"name":"wp","href":"https:\/\/api.w.org\/{rel}","templated":true}]}}