{"id":97984987,"date":"2017-11-24T09:09:04","date_gmt":"2017-11-24T12:09:04","guid":{"rendered":"http:\/\/acrimat.org.br\/portal\/?p=97984987"},"modified":"2017-11-24T09:09:04","modified_gmt":"2017-11-24T12:09:04","slug":"e-hora-de-arrumar-a-casa","status":"publish","type":"post","link":"https:\/\/acrimat.org.br\/portal\/e-hora-de-arrumar-a-casa\/","title":{"rendered":"\u00c9 hora de arrumar a casa"},"content":{"rendered":"<p>Quem anda ou j\u00e1 andou de \u00f4nibus sabe o que significa a express\u00e3o \u201cfreio de arruma\u00e7\u00e3o\u201d. Trata-se de uma brecada brusca do motorista para ajustar a lota\u00e7\u00e3o e tudo o que est\u00e1 dentro dela, mesmo com a possibilidade quase certa de acidentes de percurso. Quem j\u00e1 passou pela situa\u00e7\u00e3o sabe que ela funciona. A pecu\u00e1ria brasileira vem passando por um tipo de freio de arruma\u00e7\u00e3o desde o in\u00edcio do ano, mas as suas consequ\u00eancias ainda guardam um grau elevado de incerteza.<\/p>\n<p>O freio come\u00e7ou com a Opera\u00e7\u00e3o Carne Fraca, que denunciava o envolvimento de fiscais do Minist\u00e9rio da Agricultura, Pecu\u00e1ria e Abastecimento (Mapa), em esquemas de libera\u00e7\u00e3o de licen\u00e7as e fiscaliza\u00e7\u00e3o irregular de frigor\u00edficos. E culminou com a dela\u00e7\u00e3o sobre pagamento de propinas, de pelo menos R$ 600 milh\u00f5es a pol\u00edticos, feita ao Minist\u00e9rio P\u00fablico e \u00e0 Pol\u00edcia Federal pelos maiores acionistas e controladores do grupo JBS, os executivos Joesley Batista e seu irm\u00e3o Wesley Batista, ainda encarcerados at\u00e9 o fechamento desta edi\u00e7\u00e3o da DINHEIRO RURAL.<\/p>\n<p>\u201cMas n\u00e3o foi somente isso. A conta \u00e9 maior\u201d, diz Antonio Camardelli, diretor executivo da Associa\u00e7\u00e3o Brasileira da Ind\u00fastria Exportadora de Carnes (Abiec). Ele se refere \u00e0 volta da al\u00edquota de 11% de ICMS sobre a carne vendida em S\u00e3o Paulo, o maior mercado do Pa\u00eds. Tamb\u00e9m entra na conta as auditorias americanas, depois que o pa\u00eds de Donald Trump suspendeu as importa\u00e7\u00f5es brasileiras de carne, e que eram uma promessa. Fecha a lista de desacertos as miss\u00f5es t\u00e9cnicas europeias ap\u00f3s a Carne Fraca, que se tornaram mais r\u00edgidas, e o retorno da cobran\u00e7a do Funrural para os empregadores do campo. A arroba do boi gordo, com m\u00e9dia de R$ 152,90 em S\u00e3o Paulo, no ano passado, custava no final de outubro R$ 138,00, valor 10% abaixo.<\/p>\n<p>Mas o fato \u00e9 que, embora contribuam para um cen\u00e1rio de press\u00e3o de mercado, nada abalou tanto o setor como o caso JBS, empresa que em uma d\u00e9cada saiu de uma receita de R$ 14,1 bilh\u00f5es para R$ 170,3 bilh\u00f5es no ano passado. Apenas no Brasil, a estimativa do mercado \u00e9 de que a JBS compre, diariamente, at\u00e9 35 mil bois. Esse volume significa recursos da ordem de R$ 88 milh\u00f5es por dia que saem do caixa da empresa para um enorme contingente de pecuaristas, calculado em cerca de 70 mil fornecedores de gado.<\/p>\n<p>Agora, para onde vai a JBS, a maior empresa de processamento de prote\u00edna animal do mundo? Nas redes sociais, as manifesta\u00e7\u00f5es mostram uma certa sensa\u00e7\u00e3o de prazer com o ocorrido e a percep\u00e7\u00e3o de que, ao se envolver em pr\u00e1ticas ilegais, a melhor puni\u00e7\u00e3o seria a sua sa\u00edda do mercado. Ouvidas pela DINHEIRO RURAL, manifesta\u00e7\u00f5es desse calibre ocorrem no anonimato.<\/p>\n<p>Do lado dos que se identificam h\u00e1 uma posi\u00e7\u00e3o quase convergente: \u00e9 preciso separar a empresa das atitudes de seus controladores, e olhar o mercado da carne pela \u00f3tica da transpar\u00eancia. Isso porque a demanda pelo produto continua saud\u00e1vel. At\u00e9 meados de dezembro, a Abiec deve apresentar o fechamento do ano, mas j\u00e1 \u00e9 dado como certo que as exporta\u00e7\u00f5es de 2017 ser\u00e3o mais robustas que as do ano passado.<\/p>\n<p>Em 2016, o setor exportador faturou US$ 5,34 bilh\u00f5es com a venda de 1,35 milh\u00e3o de toneladas. \u201cA imagem da carne brasileira n\u00e3o foi afetada e os dados v\u00e3o confirmar um desempenho positivo neste ano\u201d, afirma Camardelli. \u201cMas \u00e9 claro que est\u00e3o dadas as condi\u00e7\u00f5es para um novo cen\u00e1rio de neg\u00f3cios e de leis, entre elas as mudan\u00e7as esperadas no Departamento de Inspe\u00e7\u00e3o de Produtos de Origem Animal (Dipoa), \u00f3rg\u00e3o de fiscaliza\u00e7\u00e3o do Mapa.\u201d<\/p>\n<p>Esse novo ambiente de neg\u00f3cios tamb\u00e9m incluiria uma menor influ\u00eancia da JBS nos principais e mais importantes p\u00f3los de produ\u00e7\u00e3o de gado. Em Mato Grosso, por exemplo, de acordo com um estudo do Instituto Mato-grossense de Economia Agropecu\u00e1ria (Imea), a JBS iniciou o ano com 51% dos abates no Estado. Juntamente com ela, quatro grupos frigor\u00edficos det\u00eam 82% dos abates. A Marfrig Foods, controlada pelo empres\u00e1rio Marcos Molina, vem em segundo lugar com 11%. No ano passado, esses frigor\u00edficos abateram 4,6 milh\u00f5es de bovinos, volume equivalente a 15,4% do total nacional de 29,6 milh\u00f5es de animais, de acordo com o IBGE. Em 2008, a JBS controlava 13% dos abates e havia 10 grupos de relev\u00e2ncia atuando no Estado.<\/p>\n<p>O diretor executivo da Associa\u00e7\u00e3o dos Criadores de Mato Grosso (Acrimat), Luciano Vacari, uma das lideran\u00e7as que mais combatem esse movimento de concentra\u00e7\u00e3o da ind\u00fastria da carne, diz que os neg\u00f3cios da JBS precisam ser preservados. \u201cQueremos que os canais de venda da carne sejam mantidos, que os abates continuem e os ex-diretores da empresa que se entendam com a justi\u00e7a\u201d, afirma ele. \u201cMas seria bom que o conselho da JBS desse um destino \u00e0s unidades fechadas no Estados, seis do total de 17.\u201d<\/p>\n<p>A empresa nega que haja unidades desativadas. No m\u00eas passado, a Frente Parlamentar do Agroneg\u00f3cio encaminhou um pedido formal ao Banco Nacional de Desenvolvimento Econ\u00f4mico e Social (BNDES) com essa recomenda\u00e7\u00e3o. \u201cO BNDES precisa colocar na cabe\u00e7a que \u00e9 s\u00f3cio de um grande neg\u00f3cio e que de agora para a frente h\u00e1 espa\u00e7o para um novo rearranjo na ind\u00fastria frigor\u00edfica\u201d, afirma Vacari. A Mafrig, que tinha tr\u00eas frigor\u00edficos em atividade e um paralisado em Mato Grosso, j\u00e1 ativou a unidade e alugou um segundo frigor\u00edfico.<\/p>\n<p>A Minerva, da fam\u00edlia Queiroz Vilela, que possui dois frigor\u00edficos no Estado, dos quais um estava parado, tamb\u00e9m est\u00e1 retornando aos abates. A estimativa \u00e9 a de que JBS, Marfrig e Minerva abatam cerca de 55% do gado no Pa\u00eds, o que daria no ano passado 16,3 milh\u00f5es de bovinos.<\/p>\n<p>Para Francisco Maia, pecuarista, ex-presidente da Associa\u00e7\u00e3o dos Criadores de Mato Grosso do Sul e presidente da Frente Nacional da Pecu\u00e1ria (Fenapec), uma articula\u00e7\u00e3o de cerca de dez entidades que se re\u00fanem para a\u00e7\u00f5es de defesa da cadeia, a rela\u00e7\u00e3o da JBS com os pecuaristas mudou nos \u00faltimos anos. \u201cHouve uma melhor transpar\u00eancia, como no rendimento do boi no abate\u201d, diz Maia. \u201cHavia muito intermedi\u00e1rio de gado no Estado, comprometendo o pre\u00e7o pago ao produtor e a JBS acabou com isso.\u201d<\/p>\n<p>Para ele, que tamb\u00e9m foi uma das lideran\u00e7as que mais combateram o movimento de concentra\u00e7\u00e3o da ind\u00fastria, o momento agora \u00e9 outro. O mercado se profissionalizou na \u00faltima d\u00e9cada, com grupos mais fortes no setor. \u201cAntes, o pecuarista dormia e n\u00e3o sabia se ao acordar receberia pelo gado vendido\u201d, diz Maia. \u201cCada dia algum frigor\u00edfico tocado por laranja dava calote. Ent\u00e3o, se a JBS sair do mercado, que n\u00e3o saia com um mercado quebrado.\u201d Para a empresa, essa \u00e9 uma possibilidade remota.<\/p>\n<p>Em resposta \u00e0 DINHEIRO RURAL, a JBS afirma que ap\u00f3s as dela\u00e7\u00f5es, as suas opera\u00e7\u00f5es n\u00e3o foram afetadas e que a receita deste ano vai superar a de 2016. E que tem realizado encontros com fornecedores, em regi\u00f5es estrat\u00e9gicas, \u201cpara tirar d\u00favidas operacionais e comerciais dos produtores\u201d. Camardelli afirma que a tend\u00eancia no setor \u00e9 de uma maior transpar\u00eancia, incluindo a pr\u00f3pria entidade que representa a ind\u00fastria e que passa por mudan\u00e7a em sua governan\u00e7a. \u201cEstamos passando por uma zona cinzenta que vai exigir mais habilidades\u201d, diz ele. \u201cMas n\u00e3o vai haver desmontes no setor.\u201d<\/p>\n","protected":false},"excerpt":{"rendered":"<p>O que pode acontecer com a JBS no pr\u00f3ximo per\u00edodo, o que pensam lideran\u00e7as do setor e a resposta da empresa<\/p>\n","protected":false},"author":11,"featured_media":97984988,"comment_status":"closed","ping_status":"closed","sticky":false,"template":"","format":"standard","meta":{"footnotes":""},"categories":[6,1],"tags":[],"class_list":["post-97984987","post","type-post","status-publish","format-standard","has-post-thumbnail","hentry","category-destaque","category-noticia"],"yoast_head":"<!-- This site is optimized with the Yoast SEO plugin v24.8.1 - https:\/\/yoast.com\/wordpress\/plugins\/seo\/ -->\n<title>\u00c9 hora de arrumar a casa - Acrimat<\/title>\n<meta name=\"robots\" content=\"index, follow, max-snippet:-1, max-image-preview:large, max-video-preview:-1\" \/>\n<link rel=\"canonical\" href=\"https:\/\/acrimat.org.br\/portal\/e-hora-de-arrumar-a-casa\/\" \/>\n<meta property=\"og:locale\" content=\"pt_BR\" \/>\n<meta property=\"og:type\" content=\"article\" \/>\n<meta property=\"og:title\" content=\"\u00c9 hora de arrumar a casa - Acrimat\" \/>\n<meta property=\"og:description\" content=\"O que pode acontecer com a JBS no pr\u00f3ximo per\u00edodo, o que pensam lideran\u00e7as do setor e a resposta da empresa\" \/>\n<meta property=\"og:url\" content=\"https:\/\/acrimat.org.br\/portal\/e-hora-de-arrumar-a-casa\/\" \/>\n<meta property=\"og:site_name\" content=\"Acrimat\" \/>\n<meta property=\"article:published_time\" content=\"2017-11-24T12:09:04+00:00\" \/>\n<meta property=\"og:image\" content=\"https:\/\/acrimat.org.br\/portal\/wp-content\/uploads\/2017\/11\/gado2.jpg\" \/>\n\t<meta property=\"og:image:width\" content=\"416\" \/>\n\t<meta property=\"og:image:height\" content=\"285\" \/>\n\t<meta property=\"og:image:type\" content=\"image\/jpeg\" \/>\n<meta name=\"author\" content=\"P\u00e9ricles C\u00e2ndido\" \/>\n<meta name=\"twitter:card\" content=\"summary_large_image\" \/>\n<meta name=\"twitter:label1\" content=\"Escrito por\" \/>\n\t<meta name=\"twitter:data1\" content=\"P\u00e9ricles C\u00e2ndido\" \/>\n\t<meta name=\"twitter:label2\" content=\"Est. tempo de leitura\" \/>\n\t<meta name=\"twitter:data2\" content=\"6 minutos\" \/>\n<script type=\"application\/ld+json\" class=\"yoast-schema-graph\">{\"@context\":\"https:\/\/schema.org\",\"@graph\":[{\"@type\":\"Article\",\"@id\":\"https:\/\/acrimat.org.br\/portal\/e-hora-de-arrumar-a-casa\/#article\",\"isPartOf\":{\"@id\":\"https:\/\/acrimat.org.br\/portal\/e-hora-de-arrumar-a-casa\/\"},\"author\":{\"name\":\"P\u00e9ricles C\u00e2ndido\",\"@id\":\"https:\/\/acrimat.org.br\/portal\/#\/schema\/person\/18df8bcf6890e924fe5d8b5afd2bec0f\"},\"headline\":\"\u00c9 hora de arrumar a casa\",\"datePublished\":\"2017-11-24T12:09:04+00:00\",\"mainEntityOfPage\":{\"@id\":\"https:\/\/acrimat.org.br\/portal\/e-hora-de-arrumar-a-casa\/\"},\"wordCount\":1290,\"publisher\":{\"@id\":\"https:\/\/acrimat.org.br\/portal\/#organization\"},\"image\":{\"@id\":\"https:\/\/acrimat.org.br\/portal\/e-hora-de-arrumar-a-casa\/#primaryimage\"},\"thumbnailUrl\":\"https:\/\/acrimat.org.br\/portal\/wp-content\/uploads\/2017\/11\/gado2.jpg\",\"articleSection\":[\"Destaques\",\"Not\u00edcias\"],\"inLanguage\":\"pt-BR\"},{\"@type\":\"WebPage\",\"@id\":\"https:\/\/acrimat.org.br\/portal\/e-hora-de-arrumar-a-casa\/\",\"url\":\"https:\/\/acrimat.org.br\/portal\/e-hora-de-arrumar-a-casa\/\",\"name\":\"\u00c9 hora de arrumar a casa - Acrimat\",\"isPartOf\":{\"@id\":\"https:\/\/acrimat.org.br\/portal\/#website\"},\"primaryImageOfPage\":{\"@id\":\"https:\/\/acrimat.org.br\/portal\/e-hora-de-arrumar-a-casa\/#primaryimage\"},\"image\":{\"@id\":\"https:\/\/acrimat.org.br\/portal\/e-hora-de-arrumar-a-casa\/#primaryimage\"},\"thumbnailUrl\":\"https:\/\/acrimat.org.br\/portal\/wp-content\/uploads\/2017\/11\/gado2.jpg\",\"datePublished\":\"2017-11-24T12:09:04+00:00\",\"breadcrumb\":{\"@id\":\"https:\/\/acrimat.org.br\/portal\/e-hora-de-arrumar-a-casa\/#breadcrumb\"},\"inLanguage\":\"pt-BR\",\"potentialAction\":[{\"@type\":\"ReadAction\",\"target\":[\"https:\/\/acrimat.org.br\/portal\/e-hora-de-arrumar-a-casa\/\"]}]},{\"@type\":\"ImageObject\",\"inLanguage\":\"pt-BR\",\"@id\":\"https:\/\/acrimat.org.br\/portal\/e-hora-de-arrumar-a-casa\/#primaryimage\",\"url\":\"https:\/\/acrimat.org.br\/portal\/wp-content\/uploads\/2017\/11\/gado2.jpg\",\"contentUrl\":\"https:\/\/acrimat.org.br\/portal\/wp-content\/uploads\/2017\/11\/gado2.jpg\",\"width\":416,\"height\":285},{\"@type\":\"BreadcrumbList\",\"@id\":\"https:\/\/acrimat.org.br\/portal\/e-hora-de-arrumar-a-casa\/#breadcrumb\",\"itemListElement\":[{\"@type\":\"ListItem\",\"position\":1,\"name\":\"In\u00edcio\",\"item\":\"https:\/\/acrimat.org.br\/portal\/\"},{\"@type\":\"ListItem\",\"position\":2,\"name\":\"\u00c9 hora de arrumar a casa\"}]},{\"@type\":\"WebSite\",\"@id\":\"https:\/\/acrimat.org.br\/portal\/#website\",\"url\":\"https:\/\/acrimat.org.br\/portal\/\",\"name\":\"Acrimat\",\"description\":\"Associa\u00e7\u00e3o dos Criadores de Mato Grosso\",\"publisher\":{\"@id\":\"https:\/\/acrimat.org.br\/portal\/#organization\"},\"potentialAction\":[{\"@type\":\"SearchAction\",\"target\":{\"@type\":\"EntryPoint\",\"urlTemplate\":\"https:\/\/acrimat.org.br\/portal\/?s={search_term_string}\"},\"query-input\":{\"@type\":\"PropertyValueSpecification\",\"valueRequired\":true,\"valueName\":\"search_term_string\"}}],\"inLanguage\":\"pt-BR\"},{\"@type\":\"Organization\",\"@id\":\"https:\/\/acrimat.org.br\/portal\/#organization\",\"name\":\"Associa\u00e7\u00e3o dos Criadores de Mato Grosso\",\"url\":\"https:\/\/acrimat.org.br\/portal\/\",\"logo\":{\"@type\":\"ImageObject\",\"inLanguage\":\"pt-BR\",\"@id\":\"https:\/\/acrimat.org.br\/portal\/#\/schema\/logo\/image\/\",\"url\":\"https:\/\/acrimat.org.br\/portal\/wp-content\/uploads\/2018\/03\/logo-peq-original.png\",\"contentUrl\":\"https:\/\/acrimat.org.br\/portal\/wp-content\/uploads\/2018\/03\/logo-peq-original.png\",\"width\":174,\"height\":171,\"caption\":\"Associa\u00e7\u00e3o dos Criadores de Mato Grosso\"},\"image\":{\"@id\":\"https:\/\/acrimat.org.br\/portal\/#\/schema\/logo\/image\/\"}},{\"@type\":\"Person\",\"@id\":\"https:\/\/acrimat.org.br\/portal\/#\/schema\/person\/18df8bcf6890e924fe5d8b5afd2bec0f\",\"name\":\"P\u00e9ricles C\u00e2ndido\",\"image\":{\"@type\":\"ImageObject\",\"inLanguage\":\"pt-BR\",\"@id\":\"https:\/\/acrimat.org.br\/portal\/#\/schema\/person\/image\/\",\"url\":\"https:\/\/secure.gravatar.com\/avatar\/33e2a2b971dc363ed2df53d0d3bfbd18?s=96&d=mm&r=g\",\"contentUrl\":\"https:\/\/secure.gravatar.com\/avatar\/33e2a2b971dc363ed2df53d0d3bfbd18?s=96&d=mm&r=g\",\"caption\":\"P\u00e9ricles C\u00e2ndido\"},\"sameAs\":[\"ascom@acrimat.org.br\"],\"url\":\"https:\/\/acrimat.org.br\/portal\/author\/designergrafico\/\"}]}<\/script>\n<!-- \/ Yoast SEO plugin. -->","yoast_head_json":{"title":"\u00c9 hora de arrumar a casa - Acrimat","robots":{"index":"index","follow":"follow","max-snippet":"max-snippet:-1","max-image-preview":"max-image-preview:large","max-video-preview":"max-video-preview:-1"},"canonical":"https:\/\/acrimat.org.br\/portal\/e-hora-de-arrumar-a-casa\/","og_locale":"pt_BR","og_type":"article","og_title":"\u00c9 hora de arrumar a casa - Acrimat","og_description":"O que pode acontecer com a JBS no pr\u00f3ximo per\u00edodo, o que pensam lideran\u00e7as do setor e a resposta da empresa","og_url":"https:\/\/acrimat.org.br\/portal\/e-hora-de-arrumar-a-casa\/","og_site_name":"Acrimat","article_published_time":"2017-11-24T12:09:04+00:00","og_image":[{"width":416,"height":285,"url":"https:\/\/acrimat.org.br\/portal\/wp-content\/uploads\/2017\/11\/gado2.jpg","type":"image\/jpeg"}],"author":"P\u00e9ricles C\u00e2ndido","twitter_card":"summary_large_image","twitter_misc":{"Escrito por":"P\u00e9ricles C\u00e2ndido","Est. tempo de leitura":"6 minutos"},"schema":{"@context":"https:\/\/schema.org","@graph":[{"@type":"Article","@id":"https:\/\/acrimat.org.br\/portal\/e-hora-de-arrumar-a-casa\/#article","isPartOf":{"@id":"https:\/\/acrimat.org.br\/portal\/e-hora-de-arrumar-a-casa\/"},"author":{"name":"P\u00e9ricles C\u00e2ndido","@id":"https:\/\/acrimat.org.br\/portal\/#\/schema\/person\/18df8bcf6890e924fe5d8b5afd2bec0f"},"headline":"\u00c9 hora de arrumar a casa","datePublished":"2017-11-24T12:09:04+00:00","mainEntityOfPage":{"@id":"https:\/\/acrimat.org.br\/portal\/e-hora-de-arrumar-a-casa\/"},"wordCount":1290,"publisher":{"@id":"https:\/\/acrimat.org.br\/portal\/#organization"},"image":{"@id":"https:\/\/acrimat.org.br\/portal\/e-hora-de-arrumar-a-casa\/#primaryimage"},"thumbnailUrl":"https:\/\/acrimat.org.br\/portal\/wp-content\/uploads\/2017\/11\/gado2.jpg","articleSection":["Destaques","Not\u00edcias"],"inLanguage":"pt-BR"},{"@type":"WebPage","@id":"https:\/\/acrimat.org.br\/portal\/e-hora-de-arrumar-a-casa\/","url":"https:\/\/acrimat.org.br\/portal\/e-hora-de-arrumar-a-casa\/","name":"\u00c9 hora de arrumar a casa - Acrimat","isPartOf":{"@id":"https:\/\/acrimat.org.br\/portal\/#website"},"primaryImageOfPage":{"@id":"https:\/\/acrimat.org.br\/portal\/e-hora-de-arrumar-a-casa\/#primaryimage"},"image":{"@id":"https:\/\/acrimat.org.br\/portal\/e-hora-de-arrumar-a-casa\/#primaryimage"},"thumbnailUrl":"https:\/\/acrimat.org.br\/portal\/wp-content\/uploads\/2017\/11\/gado2.jpg","datePublished":"2017-11-24T12:09:04+00:00","breadcrumb":{"@id":"https:\/\/acrimat.org.br\/portal\/e-hora-de-arrumar-a-casa\/#breadcrumb"},"inLanguage":"pt-BR","potentialAction":[{"@type":"ReadAction","target":["https:\/\/acrimat.org.br\/portal\/e-hora-de-arrumar-a-casa\/"]}]},{"@type":"ImageObject","inLanguage":"pt-BR","@id":"https:\/\/acrimat.org.br\/portal\/e-hora-de-arrumar-a-casa\/#primaryimage","url":"https:\/\/acrimat.org.br\/portal\/wp-content\/uploads\/2017\/11\/gado2.jpg","contentUrl":"https:\/\/acrimat.org.br\/portal\/wp-content\/uploads\/2017\/11\/gado2.jpg","width":416,"height":285},{"@type":"BreadcrumbList","@id":"https:\/\/acrimat.org.br\/portal\/e-hora-de-arrumar-a-casa\/#breadcrumb","itemListElement":[{"@type":"ListItem","position":1,"name":"In\u00edcio","item":"https:\/\/acrimat.org.br\/portal\/"},{"@type":"ListItem","position":2,"name":"\u00c9 hora de arrumar a casa"}]},{"@type":"WebSite","@id":"https:\/\/acrimat.org.br\/portal\/#website","url":"https:\/\/acrimat.org.br\/portal\/","name":"Acrimat","description":"Associa\u00e7\u00e3o dos Criadores de Mato Grosso","publisher":{"@id":"https:\/\/acrimat.org.br\/portal\/#organization"},"potentialAction":[{"@type":"SearchAction","target":{"@type":"EntryPoint","urlTemplate":"https:\/\/acrimat.org.br\/portal\/?s={search_term_string}"},"query-input":{"@type":"PropertyValueSpecification","valueRequired":true,"valueName":"search_term_string"}}],"inLanguage":"pt-BR"},{"@type":"Organization","@id":"https:\/\/acrimat.org.br\/portal\/#organization","name":"Associa\u00e7\u00e3o dos Criadores de Mato Grosso","url":"https:\/\/acrimat.org.br\/portal\/","logo":{"@type":"ImageObject","inLanguage":"pt-BR","@id":"https:\/\/acrimat.org.br\/portal\/#\/schema\/logo\/image\/","url":"https:\/\/acrimat.org.br\/portal\/wp-content\/uploads\/2018\/03\/logo-peq-original.png","contentUrl":"https:\/\/acrimat.org.br\/portal\/wp-content\/uploads\/2018\/03\/logo-peq-original.png","width":174,"height":171,"caption":"Associa\u00e7\u00e3o dos Criadores de Mato Grosso"},"image":{"@id":"https:\/\/acrimat.org.br\/portal\/#\/schema\/logo\/image\/"}},{"@type":"Person","@id":"https:\/\/acrimat.org.br\/portal\/#\/schema\/person\/18df8bcf6890e924fe5d8b5afd2bec0f","name":"P\u00e9ricles C\u00e2ndido","image":{"@type":"ImageObject","inLanguage":"pt-BR","@id":"https:\/\/acrimat.org.br\/portal\/#\/schema\/person\/image\/","url":"https:\/\/secure.gravatar.com\/avatar\/33e2a2b971dc363ed2df53d0d3bfbd18?s=96&d=mm&r=g","contentUrl":"https:\/\/secure.gravatar.com\/avatar\/33e2a2b971dc363ed2df53d0d3bfbd18?s=96&d=mm&r=g","caption":"P\u00e9ricles C\u00e2ndido"},"sameAs":["ascom@acrimat.org.br"],"url":"https:\/\/acrimat.org.br\/portal\/author\/designergrafico\/"}]}},"_links":{"self":[{"href":"https:\/\/acrimat.org.br\/portal\/wp-json\/wp\/v2\/posts\/97984987","targetHints":{"allow":["GET"]}}],"collection":[{"href":"https:\/\/acrimat.org.br\/portal\/wp-json\/wp\/v2\/posts"}],"about":[{"href":"https:\/\/acrimat.org.br\/portal\/wp-json\/wp\/v2\/types\/post"}],"author":[{"embeddable":true,"href":"https:\/\/acrimat.org.br\/portal\/wp-json\/wp\/v2\/users\/11"}],"replies":[{"embeddable":true,"href":"https:\/\/acrimat.org.br\/portal\/wp-json\/wp\/v2\/comments?post=97984987"}],"version-history":[{"count":3,"href":"https:\/\/acrimat.org.br\/portal\/wp-json\/wp\/v2\/posts\/97984987\/revisions"}],"predecessor-version":[{"id":97984993,"href":"https:\/\/acrimat.org.br\/portal\/wp-json\/wp\/v2\/posts\/97984987\/revisions\/97984993"}],"wp:featuredmedia":[{"embeddable":true,"href":"https:\/\/acrimat.org.br\/portal\/wp-json\/wp\/v2\/media\/97984988"}],"wp:attachment":[{"href":"https:\/\/acrimat.org.br\/portal\/wp-json\/wp\/v2\/media?parent=97984987"}],"wp:term":[{"taxonomy":"category","embeddable":true,"href":"https:\/\/acrimat.org.br\/portal\/wp-json\/wp\/v2\/categories?post=97984987"},{"taxonomy":"post_tag","embeddable":true,"href":"https:\/\/acrimat.org.br\/portal\/wp-json\/wp\/v2\/tags?post=97984987"}],"curies":[{"name":"wp","href":"https:\/\/api.w.org\/{rel}","templated":true}]}}