{"id":97985010,"date":"2017-11-27T09:07:22","date_gmt":"2017-11-27T12:07:22","guid":{"rendered":"http:\/\/acrimat.org.br\/portal\/?p=97985010"},"modified":"2017-11-27T09:07:22","modified_gmt":"2017-11-27T12:07:22","slug":"brasil-e-russia-se-desentendem-sobre-laudos-de-supostos-problemas-na-carne","status":"publish","type":"post","link":"https:\/\/acrimat.org.br\/portal\/brasil-e-russia-se-desentendem-sobre-laudos-de-supostos-problemas-na-carne\/","title":{"rendered":"Brasil e R\u00fassia se desentendem sobre laudos de supostos problemas na carne"},"content":{"rendered":"<p>S\u00e3o brasileiros e russos, mas parece que est\u00e3o falando grego uns com os outros. O an\u00fancio da R\u00fassia de que ir\u00e1 suspender as importa\u00e7\u00f5es de carne su\u00edna e bovina do Brasil, a partir de 1\u00ba de dezembro, est\u00e1 dando o que falar entre as autoridades do Kremlin e de Bras\u00edlia.<\/p>\n<p>Nesta quarta-feira, o Servi\u00e7o Federal de Vigil\u00e2ncia Veterin\u00e1ria e Fitossanit\u00e1ria da R\u00fassia, Rosselkhoznadzor, contestou a informa\u00e7\u00e3o divulgada pelo governo brasileiro de que o Pa\u00eds ainda n\u00e3o havia sido notificado oficialmente da suspens\u00e3o das compras. Em nota publicada nesta quarta-feira, 22, o departamento russo afirma que na segunda-feira, 20, enviou uma carta oficial ao Minist\u00e9rio da Agricultura do Brasil sobre a decis\u00e3o de restringir a importa\u00e7\u00e3o.<\/p>\n<p>\u201cC\u00f3pias de protocolos de pesquisa tamb\u00e9m foram anexadas ao documento, as quais mostram a detec\u00e7\u00e3o de ractopamina em produtos brasileiros\u201d, relata o \u00f3rg\u00e3o. O servi\u00e7o federal russo diz que julgou necess\u00e1rio divulgar a nota para explicar informa\u00e7\u00f5es que \u201capareceram em v\u00e1rios meios de comunica\u00e7\u00e3o sobre a n\u00e3o notifica\u00e7\u00e3o do Brasil da introdu\u00e7\u00e3o de restri\u00e7\u00f5es\u201d.<\/p>\n<p>Segundo o Kremlin, na ter\u00e7a-feira, 21, foram realizadas negocia\u00e7\u00f5es com o Brasil, na qual um representante do minist\u00e9rio brasileiro informou que a carta havia sido recebida. Por isso, os russos estranharam que o governo estivesse cobrando, publicamente, o envio dos certificados de inspe\u00e7\u00e3o e laudos laboratoriais que apontaram a presen\u00e7a do estimulante de crescimento ractopamina na carne brasileira exportada para o pa\u00eds.<\/p>\n<p>A nota do Departamento de Inspe\u00e7\u00e3o de Produtos de Origem Animal (Dipoa) do Minist\u00e9rio da Agricultura dizia que o Brasil utiliza o sistema de segrega\u00e7\u00e3o de su\u00ednos para a exporta\u00e7\u00e3o de carne para R\u00fassia, \u201co que impossibilitaria a detec\u00e7\u00e3o de ractopamina conforme informa\u00e7\u00e3o prestada pelo Servi\u00e7o Federal de Vigil\u00e2ncia Veterin\u00e1ria e Fitossanit\u00e1ria russo\u201d.<\/p>\n<p>As autoridades brasileiras tinham pressa em acessar os documentos para come\u00e7ar uma investiga\u00e7\u00e3o interna e fazer as corre\u00e7\u00f5es necess\u00e1rias para reabertura do mercado russo, o mais breve poss\u00edvel.<\/p>\n<p><strong>Rea\u00e7\u00f5es<\/strong><\/p>\n<p>A Associa\u00e7\u00e3o Brasileira das Ind\u00fastrias Exportadoras de Carnes (Abiec) espera reverter rapidamente o embargo russo \u00e0s compras da carne bovina brasileira. Simplesmente porque este tipo de carne est\u00e1 livre da ractopamina, segundo o presidente da Abiec, Antonio Camardeli.<\/p>\n<p>\u201cA \u00faltima notifica\u00e7\u00e3o que recebemos sobre a subst\u00e2ncia foi em 2013\u201d, afirmou. De acordo com Camardelli, a subst\u00e2ncia &#8211; apontada pela R\u00fassia como um dos motivos para o embargo &#8211; n\u00e3o \u00e9 usada no Brasil na produ\u00e7\u00e3o de carne bovina, diferentemente do que acontece na suinocultura. Por isso, acredita que o imbr\u00f3glio seja rapidamente resolvido. \u201cMesmo n\u00e3o sendo utilizada na bovinocultura efetuamos an\u00e1lises regularmente para detectar a presen\u00e7a da subst\u00e2ncia\u201d, afirmou.<\/p>\n<p>Camardelli acredita que, mesmo se o embargo for mantido, o efeito para as exporta\u00e7\u00f5es de carne bovina deve ser pequeno, j\u00e1 que, segundo ele, tradicionalmente nesta \u00e9poca do ano os russos reduzem as importa\u00e7\u00f5es devido ao congelamento dos portos locais.<\/p>\n<p>J\u00e1 a Associa\u00e7\u00e3o Brasileira de Prote\u00edna Animal (ABPA), que representa a avicultura e a suinocultura brasileiras, divulgou nota para rebater a justificativa da R\u00fassia para embargar as compras de carne su\u00edna do Pa\u00eds. A\u2009ABPA afirma que a carne su\u00edna exportada n\u00e3o tem ractopamina. \u201cO setor est\u00e1 seguro sobre as caracter\u00edsticas de seu produto\u201d, diz a associa\u00e7\u00e3o.<\/p>\n<p>A ractopamina \u00e9 utilizada como ingrediente em ra\u00e7\u00f5es de animais confinados para otimizar a produ\u00e7\u00e3o de carne mais magra, sendo liberada nos principais pa\u00edses produtores de carne su\u00edna &#8211; como Estados Unidos, Canad\u00e1 e Brasil. A subst\u00e2ncia, no entanto, \u00e9 proibida pela Uni\u00e3o Europeia e pela R\u00fassia.<\/p>\n","protected":false},"excerpt":{"rendered":"<p>Russos contestam informa\u00e7\u00e3o do governo brasileiro de que n\u00e3o foi notificado oficialmente sobre a suspens\u00e3o de compras de carnes bovina e su\u00edna, a partir de 1\u00ba de dezembro<\/p>\n","protected":false},"author":11,"featured_media":97985011,"comment_status":"closed","ping_status":"closed","sticky":false,"template":"","format":"standard","meta":{"footnotes":""},"categories":[6,1],"tags":[],"class_list":["post-97985010","post","type-post","status-publish","format-standard","has-post-thumbnail","hentry","category-destaque","category-noticia"],"yoast_head":"<!-- This site is optimized with the Yoast SEO plugin v24.8.1 - https:\/\/yoast.com\/wordpress\/plugins\/seo\/ -->\n<title>Brasil e R\u00fassia se desentendem sobre laudos de supostos problemas na carne - Acrimat<\/title>\n<meta name=\"robots\" content=\"index, follow, max-snippet:-1, max-image-preview:large, max-video-preview:-1\" \/>\n<link rel=\"canonical\" href=\"https:\/\/acrimat.org.br\/portal\/brasil-e-russia-se-desentendem-sobre-laudos-de-supostos-problemas-na-carne\/\" \/>\n<meta property=\"og:locale\" content=\"pt_BR\" \/>\n<meta property=\"og:type\" content=\"article\" \/>\n<meta property=\"og:title\" content=\"Brasil e R\u00fassia se desentendem sobre laudos de supostos problemas na carne - Acrimat\" \/>\n<meta property=\"og:description\" content=\"Russos contestam informa\u00e7\u00e3o do governo brasileiro de que n\u00e3o foi notificado oficialmente sobre a suspens\u00e3o de compras de carnes bovina e su\u00edna, a partir de 1\u00ba de dezembro\" \/>\n<meta property=\"og:url\" content=\"https:\/\/acrimat.org.br\/portal\/brasil-e-russia-se-desentendem-sobre-laudos-de-supostos-problemas-na-carne\/\" \/>\n<meta property=\"og:site_name\" content=\"Acrimat\" \/>\n<meta property=\"article:published_time\" content=\"2017-11-27T12:07:22+00:00\" \/>\n<meta property=\"og:image\" content=\"https:\/\/acrimat.org.br\/portal\/wp-content\/uploads\/2017\/11\/frigorifico-2.jpg\" \/>\n\t<meta property=\"og:image:width\" content=\"595\" \/>\n\t<meta property=\"og:image:height\" content=\"446\" \/>\n\t<meta property=\"og:image:type\" content=\"image\/jpeg\" \/>\n<meta name=\"author\" content=\"P\u00e9ricles C\u00e2ndido\" \/>\n<meta name=\"twitter:card\" content=\"summary_large_image\" \/>\n<meta name=\"twitter:label1\" content=\"Escrito por\" \/>\n\t<meta name=\"twitter:data1\" content=\"P\u00e9ricles C\u00e2ndido\" \/>\n\t<meta name=\"twitter:label2\" content=\"Est. tempo de leitura\" \/>\n\t<meta name=\"twitter:data2\" content=\"3 minutos\" \/>\n<script type=\"application\/ld+json\" class=\"yoast-schema-graph\">{\"@context\":\"https:\/\/schema.org\",\"@graph\":[{\"@type\":\"Article\",\"@id\":\"https:\/\/acrimat.org.br\/portal\/brasil-e-russia-se-desentendem-sobre-laudos-de-supostos-problemas-na-carne\/#article\",\"isPartOf\":{\"@id\":\"https:\/\/acrimat.org.br\/portal\/brasil-e-russia-se-desentendem-sobre-laudos-de-supostos-problemas-na-carne\/\"},\"author\":{\"name\":\"P\u00e9ricles C\u00e2ndido\",\"@id\":\"https:\/\/acrimat.org.br\/portal\/#\/schema\/person\/18df8bcf6890e924fe5d8b5afd2bec0f\"},\"headline\":\"Brasil e R\u00fassia se desentendem sobre laudos de supostos problemas na carne\",\"datePublished\":\"2017-11-27T12:07:22+00:00\",\"mainEntityOfPage\":{\"@id\":\"https:\/\/acrimat.org.br\/portal\/brasil-e-russia-se-desentendem-sobre-laudos-de-supostos-problemas-na-carne\/\"},\"wordCount\":658,\"publisher\":{\"@id\":\"https:\/\/acrimat.org.br\/portal\/#organization\"},\"image\":{\"@id\":\"https:\/\/acrimat.org.br\/portal\/brasil-e-russia-se-desentendem-sobre-laudos-de-supostos-problemas-na-carne\/#primaryimage\"},\"thumbnailUrl\":\"https:\/\/acrimat.org.br\/portal\/wp-content\/uploads\/2017\/11\/frigorifico-2.jpg\",\"articleSection\":[\"Destaques\",\"Not\u00edcias\"],\"inLanguage\":\"pt-BR\"},{\"@type\":\"WebPage\",\"@id\":\"https:\/\/acrimat.org.br\/portal\/brasil-e-russia-se-desentendem-sobre-laudos-de-supostos-problemas-na-carne\/\",\"url\":\"https:\/\/acrimat.org.br\/portal\/brasil-e-russia-se-desentendem-sobre-laudos-de-supostos-problemas-na-carne\/\",\"name\":\"Brasil e R\u00fassia se desentendem sobre laudos de supostos problemas na carne - Acrimat\",\"isPartOf\":{\"@id\":\"https:\/\/acrimat.org.br\/portal\/#website\"},\"primaryImageOfPage\":{\"@id\":\"https:\/\/acrimat.org.br\/portal\/brasil-e-russia-se-desentendem-sobre-laudos-de-supostos-problemas-na-carne\/#primaryimage\"},\"image\":{\"@id\":\"https:\/\/acrimat.org.br\/portal\/brasil-e-russia-se-desentendem-sobre-laudos-de-supostos-problemas-na-carne\/#primaryimage\"},\"thumbnailUrl\":\"https:\/\/acrimat.org.br\/portal\/wp-content\/uploads\/2017\/11\/frigorifico-2.jpg\",\"datePublished\":\"2017-11-27T12:07:22+00:00\",\"breadcrumb\":{\"@id\":\"https:\/\/acrimat.org.br\/portal\/brasil-e-russia-se-desentendem-sobre-laudos-de-supostos-problemas-na-carne\/#breadcrumb\"},\"inLanguage\":\"pt-BR\",\"potentialAction\":[{\"@type\":\"ReadAction\",\"target\":[\"https:\/\/acrimat.org.br\/portal\/brasil-e-russia-se-desentendem-sobre-laudos-de-supostos-problemas-na-carne\/\"]}]},{\"@type\":\"ImageObject\",\"inLanguage\":\"pt-BR\",\"@id\":\"https:\/\/acrimat.org.br\/portal\/brasil-e-russia-se-desentendem-sobre-laudos-de-supostos-problemas-na-carne\/#primaryimage\",\"url\":\"https:\/\/acrimat.org.br\/portal\/wp-content\/uploads\/2017\/11\/frigorifico-2.jpg\",\"contentUrl\":\"https:\/\/acrimat.org.br\/portal\/wp-content\/uploads\/2017\/11\/frigorifico-2.jpg\",\"width\":595,\"height\":446},{\"@type\":\"BreadcrumbList\",\"@id\":\"https:\/\/acrimat.org.br\/portal\/brasil-e-russia-se-desentendem-sobre-laudos-de-supostos-problemas-na-carne\/#breadcrumb\",\"itemListElement\":[{\"@type\":\"ListItem\",\"position\":1,\"name\":\"In\u00edcio\",\"item\":\"https:\/\/acrimat.org.br\/portal\/\"},{\"@type\":\"ListItem\",\"position\":2,\"name\":\"Brasil e R\u00fassia se desentendem sobre laudos de supostos problemas na carne\"}]},{\"@type\":\"WebSite\",\"@id\":\"https:\/\/acrimat.org.br\/portal\/#website\",\"url\":\"https:\/\/acrimat.org.br\/portal\/\",\"name\":\"Acrimat\",\"description\":\"Associa\u00e7\u00e3o dos Criadores de Mato Grosso\",\"publisher\":{\"@id\":\"https:\/\/acrimat.org.br\/portal\/#organization\"},\"potentialAction\":[{\"@type\":\"SearchAction\",\"target\":{\"@type\":\"EntryPoint\",\"urlTemplate\":\"https:\/\/acrimat.org.br\/portal\/?s={search_term_string}\"},\"query-input\":{\"@type\":\"PropertyValueSpecification\",\"valueRequired\":true,\"valueName\":\"search_term_string\"}}],\"inLanguage\":\"pt-BR\"},{\"@type\":\"Organization\",\"@id\":\"https:\/\/acrimat.org.br\/portal\/#organization\",\"name\":\"Associa\u00e7\u00e3o dos Criadores de Mato Grosso\",\"url\":\"https:\/\/acrimat.org.br\/portal\/\",\"logo\":{\"@type\":\"ImageObject\",\"inLanguage\":\"pt-BR\",\"@id\":\"https:\/\/acrimat.org.br\/portal\/#\/schema\/logo\/image\/\",\"url\":\"https:\/\/acrimat.org.br\/portal\/wp-content\/uploads\/2018\/03\/logo-peq-original.png\",\"contentUrl\":\"https:\/\/acrimat.org.br\/portal\/wp-content\/uploads\/2018\/03\/logo-peq-original.png\",\"width\":174,\"height\":171,\"caption\":\"Associa\u00e7\u00e3o dos Criadores de Mato Grosso\"},\"image\":{\"@id\":\"https:\/\/acrimat.org.br\/portal\/#\/schema\/logo\/image\/\"}},{\"@type\":\"Person\",\"@id\":\"https:\/\/acrimat.org.br\/portal\/#\/schema\/person\/18df8bcf6890e924fe5d8b5afd2bec0f\",\"name\":\"P\u00e9ricles C\u00e2ndido\",\"image\":{\"@type\":\"ImageObject\",\"inLanguage\":\"pt-BR\",\"@id\":\"https:\/\/acrimat.org.br\/portal\/#\/schema\/person\/image\/\",\"url\":\"https:\/\/secure.gravatar.com\/avatar\/33e2a2b971dc363ed2df53d0d3bfbd18?s=96&d=mm&r=g\",\"contentUrl\":\"https:\/\/secure.gravatar.com\/avatar\/33e2a2b971dc363ed2df53d0d3bfbd18?s=96&d=mm&r=g\",\"caption\":\"P\u00e9ricles C\u00e2ndido\"},\"sameAs\":[\"ascom@acrimat.org.br\"],\"url\":\"https:\/\/acrimat.org.br\/portal\/author\/designergrafico\/\"}]}<\/script>\n<!-- \/ Yoast SEO plugin. -->","yoast_head_json":{"title":"Brasil e R\u00fassia se desentendem sobre laudos de supostos problemas na carne - Acrimat","robots":{"index":"index","follow":"follow","max-snippet":"max-snippet:-1","max-image-preview":"max-image-preview:large","max-video-preview":"max-video-preview:-1"},"canonical":"https:\/\/acrimat.org.br\/portal\/brasil-e-russia-se-desentendem-sobre-laudos-de-supostos-problemas-na-carne\/","og_locale":"pt_BR","og_type":"article","og_title":"Brasil e R\u00fassia se desentendem sobre laudos de supostos problemas na carne - Acrimat","og_description":"Russos contestam informa\u00e7\u00e3o do governo brasileiro de que n\u00e3o foi notificado oficialmente sobre a suspens\u00e3o de compras de carnes bovina e su\u00edna, a partir de 1\u00ba de dezembro","og_url":"https:\/\/acrimat.org.br\/portal\/brasil-e-russia-se-desentendem-sobre-laudos-de-supostos-problemas-na-carne\/","og_site_name":"Acrimat","article_published_time":"2017-11-27T12:07:22+00:00","og_image":[{"width":595,"height":446,"url":"https:\/\/acrimat.org.br\/portal\/wp-content\/uploads\/2017\/11\/frigorifico-2.jpg","type":"image\/jpeg"}],"author":"P\u00e9ricles C\u00e2ndido","twitter_card":"summary_large_image","twitter_misc":{"Escrito por":"P\u00e9ricles C\u00e2ndido","Est. tempo de leitura":"3 minutos"},"schema":{"@context":"https:\/\/schema.org","@graph":[{"@type":"Article","@id":"https:\/\/acrimat.org.br\/portal\/brasil-e-russia-se-desentendem-sobre-laudos-de-supostos-problemas-na-carne\/#article","isPartOf":{"@id":"https:\/\/acrimat.org.br\/portal\/brasil-e-russia-se-desentendem-sobre-laudos-de-supostos-problemas-na-carne\/"},"author":{"name":"P\u00e9ricles C\u00e2ndido","@id":"https:\/\/acrimat.org.br\/portal\/#\/schema\/person\/18df8bcf6890e924fe5d8b5afd2bec0f"},"headline":"Brasil e R\u00fassia se desentendem sobre laudos de supostos problemas na carne","datePublished":"2017-11-27T12:07:22+00:00","mainEntityOfPage":{"@id":"https:\/\/acrimat.org.br\/portal\/brasil-e-russia-se-desentendem-sobre-laudos-de-supostos-problemas-na-carne\/"},"wordCount":658,"publisher":{"@id":"https:\/\/acrimat.org.br\/portal\/#organization"},"image":{"@id":"https:\/\/acrimat.org.br\/portal\/brasil-e-russia-se-desentendem-sobre-laudos-de-supostos-problemas-na-carne\/#primaryimage"},"thumbnailUrl":"https:\/\/acrimat.org.br\/portal\/wp-content\/uploads\/2017\/11\/frigorifico-2.jpg","articleSection":["Destaques","Not\u00edcias"],"inLanguage":"pt-BR"},{"@type":"WebPage","@id":"https:\/\/acrimat.org.br\/portal\/brasil-e-russia-se-desentendem-sobre-laudos-de-supostos-problemas-na-carne\/","url":"https:\/\/acrimat.org.br\/portal\/brasil-e-russia-se-desentendem-sobre-laudos-de-supostos-problemas-na-carne\/","name":"Brasil e R\u00fassia se desentendem sobre laudos de supostos problemas na carne - Acrimat","isPartOf":{"@id":"https:\/\/acrimat.org.br\/portal\/#website"},"primaryImageOfPage":{"@id":"https:\/\/acrimat.org.br\/portal\/brasil-e-russia-se-desentendem-sobre-laudos-de-supostos-problemas-na-carne\/#primaryimage"},"image":{"@id":"https:\/\/acrimat.org.br\/portal\/brasil-e-russia-se-desentendem-sobre-laudos-de-supostos-problemas-na-carne\/#primaryimage"},"thumbnailUrl":"https:\/\/acrimat.org.br\/portal\/wp-content\/uploads\/2017\/11\/frigorifico-2.jpg","datePublished":"2017-11-27T12:07:22+00:00","breadcrumb":{"@id":"https:\/\/acrimat.org.br\/portal\/brasil-e-russia-se-desentendem-sobre-laudos-de-supostos-problemas-na-carne\/#breadcrumb"},"inLanguage":"pt-BR","potentialAction":[{"@type":"ReadAction","target":["https:\/\/acrimat.org.br\/portal\/brasil-e-russia-se-desentendem-sobre-laudos-de-supostos-problemas-na-carne\/"]}]},{"@type":"ImageObject","inLanguage":"pt-BR","@id":"https:\/\/acrimat.org.br\/portal\/brasil-e-russia-se-desentendem-sobre-laudos-de-supostos-problemas-na-carne\/#primaryimage","url":"https:\/\/acrimat.org.br\/portal\/wp-content\/uploads\/2017\/11\/frigorifico-2.jpg","contentUrl":"https:\/\/acrimat.org.br\/portal\/wp-content\/uploads\/2017\/11\/frigorifico-2.jpg","width":595,"height":446},{"@type":"BreadcrumbList","@id":"https:\/\/acrimat.org.br\/portal\/brasil-e-russia-se-desentendem-sobre-laudos-de-supostos-problemas-na-carne\/#breadcrumb","itemListElement":[{"@type":"ListItem","position":1,"name":"In\u00edcio","item":"https:\/\/acrimat.org.br\/portal\/"},{"@type":"ListItem","position":2,"name":"Brasil e R\u00fassia se desentendem sobre laudos de supostos problemas na carne"}]},{"@type":"WebSite","@id":"https:\/\/acrimat.org.br\/portal\/#website","url":"https:\/\/acrimat.org.br\/portal\/","name":"Acrimat","description":"Associa\u00e7\u00e3o dos Criadores de Mato Grosso","publisher":{"@id":"https:\/\/acrimat.org.br\/portal\/#organization"},"potentialAction":[{"@type":"SearchAction","target":{"@type":"EntryPoint","urlTemplate":"https:\/\/acrimat.org.br\/portal\/?s={search_term_string}"},"query-input":{"@type":"PropertyValueSpecification","valueRequired":true,"valueName":"search_term_string"}}],"inLanguage":"pt-BR"},{"@type":"Organization","@id":"https:\/\/acrimat.org.br\/portal\/#organization","name":"Associa\u00e7\u00e3o dos Criadores de Mato Grosso","url":"https:\/\/acrimat.org.br\/portal\/","logo":{"@type":"ImageObject","inLanguage":"pt-BR","@id":"https:\/\/acrimat.org.br\/portal\/#\/schema\/logo\/image\/","url":"https:\/\/acrimat.org.br\/portal\/wp-content\/uploads\/2018\/03\/logo-peq-original.png","contentUrl":"https:\/\/acrimat.org.br\/portal\/wp-content\/uploads\/2018\/03\/logo-peq-original.png","width":174,"height":171,"caption":"Associa\u00e7\u00e3o dos Criadores de Mato Grosso"},"image":{"@id":"https:\/\/acrimat.org.br\/portal\/#\/schema\/logo\/image\/"}},{"@type":"Person","@id":"https:\/\/acrimat.org.br\/portal\/#\/schema\/person\/18df8bcf6890e924fe5d8b5afd2bec0f","name":"P\u00e9ricles C\u00e2ndido","image":{"@type":"ImageObject","inLanguage":"pt-BR","@id":"https:\/\/acrimat.org.br\/portal\/#\/schema\/person\/image\/","url":"https:\/\/secure.gravatar.com\/avatar\/33e2a2b971dc363ed2df53d0d3bfbd18?s=96&d=mm&r=g","contentUrl":"https:\/\/secure.gravatar.com\/avatar\/33e2a2b971dc363ed2df53d0d3bfbd18?s=96&d=mm&r=g","caption":"P\u00e9ricles C\u00e2ndido"},"sameAs":["ascom@acrimat.org.br"],"url":"https:\/\/acrimat.org.br\/portal\/author\/designergrafico\/"}]}},"_links":{"self":[{"href":"https:\/\/acrimat.org.br\/portal\/wp-json\/wp\/v2\/posts\/97985010","targetHints":{"allow":["GET"]}}],"collection":[{"href":"https:\/\/acrimat.org.br\/portal\/wp-json\/wp\/v2\/posts"}],"about":[{"href":"https:\/\/acrimat.org.br\/portal\/wp-json\/wp\/v2\/types\/post"}],"author":[{"embeddable":true,"href":"https:\/\/acrimat.org.br\/portal\/wp-json\/wp\/v2\/users\/11"}],"replies":[{"embeddable":true,"href":"https:\/\/acrimat.org.br\/portal\/wp-json\/wp\/v2\/comments?post=97985010"}],"version-history":[{"count":1,"href":"https:\/\/acrimat.org.br\/portal\/wp-json\/wp\/v2\/posts\/97985010\/revisions"}],"predecessor-version":[{"id":97985012,"href":"https:\/\/acrimat.org.br\/portal\/wp-json\/wp\/v2\/posts\/97985010\/revisions\/97985012"}],"wp:featuredmedia":[{"embeddable":true,"href":"https:\/\/acrimat.org.br\/portal\/wp-json\/wp\/v2\/media\/97985011"}],"wp:attachment":[{"href":"https:\/\/acrimat.org.br\/portal\/wp-json\/wp\/v2\/media?parent=97985010"}],"wp:term":[{"taxonomy":"category","embeddable":true,"href":"https:\/\/acrimat.org.br\/portal\/wp-json\/wp\/v2\/categories?post=97985010"},{"taxonomy":"post_tag","embeddable":true,"href":"https:\/\/acrimat.org.br\/portal\/wp-json\/wp\/v2\/tags?post=97985010"}],"curies":[{"name":"wp","href":"https:\/\/api.w.org\/{rel}","templated":true}]}}